{"id":10263,"date":"2016-03-01T10:43:17","date_gmt":"2016-03-01T15:43:17","guid":{"rendered":"https:\/\/www.edugestores.pe\/?p=10263"},"modified":"2016-03-01T10:43:17","modified_gmt":"2016-03-01T15:43:17","slug":"seminario-taller-la-educacion-intercultural-en-el-peru-sueno-o-realidad","status":"publish","type":"post","link":"https:\/\/www.edugestores.pe\/?p=10263","title":{"rendered":"Seminario Taller: La Educaci\u00f3n Intercultural en el Per\u00fa \u00bfsue\u00f1o o realidad?"},"content":{"rendered":"<h4 style=\"text-align: center;\"><a class=\"btn btn-lg btn-danger\" href=\"http:\/\/www.uarm.edu.pe\/Eventos\/Incripciones\/talleres-intercultural-peru\" target=\"_blank\"><i class=\"glyphicon glyphicon-pencil\">\u00a0<\/i>\u00a0Inscripciones aqu\u00ed<\/a><\/h4>\n<table border=\"0\" cellspacing=\"1\" cellpadding=\"10\" align=\"center\">\n<thead>\n<tr>\n<th scope=\"row\">\n<p align=\"center\"><strong>PRIMER D\u00cdA: LUNES 7 DE MARZO<\/strong><\/p>\n<table border=\"1\" width=\"593\" cellspacing=\"0\" cellpadding=\"0\">\n<tbody>\n<tr>\n<td>\n<p align=\"center\"><strong>HORAS<\/strong><\/p>\n<\/td>\n<td>\n<p align=\"center\"><strong>ACTIVIDADES<\/strong><\/p>\n<\/td>\n<td>\n<p align=\"center\">\n<\/td>\n<\/tr>\n<tr>\n<td>5:00- 5:15 pm.<\/td>\n<td>Bienvenida al Seminario Taller de Interculturalidad en la Ru\u00edz \u2013 Padre Ernesto Cavassa.<\/p>\n<p>Presentaci\u00f3n del Seminario \u2013 Taller \u2013 Milagros Gonzales<\/td>\n<td>&nbsp;<\/td>\n<\/tr>\n<tr>\n<td>5:15 \u2013 7:00 pm.<\/td>\n<td>Primer Panel: Colocando elementos para el an\u00e1lisis<\/p>\n<ul>\n<li>Desaf\u00edos de la educaci\u00f3n intercultural: Heinrich Helberg, Universidad Intercultural Juan Santos Atahualpa(*)<\/li>\n<li>Barreras para la educaci\u00f3n intercultural: Mar\u00eda Amalia Iba\u00f1ez, Consultora e Investigadora.<\/li>\n<li>El estado de la cuesti\u00f3n: Alicia Abanto de la Defensor\u00eda del Pueblo<\/li>\n<\/ul>\n<\/td>\n<td>Modera: Rossana Mendoza, coordinadora de la Carrera EIB \u2013 EP Educaci\u00f3n<\/td>\n<\/tr>\n<tr>\n<td>7:00 \u2013 7:30<\/td>\n<td>\n<p align=\"center\">Caf\u00e9<\/p>\n<\/td>\n<td>&nbsp;<\/td>\n<\/tr>\n<tr>\n<td>7:30 \u2013 9.30 pm.<\/td>\n<td>Talleres interculturales:<\/p>\n<ol>\n<li>M\u00fasica fusi\u00f3n con el Grupo Uma Saqra<\/li>\n<li>Artesan\u00eda Shipiba con Carina Tananta<\/li>\n<li>Danzas del Per\u00fa con Silvana Avalos<\/li>\n<\/ol>\n<\/td>\n<td>&nbsp;<\/p>\n<p>C 101<\/p>\n<p>C 102<\/p>\n<p>C 201<\/td>\n<\/tr>\n<\/tbody>\n<\/table>\n<p>(*) Por confirmar<\/p>\n<p align=\"center\">\n<p align=\"center\"><strong>SEGUNDO D\u00cdA: MARTES 8 DE MARZO<\/strong><\/p>\n<table border=\"1\" width=\"593\" cellspacing=\"0\" cellpadding=\"0\">\n<tbody>\n<tr>\n<td><strong>HORAS<\/strong><\/td>\n<td><strong>ACTIVIDADES<\/strong><\/td>\n<td>&nbsp;<\/td>\n<\/tr>\n<tr>\n<td><strong>5:00- 5:15<\/strong><\/td>\n<td>Retomando el d\u00eda anterior<\/p>\n<p>Presentaci\u00f3n de las actividades a trav\u00e9s de fotos<\/td>\n<td>Dafne Zapata, Direcci\u00f3n de Medio Universitario<\/td>\n<\/tr>\n<tr>\n<td><strong>5:15 \u2013 7:00 pm.<\/strong><\/td>\n<td>Segundo Panel: Encontrando algunas respuestas<\/p>\n<ul>\n<li>La perspectiva de los j\u00f3venes ind\u00edgenas Awajun \u2013 Wampis respecto a la educaci\u00f3n: Birgit Weiler, Instituto \u00c9tica y Desarrollo UARM<\/li>\n<li>Presentaci\u00f3n del la experiencia de pr\u00e1ctica educativa de estudiantes de EIB de la Ru\u00edz: Estudiantes de EIB<\/li>\n<li>El proceso de consulta previa del Plan Nacional de EIB: Elena Burga \u2013 MINEDU<\/li>\n<\/ul>\n<\/td>\n<td>Modera: Carmen Ilizarbe, Grupo Interculturalidad UARM<\/td>\n<\/tr>\n<tr>\n<td>7:00 \u2013 7:30<\/td>\n<td>\n<p align=\"center\">Caf\u00e9<\/p>\n<\/td>\n<td>&nbsp;<\/td>\n<\/tr>\n<tr>\n<td>7:30 \u2013 9.30 pm.<\/td>\n<td>Talleres interculturales:<\/p>\n<ol>\n<li>Lengua y cultura Quechua con RIDEI -UARM<\/li>\n<li>Artesan\u00eda utilitaria con Amador Aguilar (Centro de Desarrollo Artesanal Tinkuy -Huancavelica)<\/li>\n<li>Literatura con Gonzalo Espino<\/li>\n<\/ol>\n<\/td>\n<td>&nbsp;<\/p>\n<p>C 101<\/p>\n<p>C 201<\/p>\n<p>&nbsp;<\/p>\n<p>C 202<\/td>\n<\/tr>\n<\/tbody>\n<\/table>\n<\/th>\n<\/tr>\n<\/thead>\n<\/table>\n","protected":false},"excerpt":{"rendered":"<p>\u00a0\u00a0Inscripciones aqu\u00ed PRIMER D\u00cdA: LUNES 7 DE MARZO HORAS ACTIVIDADES 5:00- 5:15 pm. Bienvenida al Seminario Taller de Interculturalidad en [&hellip;]<\/p>\n","protected":false},"author":63,"featured_media":10264,"comment_status":"open","ping_status":"open","sticky":false,"template":"","format":"standard","meta":{"spay_email":""},"categories":[1],"tags":[],"yoast_head":"<!-- This site is optimized with the Yoast SEO plugin v18.0 - https:\/\/yoast.com\/wordpress\/plugins\/seo\/ -->\n<title>Seminario Taller: La Educaci\u00f3n Intercultural en el Per\u00fa \u00bfsue\u00f1o o realidad? - Red Peruana de Gestores de la Educaci\u00f3n<\/title>\n<meta name=\"robots\" content=\"index, follow, max-snippet:-1, max-image-preview:large, max-video-preview:-1\" \/>\n<link rel=\"canonical\" href=\"https:\/\/www.edugestores.pe\/?p=10263\" \/>\n<meta property=\"og:locale\" content=\"es_ES\" \/>\n<meta property=\"og:type\" content=\"article\" \/>\n<meta property=\"og:title\" content=\"Seminario Taller: La Educaci\u00f3n Intercultural en el Per\u00fa \u00bfsue\u00f1o o realidad? - Red Peruana de Gestores de la Educaci\u00f3n\" \/>\n<meta property=\"og:description\" content=\"\u00a0\u00a0Inscripciones aqu\u00ed PRIMER D\u00cdA: LUNES 7 DE MARZO HORAS ACTIVIDADES 5:00- 5:15 pm. Bienvenida al Seminario Taller de Interculturalidad en [&hellip;]\" \/>\n<meta property=\"og:url\" content=\"https:\/\/www.edugestores.pe\/?p=10263\" \/>\n<meta property=\"og:site_name\" content=\"Red Peruana de Gestores de la Educaci\u00f3n\" \/>\n<meta property=\"article:published_time\" content=\"2016-03-01T15:43:17+00:00\" \/>\n<meta property=\"og:image\" content=\"https:\/\/www.edugestores.pe\/wp-content\/uploads\/2016\/03\/FLYER-ED-INTERCULTURAL.jpg\" \/>\n\t<meta property=\"og:image:width\" content=\"600\" \/>\n\t<meta property=\"og:image:height\" content=\"600\" \/>\n\t<meta property=\"og:image:type\" content=\"image\/jpeg\" \/>\n<meta name=\"twitter:card\" content=\"summary_large_image\" \/>\n<meta name=\"twitter:label1\" content=\"Escrito por\" \/>\n\t<meta name=\"twitter:data1\" content=\"Administrador\" \/>\n\t<meta name=\"twitter:label2\" content=\"Tiempo de lectura\" \/>\n\t<meta name=\"twitter:data2\" content=\"1 minuto\" \/>\n<script type=\"application\/ld+json\" class=\"yoast-schema-graph\">{\"@context\":\"https:\/\/schema.org\",\"@graph\":[{\"@type\":\"WebSite\",\"@id\":\"https:\/\/www.edugestores.pe\/#website\",\"url\":\"https:\/\/www.edugestores.pe\/\",\"name\":\"Red Peruana de Gestores de la Educaci\u00f3n\",\"description\":\"Red Peruana de Gestores de la Educaci\u00f3n\",\"potentialAction\":[{\"@type\":\"SearchAction\",\"target\":{\"@type\":\"EntryPoint\",\"urlTemplate\":\"https:\/\/www.edugestores.pe\/?s={search_term_string}\"},\"query-input\":\"required name=search_term_string\"}],\"inLanguage\":\"es\"},{\"@type\":\"ImageObject\",\"@id\":\"https:\/\/www.edugestores.pe\/?p=10263#primaryimage\",\"inLanguage\":\"es\",\"url\":\"https:\/\/www.edugestores.pe\/wp-content\/uploads\/2016\/03\/FLYER-ED-INTERCULTURAL.jpg\",\"contentUrl\":\"https:\/\/www.edugestores.pe\/wp-content\/uploads\/2016\/03\/FLYER-ED-INTERCULTURAL.jpg\",\"width\":600,\"height\":600},{\"@type\":\"WebPage\",\"@id\":\"https:\/\/www.edugestores.pe\/?p=10263#webpage\",\"url\":\"https:\/\/www.edugestores.pe\/?p=10263\",\"name\":\"Seminario Taller: La Educaci\u00f3n Intercultural en el Per\u00fa \u00bfsue\u00f1o o realidad? - Red Peruana de Gestores de la Educaci\u00f3n\",\"isPartOf\":{\"@id\":\"https:\/\/www.edugestores.pe\/#website\"},\"primaryImageOfPage\":{\"@id\":\"https:\/\/www.edugestores.pe\/?p=10263#primaryimage\"},\"datePublished\":\"2016-03-01T15:43:17+00:00\",\"dateModified\":\"2016-03-01T15:43:17+00:00\",\"author\":{\"@id\":\"https:\/\/www.edugestores.pe\/#\/schema\/person\/30dc82f35f5853289037a64b35c7c7d3\"},\"breadcrumb\":{\"@id\":\"https:\/\/www.edugestores.pe\/?p=10263#breadcrumb\"},\"inLanguage\":\"es\",\"potentialAction\":[{\"@type\":\"ReadAction\",\"target\":[\"https:\/\/www.edugestores.pe\/?p=10263\"]}]},{\"@type\":\"BreadcrumbList\",\"@id\":\"https:\/\/www.edugestores.pe\/?p=10263#breadcrumb\",\"itemListElement\":[{\"@type\":\"ListItem\",\"position\":1,\"name\":\"Portada\",\"item\":\"https:\/\/www.edugestores.pe\/\"},{\"@type\":\"ListItem\",\"position\":2,\"name\":\"Seminario Taller: La Educaci\u00f3n Intercultural en el Per\u00fa \u00bfsue\u00f1o o realidad?\"}]},{\"@type\":\"Person\",\"@id\":\"https:\/\/www.edugestores.pe\/#\/schema\/person\/30dc82f35f5853289037a64b35c7c7d3\",\"name\":\"Administrador\",\"image\":{\"@type\":\"ImageObject\",\"@id\":\"https:\/\/www.edugestores.pe\/#personlogo\",\"inLanguage\":\"es\",\"url\":\"https:\/\/secure.gravatar.com\/avatar\/70960d1239c4d2c778bb3d2786a3c1ae?s=96&d=mm&r=g\",\"contentUrl\":\"https:\/\/secure.gravatar.com\/avatar\/70960d1239c4d2c778bb3d2786a3c1ae?s=96&d=mm&r=g\",\"caption\":\"Administrador\"},\"url\":\"https:\/\/www.edugestores.pe\/?author=63\"}]}<\/script>\n<!-- \/ Yoast SEO plugin. -->","yoast_head_json":{"title":"Seminario Taller: La Educaci\u00f3n Intercultural en el Per\u00fa \u00bfsue\u00f1o o realidad? - Red Peruana de Gestores de la Educaci\u00f3n","robots":{"index":"index","follow":"follow","max-snippet":"max-snippet:-1","max-image-preview":"max-image-preview:large","max-video-preview":"max-video-preview:-1"},"canonical":"https:\/\/www.edugestores.pe\/?p=10263","og_locale":"es_ES","og_type":"article","og_title":"Seminario Taller: La Educaci\u00f3n Intercultural en el Per\u00fa \u00bfsue\u00f1o o realidad? - Red Peruana de Gestores de la Educaci\u00f3n","og_description":"\u00a0\u00a0Inscripciones aqu\u00ed PRIMER D\u00cdA: LUNES 7 DE MARZO HORAS ACTIVIDADES 5:00- 5:15 pm. Bienvenida al Seminario Taller de Interculturalidad en [&hellip;]","og_url":"https:\/\/www.edugestores.pe\/?p=10263","og_site_name":"Red Peruana de Gestores de la Educaci\u00f3n","article_published_time":"2016-03-01T15:43:17+00:00","og_image":[{"width":600,"height":600,"url":"https:\/\/www.edugestores.pe\/wp-content\/uploads\/2016\/03\/FLYER-ED-INTERCULTURAL.jpg","type":"image\/jpeg"}],"twitter_card":"summary_large_image","twitter_misc":{"Escrito por":"Administrador","Tiempo de lectura":"1 minuto"},"schema":{"@context":"https:\/\/schema.org","@graph":[{"@type":"WebSite","@id":"https:\/\/www.edugestores.pe\/#website","url":"https:\/\/www.edugestores.pe\/","name":"Red Peruana de Gestores de la Educaci\u00f3n","description":"Red Peruana de Gestores de la Educaci\u00f3n","potentialAction":[{"@type":"SearchAction","target":{"@type":"EntryPoint","urlTemplate":"https:\/\/www.edugestores.pe\/?s={search_term_string}"},"query-input":"required name=search_term_string"}],"inLanguage":"es"},{"@type":"ImageObject","@id":"https:\/\/www.edugestores.pe\/?p=10263#primaryimage","inLanguage":"es","url":"https:\/\/www.edugestores.pe\/wp-content\/uploads\/2016\/03\/FLYER-ED-INTERCULTURAL.jpg","contentUrl":"https:\/\/www.edugestores.pe\/wp-content\/uploads\/2016\/03\/FLYER-ED-INTERCULTURAL.jpg","width":600,"height":600},{"@type":"WebPage","@id":"https:\/\/www.edugestores.pe\/?p=10263#webpage","url":"https:\/\/www.edugestores.pe\/?p=10263","name":"Seminario Taller: La Educaci\u00f3n Intercultural en el Per\u00fa \u00bfsue\u00f1o o realidad? - Red Peruana de Gestores de la Educaci\u00f3n","isPartOf":{"@id":"https:\/\/www.edugestores.pe\/#website"},"primaryImageOfPage":{"@id":"https:\/\/www.edugestores.pe\/?p=10263#primaryimage"},"datePublished":"2016-03-01T15:43:17+00:00","dateModified":"2016-03-01T15:43:17+00:00","author":{"@id":"https:\/\/www.edugestores.pe\/#\/schema\/person\/30dc82f35f5853289037a64b35c7c7d3"},"breadcrumb":{"@id":"https:\/\/www.edugestores.pe\/?p=10263#breadcrumb"},"inLanguage":"es","potentialAction":[{"@type":"ReadAction","target":["https:\/\/www.edugestores.pe\/?p=10263"]}]},{"@type":"BreadcrumbList","@id":"https:\/\/www.edugestores.pe\/?p=10263#breadcrumb","itemListElement":[{"@type":"ListItem","position":1,"name":"Portada","item":"https:\/\/www.edugestores.pe\/"},{"@type":"ListItem","position":2,"name":"Seminario Taller: La Educaci\u00f3n Intercultural en el Per\u00fa \u00bfsue\u00f1o o realidad?"}]},{"@type":"Person","@id":"https:\/\/www.edugestores.pe\/#\/schema\/person\/30dc82f35f5853289037a64b35c7c7d3","name":"Administrador","image":{"@type":"ImageObject","@id":"https:\/\/www.edugestores.pe\/#personlogo","inLanguage":"es","url":"https:\/\/secure.gravatar.com\/avatar\/70960d1239c4d2c778bb3d2786a3c1ae?s=96&d=mm&r=g","contentUrl":"https:\/\/secure.gravatar.com\/avatar\/70960d1239c4d2c778bb3d2786a3c1ae?s=96&d=mm&r=g","caption":"Administrador"},"url":"https:\/\/www.edugestores.pe\/?author=63"}]}},"jetpack_featured_media_url":"https:\/\/www.edugestores.pe\/wp-content\/uploads\/2016\/03\/FLYER-ED-INTERCULTURAL.jpg","_links":{"self":[{"href":"https:\/\/www.edugestores.pe\/index.php?rest_route=\/wp\/v2\/posts\/10263"}],"collection":[{"href":"https:\/\/www.edugestores.pe\/index.php?rest_route=\/wp\/v2\/posts"}],"about":[{"href":"https:\/\/www.edugestores.pe\/index.php?rest_route=\/wp\/v2\/types\/post"}],"author":[{"embeddable":true,"href":"https:\/\/www.edugestores.pe\/index.php?rest_route=\/wp\/v2\/users\/63"}],"replies":[{"embeddable":true,"href":"https:\/\/www.edugestores.pe\/index.php?rest_route=%2Fwp%2Fv2%2Fcomments&post=10263"}],"version-history":[{"count":1,"href":"https:\/\/www.edugestores.pe\/index.php?rest_route=\/wp\/v2\/posts\/10263\/revisions"}],"predecessor-version":[{"id":10265,"href":"https:\/\/www.edugestores.pe\/index.php?rest_route=\/wp\/v2\/posts\/10263\/revisions\/10265"}],"wp:featuredmedia":[{"embeddable":true,"href":"https:\/\/www.edugestores.pe\/index.php?rest_route=\/wp\/v2\/media\/10264"}],"wp:attachment":[{"href":"https:\/\/www.edugestores.pe\/index.php?rest_route=%2Fwp%2Fv2%2Fmedia&parent=10263"}],"wp:term":[{"taxonomy":"category","embeddable":true,"href":"https:\/\/www.edugestores.pe\/index.php?rest_route=%2Fwp%2Fv2%2Fcategories&post=10263"},{"taxonomy":"post_tag","embeddable":true,"href":"https:\/\/www.edugestores.pe\/index.php?rest_route=%2Fwp%2Fv2%2Ftags&post=10263"}],"curies":[{"name":"wp","href":"https:\/\/api.w.org\/{rel}","templated":true}]}}