{"id":10298,"date":"2016-03-01T15:43:32","date_gmt":"2016-03-01T20:43:32","guid":{"rendered":"https:\/\/www.edugestores.pe\/?p=10298"},"modified":"2016-03-08T10:13:53","modified_gmt":"2016-03-08T15:13:53","slug":"elecciones-2016-las-propuestas-educativas-de-los-candidatos-no-fijan-metas-claras","status":"publish","type":"post","link":"https:\/\/www.edugestores.pe\/?p=10298","title":{"rendered":"Elecciones 2016: Las propuestas educativas de los candidatos no fijan metas claras"},"content":{"rendered":"<p>Idel Vexler, Mart\u00edn Vegas y Ricardo Cuenca analizan los planes de gobierno de los aspirantes y advierten que no tienen estrategias concretas para que la poblaci\u00f3n pobre, rural e ind\u00edgena acceda a la educaci\u00f3n.<\/p>\n<p>Despu\u00e9s de d\u00e9cadas de estar rezagada, la educaci\u00f3n peruana ha experimentado en los \u00faltimos tres a\u00f1os algunos cambios positivos. Adem\u00e1s de la mejora de la infraestructura, el presupuesto del sector aument\u00f3 y hubo importantes avances en la cobertura de matr\u00edcula en los tres niveles de la educaci\u00f3n b\u00e1sica regular.<\/p>\n<p>Sin embargo, hay problemas que persisten. Por ejemplo, los maestros siguen percibiendo bajas remuneraciones y por debajo del promedio de Am\u00e9rica Latina, las diferencias en el acceso a educaci\u00f3n y los aprendizajes entre ni\u00f1os de escuelas rurales y urbanas siguen siendo abismales, no todos los estudiantes terminan la escuela y a\u00fan hay pocas oportunidades para la poblaci\u00f3n discapacitada o que habla otra lengua.<\/p>\n<p>Frente a esta problem\u00e1tica, \u00bfqu\u00e9 est\u00e1n ofreciendo los candidatos presidenciales? Conversamos con Idel Vexler, Mart\u00edn Vegas y Ricardo Cuenca, tres expertos en el tema educativo que analizaron los planes de gobierno de los aspirantes al sill\u00f3n presidencial. Ellos afirmaron que, aunque hay un avance importante en las propuestas respecto de elecciones anteriores y la mayor\u00eda de candidatos apunta a continuar lo que se ha hecho bien \u2013el aumento del presupuesto, la reforma universitaria y la carrera p\u00fablica magisterial\u2013, a\u00fan faltan metas y planteamientos concretos para enfrentar las desigualdades que persisten en la educaci\u00f3n peruana.<\/p>\n<div class=\"imagenzoom\">\n<figure><img decoding=\"async\" class=\" aligncenter\" src=\"http:\/\/cde.peru21.pe\/ima\/0\/0\/3\/5\/5\/355732.jpg\" alt=\"\" width=\"470\" \/><\/p>\n<div class=\"izoom\"><\/div>\n<\/figure>\n<\/div>\n<p><strong><span class=\"caps\">FUERZA<\/span> <span class=\"caps\">POPULAR<\/span><\/strong><br \/>\nSobre el programa de Fuerza Popular, que lidera Keiko Fujimori, los analistas destacaron el \u00e9nfasis que se ha puesto en las estrategias para mejorar y universalizar la educaci\u00f3n en la primera infancia, as\u00ed como la alianza con los gobiernos regionales para implementar las pol\u00edticas educativas. Tambi\u00e9n resaltaron su propuesta de flexibilizar el curr\u00edculo educativo para adaptarlo a las necesidades laborales y promover la equidad de la educaci\u00f3n.<\/p>\n<p>\u201cLo que le falta es un compromiso con la calidad de la educaci\u00f3n universitaria\u201d, indic\u00f3 Mart\u00edn Vegas, coordinador de la maestr\u00eda en Educaci\u00f3n de la Universidad Antonio Ruiz de Montoya.<\/p>\n<p><strong><span class=\"caps\">ALIANZA<\/span> <span class=\"caps\">POR<\/span> EL <span class=\"caps\">PROGRESO<\/span><\/strong><br \/>\nDel planteamiento de Alianza por el Progreso, cuyo candidato es C\u00e9sar Acu\u00f1a, los analistas destacan el \u00e9nfasis en impulsar la construcci\u00f3n de m\u00e1s escuelas en zonas pobres y su idea de articular la escuela con los programas sociales. Tambi\u00e9n resaltan su impulso a la reforma curricular, la educaci\u00f3n superior tecnol\u00f3gica y la calidad de la formaci\u00f3n universitaria.<\/p>\n<p>Sin embargo, Ricardo Cuenca critic\u00f3 la propuesta de Acu\u00f1a de hacer asociaciones p\u00fablico-privadas para la educaci\u00f3n porque dijo que ese modelo ya ha fracasado en Am\u00e9rica Latina. \u201cLos pa\u00edses a los que les va mejor en el mundo son aquellos que tienen una buena educaci\u00f3n p\u00fablica\u201d, manifest\u00f3.<\/p>\n<p>Asimismo, afirm\u00f3 que la propuesta de implementar un bar\u00f3metro de escuelas tambi\u00e9n podr\u00eda ser perjudicial, \u201cporque los r\u00e1nkings nunca han tenido buenos resultados en el aprendizaje\u201d.<\/p>\n<p><strong><span class=\"caps\">TODOS<\/span> <span class=\"caps\">POR<\/span> EL <span class=\"caps\">PER\u00da<\/span><\/strong><br \/>\nLos expertos consultados refirieron que el plan de gobierno de Julio Guzm\u00e1n y Todos por el Per\u00fa trae dos novedades: es el \u00fanico que propone que el 100% de los maestros pase a una jornada de tiempo completo y, adem\u00e1s, plantea diversificar la secundaria haciendo una base com\u00fan en los primeros tres a\u00f1os de estudios y variedades t\u00e9cnicas productivas en los \u00faltimos dos a\u00f1os.<\/p>\n<p>\u201cEse modelo podr\u00eda funcionar y podr\u00eda dar a los j\u00f3venes herramientas para trabajar desde mucho antes. En ese sentido, tambi\u00e9n es interesante el planteamiento que hace Alfredo Barnechea (Acci\u00f3n Popular), quien es el \u00fanico que propone aumentar un a\u00f1o m\u00e1s a los estudios en secundaria\u201d, anot\u00f3 Cuenca.<\/p>\n<p>Adem\u00e1s, Guzm\u00e1n plantea mejorar la calidad de la investigaci\u00f3n y docencia en las universidades, y crear un fondo para otorgar cr\u00e9ditos y que m\u00e1s j\u00f3venes accedan a la universidad. \u201cPero lo que le falta son medidas pro equidad, pues no especifica qu\u00e9 estrategias usar\u00e1 para generar las condiciones adecuadas para asegurar la igualdad de oportunidades\u201d, dijo Vegas.<\/p>\n<p><strong><span class=\"caps\">PERUANOS<\/span> <span class=\"caps\">POR<\/span> EL <span class=\"caps\">KAMBIO<\/span><\/strong><br \/>\nAl analizar el plan de gobierno de Peruanos por el Kambio, que lidera Pedro Pablo Kuczynski (<span class=\"caps\">PPK<\/span>), los expertos indicaron que este es el \u00fanico que resalta la necesidad de revalorar la educaci\u00f3n intercultural y biling\u00fce, y promueve el reforzamiento de la educaci\u00f3n t\u00e9cnica y el uso de nuevas tecnolog\u00edas con la creaci\u00f3n de los colegios de alto rendimiento t\u00e9cnicos. No obstante, Vexler indic\u00f3 que este \u00faltimo tema tendr\u00eda que revisarse m\u00e1s detenidamente, pues ya en el Per\u00fa se ha repartido antes material tecnol\u00f3gico a los colegios, y este no fue bien usado por la falta de formaci\u00f3n de los maestros para el buen uso de ese equipamiento.<\/p>\n<p>Otro punto muy importante es que <span class=\"caps\">PPK<\/span> es el \u00fanico que est\u00e1 resaltando la reforma de la formaci\u00f3n inicial de los maestros. Este ha sido un tema muy descuidado en los \u00faltimos a\u00f1os y puede ser muy bueno para mejorar en el aprendizaje\u201d, refiri\u00f3 Vegas.<\/p>\n<p><strong><span class=\"caps\">ALIANZA<\/span> <span class=\"caps\">POPULAR<\/span><\/strong><br \/>\nSobre Alianza Popular, que encabeza Alan Garc\u00eda, los entrevistados resaltaron la diversificaci\u00f3n de la secundaria con un bachillerato que permitir\u00eda a los alumnos elegir cursos de especializaci\u00f3n para el trabajo. No obstante, criticaron su propuesta de acreditar al 100\ufffd las universidades peruanas, porque dijeron que eso ser\u00eda imposible de realizar, y la meta de implementar 100 colegios de calidad en el Per\u00fa, porque consideraron que se trata de un objetivo muy corto frente a los 40,000 colegios existentes.<\/p>\n<p>\u201cEs uno de los planes de gobierno m\u00e1s desfasados, porque est\u00e1 mirando m\u00e1s hacia atr\u00e1s y no a medidas de futuro\u201d, opin\u00f3 Vegas.<\/p>\n<p>Por otro lado, los analistas resaltaron que el plan de gobierno de Ver\u00f3nika Mendoza es el \u00fanico que se enfoca en la poblaci\u00f3n que nadie est\u00e1 atendiendo, que son los j\u00f3venes y adultos que no han terminado la secundaria.<\/p>\n<p><strong>LO <span class=\"caps\">QUE<\/span> <span class=\"caps\">HACE<\/span> <span class=\"caps\">FALTA<\/span><\/strong><br \/>\nIdel Vexler indic\u00f3, empero, que esperaba encontrar en los planes de gobierno metas y estrategias mucho m\u00e1s claras, pues, salvo algunas excepciones de objetivos en comunicaci\u00f3n y matem\u00e1ticas, la mayor\u00eda no tiene nada definido.<br \/>\n\u201cHabr\u00eda sido interesante que los candidatos se pusieran la meta de situar al Per\u00fa en el primer tercio superior del r\u00e1nking internacional de las evaluaciones de Am\u00e9rica Latina y el Caribe. Lo mismo en la evaluaci\u00f3n de <span class=\"caps\">PISA<\/span> al 2021; nadie dice qu\u00e9 se espera en los resultados de aprendizaje. En secundaria, hay entre uno y dos alumnos que no acuden a la escuela y, de cada 10 alumnos que se matriculan, solo cinco o seis la terminan, pero tampoco hay una meta ni estrategias claras sobre eso\u201d, anot\u00f3.<\/p>\n<p>Por ello, para Cuenca es importante que, en lo que queda de la campa\u00f1a electoral, los candidatos precisen sus estrategias y metas sobre lo que se quiere alcanzar al 2021.<\/p>\n<p>\u201cTodos dicen que quieren llegar al 6% del <span class=\"caps\">PBI<\/span>, pero no dicen c\u00f3mo distribuir\u00e1n el presupuesto. Todos quieren mejorar la situaci\u00f3n de los profesores, pero no dicen cu\u00e1nto les van a aumentar, salvo Toledo \u2013que ha ofrecido duplicar su sueldo\u2013. La clave es preguntar a los candidatos c\u00f3mo van a atender estas brechas y desigualdades educativas que persisten entre regiones o grupos que no tienen las mismas oportunidades\u201d, apunt\u00f3.<\/p>\n<p><strong><span class=\"caps\">TENGA<\/span> EN <span class=\"caps\">CUENTA<\/span><\/strong><\/p>\n<ul>\n<li>Solo el 25.9% de estudiantes tiene un nivel satisfactorio de aprendizaje en matem\u00e1ticas y 43.5% en comprensi\u00f3n lectora.<\/li>\n<\/ul>\n<ul>\n<li>La brecha entre los estudiantes de \u00e1reas rurales y urbanas es de 33 puntos en comunicaci\u00f3n y de 15.8 puntos en matem\u00e1ticas.<\/li>\n<\/ul>\n<ul>\n<li>Los alumnos de escuelas privadas logran un aprendizaje 19 puntos por encima de los estudiantes de escuelas p\u00fablicas.<\/li>\n<\/ul>\n<ul>\n<li>La brecha actual en infraestructura es de 60,000 millones de soles.<\/li>\n<\/ul>\n<p>(Fuente: <span class=\"caps\">IEP<\/span>)<\/p>\n<p>Publicado en <a href=\"http:\/\/peru21.pe\/actualidad\/elecciones-2016-propuestas-educativas-candidatos-no-fijan-metas-claras-2240060\">Per\u00fa 21<\/a><\/p>\n","protected":false},"excerpt":{"rendered":"<p>Idel Vexler, Mart\u00edn Vegas y Ricardo Cuenca analizan los planes de gobierno de los aspirantes y advierten que no tienen [&hellip;]<\/p>\n","protected":false},"author":63,"featured_media":10299,"comment_status":"open","ping_status":"open","sticky":false,"template":"","format":"standard","meta":{"spay_email":""},"categories":[125],"tags":[],"yoast_head":"<!-- This site is optimized with the Yoast SEO plugin v18.0 - https:\/\/yoast.com\/wordpress\/plugins\/seo\/ -->\n<title>Elecciones 2016: Las propuestas educativas de los candidatos no fijan metas claras - Red Peruana de Gestores de la Educaci\u00f3n<\/title>\n<meta name=\"robots\" content=\"index, follow, max-snippet:-1, max-image-preview:large, max-video-preview:-1\" \/>\n<link rel=\"canonical\" href=\"https:\/\/www.edugestores.pe\/?p=10298\" \/>\n<meta property=\"og:locale\" content=\"es_ES\" \/>\n<meta property=\"og:type\" content=\"article\" \/>\n<meta property=\"og:title\" content=\"Elecciones 2016: Las propuestas educativas de los candidatos no fijan metas claras - Red Peruana de Gestores de la Educaci\u00f3n\" \/>\n<meta property=\"og:description\" content=\"Idel Vexler, Mart\u00edn Vegas y Ricardo Cuenca analizan los planes de gobierno de los aspirantes y advierten que no tienen [&hellip;]\" \/>\n<meta property=\"og:url\" content=\"https:\/\/www.edugestores.pe\/?p=10298\" \/>\n<meta property=\"og:site_name\" content=\"Red Peruana de Gestores de la Educaci\u00f3n\" \/>\n<meta property=\"article:published_time\" content=\"2016-03-01T20:43:32+00:00\" \/>\n<meta property=\"article:modified_time\" content=\"2016-03-08T15:13:53+00:00\" \/>\n<meta property=\"og:image\" content=\"https:\/\/www.edugestores.pe\/wp-content\/uploads\/2016\/03\/355733.jpg\" \/>\n\t<meta property=\"og:image:width\" content=\"630\" \/>\n\t<meta property=\"og:image:height\" content=\"355\" \/>\n\t<meta property=\"og:image:type\" content=\"image\/jpeg\" \/>\n<meta name=\"twitter:card\" content=\"summary_large_image\" \/>\n<meta name=\"twitter:label1\" content=\"Escrito por\" \/>\n\t<meta name=\"twitter:data1\" content=\"Administrador\" \/>\n\t<meta name=\"twitter:label2\" content=\"Tiempo de lectura\" \/>\n\t<meta name=\"twitter:data2\" content=\"7 minutos\" \/>\n<script type=\"application\/ld+json\" class=\"yoast-schema-graph\">{\"@context\":\"https:\/\/schema.org\",\"@graph\":[{\"@type\":\"WebSite\",\"@id\":\"https:\/\/www.edugestores.pe\/#website\",\"url\":\"https:\/\/www.edugestores.pe\/\",\"name\":\"Red Peruana de Gestores de la Educaci\u00f3n\",\"description\":\"Red Peruana de Gestores de la Educaci\u00f3n\",\"potentialAction\":[{\"@type\":\"SearchAction\",\"target\":{\"@type\":\"EntryPoint\",\"urlTemplate\":\"https:\/\/www.edugestores.pe\/?s={search_term_string}\"},\"query-input\":\"required name=search_term_string\"}],\"inLanguage\":\"es\"},{\"@type\":\"ImageObject\",\"@id\":\"https:\/\/www.edugestores.pe\/?p=10298#primaryimage\",\"inLanguage\":\"es\",\"url\":\"https:\/\/www.edugestores.pe\/wp-content\/uploads\/2016\/03\/355733.jpg\",\"contentUrl\":\"https:\/\/www.edugestores.pe\/wp-content\/uploads\/2016\/03\/355733.jpg\",\"width\":630,\"height\":355,\"caption\":\"ASALTAN COLEGIO MARIA ARGUEDAS EN SAN MARTIN DE PORRES\"},{\"@type\":\"WebPage\",\"@id\":\"https:\/\/www.edugestores.pe\/?p=10298#webpage\",\"url\":\"https:\/\/www.edugestores.pe\/?p=10298\",\"name\":\"Elecciones 2016: Las propuestas educativas de los candidatos no fijan metas claras - Red Peruana de Gestores de la Educaci\u00f3n\",\"isPartOf\":{\"@id\":\"https:\/\/www.edugestores.pe\/#website\"},\"primaryImageOfPage\":{\"@id\":\"https:\/\/www.edugestores.pe\/?p=10298#primaryimage\"},\"datePublished\":\"2016-03-01T20:43:32+00:00\",\"dateModified\":\"2016-03-08T15:13:53+00:00\",\"author\":{\"@id\":\"https:\/\/www.edugestores.pe\/#\/schema\/person\/30dc82f35f5853289037a64b35c7c7d3\"},\"breadcrumb\":{\"@id\":\"https:\/\/www.edugestores.pe\/?p=10298#breadcrumb\"},\"inLanguage\":\"es\",\"potentialAction\":[{\"@type\":\"ReadAction\",\"target\":[\"https:\/\/www.edugestores.pe\/?p=10298\"]}]},{\"@type\":\"BreadcrumbList\",\"@id\":\"https:\/\/www.edugestores.pe\/?p=10298#breadcrumb\",\"itemListElement\":[{\"@type\":\"ListItem\",\"position\":1,\"name\":\"Portada\",\"item\":\"https:\/\/www.edugestores.pe\/\"},{\"@type\":\"ListItem\",\"position\":2,\"name\":\"Elecciones 2016: Las propuestas educativas de los candidatos no fijan metas claras\"}]},{\"@type\":\"Person\",\"@id\":\"https:\/\/www.edugestores.pe\/#\/schema\/person\/30dc82f35f5853289037a64b35c7c7d3\",\"name\":\"Administrador\",\"image\":{\"@type\":\"ImageObject\",\"@id\":\"https:\/\/www.edugestores.pe\/#personlogo\",\"inLanguage\":\"es\",\"url\":\"https:\/\/secure.gravatar.com\/avatar\/70960d1239c4d2c778bb3d2786a3c1ae?s=96&d=mm&r=g\",\"contentUrl\":\"https:\/\/secure.gravatar.com\/avatar\/70960d1239c4d2c778bb3d2786a3c1ae?s=96&d=mm&r=g\",\"caption\":\"Administrador\"},\"url\":\"https:\/\/www.edugestores.pe\/?author=63\"}]}<\/script>\n<!-- \/ Yoast SEO plugin. -->","yoast_head_json":{"title":"Elecciones 2016: Las propuestas educativas de los candidatos no fijan metas claras - Red Peruana de Gestores de la Educaci\u00f3n","robots":{"index":"index","follow":"follow","max-snippet":"max-snippet:-1","max-image-preview":"max-image-preview:large","max-video-preview":"max-video-preview:-1"},"canonical":"https:\/\/www.edugestores.pe\/?p=10298","og_locale":"es_ES","og_type":"article","og_title":"Elecciones 2016: Las propuestas educativas de los candidatos no fijan metas claras - Red Peruana de Gestores de la Educaci\u00f3n","og_description":"Idel Vexler, Mart\u00edn Vegas y Ricardo Cuenca analizan los planes de gobierno de los aspirantes y advierten que no tienen [&hellip;]","og_url":"https:\/\/www.edugestores.pe\/?p=10298","og_site_name":"Red Peruana de Gestores de la Educaci\u00f3n","article_published_time":"2016-03-01T20:43:32+00:00","article_modified_time":"2016-03-08T15:13:53+00:00","og_image":[{"width":630,"height":355,"url":"https:\/\/www.edugestores.pe\/wp-content\/uploads\/2016\/03\/355733.jpg","type":"image\/jpeg"}],"twitter_card":"summary_large_image","twitter_misc":{"Escrito por":"Administrador","Tiempo de lectura":"7 minutos"},"schema":{"@context":"https:\/\/schema.org","@graph":[{"@type":"WebSite","@id":"https:\/\/www.edugestores.pe\/#website","url":"https:\/\/www.edugestores.pe\/","name":"Red Peruana de Gestores de la Educaci\u00f3n","description":"Red Peruana de Gestores de la Educaci\u00f3n","potentialAction":[{"@type":"SearchAction","target":{"@type":"EntryPoint","urlTemplate":"https:\/\/www.edugestores.pe\/?s={search_term_string}"},"query-input":"required name=search_term_string"}],"inLanguage":"es"},{"@type":"ImageObject","@id":"https:\/\/www.edugestores.pe\/?p=10298#primaryimage","inLanguage":"es","url":"https:\/\/www.edugestores.pe\/wp-content\/uploads\/2016\/03\/355733.jpg","contentUrl":"https:\/\/www.edugestores.pe\/wp-content\/uploads\/2016\/03\/355733.jpg","width":630,"height":355,"caption":"ASALTAN COLEGIO MARIA ARGUEDAS EN SAN MARTIN DE PORRES"},{"@type":"WebPage","@id":"https:\/\/www.edugestores.pe\/?p=10298#webpage","url":"https:\/\/www.edugestores.pe\/?p=10298","name":"Elecciones 2016: Las propuestas educativas de los candidatos no fijan metas claras - Red Peruana de Gestores de la Educaci\u00f3n","isPartOf":{"@id":"https:\/\/www.edugestores.pe\/#website"},"primaryImageOfPage":{"@id":"https:\/\/www.edugestores.pe\/?p=10298#primaryimage"},"datePublished":"2016-03-01T20:43:32+00:00","dateModified":"2016-03-08T15:13:53+00:00","author":{"@id":"https:\/\/www.edugestores.pe\/#\/schema\/person\/30dc82f35f5853289037a64b35c7c7d3"},"breadcrumb":{"@id":"https:\/\/www.edugestores.pe\/?p=10298#breadcrumb"},"inLanguage":"es","potentialAction":[{"@type":"ReadAction","target":["https:\/\/www.edugestores.pe\/?p=10298"]}]},{"@type":"BreadcrumbList","@id":"https:\/\/www.edugestores.pe\/?p=10298#breadcrumb","itemListElement":[{"@type":"ListItem","position":1,"name":"Portada","item":"https:\/\/www.edugestores.pe\/"},{"@type":"ListItem","position":2,"name":"Elecciones 2016: Las propuestas educativas de los candidatos no fijan metas claras"}]},{"@type":"Person","@id":"https:\/\/www.edugestores.pe\/#\/schema\/person\/30dc82f35f5853289037a64b35c7c7d3","name":"Administrador","image":{"@type":"ImageObject","@id":"https:\/\/www.edugestores.pe\/#personlogo","inLanguage":"es","url":"https:\/\/secure.gravatar.com\/avatar\/70960d1239c4d2c778bb3d2786a3c1ae?s=96&d=mm&r=g","contentUrl":"https:\/\/secure.gravatar.com\/avatar\/70960d1239c4d2c778bb3d2786a3c1ae?s=96&d=mm&r=g","caption":"Administrador"},"url":"https:\/\/www.edugestores.pe\/?author=63"}]}},"jetpack_featured_media_url":"https:\/\/www.edugestores.pe\/wp-content\/uploads\/2016\/03\/355733.jpg","_links":{"self":[{"href":"https:\/\/www.edugestores.pe\/index.php?rest_route=\/wp\/v2\/posts\/10298"}],"collection":[{"href":"https:\/\/www.edugestores.pe\/index.php?rest_route=\/wp\/v2\/posts"}],"about":[{"href":"https:\/\/www.edugestores.pe\/index.php?rest_route=\/wp\/v2\/types\/post"}],"author":[{"embeddable":true,"href":"https:\/\/www.edugestores.pe\/index.php?rest_route=\/wp\/v2\/users\/63"}],"replies":[{"embeddable":true,"href":"https:\/\/www.edugestores.pe\/index.php?rest_route=%2Fwp%2Fv2%2Fcomments&post=10298"}],"version-history":[{"count":1,"href":"https:\/\/www.edugestores.pe\/index.php?rest_route=\/wp\/v2\/posts\/10298\/revisions"}],"predecessor-version":[{"id":10300,"href":"https:\/\/www.edugestores.pe\/index.php?rest_route=\/wp\/v2\/posts\/10298\/revisions\/10300"}],"wp:featuredmedia":[{"embeddable":true,"href":"https:\/\/www.edugestores.pe\/index.php?rest_route=\/wp\/v2\/media\/10299"}],"wp:attachment":[{"href":"https:\/\/www.edugestores.pe\/index.php?rest_route=%2Fwp%2Fv2%2Fmedia&parent=10298"}],"wp:term":[{"taxonomy":"category","embeddable":true,"href":"https:\/\/www.edugestores.pe\/index.php?rest_route=%2Fwp%2Fv2%2Fcategories&post=10298"},{"taxonomy":"post_tag","embeddable":true,"href":"https:\/\/www.edugestores.pe\/index.php?rest_route=%2Fwp%2Fv2%2Ftags&post=10298"}],"curies":[{"name":"wp","href":"https:\/\/api.w.org\/{rel}","templated":true}]}}