{"id":10311,"date":"2016-03-03T11:42:06","date_gmt":"2016-03-03T16:42:06","guid":{"rendered":"https:\/\/www.edugestores.pe\/?p=10311"},"modified":"2016-03-14T21:45:48","modified_gmt":"2016-03-15T02:45:48","slug":"descentralizacion-sabes-que-preguntas-deben-responder-los-candidatos","status":"publish","type":"post","link":"https:\/\/www.edugestores.pe\/?p=10311","title":{"rendered":"Descentralizaci\u00f3n &#8211; \u00bfSabes que preguntas deben responder los candidatos?"},"content":{"rendered":"<div class=\"bkmodule module-shortcode clearfix\">\n<div class=\"module-title title-cat-\">\n<h3 class=\"main-title\" style=\"text-align: center;\">REINGENIER\u00cdA DE LA CONDUCCI\u00d3N POL\u00cdTICA DE LA DESCENTRALIZACI\u00d3N<\/h3>\n<h4 class=\"sub-title\">PREGUNTAS<\/h4>\n<\/div>\n<\/div>\n<ol>\n<li class=\"rtejustify\">La descentralizaci\u00f3n es un proceso complejo que puede abordarse desde diversos \u00e1ngulos. \u00bfQu\u00e9 aspectos de esta reforma priorizar\u00eda fortalecer durante su gobierno?<\/li>\n<li class=\"rtejustify\">\u00a0\u00bfCu\u00e1les considera que son las principales resistencias que enfrentar\u00eda su gobierno al tratar de impulsar la descentralizaci\u00f3n? \u00bfC\u00f3mo abordarlas?<\/li>\n<li class=\"rtejustify\">La discusi\u00f3n p\u00fablica sobre la descentralizaci\u00f3n ha adquirido connotaciones negativas, pues se asocia a casos de corrupci\u00f3n y conflictividad social. \u00bfTomar\u00eda medidas para recuperar el consenso acerca de la necesidad de esta reforma? \u00bfCu\u00e1les?<\/li>\n<li class=\"rtejustify\">Desde el a\u00f1o 2002, la descentralizaci\u00f3n no ha logrado ser un tema prioritario en la agenda pol\u00edtica. \u00bfQu\u00e9 medidas tomar\u00eda para mantener la descentralizaci\u00f3n como tema prioritario de agenda entre sus ministros y entre los representantes en el Congreso?<\/li>\n<li class=\"rtejustify\">El fortalecimiento de la descentralizaci\u00f3n implica realizar reformas en \u00e1mbitos \u00edntimamente relacionados, como en el sistema de planeamiento estrat\u00e9gico (Ceplan), sistema de control y fiscalizaci\u00f3n (Contralor\u00eda) y la modernizaci\u00f3n del Estado (Servir). \u00bfTiene propuestas para abordar estos pendientes?<\/li>\n<li class=\"rtejustify\">Existen espacios para la participaci\u00f3n ciudadana en materia de descentralizaci\u00f3n que no est\u00e1n siendo aprovechados plenamente. All\u00ed est\u00e1n los Consejos de Coordinaci\u00f3n regionales y locales. \u00bfQu\u00e9 medidas tomar\u00eda al respecto?<\/li>\n<li class=\"rtejustify\">El proceso de transferencia de competencias sectoriales a los Gobiernos subnacionales est\u00e1 casi completo (al 93%). \u00bfQu\u00e9 medidas plantear\u00eda su gobierno para asegurar la calidad de los servicios transferidos?<\/li>\n<li class=\"rtejustify\">Uno de los grandes desaf\u00edos de la descentralizaci\u00f3n es hallar fuentes de financiamiento m\u00e1s sostenibles para que los Gobiernos subnacionales cumplan las funciones que han adquirido, m\u00e1s all\u00e1 del canon. \u00bfDe qu\u00e9 manera piensa enfrentar esta problem\u00e1tica?<\/li>\n<li class=\"rtejustify\">Teniendo en cuenta que la integraci\u00f3n regional fue uno de los pilares sobre los que se ide\u00f3 la reforma de la descentralizaci\u00f3n hace casi 15 a\u00f1os, \u00bfc\u00f3mo retomar\u00eda este proceso? \u00bfFavorecer\u00eda la conformaci\u00f3n de macrorregiones o prefiere instrumentos como las mancomunidades, menos complejos de aplicar pol\u00edticamente?<\/li>\n<li class=\"rtejustify\">La descentralizaci\u00f3n implica la asignaci\u00f3n de competencias y transferencia de recursos del Gobierno central a los Gobiernos subnacionales. \u00bfC\u00f3mo fortalecer las capacidades de los Gobiernos regionales y locales para lograr que estos tengan un manejo eficiente de sus recursos?<\/li>\n<li class=\"rtejustify\">Otro de los grandes debates de la descentralizaci\u00f3n es la falta de personal p\u00fablico capacitado para trabajar en las regiones. \u00bfC\u00f3mo impulsar el traslado de talento a los Gobiernos regionales y retenerlo?<\/li>\n<li class=\"rtejustify\">\u00bfC\u00f3mo articular los diversos sectores del Gobierno para impulsar la descentralizaci\u00f3n en el Per\u00fa? \u00bfFormar\u00e1 una comisi\u00f3n interministerial para impulsar este proceso?<\/li>\n<\/ol>\n<h4>Hoja de ruta:<\/h4>\n<div class=\"thumb\"><img decoding=\"async\" src=\"http:\/\/www.elecciones.cies.org.pe\/sites\/default\/files\/hojas_de_ruta\/hojas-de-rutax1.jpg\" alt=\"reingenier\u00eda de la conducci\u00f3n pol\u00edtica de la descentralizaci\u00f3n\" \/><\/div>\n<p>&nbsp;<\/p>\n<div class=\"bkmodule module-shortcode clearfix\">\n<div class=\"module-title title-cat-\">\n<h4 class=\"sub-title\">AUTOR(ES)<\/h4>\n<\/div>\n<div class=\"bkshortcode-wrapper\">\n<div class=\"bk_onehalfs bk-shortcode clearfix\">\n<div class=\"column one_column halfsc\">\n<h3>Gonzalo Alcalde<\/h3>\n<p class=\"rtejustify\">Es docente de la Escuela de Gobierno y Pol\u00edticas P\u00fablicas de la PUCP e investigador principal de FORO Nacional Internacional. Obtuvo el PhD en Pol\u00edticas P\u00fablicas de la Universidad de Texas-Austin (2009), con tesis acerca del proceso de descentralizaci\u00f3n administrativa en el Per\u00fa. Se ha desempe\u00f1ado como consultor en temas de desarrollo y pol\u00edticas p\u00fablicas en entidades no gubernamentales, p\u00fablicas y de cooperaci\u00f3n internacional. Adem\u00e1s de la descentralizaci\u00f3n, en a\u00f1os recientes ha trabajado temas de cooperaci\u00f3n para el desarrollo, siendo punto focal de las Naciones Unidas en Per\u00fa para las consultas nacionales sobre la agenda desarrollo post-2015 (2012-2015).<\/p>\n<\/div>\n<\/div>\n<\/div>\n<div class=\"bkmodule module-shortcode clearfix\">\n<p>&nbsp;<\/p>\n<div class=\"module-title title-cat-\">\n<h3 class=\"main-title\">REFORMA DEL SERVICIO CIVIL<\/h3>\n<h4 class=\"sub-title\">PREGUNTAS<\/h4>\n<\/div>\n<\/div>\n<ol>\n<li class=\"rtejustify\">\u00bfQu\u00e9 \u00e1reas del Estado va a fortalecer durante su gobierno?<\/li>\n<li class=\"rtejustify\">En el a\u00f1o 2014, el gasto del personal p\u00fablico fue de m\u00e1s de 38 mil millones de soles, frente a casi 22 mil millones en el a\u00f1o 2009. \u00bfQu\u00e9 opini\u00f3n le merecen estos n\u00fameros? \u00bfC\u00f3mo piensa revertir esta situaci\u00f3n?<\/li>\n<li class=\"rtejustify\">Por otro lado, en el a\u00f1o 2009, hab\u00eda cerca de un mill\u00f3n de servidores civiles, y en el a\u00f1o 2014 eran ya un mill\u00f3n cuatrocientos mil. \u00bfNo piensa que son demasiados servidores p\u00fablicos, teniendo en cuenta la poca eficiencia de las instituciones p\u00fablicas en el Per\u00fa? \u00bfC\u00f3mo piensa revertir esta situaci\u00f3n?<\/li>\n<li class=\"rtejustify\">Se considera que la reforma es una acci\u00f3n necesaria que el pr\u00f3ximo gobierno debe promover y desarrollar. \u00bfQu\u00e9 opina sobre la Ley del Servicio Civil? \u00bfC\u00f3mo piensa continuar la reforma durante su gesti\u00f3n?<\/li>\n<li class=\"rtejustify\">La reforma del servicio civil constituye un reto enorme, dado que se tiene que hacer efectiva sobre m\u00e1s de medio mill\u00f3n de personas en cerca de 2.000 entidades de diverso tipo. \u00bfC\u00f3mo piensa movilizar recursos en ese sentido?<\/li>\n<li class=\"rtejustify\">La diferenciaci\u00f3n de reg\u00edmenes ha conllevado la coexistencia de servidores con diferentes condiciones en cuanto a estabilidad en el empleo y disciplinas. \u00bfC\u00f3mo va a cambiar esta situaci\u00f3n y simplificar la contrataci\u00f3n laboral?<\/li>\n<li class=\"rtejustify\">\u00bfC\u00f3mo piensa modernizar el Estado peruano para que act\u00fae mejor, preste servicios de calidad y busque siempre la primac\u00eda del inter\u00e9s ciudadano, as\u00ed como la optimizaci\u00f3n de los recursos que recibe (tributos)?<\/li>\n<li class=\"rtejustify\">\u00bfC\u00f3mo incorporar los Gobiernos regionales a la reforma del Estado, tomando en cuenta que estas entidades prestan parte importante de los servicios estatales a la ciudadan\u00eda?<\/li>\n<li class=\"rtejustify\">La Autoridad Nacional del Servicio Civil (Servir) deber\u00eda enfocarse en el fortalecimiento de las oficinas de recursos humanos de las entidades estatales. \u00bfC\u00f3mo empoderar a estas oficinas?<\/li>\n<li class=\"rtejustify\">\u00bfC\u00f3mo lograr un Estado profesionalizado, capaz de atraer a los mejores talentos del pa\u00eds para brindar servicios de alta calidad?<\/li>\n<li class=\"rtejustify\">\u00bfC\u00f3mo retener talento en el servicio civil? \u00bfC\u00f3mo desarrollar capacidades en el sector p\u00fablico y en las universidades para contar con trabajadores p\u00fablicos de primera calidad?<\/li>\n<\/ol>\n<h4>Hoja de ruta:<\/h4>\n<div class=\"thumb\"><img decoding=\"async\" src=\"http:\/\/www.elecciones.cies.org.pe\/sites\/default\/files\/hojas_de_ruta\/hojas-de-rutax2.jpg\" alt=\"reforma del servicio civil\" \/><\/div>\n<div class=\"bkmodule module-shortcode clearfix\">\n<p>&nbsp;<\/p>\n<div class=\"module-title title-cat-\">\n<h4 class=\"sub-title\">AUTOR(ES)<\/h4>\n<\/div>\n<div class=\"bkshortcode-wrapper\">\n<div class=\"bk_onehalfs bk-shortcode clearfix\">\n<div class=\"column one_half halfsc\">\n<h3>Jos\u00e9 Luis Bonifaz<\/h3>\n<p class=\"rtejustify\">Director de la Escuela de Gesti\u00f3n P\u00fablica, profesor de la Facultad de Econom\u00eda y Finanzas de la Universidad del Pac\u00edfico, miembro del Centro de Investigaci\u00f3n de esta casa de estudios y miembro del Consejo de Usuarios de Puertos de OSITRAN y de SUNASS-Lima. \u200b\u200b\u200b Ingeniero Civil por la Pontifica Universidad Cat\u00f3lica del Per\u00fa. Mag\u00edster en Econom\u00eda por la Universidad del Pac\u00edfico y Master of Arts in Economics por Georgetown University. Ha sido Gerente general de la Superintendencia Nacional de Servicios de Saneamiento (SUNASS) y l\u00edder de la Mesa de infraestructura y regulaci\u00f3n del Consejo Nacional de Competitividad.<\/p>\n<\/div>\n<div class=\"column one_half halfsc\">\n<h3>Juan Jos\u00e9 Mart\u00ednez<\/h3>\n<p class=\"rtejustify\">Profesor de Derecho de la Universidad del Pac\u00edfico. Maestr\u00eda en Derecho (LL.M.) por New York University School of Law, EE UU.; Diplomado en Tributaci\u00f3n por la Pontificia Universidad Cat\u00f3lica del Per\u00fa y abogado por la Pontificia Universidad Cat\u00f3lica del Per\u00fa. Desde el 2003, es miembro del Tribunal de Soluci\u00f3n de Controversias del Organismo Supervisor de la Inversi\u00f3n en Energ\u00eda \u2013 OSINERG.<\/p>\n<\/div>\n<\/div>\n<p>Fuente: <a href=\"http:\/\/www.elecciones.cies.org.pe\/content\/pol%C3%ADticas-de-reforma-del-estado-0\">CIES<\/a><\/p>\n<\/div>\n<\/div>\n<\/div>\n","protected":false},"excerpt":{"rendered":"<p>REINGENIER\u00cdA DE LA CONDUCCI\u00d3N POL\u00cdTICA DE LA DESCENTRALIZACI\u00d3N PREGUNTAS La descentralizaci\u00f3n es un proceso complejo que puede abordarse desde diversos [&hellip;]<\/p>\n","protected":false},"author":63,"featured_media":10313,"comment_status":"open","ping_status":"open","sticky":false,"template":"","format":"standard","meta":{"spay_email":""},"categories":[125],"tags":[],"yoast_head":"<!-- This site is optimized with the Yoast SEO plugin v18.0 - https:\/\/yoast.com\/wordpress\/plugins\/seo\/ -->\n<title>Descentralizaci\u00f3n - \u00bfSabes que preguntas deben responder los candidatos? - Red Peruana de Gestores de la Educaci\u00f3n<\/title>\n<meta name=\"robots\" content=\"index, follow, max-snippet:-1, max-image-preview:large, max-video-preview:-1\" \/>\n<link rel=\"canonical\" href=\"https:\/\/www.edugestores.pe\/?p=10311\" \/>\n<meta property=\"og:locale\" content=\"es_ES\" \/>\n<meta property=\"og:type\" content=\"article\" \/>\n<meta property=\"og:title\" content=\"Descentralizaci\u00f3n - \u00bfSabes que preguntas deben responder los candidatos? - Red Peruana de Gestores de la Educaci\u00f3n\" \/>\n<meta property=\"og:description\" content=\"REINGENIER\u00cdA DE LA CONDUCCI\u00d3N POL\u00cdTICA DE LA DESCENTRALIZACI\u00d3N PREGUNTAS La descentralizaci\u00f3n es un proceso complejo que puede abordarse desde diversos [&hellip;]\" \/>\n<meta property=\"og:url\" content=\"https:\/\/www.edugestores.pe\/?p=10311\" \/>\n<meta property=\"og:site_name\" content=\"Red Peruana de Gestores de la Educaci\u00f3n\" \/>\n<meta property=\"article:published_time\" content=\"2016-03-03T16:42:06+00:00\" \/>\n<meta property=\"article:modified_time\" content=\"2016-03-15T02:45:48+00:00\" \/>\n<meta property=\"og:image\" content=\"https:\/\/www.edugestores.pe\/wp-content\/uploads\/2016\/03\/servicio-civil.jpg\" \/>\n\t<meta property=\"og:image:width\" content=\"798\" \/>\n\t<meta property=\"og:image:height\" content=\"448\" \/>\n\t<meta property=\"og:image:type\" content=\"image\/jpeg\" \/>\n<meta name=\"twitter:card\" content=\"summary_large_image\" \/>\n<meta name=\"twitter:label1\" content=\"Escrito por\" \/>\n\t<meta name=\"twitter:data1\" content=\"Administrador\" \/>\n\t<meta name=\"twitter:label2\" content=\"Tiempo de lectura\" \/>\n\t<meta name=\"twitter:data2\" content=\"6 minutos\" \/>\n<script type=\"application\/ld+json\" class=\"yoast-schema-graph\">{\"@context\":\"https:\/\/schema.org\",\"@graph\":[{\"@type\":\"WebSite\",\"@id\":\"https:\/\/www.edugestores.pe\/#website\",\"url\":\"https:\/\/www.edugestores.pe\/\",\"name\":\"Red Peruana de Gestores de la Educaci\u00f3n\",\"description\":\"Red Peruana de Gestores de la Educaci\u00f3n\",\"potentialAction\":[{\"@type\":\"SearchAction\",\"target\":{\"@type\":\"EntryPoint\",\"urlTemplate\":\"https:\/\/www.edugestores.pe\/?s={search_term_string}\"},\"query-input\":\"required name=search_term_string\"}],\"inLanguage\":\"es\"},{\"@type\":\"ImageObject\",\"@id\":\"https:\/\/www.edugestores.pe\/?p=10311#primaryimage\",\"inLanguage\":\"es\",\"url\":\"https:\/\/www.edugestores.pe\/wp-content\/uploads\/2016\/03\/servicio-civil.jpg\",\"contentUrl\":\"https:\/\/www.edugestores.pe\/wp-content\/uploads\/2016\/03\/servicio-civil.jpg\",\"width\":798,\"height\":448,\"caption\":\"TRABAJADORES PUBLICOS. FOTO: HEINER APARICIO LUGAR: SEAL\"},{\"@type\":\"WebPage\",\"@id\":\"https:\/\/www.edugestores.pe\/?p=10311#webpage\",\"url\":\"https:\/\/www.edugestores.pe\/?p=10311\",\"name\":\"Descentralizaci\u00f3n - \u00bfSabes que preguntas deben responder los candidatos? - Red Peruana de Gestores de la Educaci\u00f3n\",\"isPartOf\":{\"@id\":\"https:\/\/www.edugestores.pe\/#website\"},\"primaryImageOfPage\":{\"@id\":\"https:\/\/www.edugestores.pe\/?p=10311#primaryimage\"},\"datePublished\":\"2016-03-03T16:42:06+00:00\",\"dateModified\":\"2016-03-15T02:45:48+00:00\",\"author\":{\"@id\":\"https:\/\/www.edugestores.pe\/#\/schema\/person\/30dc82f35f5853289037a64b35c7c7d3\"},\"breadcrumb\":{\"@id\":\"https:\/\/www.edugestores.pe\/?p=10311#breadcrumb\"},\"inLanguage\":\"es\",\"potentialAction\":[{\"@type\":\"ReadAction\",\"target\":[\"https:\/\/www.edugestores.pe\/?p=10311\"]}]},{\"@type\":\"BreadcrumbList\",\"@id\":\"https:\/\/www.edugestores.pe\/?p=10311#breadcrumb\",\"itemListElement\":[{\"@type\":\"ListItem\",\"position\":1,\"name\":\"Portada\",\"item\":\"https:\/\/www.edugestores.pe\/\"},{\"@type\":\"ListItem\",\"position\":2,\"name\":\"Descentralizaci\u00f3n &#8211; \u00bfSabes que preguntas deben responder los candidatos?\"}]},{\"@type\":\"Person\",\"@id\":\"https:\/\/www.edugestores.pe\/#\/schema\/person\/30dc82f35f5853289037a64b35c7c7d3\",\"name\":\"Administrador\",\"image\":{\"@type\":\"ImageObject\",\"@id\":\"https:\/\/www.edugestores.pe\/#personlogo\",\"inLanguage\":\"es\",\"url\":\"https:\/\/secure.gravatar.com\/avatar\/70960d1239c4d2c778bb3d2786a3c1ae?s=96&d=mm&r=g\",\"contentUrl\":\"https:\/\/secure.gravatar.com\/avatar\/70960d1239c4d2c778bb3d2786a3c1ae?s=96&d=mm&r=g\",\"caption\":\"Administrador\"},\"url\":\"https:\/\/www.edugestores.pe\/?author=63\"}]}<\/script>\n<!-- \/ Yoast SEO plugin. -->","yoast_head_json":{"title":"Descentralizaci\u00f3n - \u00bfSabes que preguntas deben responder los candidatos? - Red Peruana de Gestores de la Educaci\u00f3n","robots":{"index":"index","follow":"follow","max-snippet":"max-snippet:-1","max-image-preview":"max-image-preview:large","max-video-preview":"max-video-preview:-1"},"canonical":"https:\/\/www.edugestores.pe\/?p=10311","og_locale":"es_ES","og_type":"article","og_title":"Descentralizaci\u00f3n - \u00bfSabes que preguntas deben responder los candidatos? - Red Peruana de Gestores de la Educaci\u00f3n","og_description":"REINGENIER\u00cdA DE LA CONDUCCI\u00d3N POL\u00cdTICA DE LA DESCENTRALIZACI\u00d3N PREGUNTAS La descentralizaci\u00f3n es un proceso complejo que puede abordarse desde diversos [&hellip;]","og_url":"https:\/\/www.edugestores.pe\/?p=10311","og_site_name":"Red Peruana de Gestores de la Educaci\u00f3n","article_published_time":"2016-03-03T16:42:06+00:00","article_modified_time":"2016-03-15T02:45:48+00:00","og_image":[{"width":798,"height":448,"url":"https:\/\/www.edugestores.pe\/wp-content\/uploads\/2016\/03\/servicio-civil.jpg","type":"image\/jpeg"}],"twitter_card":"summary_large_image","twitter_misc":{"Escrito por":"Administrador","Tiempo de lectura":"6 minutos"},"schema":{"@context":"https:\/\/schema.org","@graph":[{"@type":"WebSite","@id":"https:\/\/www.edugestores.pe\/#website","url":"https:\/\/www.edugestores.pe\/","name":"Red Peruana de Gestores de la Educaci\u00f3n","description":"Red Peruana de Gestores de la Educaci\u00f3n","potentialAction":[{"@type":"SearchAction","target":{"@type":"EntryPoint","urlTemplate":"https:\/\/www.edugestores.pe\/?s={search_term_string}"},"query-input":"required name=search_term_string"}],"inLanguage":"es"},{"@type":"ImageObject","@id":"https:\/\/www.edugestores.pe\/?p=10311#primaryimage","inLanguage":"es","url":"https:\/\/www.edugestores.pe\/wp-content\/uploads\/2016\/03\/servicio-civil.jpg","contentUrl":"https:\/\/www.edugestores.pe\/wp-content\/uploads\/2016\/03\/servicio-civil.jpg","width":798,"height":448,"caption":"TRABAJADORES PUBLICOS. FOTO: HEINER APARICIO LUGAR: SEAL"},{"@type":"WebPage","@id":"https:\/\/www.edugestores.pe\/?p=10311#webpage","url":"https:\/\/www.edugestores.pe\/?p=10311","name":"Descentralizaci\u00f3n - \u00bfSabes que preguntas deben responder los candidatos? - Red Peruana de Gestores de la Educaci\u00f3n","isPartOf":{"@id":"https:\/\/www.edugestores.pe\/#website"},"primaryImageOfPage":{"@id":"https:\/\/www.edugestores.pe\/?p=10311#primaryimage"},"datePublished":"2016-03-03T16:42:06+00:00","dateModified":"2016-03-15T02:45:48+00:00","author":{"@id":"https:\/\/www.edugestores.pe\/#\/schema\/person\/30dc82f35f5853289037a64b35c7c7d3"},"breadcrumb":{"@id":"https:\/\/www.edugestores.pe\/?p=10311#breadcrumb"},"inLanguage":"es","potentialAction":[{"@type":"ReadAction","target":["https:\/\/www.edugestores.pe\/?p=10311"]}]},{"@type":"BreadcrumbList","@id":"https:\/\/www.edugestores.pe\/?p=10311#breadcrumb","itemListElement":[{"@type":"ListItem","position":1,"name":"Portada","item":"https:\/\/www.edugestores.pe\/"},{"@type":"ListItem","position":2,"name":"Descentralizaci\u00f3n &#8211; \u00bfSabes que preguntas deben responder los candidatos?"}]},{"@type":"Person","@id":"https:\/\/www.edugestores.pe\/#\/schema\/person\/30dc82f35f5853289037a64b35c7c7d3","name":"Administrador","image":{"@type":"ImageObject","@id":"https:\/\/www.edugestores.pe\/#personlogo","inLanguage":"es","url":"https:\/\/secure.gravatar.com\/avatar\/70960d1239c4d2c778bb3d2786a3c1ae?s=96&d=mm&r=g","contentUrl":"https:\/\/secure.gravatar.com\/avatar\/70960d1239c4d2c778bb3d2786a3c1ae?s=96&d=mm&r=g","caption":"Administrador"},"url":"https:\/\/www.edugestores.pe\/?author=63"}]}},"jetpack_featured_media_url":"https:\/\/www.edugestores.pe\/wp-content\/uploads\/2016\/03\/servicio-civil.jpg","_links":{"self":[{"href":"https:\/\/www.edugestores.pe\/index.php?rest_route=\/wp\/v2\/posts\/10311"}],"collection":[{"href":"https:\/\/www.edugestores.pe\/index.php?rest_route=\/wp\/v2\/posts"}],"about":[{"href":"https:\/\/www.edugestores.pe\/index.php?rest_route=\/wp\/v2\/types\/post"}],"author":[{"embeddable":true,"href":"https:\/\/www.edugestores.pe\/index.php?rest_route=\/wp\/v2\/users\/63"}],"replies":[{"embeddable":true,"href":"https:\/\/www.edugestores.pe\/index.php?rest_route=%2Fwp%2Fv2%2Fcomments&post=10311"}],"version-history":[{"count":1,"href":"https:\/\/www.edugestores.pe\/index.php?rest_route=\/wp\/v2\/posts\/10311\/revisions"}],"predecessor-version":[{"id":10314,"href":"https:\/\/www.edugestores.pe\/index.php?rest_route=\/wp\/v2\/posts\/10311\/revisions\/10314"}],"wp:featuredmedia":[{"embeddable":true,"href":"https:\/\/www.edugestores.pe\/index.php?rest_route=\/wp\/v2\/media\/10313"}],"wp:attachment":[{"href":"https:\/\/www.edugestores.pe\/index.php?rest_route=%2Fwp%2Fv2%2Fmedia&parent=10311"}],"wp:term":[{"taxonomy":"category","embeddable":true,"href":"https:\/\/www.edugestores.pe\/index.php?rest_route=%2Fwp%2Fv2%2Fcategories&post=10311"},{"taxonomy":"post_tag","embeddable":true,"href":"https:\/\/www.edugestores.pe\/index.php?rest_route=%2Fwp%2Fv2%2Ftags&post=10311"}],"curies":[{"name":"wp","href":"https:\/\/api.w.org\/{rel}","templated":true}]}}