{"id":10419,"date":"2016-03-04T10:43:15","date_gmt":"2016-03-04T15:43:15","guid":{"rendered":"https:\/\/www.edugestores.pe\/?p=10419"},"modified":"2016-03-04T10:43:15","modified_gmt":"2016-03-04T15:43:15","slug":"presentacion-de-la-v-alerta-ciudadana-la-infancia-en-la-agenda-politica-electoral","status":"publish","type":"post","link":"https:\/\/www.edugestores.pe\/?p=10419","title":{"rendered":"Presentaci\u00f3n de la V Alerta Ciudadana \u201cLa Infancia en la Agenda Pol\u00edtica Electoral\u201d"},"content":{"rendered":"<p align=\"left\">La presentaci\u00f3n de la <b>V Alerta Ciudadana <\/b>que promueve nuestra iniciativa ciudadana, llama la atenci\u00f3n de los candidatos a la Presidencia de la Rep\u00fablica y candidatos al Congreso Nacional, sobre las pol\u00edticas de estado y prioridades program\u00e1ticas que requieren la atenci\u00f3n prioritaria a la primera infancia que a pesar de los avances registrados en la \u00faltima d\u00e9cada, a\u00fan tenemos m\u00e1s de 400 mil ni\u00f1os con desnutrici\u00f3n cr\u00f3nica y m\u00e1s de un mill\u00f3n de ni\u00f1os con anemia. En el caso de la educaci\u00f3n, si bien se avanz\u00f3 en la cobertura, la calidad de la educaci\u00f3n es muy preocupante.<\/p>\n<p align=\"left\">La presentaci\u00f3n se realizar\u00e1 en el Teatro Auditorio Mario Vargas Llosa de la Biblioteca Nacional del Per\u00fa (Av. de la Poes\u00eda 160 San Borja, altura de la cuadra 20 de la Av. Javier Prado Este), este <b>jueves 10 de marzo<\/b> a las 10.30 a.m.<\/p>\n<p align=\"left\">Confirmar asistencia a <i><a href=\"mailto:+contacto@inversionenlainfancia.net\" target=\"_blank\">contacto@<wbr \/>inversionenlainfancia.net<\/a><\/i> o a los tel\u00e9fonos 422-4221 y 222-0919.<\/p>\n","protected":false},"excerpt":{"rendered":"<p>La presentaci\u00f3n de la V Alerta Ciudadana que promueve nuestra iniciativa ciudadana, llama la atenci\u00f3n de los candidatos a la [&hellip;]<\/p>\n","protected":false},"author":63,"featured_media":10420,"comment_status":"open","ping_status":"open","sticky":false,"template":"","format":"standard","meta":{"spay_email":""},"categories":[1],"tags":[],"yoast_head":"<!-- This site is optimized with the Yoast SEO plugin v18.0 - https:\/\/yoast.com\/wordpress\/plugins\/seo\/ -->\n<title>Presentaci\u00f3n de la V Alerta Ciudadana \u201cLa Infancia en la Agenda Pol\u00edtica Electoral\u201d - Red Peruana de Gestores de la Educaci\u00f3n<\/title>\n<meta name=\"robots\" content=\"index, follow, max-snippet:-1, max-image-preview:large, max-video-preview:-1\" \/>\n<link rel=\"canonical\" href=\"https:\/\/www.edugestores.pe\/?p=10419\" \/>\n<meta property=\"og:locale\" content=\"es_ES\" \/>\n<meta property=\"og:type\" content=\"article\" \/>\n<meta property=\"og:title\" content=\"Presentaci\u00f3n de la V Alerta Ciudadana \u201cLa Infancia en la Agenda Pol\u00edtica Electoral\u201d - Red Peruana de Gestores de la Educaci\u00f3n\" \/>\n<meta property=\"og:description\" content=\"La presentaci\u00f3n de la V Alerta Ciudadana que promueve nuestra iniciativa ciudadana, llama la atenci\u00f3n de los candidatos a la [&hellip;]\" \/>\n<meta property=\"og:url\" content=\"https:\/\/www.edugestores.pe\/?p=10419\" \/>\n<meta property=\"og:site_name\" content=\"Red Peruana de Gestores de la Educaci\u00f3n\" \/>\n<meta property=\"article:published_time\" content=\"2016-03-04T15:43:15+00:00\" \/>\n<meta property=\"og:image\" content=\"https:\/\/www.edugestores.pe\/wp-content\/uploads\/2016\/03\/9182b5c5-59a1-4a8d-bfc9-b84ba9c012bf.png\" \/>\n\t<meta property=\"og:image:width\" content=\"424\" \/>\n\t<meta property=\"og:image:height\" content=\"203\" \/>\n\t<meta property=\"og:image:type\" content=\"image\/png\" \/>\n<meta name=\"twitter:card\" content=\"summary_large_image\" \/>\n<meta name=\"twitter:label1\" content=\"Escrito por\" \/>\n\t<meta name=\"twitter:data1\" content=\"Administrador\" \/>\n\t<meta name=\"twitter:label2\" content=\"Tiempo de lectura\" \/>\n\t<meta name=\"twitter:data2\" content=\"1 minuto\" \/>\n<script type=\"application\/ld+json\" class=\"yoast-schema-graph\">{\"@context\":\"https:\/\/schema.org\",\"@graph\":[{\"@type\":\"WebSite\",\"@id\":\"https:\/\/www.edugestores.pe\/#website\",\"url\":\"https:\/\/www.edugestores.pe\/\",\"name\":\"Red Peruana de Gestores de la Educaci\u00f3n\",\"description\":\"Red Peruana de Gestores de la Educaci\u00f3n\",\"potentialAction\":[{\"@type\":\"SearchAction\",\"target\":{\"@type\":\"EntryPoint\",\"urlTemplate\":\"https:\/\/www.edugestores.pe\/?s={search_term_string}\"},\"query-input\":\"required name=search_term_string\"}],\"inLanguage\":\"es\"},{\"@type\":\"ImageObject\",\"@id\":\"https:\/\/www.edugestores.pe\/?p=10419#primaryimage\",\"inLanguage\":\"es\",\"url\":\"https:\/\/www.edugestores.pe\/wp-content\/uploads\/2016\/03\/9182b5c5-59a1-4a8d-bfc9-b84ba9c012bf.png\",\"contentUrl\":\"https:\/\/www.edugestores.pe\/wp-content\/uploads\/2016\/03\/9182b5c5-59a1-4a8d-bfc9-b84ba9c012bf.png\",\"width\":424,\"height\":203},{\"@type\":\"WebPage\",\"@id\":\"https:\/\/www.edugestores.pe\/?p=10419#webpage\",\"url\":\"https:\/\/www.edugestores.pe\/?p=10419\",\"name\":\"Presentaci\u00f3n de la V Alerta Ciudadana \u201cLa Infancia en la Agenda Pol\u00edtica Electoral\u201d - Red Peruana de Gestores de la Educaci\u00f3n\",\"isPartOf\":{\"@id\":\"https:\/\/www.edugestores.pe\/#website\"},\"primaryImageOfPage\":{\"@id\":\"https:\/\/www.edugestores.pe\/?p=10419#primaryimage\"},\"datePublished\":\"2016-03-04T15:43:15+00:00\",\"dateModified\":\"2016-03-04T15:43:15+00:00\",\"author\":{\"@id\":\"https:\/\/www.edugestores.pe\/#\/schema\/person\/30dc82f35f5853289037a64b35c7c7d3\"},\"breadcrumb\":{\"@id\":\"https:\/\/www.edugestores.pe\/?p=10419#breadcrumb\"},\"inLanguage\":\"es\",\"potentialAction\":[{\"@type\":\"ReadAction\",\"target\":[\"https:\/\/www.edugestores.pe\/?p=10419\"]}]},{\"@type\":\"BreadcrumbList\",\"@id\":\"https:\/\/www.edugestores.pe\/?p=10419#breadcrumb\",\"itemListElement\":[{\"@type\":\"ListItem\",\"position\":1,\"name\":\"Portada\",\"item\":\"https:\/\/www.edugestores.pe\/\"},{\"@type\":\"ListItem\",\"position\":2,\"name\":\"Presentaci\u00f3n de la V Alerta Ciudadana \u201cLa Infancia en la Agenda Pol\u00edtica Electoral\u201d\"}]},{\"@type\":\"Person\",\"@id\":\"https:\/\/www.edugestores.pe\/#\/schema\/person\/30dc82f35f5853289037a64b35c7c7d3\",\"name\":\"Administrador\",\"image\":{\"@type\":\"ImageObject\",\"@id\":\"https:\/\/www.edugestores.pe\/#personlogo\",\"inLanguage\":\"es\",\"url\":\"https:\/\/secure.gravatar.com\/avatar\/70960d1239c4d2c778bb3d2786a3c1ae?s=96&d=mm&r=g\",\"contentUrl\":\"https:\/\/secure.gravatar.com\/avatar\/70960d1239c4d2c778bb3d2786a3c1ae?s=96&d=mm&r=g\",\"caption\":\"Administrador\"},\"url\":\"https:\/\/www.edugestores.pe\/?author=63\"}]}<\/script>\n<!-- \/ Yoast SEO plugin. -->","yoast_head_json":{"title":"Presentaci\u00f3n de la V Alerta Ciudadana \u201cLa Infancia en la Agenda Pol\u00edtica Electoral\u201d - Red Peruana de Gestores de la Educaci\u00f3n","robots":{"index":"index","follow":"follow","max-snippet":"max-snippet:-1","max-image-preview":"max-image-preview:large","max-video-preview":"max-video-preview:-1"},"canonical":"https:\/\/www.edugestores.pe\/?p=10419","og_locale":"es_ES","og_type":"article","og_title":"Presentaci\u00f3n de la V Alerta Ciudadana \u201cLa Infancia en la Agenda Pol\u00edtica Electoral\u201d - Red Peruana de Gestores de la Educaci\u00f3n","og_description":"La presentaci\u00f3n de la V Alerta Ciudadana que promueve nuestra iniciativa ciudadana, llama la atenci\u00f3n de los candidatos a la [&hellip;]","og_url":"https:\/\/www.edugestores.pe\/?p=10419","og_site_name":"Red Peruana de Gestores de la Educaci\u00f3n","article_published_time":"2016-03-04T15:43:15+00:00","og_image":[{"width":424,"height":203,"url":"https:\/\/www.edugestores.pe\/wp-content\/uploads\/2016\/03\/9182b5c5-59a1-4a8d-bfc9-b84ba9c012bf.png","type":"image\/png"}],"twitter_card":"summary_large_image","twitter_misc":{"Escrito por":"Administrador","Tiempo de lectura":"1 minuto"},"schema":{"@context":"https:\/\/schema.org","@graph":[{"@type":"WebSite","@id":"https:\/\/www.edugestores.pe\/#website","url":"https:\/\/www.edugestores.pe\/","name":"Red Peruana de Gestores de la Educaci\u00f3n","description":"Red Peruana de Gestores de la Educaci\u00f3n","potentialAction":[{"@type":"SearchAction","target":{"@type":"EntryPoint","urlTemplate":"https:\/\/www.edugestores.pe\/?s={search_term_string}"},"query-input":"required name=search_term_string"}],"inLanguage":"es"},{"@type":"ImageObject","@id":"https:\/\/www.edugestores.pe\/?p=10419#primaryimage","inLanguage":"es","url":"https:\/\/www.edugestores.pe\/wp-content\/uploads\/2016\/03\/9182b5c5-59a1-4a8d-bfc9-b84ba9c012bf.png","contentUrl":"https:\/\/www.edugestores.pe\/wp-content\/uploads\/2016\/03\/9182b5c5-59a1-4a8d-bfc9-b84ba9c012bf.png","width":424,"height":203},{"@type":"WebPage","@id":"https:\/\/www.edugestores.pe\/?p=10419#webpage","url":"https:\/\/www.edugestores.pe\/?p=10419","name":"Presentaci\u00f3n de la V Alerta Ciudadana \u201cLa Infancia en la Agenda Pol\u00edtica Electoral\u201d - Red Peruana de Gestores de la Educaci\u00f3n","isPartOf":{"@id":"https:\/\/www.edugestores.pe\/#website"},"primaryImageOfPage":{"@id":"https:\/\/www.edugestores.pe\/?p=10419#primaryimage"},"datePublished":"2016-03-04T15:43:15+00:00","dateModified":"2016-03-04T15:43:15+00:00","author":{"@id":"https:\/\/www.edugestores.pe\/#\/schema\/person\/30dc82f35f5853289037a64b35c7c7d3"},"breadcrumb":{"@id":"https:\/\/www.edugestores.pe\/?p=10419#breadcrumb"},"inLanguage":"es","potentialAction":[{"@type":"ReadAction","target":["https:\/\/www.edugestores.pe\/?p=10419"]}]},{"@type":"BreadcrumbList","@id":"https:\/\/www.edugestores.pe\/?p=10419#breadcrumb","itemListElement":[{"@type":"ListItem","position":1,"name":"Portada","item":"https:\/\/www.edugestores.pe\/"},{"@type":"ListItem","position":2,"name":"Presentaci\u00f3n de la V Alerta Ciudadana \u201cLa Infancia en la Agenda Pol\u00edtica Electoral\u201d"}]},{"@type":"Person","@id":"https:\/\/www.edugestores.pe\/#\/schema\/person\/30dc82f35f5853289037a64b35c7c7d3","name":"Administrador","image":{"@type":"ImageObject","@id":"https:\/\/www.edugestores.pe\/#personlogo","inLanguage":"es","url":"https:\/\/secure.gravatar.com\/avatar\/70960d1239c4d2c778bb3d2786a3c1ae?s=96&d=mm&r=g","contentUrl":"https:\/\/secure.gravatar.com\/avatar\/70960d1239c4d2c778bb3d2786a3c1ae?s=96&d=mm&r=g","caption":"Administrador"},"url":"https:\/\/www.edugestores.pe\/?author=63"}]}},"jetpack_featured_media_url":"https:\/\/www.edugestores.pe\/wp-content\/uploads\/2016\/03\/9182b5c5-59a1-4a8d-bfc9-b84ba9c012bf.png","_links":{"self":[{"href":"https:\/\/www.edugestores.pe\/index.php?rest_route=\/wp\/v2\/posts\/10419"}],"collection":[{"href":"https:\/\/www.edugestores.pe\/index.php?rest_route=\/wp\/v2\/posts"}],"about":[{"href":"https:\/\/www.edugestores.pe\/index.php?rest_route=\/wp\/v2\/types\/post"}],"author":[{"embeddable":true,"href":"https:\/\/www.edugestores.pe\/index.php?rest_route=\/wp\/v2\/users\/63"}],"replies":[{"embeddable":true,"href":"https:\/\/www.edugestores.pe\/index.php?rest_route=%2Fwp%2Fv2%2Fcomments&post=10419"}],"version-history":[{"count":1,"href":"https:\/\/www.edugestores.pe\/index.php?rest_route=\/wp\/v2\/posts\/10419\/revisions"}],"predecessor-version":[{"id":10421,"href":"https:\/\/www.edugestores.pe\/index.php?rest_route=\/wp\/v2\/posts\/10419\/revisions\/10421"}],"wp:featuredmedia":[{"embeddable":true,"href":"https:\/\/www.edugestores.pe\/index.php?rest_route=\/wp\/v2\/media\/10420"}],"wp:attachment":[{"href":"https:\/\/www.edugestores.pe\/index.php?rest_route=%2Fwp%2Fv2%2Fmedia&parent=10419"}],"wp:term":[{"taxonomy":"category","embeddable":true,"href":"https:\/\/www.edugestores.pe\/index.php?rest_route=%2Fwp%2Fv2%2Fcategories&post=10419"},{"taxonomy":"post_tag","embeddable":true,"href":"https:\/\/www.edugestores.pe\/index.php?rest_route=%2Fwp%2Fv2%2Ftags&post=10419"}],"curies":[{"name":"wp","href":"https:\/\/api.w.org\/{rel}","templated":true}]}}