{"id":10485,"date":"2016-03-10T17:10:27","date_gmt":"2016-03-10T22:10:27","guid":{"rendered":"https:\/\/www.edugestores.pe\/?p=10485"},"modified":"2016-09-23T10:24:36","modified_gmt":"2016-09-23T15:24:36","slug":"edugestores-reporta-los-destacados-de-edugestores","status":"publish","type":"post","link":"https:\/\/www.edugestores.pe\/?p=10485","title":{"rendered":"Edugestores reporta: Los destacados de Edugestores"},"content":{"rendered":"<p><strong>\u00a1Novedad destacada de la semana! &#8211;\u00a0<a href=\"https:\/\/www.edugestores.pe\/?p=10406\">Conoce los tipos de membres\u00eda de Edugestores<\/a><\/strong><\/p>\n<hr \/>\n<p><strong><em>Edugestores<\/em>\u00a0<\/strong>es una comunidad cuya vitalidad depende de la interacci\u00f3n y cooperaci\u00f3n entre sus miembros. En el siguiente <a href=\"https:\/\/www.edugestores.pe\/?p=10406\">art\u00edculo<\/a>\u00a0presentamos la propuesta de identificarnos en tres modos o clases\u00a0de participaci\u00f3n en la Red y las caracter\u00edsticas de cada uno de ellos: Edugestor registrado; Edugestor activo y Edugestor productor de conocimiento.<\/p>\n<hr \/>\n<p><strong>Grupo\u00a0destacado de la semana &#8211; Buenas Pr\u00e1cticas de Gestipon en UGEL Rurales<\/strong><\/p>\n<p>Felicitamos al <em>Grupo de Buenas Pr\u00e1cticas de Gesti\u00f3n en UGEL Rurales<\/em> con 55 miembros a la fecha, por compartir durante la semana indicios de mejora de procesos de gesti\u00f3n en las UGEL de Acomayo, Pangoa, Cajatambo, Huaylas, Recuay, Castilla y S\u00e1nchez Cerro, \u00a0todas ellas UGEL que brindan servicios educativos a poblaciones\u00a0rurales.<strong><br \/>\n<\/strong><\/p>\n<hr \/>\n<p><strong>Miembros destacados de la semana\u00a0<\/strong><\/p>\n<p>\u00a1Ya somos <strong>634\u00a0<\/strong><strong>miembros<\/strong> en la comunidad de Edugestores! \u00a1<strong>38<\/strong>\u00a0m\u00e1s que la semana pasada!\u00a0El pr\u00f3ximo destacado de la semana puedes ser t\u00fa, sube tu fotograf\u00eda a tu perfil para que todos podamos conocerte.<\/p>\n<hr \/>\n<p><strong>\u00a1Felicitamos a nuestros Edugestores\u00a0de la semana!<\/strong><\/p>\n<hr \/>\n<p><strong><a href=\"https:\/\/www.edugestores.pe\/wp-content\/uploads\/2016\/03\/rocio-torres.png\"><img decoding=\"async\" loading=\"lazy\" class=\"alignleft wp-image-10486\" src=\"https:\/\/www.edugestores.pe\/wp-content\/uploads\/2016\/03\/rocio-torres.png\" alt=\"rocio torres\" width=\"102\" height=\"98\" \/><\/a><a href=\"https:\/\/www.edugestores.pe\/members\/nkja2829\/\">Roc\u00edo Torres Castillo<\/a>,\u00a0<\/strong>de Pasco, por aportar\u00a0a la identificaci\u00f3n de buenas\u00a0pr\u00e1cticas de gesti\u00f3n en\u00a0la UGEL Pangoa de la Regi\u00f3n Jun\u00edn.<\/p>\n<p>&nbsp;<\/p>\n<hr \/>\n<p><strong><a href=\"https:\/\/www.edugestores.pe\/wp-content\/uploads\/2016\/03\/Angel-Mar\u00eda-Edugestores.png\"><img decoding=\"async\" loading=\"lazy\" class=\"alignleft wp-image-10488\" src=\"https:\/\/www.edugestores.pe\/wp-content\/uploads\/2016\/03\/Angel-Mar\u00eda-Edugestores.png\" alt=\"Angel Mar\u00eda   Edugestores\" width=\"119\" height=\"116\" \/><\/a><a href=\"https:\/\/www.edugestores.pe\/members\/angelmaria\/\">Angel Mar\u00eda Manrique<\/a><\/strong>,\u00a0director del Instituto de Gobierno y Desarrollo Humano con sede en Arequipa, por haber \u200belaborado y \u200bcompartido \u200bcon Edugestores el reporte mensual del Observatorio de Pol\u00edticas Educativas correspondiente al mes de febrero de 2015.<\/p>\n<p>&nbsp;<\/p>\n<hr \/>\n<p><a href=\"https:\/\/www.edugestores.pe\/wp-content\/uploads\/2016\/03\/Silvia-Torres-Edugestores.png\"><img decoding=\"async\" loading=\"lazy\" class=\"alignleft wp-image-10489\" src=\"https:\/\/www.edugestores.pe\/wp-content\/uploads\/2016\/03\/Silvia-Torres-Edugestores.png\" alt=\"Silvia  Torres Edugestores\" width=\"128\" height=\"127\" srcset=\"https:\/\/www.edugestores.pe\/wp-content\/uploads\/2016\/03\/Silvia-Torres-Edugestores-150x150.png 150w, https:\/\/www.edugestores.pe\/wp-content\/uploads\/2016\/03\/Silvia-Torres-Edugestores-100x100.png 100w\" sizes=\"(max-width: 128px) 100vw, 128px\" \/><\/a><strong><a href=\"https:\/\/www.edugestores.pe\/members\/storres\/\">Silvia Torres Huaman\u00ed<\/a>,<\/strong> de Lima, por \u200bhaber aportado a la elaboraci\u00f3n y revisi\u00f3n del documento que sintentiza las reflexiones del Grupo \u200bde \u200bInter\u00e9s Gesti\u00f3n Estrat\u00e9gica de la EIB\u200b sobre la P\u200bol\u00edtica Nacional de Educaci\u00f3n Intercultural para Todos y Educaci\u00f3n Intercultural Biling\u00fce.<\/p>\n<p>&nbsp;<\/p>\n<hr \/>\n<p><strong><a href=\"https:\/\/www.edugestores.pe\/wp-content\/uploads\/2016\/03\/Edgar-Edugestores.png\"><img decoding=\"async\" loading=\"lazy\" class=\"alignleft wp-image-10490\" src=\"https:\/\/www.edugestores.pe\/wp-content\/uploads\/2016\/03\/Edgar-Edugestores.png\" alt=\"Edgar   Edugestores\" width=\"124\" height=\"122\" \/><\/a>\u00a0<a href=\"https:\/\/www.edugestores.pe\/members\/edgarvf3hotmail-com\/\">Edgar Vilca Figueredo<\/a><\/strong>, especialista del Ministerio de Educaci\u00f3n por \u200b alentar y comentar y enriquecer los aportes de los miembros del Grupo de Buenas Pr\u00e1cticas \u200bde Gesti\u00f3n en\u00a0UGEL\u00a0Rurales.<\/p>\n<p>&nbsp;<\/p>\n<p>&nbsp;<\/p>\n<hr \/>\n<p><strong><a href=\"https:\/\/www.edugestores.pe\/wp-content\/uploads\/2016\/03\/Elisa-D\u00edaz-Edugestores.png\"><img decoding=\"async\" loading=\"lazy\" class=\"alignleft wp-image-10491\" src=\"https:\/\/www.edugestores.pe\/wp-content\/uploads\/2016\/03\/Elisa-D\u00edaz-Edugestores.png\" alt=\"Elisa  D\u00edaz  Edugestores\" width=\"125\" height=\"121\" \/><\/a>\u00a0<a href=\"https:\/\/www.edugestores.pe\/members\/elisa\/\">Elisa D\u00edaz Ubillus<\/a><\/strong>, de Lima por sus \u200bsugerencias metodol\u00f3gicas para animar y sostener Red\u200bes\u200b de \u200bD\u200birectores \u200brealizadas en el foro Red de Directores.\u200b<\/p>\n<p>&nbsp;<\/p>\n<p>&nbsp;<\/p>\n<hr \/>\n<p><a href=\"https:\/\/www.edugestores.pe\/wp-content\/uploads\/2016\/03\/miembro-Edugestores.png\"><img decoding=\"async\" loading=\"lazy\" class=\"alignleft wp-image-10500\" src=\"https:\/\/www.edugestores.pe\/wp-content\/uploads\/2016\/03\/miembro-Edugestores.png\" alt=\"miembro Edugestores\" width=\"130\" height=\"132\" \/><\/a><a href=\"https:\/\/www.edugestores.pe\/members\/wilmer\/\">Wilmer\u00a0Ortega Ch\u00e1vez<\/a>, formador de la DRE de Hu\u00e1nuco, por sus a la construcci\u00f3n de la Agenda de Debate 2016 de Edugestores.<\/p>\n<p>&nbsp;<\/p>\n<p>&nbsp;<\/p>\n<hr \/>\n<p><strong>Noticias de la semana<\/strong><\/p>\n<hr \/>\n<ul>\n<li><a class=\"row-title\" title=\"Editar \u201c\u00a1Compara Ya! Propuestas sobre la descentralizaci\u00f3n en los planes de gobierno \u2013 Parte 1\u201d\" href=\"https:\/\/www.edugestores.pe\/compara-ya-propuestas-sobre-la-descentralizacion-en-los-planes-de-gobierno\/\">\u00a1Compara Ya! Propuestas sobre la descentralizaci\u00f3n en los planes de gobierno \u2013 Parte 1<\/a><\/li>\n<li><a class=\"row-title\" title=\"Editar \u201c\u00a1Compara Ya! Propuestas sobre la descentralizaci\u00f3n en los planes de gobierno \u2013 Parte 2\u201d\" href=\"https:\/\/www.edugestores.pe\/compara-ya-propuestas-sobre-la-descentralizacion-en-los-planes-de-gobierno-parte-2\/\">\u00a1Compara Ya! Propuestas sobre la descentralizaci\u00f3n en los planes de gobierno \u2013 Parte 2<\/a><\/li>\n<li><a class=\"row-title\" title=\"Editar \u201cENDO 2014: El 45.3% de los profesores encuestados se form\u00f3 en un ISP P\u00fablico\u201d\" href=\"https:\/\/www.edugestores.pe\/endo-2014-el-45-3-de-los-profesores-encuestados-se-formo-en-un-isp-publico\/\">ENDO 2014: El 45.3% de los profesores encuestados se form\u00f3 en un ISP P\u00fablico<\/a><\/li>\n<li><a class=\"row-title\" title=\"Editar \u201cTr\u00e1mite de informes de escalaf\u00f3n se podr\u00e1n realizar en 4 d\u00edas h\u00e1biles, inform\u00f3 el MINEDU\u201d\" href=\"https:\/\/www.edugestores.pe\/tramite-de-informes-de-escalafon-se-podran-realizar-en-4-dias-habiles-informo-el-minedu\/\">Tr\u00e1mite de informes de escalaf\u00f3n se podr\u00e1n realizar en 4 d\u00edas h\u00e1biles, inform\u00f3 el MINEDU<\/a><\/li>\n<li><a class=\"row-title\" title=\"Editar \u201cEl 72% de las mujeres que trabaja en el Estado cuenta con estudios superiores completos\u201d\" href=\"https:\/\/www.edugestores.pe\/el-72-de-las-mujeres-que-trabaja-en-el-estado-cuenta-con-estudios-superiores-completos\/\">El 72% de las mujeres que trabaja en el Estado cuenta con estudios superiores completos<\/a><\/li>\n<\/ul>\n<hr \/>\n<p><strong>Lo m\u00e1s valorado de la semana&#8230;<\/strong><\/p>\n<p><strong>Noticias<\/strong><\/p>\n<ol>\n<li><a href=\"https:\/\/www.edugestores.pe\/seminario-taller-la-educacion-intercultural-en-el-peru-sueno-o-realidad\/\">Seminario Taller: La Educaci\u00f3n Intercultural en el Per\u00fa \u00bfsue\u00f1o o realidad? <\/a>&#8211; <strong>404\u00a0vistas<\/strong><\/li>\n<li><a href=\"https:\/\/www.edugestores.pe\/reporte-mensual-del-observatorio-de-politicas-educativas-febrero-2016\/\">Reporte mensual del Observatorio de Pol\u00edticas Educativas \u2013 Febrero 2016<\/a> &#8211; <strong>208\u00a0vistas<\/strong><\/li>\n<li><a href=\"https:\/\/www.edugestores.pe\/descentralizar-la-condecoracion-de-palmas-magisteriales\/\">Descentralizar la condecoraci\u00f3n de Palmas Magisteriales<\/a> &#8211; <strong>159 vistas<\/strong><\/li>\n<\/ol>\n<p><strong>Foros<\/strong><\/p>\n<ol>\n<li><a class=\"bbp-topic-permalink\" href=\"https:\/\/www.edugestores.pe\/forums\/topic\/jornada-escolar-completa\/\">Jorrnada Escolar Completa<\/a><\/li>\n<li><a class=\"bbp-topic-permalink\" href=\"https:\/\/www.edugestores.pe\/forums\/topic\/red-de-directores-una-utopia\/\">\u00bfRed de directores\u00a0una utop\u00eda?<\/a><\/li>\n<li>\u00bf<a class=\"bbp-topic-permalink\" href=\"https:\/\/www.edugestores.pe\/forums\/topic\/que-regiones-estan-actualizando-sus-proyectos-educativos-regionales\/\">Qu\u00e9 regiones est\u00e1n actualizando sus Proyectos Educativos Regionales?<\/a><\/li>\n<\/ol>\n","protected":false},"excerpt":{"rendered":"<p>\u00a1Novedad destacada de la semana! &#8211;\u00a0Conoce los tipos de membres\u00eda de Edugestores Edugestores\u00a0es una comunidad cuya vitalidad depende de la [&hellip;]<\/p>\n","protected":false},"author":63,"featured_media":0,"comment_status":"open","ping_status":"open","sticky":false,"template":"","format":"standard","meta":{"spay_email":""},"categories":[125],"tags":[],"yoast_head":"<!-- This site is optimized with the Yoast SEO plugin v18.0 - https:\/\/yoast.com\/wordpress\/plugins\/seo\/ -->\n<title>Edugestores reporta: Los destacados de Edugestores - Red Peruana de Gestores de la Educaci\u00f3n<\/title>\n<meta name=\"robots\" content=\"index, follow, max-snippet:-1, max-image-preview:large, max-video-preview:-1\" \/>\n<link rel=\"canonical\" href=\"https:\/\/www.edugestores.pe\/?p=10485\" \/>\n<meta property=\"og:locale\" content=\"es_ES\" \/>\n<meta property=\"og:type\" content=\"article\" \/>\n<meta property=\"og:title\" content=\"Edugestores reporta: Los destacados de Edugestores - Red Peruana de Gestores de la Educaci\u00f3n\" \/>\n<meta property=\"og:description\" content=\"\u00a1Novedad destacada de la semana! &#8211;\u00a0Conoce los tipos de membres\u00eda de Edugestores Edugestores\u00a0es una comunidad cuya vitalidad depende de la [&hellip;]\" \/>\n<meta property=\"og:url\" content=\"https:\/\/www.edugestores.pe\/?p=10485\" \/>\n<meta property=\"og:site_name\" content=\"Red Peruana de Gestores de la Educaci\u00f3n\" \/>\n<meta property=\"article:published_time\" content=\"2016-03-10T22:10:27+00:00\" \/>\n<meta property=\"article:modified_time\" content=\"2016-09-23T15:24:36+00:00\" \/>\n<meta property=\"og:image\" content=\"https:\/\/www.edugestores.pe\/wp-content\/uploads\/2016\/03\/rocio-torres.png\" \/>\n<meta name=\"twitter:card\" content=\"summary_large_image\" \/>\n<meta name=\"twitter:label1\" content=\"Escrito por\" \/>\n\t<meta name=\"twitter:data1\" content=\"Administrador\" \/>\n\t<meta name=\"twitter:label2\" content=\"Tiempo de lectura\" \/>\n\t<meta name=\"twitter:data2\" content=\"3 minutos\" \/>\n<script type=\"application\/ld+json\" class=\"yoast-schema-graph\">{\"@context\":\"https:\/\/schema.org\",\"@graph\":[{\"@type\":\"WebSite\",\"@id\":\"https:\/\/www.edugestores.pe\/#website\",\"url\":\"https:\/\/www.edugestores.pe\/\",\"name\":\"Red Peruana de Gestores de la Educaci\u00f3n\",\"description\":\"Red Peruana de Gestores de la Educaci\u00f3n\",\"potentialAction\":[{\"@type\":\"SearchAction\",\"target\":{\"@type\":\"EntryPoint\",\"urlTemplate\":\"https:\/\/www.edugestores.pe\/?s={search_term_string}\"},\"query-input\":\"required name=search_term_string\"}],\"inLanguage\":\"es\"},{\"@type\":\"ImageObject\",\"@id\":\"https:\/\/www.edugestores.pe\/?p=10485#primaryimage\",\"inLanguage\":\"es\",\"url\":\"https:\/\/www.edugestores.pe\/wp-content\/uploads\/2016\/03\/rocio-torres.png\",\"contentUrl\":\"https:\/\/www.edugestores.pe\/wp-content\/uploads\/2016\/03\/rocio-torres.png\",\"width\":163,\"height\":163},{\"@type\":\"WebPage\",\"@id\":\"https:\/\/www.edugestores.pe\/?p=10485#webpage\",\"url\":\"https:\/\/www.edugestores.pe\/?p=10485\",\"name\":\"Edugestores reporta: Los destacados de Edugestores - Red Peruana de Gestores de la Educaci\u00f3n\",\"isPartOf\":{\"@id\":\"https:\/\/www.edugestores.pe\/#website\"},\"primaryImageOfPage\":{\"@id\":\"https:\/\/www.edugestores.pe\/?p=10485#primaryimage\"},\"datePublished\":\"2016-03-10T22:10:27+00:00\",\"dateModified\":\"2016-09-23T15:24:36+00:00\",\"author\":{\"@id\":\"https:\/\/www.edugestores.pe\/#\/schema\/person\/30dc82f35f5853289037a64b35c7c7d3\"},\"breadcrumb\":{\"@id\":\"https:\/\/www.edugestores.pe\/?p=10485#breadcrumb\"},\"inLanguage\":\"es\",\"potentialAction\":[{\"@type\":\"ReadAction\",\"target\":[\"https:\/\/www.edugestores.pe\/?p=10485\"]}]},{\"@type\":\"BreadcrumbList\",\"@id\":\"https:\/\/www.edugestores.pe\/?p=10485#breadcrumb\",\"itemListElement\":[{\"@type\":\"ListItem\",\"position\":1,\"name\":\"Portada\",\"item\":\"https:\/\/www.edugestores.pe\/\"},{\"@type\":\"ListItem\",\"position\":2,\"name\":\"Edugestores reporta: Los destacados de Edugestores\"}]},{\"@type\":\"Person\",\"@id\":\"https:\/\/www.edugestores.pe\/#\/schema\/person\/30dc82f35f5853289037a64b35c7c7d3\",\"name\":\"Administrador\",\"image\":{\"@type\":\"ImageObject\",\"@id\":\"https:\/\/www.edugestores.pe\/#personlogo\",\"inLanguage\":\"es\",\"url\":\"https:\/\/secure.gravatar.com\/avatar\/70960d1239c4d2c778bb3d2786a3c1ae?s=96&d=mm&r=g\",\"contentUrl\":\"https:\/\/secure.gravatar.com\/avatar\/70960d1239c4d2c778bb3d2786a3c1ae?s=96&d=mm&r=g\",\"caption\":\"Administrador\"},\"url\":\"https:\/\/www.edugestores.pe\/?author=63\"}]}<\/script>\n<!-- \/ Yoast SEO plugin. -->","yoast_head_json":{"title":"Edugestores reporta: Los destacados de Edugestores - Red Peruana de Gestores de la Educaci\u00f3n","robots":{"index":"index","follow":"follow","max-snippet":"max-snippet:-1","max-image-preview":"max-image-preview:large","max-video-preview":"max-video-preview:-1"},"canonical":"https:\/\/www.edugestores.pe\/?p=10485","og_locale":"es_ES","og_type":"article","og_title":"Edugestores reporta: Los destacados de Edugestores - Red Peruana de Gestores de la Educaci\u00f3n","og_description":"\u00a1Novedad destacada de la semana! &#8211;\u00a0Conoce los tipos de membres\u00eda de Edugestores Edugestores\u00a0es una comunidad cuya vitalidad depende de la [&hellip;]","og_url":"https:\/\/www.edugestores.pe\/?p=10485","og_site_name":"Red Peruana de Gestores de la Educaci\u00f3n","article_published_time":"2016-03-10T22:10:27+00:00","article_modified_time":"2016-09-23T15:24:36+00:00","og_image":[{"url":"https:\/\/www.edugestores.pe\/wp-content\/uploads\/2016\/03\/rocio-torres.png"}],"twitter_card":"summary_large_image","twitter_misc":{"Escrito por":"Administrador","Tiempo de lectura":"3 minutos"},"schema":{"@context":"https:\/\/schema.org","@graph":[{"@type":"WebSite","@id":"https:\/\/www.edugestores.pe\/#website","url":"https:\/\/www.edugestores.pe\/","name":"Red Peruana de Gestores de la Educaci\u00f3n","description":"Red Peruana de Gestores de la Educaci\u00f3n","potentialAction":[{"@type":"SearchAction","target":{"@type":"EntryPoint","urlTemplate":"https:\/\/www.edugestores.pe\/?s={search_term_string}"},"query-input":"required name=search_term_string"}],"inLanguage":"es"},{"@type":"ImageObject","@id":"https:\/\/www.edugestores.pe\/?p=10485#primaryimage","inLanguage":"es","url":"https:\/\/www.edugestores.pe\/wp-content\/uploads\/2016\/03\/rocio-torres.png","contentUrl":"https:\/\/www.edugestores.pe\/wp-content\/uploads\/2016\/03\/rocio-torres.png","width":163,"height":163},{"@type":"WebPage","@id":"https:\/\/www.edugestores.pe\/?p=10485#webpage","url":"https:\/\/www.edugestores.pe\/?p=10485","name":"Edugestores reporta: Los destacados de Edugestores - Red Peruana de Gestores de la Educaci\u00f3n","isPartOf":{"@id":"https:\/\/www.edugestores.pe\/#website"},"primaryImageOfPage":{"@id":"https:\/\/www.edugestores.pe\/?p=10485#primaryimage"},"datePublished":"2016-03-10T22:10:27+00:00","dateModified":"2016-09-23T15:24:36+00:00","author":{"@id":"https:\/\/www.edugestores.pe\/#\/schema\/person\/30dc82f35f5853289037a64b35c7c7d3"},"breadcrumb":{"@id":"https:\/\/www.edugestores.pe\/?p=10485#breadcrumb"},"inLanguage":"es","potentialAction":[{"@type":"ReadAction","target":["https:\/\/www.edugestores.pe\/?p=10485"]}]},{"@type":"BreadcrumbList","@id":"https:\/\/www.edugestores.pe\/?p=10485#breadcrumb","itemListElement":[{"@type":"ListItem","position":1,"name":"Portada","item":"https:\/\/www.edugestores.pe\/"},{"@type":"ListItem","position":2,"name":"Edugestores reporta: Los destacados de Edugestores"}]},{"@type":"Person","@id":"https:\/\/www.edugestores.pe\/#\/schema\/person\/30dc82f35f5853289037a64b35c7c7d3","name":"Administrador","image":{"@type":"ImageObject","@id":"https:\/\/www.edugestores.pe\/#personlogo","inLanguage":"es","url":"https:\/\/secure.gravatar.com\/avatar\/70960d1239c4d2c778bb3d2786a3c1ae?s=96&d=mm&r=g","contentUrl":"https:\/\/secure.gravatar.com\/avatar\/70960d1239c4d2c778bb3d2786a3c1ae?s=96&d=mm&r=g","caption":"Administrador"},"url":"https:\/\/www.edugestores.pe\/?author=63"}]}},"jetpack_featured_media_url":"","_links":{"self":[{"href":"https:\/\/www.edugestores.pe\/index.php?rest_route=\/wp\/v2\/posts\/10485"}],"collection":[{"href":"https:\/\/www.edugestores.pe\/index.php?rest_route=\/wp\/v2\/posts"}],"about":[{"href":"https:\/\/www.edugestores.pe\/index.php?rest_route=\/wp\/v2\/types\/post"}],"author":[{"embeddable":true,"href":"https:\/\/www.edugestores.pe\/index.php?rest_route=\/wp\/v2\/users\/63"}],"replies":[{"embeddable":true,"href":"https:\/\/www.edugestores.pe\/index.php?rest_route=%2Fwp%2Fv2%2Fcomments&post=10485"}],"version-history":[{"count":10,"href":"https:\/\/www.edugestores.pe\/index.php?rest_route=\/wp\/v2\/posts\/10485\/revisions"}],"predecessor-version":[{"id":10502,"href":"https:\/\/www.edugestores.pe\/index.php?rest_route=\/wp\/v2\/posts\/10485\/revisions\/10502"}],"wp:attachment":[{"href":"https:\/\/www.edugestores.pe\/index.php?rest_route=%2Fwp%2Fv2%2Fmedia&parent=10485"}],"wp:term":[{"taxonomy":"category","embeddable":true,"href":"https:\/\/www.edugestores.pe\/index.php?rest_route=%2Fwp%2Fv2%2Fcategories&post=10485"},{"taxonomy":"post_tag","embeddable":true,"href":"https:\/\/www.edugestores.pe\/index.php?rest_route=%2Fwp%2Fv2%2Ftags&post=10485"}],"curies":[{"name":"wp","href":"https:\/\/api.w.org\/{rel}","templated":true}]}}