{"id":10549,"date":"2016-03-15T08:25:15","date_gmt":"2016-03-15T13:25:15","guid":{"rendered":"https:\/\/www.edugestores.pe\/?p=10549"},"modified":"2016-03-15T08:27:23","modified_gmt":"2016-03-15T13:27:23","slug":"garcia-asegura-que-derogaria-la-ley-de-reforma-magisterial","status":"publish","type":"post","link":"https:\/\/www.edugestores.pe\/?p=10549","title":{"rendered":"Garc\u00eda asegura que derogar\u00eda la Ley de Reforma Magisterial"},"content":{"rendered":"<div><\/div>\n<div>Alan Garc\u00eda, de Alianza Popular, prometi\u00f3 en Carmen de la Legua que derogar\u00e1 la Ley Magisterial, si llega al poder. Aleg\u00f3 que esta norma se implement\u00f3 mal porque lleg\u00f3 a bajar el sueldo de algunos maestros al recategorizarlos.<\/div>\n<div><\/div>\n<div>&#8220;Ha sido mal aplicada y lo que ha hecho es recategorizar decenas de miles de maestros baj\u00e1ndoles de su nivel y baj\u00e1ndole en algunos casos su salario. Y ninguna ley puede tener efectos negativos en contra del trabajador&#8221;, dijo.<\/div>\n<div><\/div>\n<div>Garc\u00eda tambi\u00e9n critic\u00f3 a la Ley Servir por representa una &#8220;amenaza sobre los trabajadores&#8221; y los altos intereses al cr\u00e9dito que cobran los bancos.<\/div>\n<div><\/div>\n<div>Sobre la negativa de Julio Guzm\u00e1n a reconocer el proceso electoral, dijo que le parece un berrinche.<\/div>\n<div><\/div>\n<div>&#8220;Nadie tiene la culpa de su falta de organizaci\u00f3n, de capacitaci\u00f3n legal para cumplir. Todos los partidos cumplimos las leyes. De lo contrario, que no se hagan leyes. El se\u00f1or Guzm\u00e1n ya participar\u00e1 en otros procesos, pero cumpliendo las leyes&#8221;, declar\u00f3 Garc\u00eda.<\/div>\n<div><\/div>\n<div>Sobre las declaraciones de Pedro Pablo Kuczynski acerca de la Carretera Interoce\u00e1nica, Garc\u00eda se\u00f1al\u00f3 que fue durante la gesti\u00f3n del candidato de PPK como ministro de Econom\u00eda que se excluy\u00f3 del SNIP a la obra, y que se fue de viaje para no firmar el contrato.<\/div>\n<div><\/div>\n<div>Fuente: <a href=\"http:\/\/larepublica.pe\/impresa\/politica\/748608-garcia-asegura-que-derogaria-la-ley-de-reforma-magisterial\">La Rep\u00fablica<\/a><\/div>\n","protected":false},"excerpt":{"rendered":"<p>Alan Garc\u00eda, de Alianza Popular, prometi\u00f3 en Carmen de la Legua que derogar\u00e1 la Ley Magisterial, si llega al poder. [&hellip;]<\/p>\n","protected":false},"author":63,"featured_media":10550,"comment_status":"open","ping_status":"open","sticky":false,"template":"","format":"standard","meta":{"spay_email":""},"categories":[125],"tags":[],"yoast_head":"<!-- This site is optimized with the Yoast SEO plugin v18.0 - https:\/\/yoast.com\/wordpress\/plugins\/seo\/ -->\n<title>Garc\u00eda asegura que derogar\u00eda la Ley de Reforma Magisterial - Red Peruana de Gestores de la Educaci\u00f3n<\/title>\n<meta name=\"robots\" content=\"index, follow, max-snippet:-1, max-image-preview:large, max-video-preview:-1\" \/>\n<link rel=\"canonical\" href=\"https:\/\/www.edugestores.pe\/?p=10549\" \/>\n<meta property=\"og:locale\" content=\"es_ES\" \/>\n<meta property=\"og:type\" content=\"article\" \/>\n<meta property=\"og:title\" content=\"Garc\u00eda asegura que derogar\u00eda la Ley de Reforma Magisterial - Red Peruana de Gestores de la Educaci\u00f3n\" \/>\n<meta property=\"og:description\" content=\"Alan Garc\u00eda, de Alianza Popular, prometi\u00f3 en Carmen de la Legua que derogar\u00e1 la Ley Magisterial, si llega al poder. [&hellip;]\" \/>\n<meta property=\"og:url\" content=\"https:\/\/www.edugestores.pe\/?p=10549\" \/>\n<meta property=\"og:site_name\" content=\"Red Peruana de Gestores de la Educaci\u00f3n\" \/>\n<meta property=\"article:published_time\" content=\"2016-03-15T13:25:15+00:00\" \/>\n<meta property=\"article:modified_time\" content=\"2016-03-15T13:27:23+00:00\" \/>\n<meta property=\"og:image\" content=\"https:\/\/www.edugestores.pe\/wp-content\/uploads\/2016\/03\/garcia-magisterial.jpg\" \/>\n\t<meta property=\"og:image:width\" content=\"620\" \/>\n\t<meta property=\"og:image:height\" content=\"369\" \/>\n\t<meta property=\"og:image:type\" content=\"image\/jpeg\" \/>\n<meta name=\"twitter:card\" content=\"summary_large_image\" \/>\n<meta name=\"twitter:label1\" content=\"Escrito por\" \/>\n\t<meta name=\"twitter:data1\" content=\"Administrador\" \/>\n\t<meta name=\"twitter:label2\" content=\"Tiempo de lectura\" \/>\n\t<meta name=\"twitter:data2\" content=\"1 minuto\" \/>\n<script type=\"application\/ld+json\" class=\"yoast-schema-graph\">{\"@context\":\"https:\/\/schema.org\",\"@graph\":[{\"@type\":\"WebSite\",\"@id\":\"https:\/\/www.edugestores.pe\/#website\",\"url\":\"https:\/\/www.edugestores.pe\/\",\"name\":\"Red Peruana de Gestores de la Educaci\u00f3n\",\"description\":\"Red Peruana de Gestores de la Educaci\u00f3n\",\"potentialAction\":[{\"@type\":\"SearchAction\",\"target\":{\"@type\":\"EntryPoint\",\"urlTemplate\":\"https:\/\/www.edugestores.pe\/?s={search_term_string}\"},\"query-input\":\"required name=search_term_string\"}],\"inLanguage\":\"es\"},{\"@type\":\"ImageObject\",\"@id\":\"https:\/\/www.edugestores.pe\/?p=10549#primaryimage\",\"inLanguage\":\"es\",\"url\":\"https:\/\/www.edugestores.pe\/wp-content\/uploads\/2016\/03\/garcia-magisterial.jpg\",\"contentUrl\":\"https:\/\/www.edugestores.pe\/wp-content\/uploads\/2016\/03\/garcia-magisterial.jpg\",\"width\":620,\"height\":369},{\"@type\":\"WebPage\",\"@id\":\"https:\/\/www.edugestores.pe\/?p=10549#webpage\",\"url\":\"https:\/\/www.edugestores.pe\/?p=10549\",\"name\":\"Garc\u00eda asegura que derogar\u00eda la Ley de Reforma Magisterial - Red Peruana de Gestores de la Educaci\u00f3n\",\"isPartOf\":{\"@id\":\"https:\/\/www.edugestores.pe\/#website\"},\"primaryImageOfPage\":{\"@id\":\"https:\/\/www.edugestores.pe\/?p=10549#primaryimage\"},\"datePublished\":\"2016-03-15T13:25:15+00:00\",\"dateModified\":\"2016-03-15T13:27:23+00:00\",\"author\":{\"@id\":\"https:\/\/www.edugestores.pe\/#\/schema\/person\/30dc82f35f5853289037a64b35c7c7d3\"},\"breadcrumb\":{\"@id\":\"https:\/\/www.edugestores.pe\/?p=10549#breadcrumb\"},\"inLanguage\":\"es\",\"potentialAction\":[{\"@type\":\"ReadAction\",\"target\":[\"https:\/\/www.edugestores.pe\/?p=10549\"]}]},{\"@type\":\"BreadcrumbList\",\"@id\":\"https:\/\/www.edugestores.pe\/?p=10549#breadcrumb\",\"itemListElement\":[{\"@type\":\"ListItem\",\"position\":1,\"name\":\"Portada\",\"item\":\"https:\/\/www.edugestores.pe\/\"},{\"@type\":\"ListItem\",\"position\":2,\"name\":\"Garc\u00eda asegura que derogar\u00eda la Ley de Reforma Magisterial\"}]},{\"@type\":\"Person\",\"@id\":\"https:\/\/www.edugestores.pe\/#\/schema\/person\/30dc82f35f5853289037a64b35c7c7d3\",\"name\":\"Administrador\",\"image\":{\"@type\":\"ImageObject\",\"@id\":\"https:\/\/www.edugestores.pe\/#personlogo\",\"inLanguage\":\"es\",\"url\":\"https:\/\/secure.gravatar.com\/avatar\/70960d1239c4d2c778bb3d2786a3c1ae?s=96&d=mm&r=g\",\"contentUrl\":\"https:\/\/secure.gravatar.com\/avatar\/70960d1239c4d2c778bb3d2786a3c1ae?s=96&d=mm&r=g\",\"caption\":\"Administrador\"},\"url\":\"https:\/\/www.edugestores.pe\/?author=63\"}]}<\/script>\n<!-- \/ Yoast SEO plugin. -->","yoast_head_json":{"title":"Garc\u00eda asegura que derogar\u00eda la Ley de Reforma Magisterial - Red Peruana de Gestores de la Educaci\u00f3n","robots":{"index":"index","follow":"follow","max-snippet":"max-snippet:-1","max-image-preview":"max-image-preview:large","max-video-preview":"max-video-preview:-1"},"canonical":"https:\/\/www.edugestores.pe\/?p=10549","og_locale":"es_ES","og_type":"article","og_title":"Garc\u00eda asegura que derogar\u00eda la Ley de Reforma Magisterial - Red Peruana de Gestores de la Educaci\u00f3n","og_description":"Alan Garc\u00eda, de Alianza Popular, prometi\u00f3 en Carmen de la Legua que derogar\u00e1 la Ley Magisterial, si llega al poder. [&hellip;]","og_url":"https:\/\/www.edugestores.pe\/?p=10549","og_site_name":"Red Peruana de Gestores de la Educaci\u00f3n","article_published_time":"2016-03-15T13:25:15+00:00","article_modified_time":"2016-03-15T13:27:23+00:00","og_image":[{"width":620,"height":369,"url":"https:\/\/www.edugestores.pe\/wp-content\/uploads\/2016\/03\/garcia-magisterial.jpg","type":"image\/jpeg"}],"twitter_card":"summary_large_image","twitter_misc":{"Escrito por":"Administrador","Tiempo de lectura":"1 minuto"},"schema":{"@context":"https:\/\/schema.org","@graph":[{"@type":"WebSite","@id":"https:\/\/www.edugestores.pe\/#website","url":"https:\/\/www.edugestores.pe\/","name":"Red Peruana de Gestores de la Educaci\u00f3n","description":"Red Peruana de Gestores de la Educaci\u00f3n","potentialAction":[{"@type":"SearchAction","target":{"@type":"EntryPoint","urlTemplate":"https:\/\/www.edugestores.pe\/?s={search_term_string}"},"query-input":"required name=search_term_string"}],"inLanguage":"es"},{"@type":"ImageObject","@id":"https:\/\/www.edugestores.pe\/?p=10549#primaryimage","inLanguage":"es","url":"https:\/\/www.edugestores.pe\/wp-content\/uploads\/2016\/03\/garcia-magisterial.jpg","contentUrl":"https:\/\/www.edugestores.pe\/wp-content\/uploads\/2016\/03\/garcia-magisterial.jpg","width":620,"height":369},{"@type":"WebPage","@id":"https:\/\/www.edugestores.pe\/?p=10549#webpage","url":"https:\/\/www.edugestores.pe\/?p=10549","name":"Garc\u00eda asegura que derogar\u00eda la Ley de Reforma Magisterial - Red Peruana de Gestores de la Educaci\u00f3n","isPartOf":{"@id":"https:\/\/www.edugestores.pe\/#website"},"primaryImageOfPage":{"@id":"https:\/\/www.edugestores.pe\/?p=10549#primaryimage"},"datePublished":"2016-03-15T13:25:15+00:00","dateModified":"2016-03-15T13:27:23+00:00","author":{"@id":"https:\/\/www.edugestores.pe\/#\/schema\/person\/30dc82f35f5853289037a64b35c7c7d3"},"breadcrumb":{"@id":"https:\/\/www.edugestores.pe\/?p=10549#breadcrumb"},"inLanguage":"es","potentialAction":[{"@type":"ReadAction","target":["https:\/\/www.edugestores.pe\/?p=10549"]}]},{"@type":"BreadcrumbList","@id":"https:\/\/www.edugestores.pe\/?p=10549#breadcrumb","itemListElement":[{"@type":"ListItem","position":1,"name":"Portada","item":"https:\/\/www.edugestores.pe\/"},{"@type":"ListItem","position":2,"name":"Garc\u00eda asegura que derogar\u00eda la Ley de Reforma Magisterial"}]},{"@type":"Person","@id":"https:\/\/www.edugestores.pe\/#\/schema\/person\/30dc82f35f5853289037a64b35c7c7d3","name":"Administrador","image":{"@type":"ImageObject","@id":"https:\/\/www.edugestores.pe\/#personlogo","inLanguage":"es","url":"https:\/\/secure.gravatar.com\/avatar\/70960d1239c4d2c778bb3d2786a3c1ae?s=96&d=mm&r=g","contentUrl":"https:\/\/secure.gravatar.com\/avatar\/70960d1239c4d2c778bb3d2786a3c1ae?s=96&d=mm&r=g","caption":"Administrador"},"url":"https:\/\/www.edugestores.pe\/?author=63"}]}},"jetpack_featured_media_url":"https:\/\/www.edugestores.pe\/wp-content\/uploads\/2016\/03\/garcia-magisterial.jpg","_links":{"self":[{"href":"https:\/\/www.edugestores.pe\/index.php?rest_route=\/wp\/v2\/posts\/10549"}],"collection":[{"href":"https:\/\/www.edugestores.pe\/index.php?rest_route=\/wp\/v2\/posts"}],"about":[{"href":"https:\/\/www.edugestores.pe\/index.php?rest_route=\/wp\/v2\/types\/post"}],"author":[{"embeddable":true,"href":"https:\/\/www.edugestores.pe\/index.php?rest_route=\/wp\/v2\/users\/63"}],"replies":[{"embeddable":true,"href":"https:\/\/www.edugestores.pe\/index.php?rest_route=%2Fwp%2Fv2%2Fcomments&post=10549"}],"version-history":[{"count":2,"href":"https:\/\/www.edugestores.pe\/index.php?rest_route=\/wp\/v2\/posts\/10549\/revisions"}],"predecessor-version":[{"id":10552,"href":"https:\/\/www.edugestores.pe\/index.php?rest_route=\/wp\/v2\/posts\/10549\/revisions\/10552"}],"wp:featuredmedia":[{"embeddable":true,"href":"https:\/\/www.edugestores.pe\/index.php?rest_route=\/wp\/v2\/media\/10550"}],"wp:attachment":[{"href":"https:\/\/www.edugestores.pe\/index.php?rest_route=%2Fwp%2Fv2%2Fmedia&parent=10549"}],"wp:term":[{"taxonomy":"category","embeddable":true,"href":"https:\/\/www.edugestores.pe\/index.php?rest_route=%2Fwp%2Fv2%2Fcategories&post=10549"},{"taxonomy":"post_tag","embeddable":true,"href":"https:\/\/www.edugestores.pe\/index.php?rest_route=%2Fwp%2Fv2%2Ftags&post=10549"}],"curies":[{"name":"wp","href":"https:\/\/api.w.org\/{rel}","templated":true}]}}