{"id":10592,"date":"2016-03-16T17:05:47","date_gmt":"2016-03-16T22:05:47","guid":{"rendered":"https:\/\/www.edugestores.pe\/?p=10592"},"modified":"2016-03-31T18:37:21","modified_gmt":"2016-03-31T23:37:21","slug":"haciendo-politica-educativa-desde-el-mef-por-hugo-nopo","status":"publish","type":"post","link":"https:\/\/www.edugestores.pe\/?p=10592","title":{"rendered":"Haciendo pol\u00edtica educativa desde el MEF, por Hugo \u00d1opo"},"content":{"rendered":"<h2>Basta con sumar dos grandes rubros para darse cuenta del problema financiero: docentes e infraestructura.<\/h2>\n<h3><img decoding=\"async\" loading=\"lazy\" src=\"http:\/\/cde.3.elcomercio.pe\/autor\/0\/1\/0\/6\/6\/1066159\/nota.jpg\" alt=\"Hugo \u00d1opo\" width=\"45\" height=\"45\" \/>\u00a0<a href=\"http:\/\/elcomercio.pe\/autor\/hugo-nopo-618\" target=\"_blank\">Hugo \u00d1opo<\/a>&#8211; Investigador principal de Grade<\/h3>\n<div class=\"nota-texto\">\n<p>Existe amplio consenso frente a algunas generalidades de nuestro sistema educativo: es de baja calidad, es inequitativo y necesita mejoras sustanciales. De hecho, todos los planes de gobierno de los candidatos presidenciales coinciden en ello. Lamentablemente, otra caracter\u00edstica com\u00fan de esos mismos planes es quedarse en la generalidad declarativa.<\/p>\n<p>Al parecer, ninguna propuesta electoral ha hecho un an\u00e1lisis completo de las necesidades y sus implicaciones financieras. Varios planes se adhieren al famoso objetivo de invertir 6% del PBI en educaci\u00f3n, pero no explican c\u00f3mo se utilizar\u00edan los recursos. La verdad es que ese monto parece ser insuficiente para llevar a nuestra educaci\u00f3n al nivel que necesitamos o que nuestros ni\u00f1os y j\u00f3venes merecen.<\/p>\n<p>Basta con sumar dos grandes rubros de gasto para caer en la cuenta de la magnitud del problema financiero: docentes e infraestructura.<\/p>\n<p>Los salarios de nuestros docentes son tan bajos que un profesional talentoso prefiere desempe\u00f1arse en otras ocupaciones. Durante estos a\u00f1os de crecimiento econ\u00f3mico los salarios de casi todos los trabajadores han aumentado, pero los de los docentes se elevaron menos. Datos de la Encuesta Nacional de Hogares (Enaho) revelan que hacia el 2004 los salarios de los docentes ya eran relativamente bajos: 70% de los profesionales y t\u00e9cnicos en el pa\u00eds ganaba salarios mayores que el promedio de los docentes.<\/p>\n<p>Una d\u00e9cada m\u00e1s tarde la situaci\u00f3n empeor\u00f3: 80% de los profesionales y t\u00e9cnicos percibi\u00f3 salarios superiores al promedio del salario docente. Los salarios se han recuperado del 2014 al presente, pero el camino por delante todav\u00eda es muy largo. Necesitamos mejores salarios para atraer a los mejores profesionales. Recuperar los salarios de los docentes requiere invertir entre 3% y 6% del PBI, cada a\u00f1o, en el mediano plazo.<\/p>\n<p>Hoy menos de la mitad de las escuelas del pa\u00eds cuentan con servicios b\u00e1sicos completos (electricidad, agua, desag\u00fce y ba\u00f1os suficientes para el alumnado). M\u00e1s dram\u00e1tico aun, solo uno de cada tres colegios se encuentra preparado para enfrentar alg\u00fan fen\u00f3meno natural (sismo, inundaci\u00f3n o huaico). Recuperar y poner operativa la infraestructura educativa necesita un shock de inversi\u00f3n equivalente al 11% del PBI.<\/p>\n<p>\u00bfSabe usted cu\u00e1nto invertimos en educaci\u00f3n? La cantidad de recursos que destinamos ha aumentado notablemente durante este gobierno, pero a\u00fan invertimos muy poco: entre 3% y 4% del PBI cada a\u00f1o. Las necesidades superan largamente la capacidad de gasto p\u00fablico.<\/p>\n<p>\u00bfQu\u00e9 hacer? No habr\u00e1 Ministerio de Educaci\u00f3n (Minedu) capaz de mejorar la calidad del sistema educativo si no cuenta con los recursos que se requieren para la tarea. Las varitas m\u00e1gicas no existen. La mejora real de nuestra educaci\u00f3n tiene como punto de partida un Ministerio de Econom\u00eda y Finanzas (MEF) a la altura del reto. Este debe respaldar presupuestalmente al Minedu en las decisiones sobre el modelo educativo de calidad para todos. Es necesario exigir un mejor manejo fiscal que asigne los recursos para las inversiones educativas necesarias no solo para el crecimiento sino tambi\u00e9n para el desarrollo.<\/p>\n<p>Algunos plantear\u00e1n que la soluci\u00f3n pasa por una mayor participaci\u00f3n privada en la provisi\u00f3n del servicio educativo. Como ya analizamos en este Diario en un art\u00edculo anterior, los mercados que se forman alrededor del servicio educativo son delicadamente particulares, propensos a muchas fallas que son dif\u00edciles de regular. Siguiendo este camino, el remedio puede ser peor que la enfermedad. Algunos otros plantear\u00e1n que hay que hacer m\u00e1s eficiente el sistema educativo para que consiga mejores resultados con los recursos que ya tiene. Creo que es probable que existan espacios para ganancias de eficiencia, pero la magnitud del problema es abrumadoramente mayor que eso.<\/p>\n<p>El reto es enorme, pero con la priorizaci\u00f3n apropiada y la planificaci\u00f3n adecuada es posible superarlo. Para probar que esto puede estar a nuestro alcance probablemente sea \u00fatil mostrar las cifras en una escala distinta. \u00bfCu\u00e1nto gasta nuestro pa\u00eds por cada uno de sus estudiantes en el sistema educativo? Hoy invertimos US$1.110 por estudiante cada a\u00f1o. Ese monto es muy cercano al que varios de ustedes, queridos lectores, pagaron por dos horas de un fabuloso concierto de los Rolling Stones hace unos d\u00edas. O es el monto que varios pagamos cada temporada por ver los partidos de la selecci\u00f3n de f\u00fatbol. Aunque esto \u00faltimo, de fabuloso no tiene nada&#8230; \u00bfY me van a decir que no podemos invertir m\u00e1s en nuestros estudiantes?<\/p>\n<\/div>\n","protected":false},"excerpt":{"rendered":"<p>Basta con sumar dos grandes rubros para darse cuenta del problema financiero: docentes e infraestructura. \u00a0Hugo \u00d1opo&#8211; Investigador principal de [&hellip;]<\/p>\n","protected":false},"author":63,"featured_media":10593,"comment_status":"open","ping_status":"open","sticky":false,"template":"","format":"standard","meta":{"spay_email":""},"categories":[125],"tags":[],"yoast_head":"<!-- This site is optimized with the Yoast SEO plugin v18.0 - https:\/\/yoast.com\/wordpress\/plugins\/seo\/ -->\n<title>Haciendo pol\u00edtica educativa desde el MEF, por Hugo \u00d1opo - Red Peruana de Gestores de la Educaci\u00f3n<\/title>\n<meta name=\"robots\" content=\"index, follow, max-snippet:-1, max-image-preview:large, max-video-preview:-1\" \/>\n<link rel=\"canonical\" href=\"https:\/\/www.edugestores.pe\/?p=10592\" \/>\n<meta property=\"og:locale\" content=\"es_ES\" \/>\n<meta property=\"og:type\" content=\"article\" \/>\n<meta property=\"og:title\" content=\"Haciendo pol\u00edtica educativa desde el MEF, por Hugo \u00d1opo - Red Peruana de Gestores de la Educaci\u00f3n\" \/>\n<meta property=\"og:description\" content=\"Basta con sumar dos grandes rubros para darse cuenta del problema financiero: docentes e infraestructura. \u00a0Hugo \u00d1opo&#8211; Investigador principal de [&hellip;]\" \/>\n<meta property=\"og:url\" content=\"https:\/\/www.edugestores.pe\/?p=10592\" \/>\n<meta property=\"og:site_name\" content=\"Red Peruana de Gestores de la Educaci\u00f3n\" \/>\n<meta property=\"article:published_time\" content=\"2016-03-16T22:05:47+00:00\" \/>\n<meta property=\"article:modified_time\" content=\"2016-03-31T23:37:21+00:00\" \/>\n<meta property=\"og:image\" content=\"https:\/\/www.edugestores.pe\/wp-content\/uploads\/2016\/03\/politica-educativa-desde-el-mef.jpg\" \/>\n\t<meta property=\"og:image:width\" content=\"619\" \/>\n\t<meta property=\"og:image:height\" content=\"347\" \/>\n\t<meta property=\"og:image:type\" content=\"image\/jpeg\" \/>\n<meta name=\"twitter:card\" content=\"summary_large_image\" \/>\n<meta name=\"twitter:label1\" content=\"Escrito por\" \/>\n\t<meta name=\"twitter:data1\" content=\"Administrador\" \/>\n\t<meta name=\"twitter:label2\" content=\"Tiempo de lectura\" \/>\n\t<meta name=\"twitter:data2\" content=\"4 minutos\" \/>\n<script type=\"application\/ld+json\" class=\"yoast-schema-graph\">{\"@context\":\"https:\/\/schema.org\",\"@graph\":[{\"@type\":\"WebSite\",\"@id\":\"https:\/\/www.edugestores.pe\/#website\",\"url\":\"https:\/\/www.edugestores.pe\/\",\"name\":\"Red Peruana de Gestores de la Educaci\u00f3n\",\"description\":\"Red Peruana de Gestores de la Educaci\u00f3n\",\"potentialAction\":[{\"@type\":\"SearchAction\",\"target\":{\"@type\":\"EntryPoint\",\"urlTemplate\":\"https:\/\/www.edugestores.pe\/?s={search_term_string}\"},\"query-input\":\"required name=search_term_string\"}],\"inLanguage\":\"es\"},{\"@type\":\"ImageObject\",\"@id\":\"https:\/\/www.edugestores.pe\/?p=10592#primaryimage\",\"inLanguage\":\"es\",\"url\":\"https:\/\/www.edugestores.pe\/wp-content\/uploads\/2016\/03\/politica-educativa-desde-el-mef.jpg\",\"contentUrl\":\"https:\/\/www.edugestores.pe\/wp-content\/uploads\/2016\/03\/politica-educativa-desde-el-mef.jpg\",\"width\":619,\"height\":347},{\"@type\":\"WebPage\",\"@id\":\"https:\/\/www.edugestores.pe\/?p=10592#webpage\",\"url\":\"https:\/\/www.edugestores.pe\/?p=10592\",\"name\":\"Haciendo pol\u00edtica educativa desde el MEF, por Hugo \u00d1opo - Red Peruana de Gestores de la Educaci\u00f3n\",\"isPartOf\":{\"@id\":\"https:\/\/www.edugestores.pe\/#website\"},\"primaryImageOfPage\":{\"@id\":\"https:\/\/www.edugestores.pe\/?p=10592#primaryimage\"},\"datePublished\":\"2016-03-16T22:05:47+00:00\",\"dateModified\":\"2016-03-31T23:37:21+00:00\",\"author\":{\"@id\":\"https:\/\/www.edugestores.pe\/#\/schema\/person\/30dc82f35f5853289037a64b35c7c7d3\"},\"breadcrumb\":{\"@id\":\"https:\/\/www.edugestores.pe\/?p=10592#breadcrumb\"},\"inLanguage\":\"es\",\"potentialAction\":[{\"@type\":\"ReadAction\",\"target\":[\"https:\/\/www.edugestores.pe\/?p=10592\"]}]},{\"@type\":\"BreadcrumbList\",\"@id\":\"https:\/\/www.edugestores.pe\/?p=10592#breadcrumb\",\"itemListElement\":[{\"@type\":\"ListItem\",\"position\":1,\"name\":\"Portada\",\"item\":\"https:\/\/www.edugestores.pe\/\"},{\"@type\":\"ListItem\",\"position\":2,\"name\":\"Haciendo pol\u00edtica educativa desde el MEF, por Hugo \u00d1opo\"}]},{\"@type\":\"Person\",\"@id\":\"https:\/\/www.edugestores.pe\/#\/schema\/person\/30dc82f35f5853289037a64b35c7c7d3\",\"name\":\"Administrador\",\"image\":{\"@type\":\"ImageObject\",\"@id\":\"https:\/\/www.edugestores.pe\/#personlogo\",\"inLanguage\":\"es\",\"url\":\"https:\/\/secure.gravatar.com\/avatar\/70960d1239c4d2c778bb3d2786a3c1ae?s=96&d=mm&r=g\",\"contentUrl\":\"https:\/\/secure.gravatar.com\/avatar\/70960d1239c4d2c778bb3d2786a3c1ae?s=96&d=mm&r=g\",\"caption\":\"Administrador\"},\"url\":\"https:\/\/www.edugestores.pe\/?author=63\"}]}<\/script>\n<!-- \/ Yoast SEO plugin. -->","yoast_head_json":{"title":"Haciendo pol\u00edtica educativa desde el MEF, por Hugo \u00d1opo - Red Peruana de Gestores de la Educaci\u00f3n","robots":{"index":"index","follow":"follow","max-snippet":"max-snippet:-1","max-image-preview":"max-image-preview:large","max-video-preview":"max-video-preview:-1"},"canonical":"https:\/\/www.edugestores.pe\/?p=10592","og_locale":"es_ES","og_type":"article","og_title":"Haciendo pol\u00edtica educativa desde el MEF, por Hugo \u00d1opo - Red Peruana de Gestores de la Educaci\u00f3n","og_description":"Basta con sumar dos grandes rubros para darse cuenta del problema financiero: docentes e infraestructura. \u00a0Hugo \u00d1opo&#8211; Investigador principal de [&hellip;]","og_url":"https:\/\/www.edugestores.pe\/?p=10592","og_site_name":"Red Peruana de Gestores de la Educaci\u00f3n","article_published_time":"2016-03-16T22:05:47+00:00","article_modified_time":"2016-03-31T23:37:21+00:00","og_image":[{"width":619,"height":347,"url":"https:\/\/www.edugestores.pe\/wp-content\/uploads\/2016\/03\/politica-educativa-desde-el-mef.jpg","type":"image\/jpeg"}],"twitter_card":"summary_large_image","twitter_misc":{"Escrito por":"Administrador","Tiempo de lectura":"4 minutos"},"schema":{"@context":"https:\/\/schema.org","@graph":[{"@type":"WebSite","@id":"https:\/\/www.edugestores.pe\/#website","url":"https:\/\/www.edugestores.pe\/","name":"Red Peruana de Gestores de la Educaci\u00f3n","description":"Red Peruana de Gestores de la Educaci\u00f3n","potentialAction":[{"@type":"SearchAction","target":{"@type":"EntryPoint","urlTemplate":"https:\/\/www.edugestores.pe\/?s={search_term_string}"},"query-input":"required name=search_term_string"}],"inLanguage":"es"},{"@type":"ImageObject","@id":"https:\/\/www.edugestores.pe\/?p=10592#primaryimage","inLanguage":"es","url":"https:\/\/www.edugestores.pe\/wp-content\/uploads\/2016\/03\/politica-educativa-desde-el-mef.jpg","contentUrl":"https:\/\/www.edugestores.pe\/wp-content\/uploads\/2016\/03\/politica-educativa-desde-el-mef.jpg","width":619,"height":347},{"@type":"WebPage","@id":"https:\/\/www.edugestores.pe\/?p=10592#webpage","url":"https:\/\/www.edugestores.pe\/?p=10592","name":"Haciendo pol\u00edtica educativa desde el MEF, por Hugo \u00d1opo - Red Peruana de Gestores de la Educaci\u00f3n","isPartOf":{"@id":"https:\/\/www.edugestores.pe\/#website"},"primaryImageOfPage":{"@id":"https:\/\/www.edugestores.pe\/?p=10592#primaryimage"},"datePublished":"2016-03-16T22:05:47+00:00","dateModified":"2016-03-31T23:37:21+00:00","author":{"@id":"https:\/\/www.edugestores.pe\/#\/schema\/person\/30dc82f35f5853289037a64b35c7c7d3"},"breadcrumb":{"@id":"https:\/\/www.edugestores.pe\/?p=10592#breadcrumb"},"inLanguage":"es","potentialAction":[{"@type":"ReadAction","target":["https:\/\/www.edugestores.pe\/?p=10592"]}]},{"@type":"BreadcrumbList","@id":"https:\/\/www.edugestores.pe\/?p=10592#breadcrumb","itemListElement":[{"@type":"ListItem","position":1,"name":"Portada","item":"https:\/\/www.edugestores.pe\/"},{"@type":"ListItem","position":2,"name":"Haciendo pol\u00edtica educativa desde el MEF, por Hugo \u00d1opo"}]},{"@type":"Person","@id":"https:\/\/www.edugestores.pe\/#\/schema\/person\/30dc82f35f5853289037a64b35c7c7d3","name":"Administrador","image":{"@type":"ImageObject","@id":"https:\/\/www.edugestores.pe\/#personlogo","inLanguage":"es","url":"https:\/\/secure.gravatar.com\/avatar\/70960d1239c4d2c778bb3d2786a3c1ae?s=96&d=mm&r=g","contentUrl":"https:\/\/secure.gravatar.com\/avatar\/70960d1239c4d2c778bb3d2786a3c1ae?s=96&d=mm&r=g","caption":"Administrador"},"url":"https:\/\/www.edugestores.pe\/?author=63"}]}},"jetpack_featured_media_url":"https:\/\/www.edugestores.pe\/wp-content\/uploads\/2016\/03\/politica-educativa-desde-el-mef.jpg","_links":{"self":[{"href":"https:\/\/www.edugestores.pe\/index.php?rest_route=\/wp\/v2\/posts\/10592"}],"collection":[{"href":"https:\/\/www.edugestores.pe\/index.php?rest_route=\/wp\/v2\/posts"}],"about":[{"href":"https:\/\/www.edugestores.pe\/index.php?rest_route=\/wp\/v2\/types\/post"}],"author":[{"embeddable":true,"href":"https:\/\/www.edugestores.pe\/index.php?rest_route=\/wp\/v2\/users\/63"}],"replies":[{"embeddable":true,"href":"https:\/\/www.edugestores.pe\/index.php?rest_route=%2Fwp%2Fv2%2Fcomments&post=10592"}],"version-history":[{"count":1,"href":"https:\/\/www.edugestores.pe\/index.php?rest_route=\/wp\/v2\/posts\/10592\/revisions"}],"predecessor-version":[{"id":10594,"href":"https:\/\/www.edugestores.pe\/index.php?rest_route=\/wp\/v2\/posts\/10592\/revisions\/10594"}],"wp:featuredmedia":[{"embeddable":true,"href":"https:\/\/www.edugestores.pe\/index.php?rest_route=\/wp\/v2\/media\/10593"}],"wp:attachment":[{"href":"https:\/\/www.edugestores.pe\/index.php?rest_route=%2Fwp%2Fv2%2Fmedia&parent=10592"}],"wp:term":[{"taxonomy":"category","embeddable":true,"href":"https:\/\/www.edugestores.pe\/index.php?rest_route=%2Fwp%2Fv2%2Fcategories&post=10592"},{"taxonomy":"post_tag","embeddable":true,"href":"https:\/\/www.edugestores.pe\/index.php?rest_route=%2Fwp%2Fv2%2Ftags&post=10592"}],"curies":[{"name":"wp","href":"https:\/\/api.w.org\/{rel}","templated":true}]}}