{"id":10595,"date":"2016-03-17T14:29:57","date_gmt":"2016-03-17T19:29:57","guid":{"rendered":"https:\/\/www.edugestores.pe\/?p=10595"},"modified":"2016-09-23T10:25:08","modified_gmt":"2016-09-23T15:25:08","slug":"agenda-de-debates-2016-foro-ece-y-proximo-edugestores-debate","status":"publish","type":"post","link":"https:\/\/www.edugestores.pe\/?p=10595","title":{"rendered":"Agenda de Debates 2016, Foro ECE y pr\u00f3ximo Edugestores Debate"},"content":{"rendered":"<p style=\"text-align: left;\">Al inicio de cada a\u00f1o los miembros de la Red Edugestores discuten y definen los temas que priorizar\u00e1 en la\u00a0Agenda Anual de Debates de la Red. Luego de <em>tres semanas<\/em> de\u00a0iniciado el Debate N\u00b06 (el primero del a\u00f1o) y con la <em>participaci\u00f3n de 21 personas, <\/em>Edugestores presenta el documento\u00a0<strong>&#8220;<a href=\"https:\/\/www.edugestores.pe\/conclusion-debate-n6-agenda-de-debates-2016\/\">Agenda de Debates 2016<\/a>&#8221; <\/strong>que contiene la sistematizaci\u00f3n de los aportes de los miembros de la Red sobre los temas a discutir durante el presente a\u00f1o. \u00a0Puedes consultar la agenda en el siguiente <a href=\"https:\/\/www.edugestores.pe\/conclusion-debate-n6-agenda-de-debates-2016\/\">enlace<\/a>.<\/p>\n<p style=\"text-align: left;\"><strong>\u00bfQu\u00e9 opinas sobre la <em>Evaluaci\u00f3n Censal de Estudiantes 2016<\/em>?<\/strong> \u00bfPor qu\u00e9 pas\u00f3 Tacna al primer lugar? \u00a0\u00bfPor qu\u00e9 hay regiones que descienden en sus resultados? \u00bfQu\u00e9 otras sorpresas nos traen los resultados regionales y c\u00f3mo se explican? Te invitamos a compartir tu opini\u00f3n\u00a0en el\u00a0<a href=\"https:\/\/www.edugestores.pe\/forums\/topic\/ece-2016-preguntas-comentarios-analisis\/\">Foro ECE 2016: preguntas, comentarios y an\u00e1lisis<\/a>.<\/p>\n<p style=\"text-align: left;\">Nuestro\u00a0pr\u00f3ximo <strong>Edugestores Debate N\u00b07<\/strong> estar\u00e1 enfocado en\u00a0las propuestas sobre estrategias para mejorar la calidad del servicio educativo en secundaria. \u00c9state atento a nuestras novedades.<\/p>\n","protected":false},"excerpt":{"rendered":"<p>Al inicio de cada a\u00f1o los miembros de la Red Edugestores discuten y definen los temas que priorizar\u00e1 en la\u00a0Agenda [&hellip;]<\/p>\n","protected":false},"author":63,"featured_media":0,"comment_status":"open","ping_status":"open","sticky":false,"template":"","format":"standard","meta":{"spay_email":""},"categories":[125],"tags":[],"yoast_head":"<!-- This site is optimized with the Yoast SEO plugin v18.0 - https:\/\/yoast.com\/wordpress\/plugins\/seo\/ -->\n<title>Agenda de Debates 2016, Foro ECE y pr\u00f3ximo Edugestores Debate - Red Peruana de Gestores de la Educaci\u00f3n<\/title>\n<meta name=\"robots\" content=\"index, follow, max-snippet:-1, max-image-preview:large, max-video-preview:-1\" \/>\n<link rel=\"canonical\" href=\"https:\/\/www.edugestores.pe\/?p=10595\" \/>\n<meta property=\"og:locale\" content=\"es_ES\" \/>\n<meta property=\"og:type\" content=\"article\" \/>\n<meta property=\"og:title\" content=\"Agenda de Debates 2016, Foro ECE y pr\u00f3ximo Edugestores Debate - Red Peruana de Gestores de la Educaci\u00f3n\" \/>\n<meta property=\"og:description\" content=\"Al inicio de cada a\u00f1o los miembros de la Red Edugestores discuten y definen los temas que priorizar\u00e1 en la\u00a0Agenda [&hellip;]\" \/>\n<meta property=\"og:url\" content=\"https:\/\/www.edugestores.pe\/?p=10595\" \/>\n<meta property=\"og:site_name\" content=\"Red Peruana de Gestores de la Educaci\u00f3n\" \/>\n<meta property=\"article:published_time\" content=\"2016-03-17T19:29:57+00:00\" \/>\n<meta property=\"article:modified_time\" content=\"2016-09-23T15:25:08+00:00\" \/>\n<meta name=\"twitter:card\" content=\"summary_large_image\" \/>\n<meta name=\"twitter:label1\" content=\"Escrito por\" \/>\n\t<meta name=\"twitter:data1\" content=\"Administrador\" \/>\n\t<meta name=\"twitter:label2\" content=\"Tiempo de lectura\" \/>\n\t<meta name=\"twitter:data2\" content=\"1 minuto\" \/>\n<script type=\"application\/ld+json\" class=\"yoast-schema-graph\">{\"@context\":\"https:\/\/schema.org\",\"@graph\":[{\"@type\":\"WebSite\",\"@id\":\"https:\/\/www.edugestores.pe\/#website\",\"url\":\"https:\/\/www.edugestores.pe\/\",\"name\":\"Red Peruana de Gestores de la Educaci\u00f3n\",\"description\":\"Red Peruana de Gestores de la Educaci\u00f3n\",\"potentialAction\":[{\"@type\":\"SearchAction\",\"target\":{\"@type\":\"EntryPoint\",\"urlTemplate\":\"https:\/\/www.edugestores.pe\/?s={search_term_string}\"},\"query-input\":\"required name=search_term_string\"}],\"inLanguage\":\"es\"},{\"@type\":\"WebPage\",\"@id\":\"https:\/\/www.edugestores.pe\/?p=10595#webpage\",\"url\":\"https:\/\/www.edugestores.pe\/?p=10595\",\"name\":\"Agenda de Debates 2016, Foro ECE y pr\u00f3ximo Edugestores Debate - Red Peruana de Gestores de la Educaci\u00f3n\",\"isPartOf\":{\"@id\":\"https:\/\/www.edugestores.pe\/#website\"},\"datePublished\":\"2016-03-17T19:29:57+00:00\",\"dateModified\":\"2016-09-23T15:25:08+00:00\",\"author\":{\"@id\":\"https:\/\/www.edugestores.pe\/#\/schema\/person\/30dc82f35f5853289037a64b35c7c7d3\"},\"breadcrumb\":{\"@id\":\"https:\/\/www.edugestores.pe\/?p=10595#breadcrumb\"},\"inLanguage\":\"es\",\"potentialAction\":[{\"@type\":\"ReadAction\",\"target\":[\"https:\/\/www.edugestores.pe\/?p=10595\"]}]},{\"@type\":\"BreadcrumbList\",\"@id\":\"https:\/\/www.edugestores.pe\/?p=10595#breadcrumb\",\"itemListElement\":[{\"@type\":\"ListItem\",\"position\":1,\"name\":\"Portada\",\"item\":\"https:\/\/www.edugestores.pe\/\"},{\"@type\":\"ListItem\",\"position\":2,\"name\":\"Agenda de Debates 2016, Foro ECE y pr\u00f3ximo Edugestores Debate\"}]},{\"@type\":\"Person\",\"@id\":\"https:\/\/www.edugestores.pe\/#\/schema\/person\/30dc82f35f5853289037a64b35c7c7d3\",\"name\":\"Administrador\",\"image\":{\"@type\":\"ImageObject\",\"@id\":\"https:\/\/www.edugestores.pe\/#personlogo\",\"inLanguage\":\"es\",\"url\":\"https:\/\/secure.gravatar.com\/avatar\/70960d1239c4d2c778bb3d2786a3c1ae?s=96&d=mm&r=g\",\"contentUrl\":\"https:\/\/secure.gravatar.com\/avatar\/70960d1239c4d2c778bb3d2786a3c1ae?s=96&d=mm&r=g\",\"caption\":\"Administrador\"},\"url\":\"https:\/\/www.edugestores.pe\/?author=63\"}]}<\/script>\n<!-- \/ Yoast SEO plugin. -->","yoast_head_json":{"title":"Agenda de Debates 2016, Foro ECE y pr\u00f3ximo Edugestores Debate - Red Peruana de Gestores de la Educaci\u00f3n","robots":{"index":"index","follow":"follow","max-snippet":"max-snippet:-1","max-image-preview":"max-image-preview:large","max-video-preview":"max-video-preview:-1"},"canonical":"https:\/\/www.edugestores.pe\/?p=10595","og_locale":"es_ES","og_type":"article","og_title":"Agenda de Debates 2016, Foro ECE y pr\u00f3ximo Edugestores Debate - Red Peruana de Gestores de la Educaci\u00f3n","og_description":"Al inicio de cada a\u00f1o los miembros de la Red Edugestores discuten y definen los temas que priorizar\u00e1 en la\u00a0Agenda [&hellip;]","og_url":"https:\/\/www.edugestores.pe\/?p=10595","og_site_name":"Red Peruana de Gestores de la Educaci\u00f3n","article_published_time":"2016-03-17T19:29:57+00:00","article_modified_time":"2016-09-23T15:25:08+00:00","twitter_card":"summary_large_image","twitter_misc":{"Escrito por":"Administrador","Tiempo de lectura":"1 minuto"},"schema":{"@context":"https:\/\/schema.org","@graph":[{"@type":"WebSite","@id":"https:\/\/www.edugestores.pe\/#website","url":"https:\/\/www.edugestores.pe\/","name":"Red Peruana de Gestores de la Educaci\u00f3n","description":"Red Peruana de Gestores de la Educaci\u00f3n","potentialAction":[{"@type":"SearchAction","target":{"@type":"EntryPoint","urlTemplate":"https:\/\/www.edugestores.pe\/?s={search_term_string}"},"query-input":"required name=search_term_string"}],"inLanguage":"es"},{"@type":"WebPage","@id":"https:\/\/www.edugestores.pe\/?p=10595#webpage","url":"https:\/\/www.edugestores.pe\/?p=10595","name":"Agenda de Debates 2016, Foro ECE y pr\u00f3ximo Edugestores Debate - Red Peruana de Gestores de la Educaci\u00f3n","isPartOf":{"@id":"https:\/\/www.edugestores.pe\/#website"},"datePublished":"2016-03-17T19:29:57+00:00","dateModified":"2016-09-23T15:25:08+00:00","author":{"@id":"https:\/\/www.edugestores.pe\/#\/schema\/person\/30dc82f35f5853289037a64b35c7c7d3"},"breadcrumb":{"@id":"https:\/\/www.edugestores.pe\/?p=10595#breadcrumb"},"inLanguage":"es","potentialAction":[{"@type":"ReadAction","target":["https:\/\/www.edugestores.pe\/?p=10595"]}]},{"@type":"BreadcrumbList","@id":"https:\/\/www.edugestores.pe\/?p=10595#breadcrumb","itemListElement":[{"@type":"ListItem","position":1,"name":"Portada","item":"https:\/\/www.edugestores.pe\/"},{"@type":"ListItem","position":2,"name":"Agenda de Debates 2016, Foro ECE y pr\u00f3ximo Edugestores Debate"}]},{"@type":"Person","@id":"https:\/\/www.edugestores.pe\/#\/schema\/person\/30dc82f35f5853289037a64b35c7c7d3","name":"Administrador","image":{"@type":"ImageObject","@id":"https:\/\/www.edugestores.pe\/#personlogo","inLanguage":"es","url":"https:\/\/secure.gravatar.com\/avatar\/70960d1239c4d2c778bb3d2786a3c1ae?s=96&d=mm&r=g","contentUrl":"https:\/\/secure.gravatar.com\/avatar\/70960d1239c4d2c778bb3d2786a3c1ae?s=96&d=mm&r=g","caption":"Administrador"},"url":"https:\/\/www.edugestores.pe\/?author=63"}]}},"jetpack_featured_media_url":"","_links":{"self":[{"href":"https:\/\/www.edugestores.pe\/index.php?rest_route=\/wp\/v2\/posts\/10595"}],"collection":[{"href":"https:\/\/www.edugestores.pe\/index.php?rest_route=\/wp\/v2\/posts"}],"about":[{"href":"https:\/\/www.edugestores.pe\/index.php?rest_route=\/wp\/v2\/types\/post"}],"author":[{"embeddable":true,"href":"https:\/\/www.edugestores.pe\/index.php?rest_route=\/wp\/v2\/users\/63"}],"replies":[{"embeddable":true,"href":"https:\/\/www.edugestores.pe\/index.php?rest_route=%2Fwp%2Fv2%2Fcomments&post=10595"}],"version-history":[{"count":2,"href":"https:\/\/www.edugestores.pe\/index.php?rest_route=\/wp\/v2\/posts\/10595\/revisions"}],"predecessor-version":[{"id":10598,"href":"https:\/\/www.edugestores.pe\/index.php?rest_route=\/wp\/v2\/posts\/10595\/revisions\/10598"}],"wp:attachment":[{"href":"https:\/\/www.edugestores.pe\/index.php?rest_route=%2Fwp%2Fv2%2Fmedia&parent=10595"}],"wp:term":[{"taxonomy":"category","embeddable":true,"href":"https:\/\/www.edugestores.pe\/index.php?rest_route=%2Fwp%2Fv2%2Fcategories&post=10595"},{"taxonomy":"post_tag","embeddable":true,"href":"https:\/\/www.edugestores.pe\/index.php?rest_route=%2Fwp%2Fv2%2Ftags&post=10595"}],"curies":[{"name":"wp","href":"https:\/\/api.w.org\/{rel}","templated":true}]}}