{"id":10616,"date":"2016-03-20T19:22:57","date_gmt":"2016-03-21T00:22:57","guid":{"rendered":"https:\/\/www.edugestores.pe\/?p=10616"},"modified":"2016-03-27T14:20:34","modified_gmt":"2016-03-27T19:20:34","slug":"proponiendo-un-debate-mas-alla-de-los-gestos-por-j-saavedra","status":"publish","type":"post","link":"https:\/\/www.edugestores.pe\/?p=10616","title":{"rendered":"Proponiendo un debate (m\u00e1s all\u00e1 de los gestos), por J. Saavedra"},"content":{"rendered":"<p>Aunque preocupante, es de inter\u00e9s el planteamiento de Alberto Vergara en una columna publicada en este Diario hace unos d\u00edas (\u201cDe Guzm\u00e1n a Guzm\u00e1n\u201d, del 21 de febrero del 2016). El polit\u00f3logo afirma que, en la actualidad, no hay temas reales que est\u00e9n articulando el debate pol\u00edtico. A\u00f1ade que no hay lealtades ideol\u00f3gicas sustanciales, ni confrontaci\u00f3n de posiciones sobre los temas.<\/p>\n<p>Es posible \u2013como \u00e9l se\u00f1ala\u2013 que no est\u00e9n plante\u00e1ndose esos debates. Sin embargo, es muy necesario que discutamos sobre temas cruciales en los que el pa\u00eds requiere consensuar una posici\u00f3n. Muchos de ellos est\u00e1n en el campo educativo.<\/p>\n<p>Nadie est\u00e1 en desacuerdo con la importancia de ofrecer a todos una educaci\u00f3n de calidad. Pero el c\u00f3mo y el cu\u00e1ndo pueden ser objeto de sustancial discrepancia.<\/p>\n<p>As\u00ed, no todos coinciden en incrementar el gasto corriente (gasto recurrente, como aumento de salarios de docentes, contrataci\u00f3n de psic\u00f3logos y personal administrativo, y mantenimiento de escuelas), que en el caso de educaci\u00f3n constituye una inversi\u00f3n esencial. Algunos opinan que, por su gran impacto multiplicador, la prioridad debe ser el gasto de capital, b\u00e1sicamente en infraestructura.<\/p>\n<p>Esta posici\u00f3n no considera que el drama de la educaci\u00f3n es producto de d\u00e9cadas de falta de gasto en mantenimiento, que ha generado un inmenso d\u00e9ficit de infraestructura, bajos salarios de los docentes, necesidad de personal administrativo y en puestos necesarios (por ejemplo, psic\u00f3logos), falta de formaci\u00f3n en la gesti\u00f3n de los directores de escuela.<\/p>\n<p>En todos esos aspectos se ha avanzado significativamente en los \u00faltimos a\u00f1os. Eso explica, en parte, el incremento de la inversi\u00f3n en educaci\u00f3n en la forma de gasto recurrente. La educaci\u00f3n es un servicio que necesita del talento de la gente y ello requiere de un mayor gasto recurrente, aunque eso implique un importante esfuerzo fiscal.<\/p>\n<p>Asimismo, no todos est\u00e1n de acuerdo con regular las universidades. Es m\u00e1s importante para algunos defender el principio de que el mercado es el \u00fanico asignador eficiente de recursos (lo cual se sostiene en muchos casos, pero no en este).<\/p>\n<p>Las universidades \u2013dicen\u2013 deben competir por alumnos, y el mercado premiar\u00e1 a las buenas y castigar\u00e1 a las malas; que todo se resuelve con m\u00e1s informaci\u00f3n (al respecto, hoy hay m\u00e1s informaci\u00f3n que nunca, vean www.ponteencarrera.pe). Pareciera que no importase que sea un mercado imperfecto, en el que las decisiones son casi irreversibles: a diferencia de un mal restaurante, al cual uno simplemente no regresa, en el caso universitario, las inversiones que se esperan son de muy largo plazo y no queremos centros superiores que abran y cierren como poller\u00edas o chifas.<\/p>\n<p>Pareciera no importar que el rol social de la universidad vaya mucho m\u00e1s all\u00e1 de ense\u00f1ar una profesi\u00f3n, y sea el de formar ciudadanos. Por eso, se oponen al establecimiento de un organismo regulador que verifique el mantenimiento de est\u00e1ndares b\u00e1sicos que todos deben cumplir. En ciertos casos este desacuerdo quiz\u00e1 refleja distintas prioridades: los intereses de la universidad-empresa por sobre los intereses de los j\u00f3venes, quienes se merecen una universidad que sea un mecanismo de inclusi\u00f3n y de progreso.<\/p>\n<p>Adem\u00e1s, no todos est\u00e1n de acuerdo con crear colegios de alto rendimiento para los mejores alumnos de las escuelas secundarias p\u00fablicas. Centros que permiten que un ni\u00f1o brillante que naci\u00f3 en Condorcanqui, con padres con muy pocos recursos, logre una educaci\u00f3n que le permita acceder al bachillerato internacional. Se dice que crea una \u00e9lite y que toda \u00e9lite es nociva. Es, efectivamente, una \u00e9lite, pero una ligada al talento y al esfuerzo, y no al apellido de sus padres, sus ingresos o al color de su piel.<\/p>\n<p>Finalmente, no todos est\u00e1n de acuerdo con la implementaci\u00f3n de una pol\u00edtica de cr\u00e9dito universitario. Cr\u00e9dito 18 se implement\u00f3 el a\u00f1o pasado, y se inici\u00f3 con un n\u00famero limitado de 200 becas. Quisi\u00e9ramos que fueran m\u00e1s, pero no se puede alegremente incrementar el n\u00famero de cr\u00e9ditos \u2013como plantean muchos\u2013 para tener j\u00f3venes desempleados y endeudados.<\/p>\n<p>Cr\u00e9dito 18 se dise\u00f1\u00f3 de modo que sea sostenible para el estudiante y la universidad, limitando el cr\u00e9dito \u2013de una tasa muy baja de 4%\u2013 a estudiantes con buen historial acad\u00e9mico en la secundaria, y que estudien en instituciones de alta empleabilidad. Las universidades e institutos que participan, cogarantizan adem\u00e1s el cr\u00e9dito, pues est\u00e1n seguros del futuro laboral de sus egresados. As\u00ed, el cr\u00e9dito permite que j\u00f3venes financien sus estudios teniendo \u00fanicamente su talento como garant\u00eda.<\/p>\n<p>No cabe pronunciarme sobre si hay ahora debates sustanciales o no. Pero de que los puede haber, Alberto, los puede haber y, en educaci\u00f3n, los necesitamos sin m\u00e1s demora.<\/p>\n<p>Fuente: <a href=\"http:\/\/elcomercio.pe\/opinion\/colaboradores\/proponiendo-debate-mas-alla-gestos-j-saavedra-noticia-1883788\">El Comercio<\/a><\/p>\n","protected":false},"excerpt":{"rendered":"<p>Aunque preocupante, es de inter\u00e9s el planteamiento de Alberto Vergara en una columna publicada en este Diario hace unos d\u00edas [&hellip;]<\/p>\n","protected":false},"author":63,"featured_media":10617,"comment_status":"open","ping_status":"open","sticky":false,"template":"","format":"standard","meta":{"spay_email":""},"categories":[125],"tags":[],"yoast_head":"<!-- This site is optimized with the Yoast SEO plugin v18.0 - https:\/\/yoast.com\/wordpress\/plugins\/seo\/ -->\n<title>Proponiendo un debate (m\u00e1s all\u00e1 de los gestos), por J. Saavedra - Red Peruana de Gestores de la Educaci\u00f3n<\/title>\n<meta name=\"robots\" content=\"index, follow, max-snippet:-1, max-image-preview:large, max-video-preview:-1\" \/>\n<link rel=\"canonical\" href=\"https:\/\/www.edugestores.pe\/?p=10616\" \/>\n<meta property=\"og:locale\" content=\"es_ES\" \/>\n<meta property=\"og:type\" content=\"article\" \/>\n<meta property=\"og:title\" content=\"Proponiendo un debate (m\u00e1s all\u00e1 de los gestos), por J. Saavedra - Red Peruana de Gestores de la Educaci\u00f3n\" \/>\n<meta property=\"og:description\" content=\"Aunque preocupante, es de inter\u00e9s el planteamiento de Alberto Vergara en una columna publicada en este Diario hace unos d\u00edas [&hellip;]\" \/>\n<meta property=\"og:url\" content=\"https:\/\/www.edugestores.pe\/?p=10616\" \/>\n<meta property=\"og:site_name\" content=\"Red Peruana de Gestores de la Educaci\u00f3n\" \/>\n<meta property=\"article:published_time\" content=\"2016-03-21T00:22:57+00:00\" \/>\n<meta property=\"article:modified_time\" content=\"2016-03-27T19:20:34+00:00\" \/>\n<meta property=\"og:image\" content=\"https:\/\/www.edugestores.pe\/wp-content\/uploads\/2016\/03\/saavedra.jpg\" \/>\n\t<meta property=\"og:image:width\" content=\"619\" \/>\n\t<meta property=\"og:image:height\" content=\"347\" \/>\n\t<meta property=\"og:image:type\" content=\"image\/jpeg\" \/>\n<meta name=\"twitter:card\" content=\"summary_large_image\" \/>\n<meta name=\"twitter:label1\" content=\"Escrito por\" \/>\n\t<meta name=\"twitter:data1\" content=\"Administrador\" \/>\n\t<meta name=\"twitter:label2\" content=\"Tiempo de lectura\" \/>\n\t<meta name=\"twitter:data2\" content=\"4 minutos\" \/>\n<script type=\"application\/ld+json\" class=\"yoast-schema-graph\">{\"@context\":\"https:\/\/schema.org\",\"@graph\":[{\"@type\":\"WebSite\",\"@id\":\"https:\/\/www.edugestores.pe\/#website\",\"url\":\"https:\/\/www.edugestores.pe\/\",\"name\":\"Red Peruana de Gestores de la Educaci\u00f3n\",\"description\":\"Red Peruana de Gestores de la Educaci\u00f3n\",\"potentialAction\":[{\"@type\":\"SearchAction\",\"target\":{\"@type\":\"EntryPoint\",\"urlTemplate\":\"https:\/\/www.edugestores.pe\/?s={search_term_string}\"},\"query-input\":\"required name=search_term_string\"}],\"inLanguage\":\"es\"},{\"@type\":\"ImageObject\",\"@id\":\"https:\/\/www.edugestores.pe\/?p=10616#primaryimage\",\"inLanguage\":\"es\",\"url\":\"https:\/\/www.edugestores.pe\/wp-content\/uploads\/2016\/03\/saavedra.jpg\",\"contentUrl\":\"https:\/\/www.edugestores.pe\/wp-content\/uploads\/2016\/03\/saavedra.jpg\",\"width\":619,\"height\":347},{\"@type\":\"WebPage\",\"@id\":\"https:\/\/www.edugestores.pe\/?p=10616#webpage\",\"url\":\"https:\/\/www.edugestores.pe\/?p=10616\",\"name\":\"Proponiendo un debate (m\u00e1s all\u00e1 de los gestos), por J. Saavedra - Red Peruana de Gestores de la Educaci\u00f3n\",\"isPartOf\":{\"@id\":\"https:\/\/www.edugestores.pe\/#website\"},\"primaryImageOfPage\":{\"@id\":\"https:\/\/www.edugestores.pe\/?p=10616#primaryimage\"},\"datePublished\":\"2016-03-21T00:22:57+00:00\",\"dateModified\":\"2016-03-27T19:20:34+00:00\",\"author\":{\"@id\":\"https:\/\/www.edugestores.pe\/#\/schema\/person\/30dc82f35f5853289037a64b35c7c7d3\"},\"breadcrumb\":{\"@id\":\"https:\/\/www.edugestores.pe\/?p=10616#breadcrumb\"},\"inLanguage\":\"es\",\"potentialAction\":[{\"@type\":\"ReadAction\",\"target\":[\"https:\/\/www.edugestores.pe\/?p=10616\"]}]},{\"@type\":\"BreadcrumbList\",\"@id\":\"https:\/\/www.edugestores.pe\/?p=10616#breadcrumb\",\"itemListElement\":[{\"@type\":\"ListItem\",\"position\":1,\"name\":\"Portada\",\"item\":\"https:\/\/www.edugestores.pe\/\"},{\"@type\":\"ListItem\",\"position\":2,\"name\":\"Proponiendo un debate (m\u00e1s all\u00e1 de los gestos), por J. Saavedra\"}]},{\"@type\":\"Person\",\"@id\":\"https:\/\/www.edugestores.pe\/#\/schema\/person\/30dc82f35f5853289037a64b35c7c7d3\",\"name\":\"Administrador\",\"image\":{\"@type\":\"ImageObject\",\"@id\":\"https:\/\/www.edugestores.pe\/#personlogo\",\"inLanguage\":\"es\",\"url\":\"https:\/\/secure.gravatar.com\/avatar\/70960d1239c4d2c778bb3d2786a3c1ae?s=96&d=mm&r=g\",\"contentUrl\":\"https:\/\/secure.gravatar.com\/avatar\/70960d1239c4d2c778bb3d2786a3c1ae?s=96&d=mm&r=g\",\"caption\":\"Administrador\"},\"url\":\"https:\/\/www.edugestores.pe\/?author=63\"}]}<\/script>\n<!-- \/ Yoast SEO plugin. -->","yoast_head_json":{"title":"Proponiendo un debate (m\u00e1s all\u00e1 de los gestos), por J. Saavedra - Red Peruana de Gestores de la Educaci\u00f3n","robots":{"index":"index","follow":"follow","max-snippet":"max-snippet:-1","max-image-preview":"max-image-preview:large","max-video-preview":"max-video-preview:-1"},"canonical":"https:\/\/www.edugestores.pe\/?p=10616","og_locale":"es_ES","og_type":"article","og_title":"Proponiendo un debate (m\u00e1s all\u00e1 de los gestos), por J. Saavedra - Red Peruana de Gestores de la Educaci\u00f3n","og_description":"Aunque preocupante, es de inter\u00e9s el planteamiento de Alberto Vergara en una columna publicada en este Diario hace unos d\u00edas [&hellip;]","og_url":"https:\/\/www.edugestores.pe\/?p=10616","og_site_name":"Red Peruana de Gestores de la Educaci\u00f3n","article_published_time":"2016-03-21T00:22:57+00:00","article_modified_time":"2016-03-27T19:20:34+00:00","og_image":[{"width":619,"height":347,"url":"https:\/\/www.edugestores.pe\/wp-content\/uploads\/2016\/03\/saavedra.jpg","type":"image\/jpeg"}],"twitter_card":"summary_large_image","twitter_misc":{"Escrito por":"Administrador","Tiempo de lectura":"4 minutos"},"schema":{"@context":"https:\/\/schema.org","@graph":[{"@type":"WebSite","@id":"https:\/\/www.edugestores.pe\/#website","url":"https:\/\/www.edugestores.pe\/","name":"Red Peruana de Gestores de la Educaci\u00f3n","description":"Red Peruana de Gestores de la Educaci\u00f3n","potentialAction":[{"@type":"SearchAction","target":{"@type":"EntryPoint","urlTemplate":"https:\/\/www.edugestores.pe\/?s={search_term_string}"},"query-input":"required name=search_term_string"}],"inLanguage":"es"},{"@type":"ImageObject","@id":"https:\/\/www.edugestores.pe\/?p=10616#primaryimage","inLanguage":"es","url":"https:\/\/www.edugestores.pe\/wp-content\/uploads\/2016\/03\/saavedra.jpg","contentUrl":"https:\/\/www.edugestores.pe\/wp-content\/uploads\/2016\/03\/saavedra.jpg","width":619,"height":347},{"@type":"WebPage","@id":"https:\/\/www.edugestores.pe\/?p=10616#webpage","url":"https:\/\/www.edugestores.pe\/?p=10616","name":"Proponiendo un debate (m\u00e1s all\u00e1 de los gestos), por J. Saavedra - Red Peruana de Gestores de la Educaci\u00f3n","isPartOf":{"@id":"https:\/\/www.edugestores.pe\/#website"},"primaryImageOfPage":{"@id":"https:\/\/www.edugestores.pe\/?p=10616#primaryimage"},"datePublished":"2016-03-21T00:22:57+00:00","dateModified":"2016-03-27T19:20:34+00:00","author":{"@id":"https:\/\/www.edugestores.pe\/#\/schema\/person\/30dc82f35f5853289037a64b35c7c7d3"},"breadcrumb":{"@id":"https:\/\/www.edugestores.pe\/?p=10616#breadcrumb"},"inLanguage":"es","potentialAction":[{"@type":"ReadAction","target":["https:\/\/www.edugestores.pe\/?p=10616"]}]},{"@type":"BreadcrumbList","@id":"https:\/\/www.edugestores.pe\/?p=10616#breadcrumb","itemListElement":[{"@type":"ListItem","position":1,"name":"Portada","item":"https:\/\/www.edugestores.pe\/"},{"@type":"ListItem","position":2,"name":"Proponiendo un debate (m\u00e1s all\u00e1 de los gestos), por J. Saavedra"}]},{"@type":"Person","@id":"https:\/\/www.edugestores.pe\/#\/schema\/person\/30dc82f35f5853289037a64b35c7c7d3","name":"Administrador","image":{"@type":"ImageObject","@id":"https:\/\/www.edugestores.pe\/#personlogo","inLanguage":"es","url":"https:\/\/secure.gravatar.com\/avatar\/70960d1239c4d2c778bb3d2786a3c1ae?s=96&d=mm&r=g","contentUrl":"https:\/\/secure.gravatar.com\/avatar\/70960d1239c4d2c778bb3d2786a3c1ae?s=96&d=mm&r=g","caption":"Administrador"},"url":"https:\/\/www.edugestores.pe\/?author=63"}]}},"jetpack_featured_media_url":"https:\/\/www.edugestores.pe\/wp-content\/uploads\/2016\/03\/saavedra.jpg","_links":{"self":[{"href":"https:\/\/www.edugestores.pe\/index.php?rest_route=\/wp\/v2\/posts\/10616"}],"collection":[{"href":"https:\/\/www.edugestores.pe\/index.php?rest_route=\/wp\/v2\/posts"}],"about":[{"href":"https:\/\/www.edugestores.pe\/index.php?rest_route=\/wp\/v2\/types\/post"}],"author":[{"embeddable":true,"href":"https:\/\/www.edugestores.pe\/index.php?rest_route=\/wp\/v2\/users\/63"}],"replies":[{"embeddable":true,"href":"https:\/\/www.edugestores.pe\/index.php?rest_route=%2Fwp%2Fv2%2Fcomments&post=10616"}],"version-history":[{"count":3,"href":"https:\/\/www.edugestores.pe\/index.php?rest_route=\/wp\/v2\/posts\/10616\/revisions"}],"predecessor-version":[{"id":10620,"href":"https:\/\/www.edugestores.pe\/index.php?rest_route=\/wp\/v2\/posts\/10616\/revisions\/10620"}],"wp:featuredmedia":[{"embeddable":true,"href":"https:\/\/www.edugestores.pe\/index.php?rest_route=\/wp\/v2\/media\/10617"}],"wp:attachment":[{"href":"https:\/\/www.edugestores.pe\/index.php?rest_route=%2Fwp%2Fv2%2Fmedia&parent=10616"}],"wp:term":[{"taxonomy":"category","embeddable":true,"href":"https:\/\/www.edugestores.pe\/index.php?rest_route=%2Fwp%2Fv2%2Fcategories&post=10616"},{"taxonomy":"post_tag","embeddable":true,"href":"https:\/\/www.edugestores.pe\/index.php?rest_route=%2Fwp%2Fv2%2Ftags&post=10616"}],"curies":[{"name":"wp","href":"https:\/\/api.w.org\/{rel}","templated":true}]}}