{"id":10622,"date":"2016-03-20T19:35:19","date_gmt":"2016-03-21T00:35:19","guid":{"rendered":"https:\/\/www.edugestores.pe\/?p=10622"},"modified":"2016-03-31T18:47:28","modified_gmt":"2016-03-31T23:47:28","slug":"aceptando-un-debate-por-ricardo-cuenca","status":"publish","type":"post","link":"https:\/\/www.edugestores.pe\/?p=10622","title":{"rendered":"Aceptando un debate, por Ricardo Cuenca"},"content":{"rendered":"<div class=\"nota-autor\">\n<div class=\"row-autor\">\n<p>Por Ricardo Cuenca &#8211; Director general del Instituto de Estudios Peruanos (IEP)<\/p>\n<\/div>\n<\/div>\n<div class=\"nota-texto\">\n<p>De manera acertada, en un art\u00edculo publicado en estas p\u00e1ginas, el ministro Jaime Saavedra ha propuesto un debate (\u201cProponiendo un debate (m\u00e1s all\u00e1 de los gestos)\u201d, 4 de marzo del 2016). Como \u00e9l, creo que es bueno para el pa\u00eds discutir p\u00fablicamente temas esenciales. Coincidimos en que la educaci\u00f3n es uno de ellos. Pero, a diferencia de Saavedra, creo que el debate debe empezar por el qu\u00e9 \u2013ese en el que el ministro supone que todos estamos de acuerdo\u2013, para luego atender el c\u00f3mo y el cu\u00e1ndo.<\/p>\n<p>Cuando aludo al qu\u00e9, me estoy refiriendo a la finalidad de la educaci\u00f3n que, de un tiempo a esta parte, ha devenido en una confusa noci\u00f3n de calidad. Y es que antes de la irrupci\u00f3n de la calidad, los fines educativos se centraban en la formaci\u00f3n de personas para la construcci\u00f3n de un tipo de sociedad y de Estado. Hoy esos fines le han cedido el paso a los resultados de aprendizaje y han quedado atrapados en la idea, incompleta por cierto, que propone que todo existe en tanto sea posible de ser medido.<\/p>\n<p>Al vaciarse de sentido el sentido, la calidad educativa adopta con absoluta libertad formas distintas e incluso opuestas. Se vuelve un \u201csignificante vac\u00edo\u201d que entonces es llenado ocasionalmente con los triunfos de aquellos que ganan en las batallas por el poder. De esta manera, esa calidad se coloca en el centro de las pol\u00edticas, se apropia del sentido com\u00fan y se naturaliza como lo correcto, aun cuando no necesariamente sea as\u00ed.<\/p>\n<p>Por ejemplo, sostengo que no es calidad educativa que un grupo de estudiantes con\u00a0mejores habilidades y en mejores condiciones obtengan mejores resultados, mientras que estudiantes sin habilidades excepcionales y en malas condiciones obtengan peque\u00f1os resultados. Es cierto, los colegios de alto rendimiento (COAR) son \u2013como dice Saavedra\u2013 \u201ccentros que permiten que un ni\u00f1o brillante que naci\u00f3 en Condorcanqui, con padres con muy pocos recursos, logre una educaci\u00f3n que le permita acceder al bachillerato internacional\u201d. Sin embargo, la pregunta es: \u00bfCu\u00e1nto tiene que esperar un ni\u00f1o no brillante que naci\u00f3 en Condorcanqui, con padres con muy pocos recursos, para tener una buena escuela en su comunidad? \u00bfQu\u00e9 sucede con ellos?<\/p>\n<p>O, por el contrario, considero que s\u00ed es calidad educativa que todos los j\u00f3venes, independientemente de sus caracter\u00edsticas socioecon\u00f3micas, \u00e9tnico-culturales o familiares, tengan la garant\u00eda de que toda la oferta universitaria disponible opera en condiciones b\u00e1sicas de calidad. Porque, como sostiene el ministro: \u201cPareciera que no importase que sea un mercado imperfecto, en el que las decisiones son casi irreversibles&#8230;\u201d. Con la regulaci\u00f3n universitaria, el Estado cumple con su tarea de protegernos de inequidades y se asegura de que una persona mejor educada aportar\u00e1 m\u00e1s al desarrollo del pa\u00eds y al fortalecimiento de la democracia.<\/p>\n<p>Por eso es importante debatir sobre el qu\u00e9. La determinaci\u00f3n de ese qu\u00e9 y del sentido de educar permitir\u00e1 que la decisi\u00f3n de d\u00f3nde invertir primero y m\u00e1s cobre sentido, que la discusi\u00f3n sobre el gasto recurrente o el de capital salga de una trampa y que, adem\u00e1s del importante esfuerzo fiscal, se redistribuyan los recursos del sector, respondiendo a orientaciones preestablecidas.<\/p>\n<p>La estrategia de que una excelente y moderna locomotora arrastrar\u00e1 de mejor manera los vagones (a veces un tanto destartalados) para llegar a destino es solo una hip\u00f3tesis de trabajo y una perspectiva pol\u00edtica. Se trata, por lo tanto, de decisiones, de \u00e9nfasis, de prioridades que no son arbitrarias ni est\u00e1n libradas al azar. Administrar mejor la precariedad mientras se gestiona exitosamente la excelencia es un enorme riesgo en el futuro.<\/p>\n<p>Atendiendo a su llamado, ministro, iniciemos el debate sin demora. No dudo de que entre los desacuerdos y las coincidencias encontraremos la mejor manera de fortalecer la responsabilidad del Estado en el aseguramiento de una educaci\u00f3n de calidad para todos. Por lo pronto, yo estar\u00e9 siempre a favor de acabar con las desigualdades educativas. La calidad de algunos no es mejor educaci\u00f3n. Son solo mejores resultados. \u00bfC\u00f3mo cerramos esas brechas?<\/p>\n<p>Fuente: <a href=\"http:\/\/elcomercio.pe\/opinion\/colaboradores\/aceptando-debate-ricardo-cuenca-noticia-1887214?flsm=1\">El Comercio<\/a><\/p>\n<\/div>\n<div class=\"box-follow-fb\"><\/div>\n","protected":false},"excerpt":{"rendered":"<p>Por Ricardo Cuenca &#8211; Director general del Instituto de Estudios Peruanos (IEP) De manera acertada, en un art\u00edculo publicado en [&hellip;]<\/p>\n","protected":false},"author":63,"featured_media":10623,"comment_status":"open","ping_status":"open","sticky":false,"template":"","format":"standard","meta":{"spay_email":""},"categories":[125],"tags":[],"yoast_head":"<!-- This site is optimized with the Yoast SEO plugin v18.0 - https:\/\/yoast.com\/wordpress\/plugins\/seo\/ -->\n<title>Aceptando un debate, por Ricardo Cuenca - Red Peruana de Gestores de la Educaci\u00f3n<\/title>\n<meta name=\"robots\" content=\"index, follow, max-snippet:-1, max-image-preview:large, max-video-preview:-1\" \/>\n<link rel=\"canonical\" href=\"https:\/\/www.edugestores.pe\/?p=10622\" \/>\n<meta property=\"og:locale\" content=\"es_ES\" \/>\n<meta property=\"og:type\" content=\"article\" \/>\n<meta property=\"og:title\" content=\"Aceptando un debate, por Ricardo Cuenca - Red Peruana de Gestores de la Educaci\u00f3n\" \/>\n<meta property=\"og:description\" content=\"Por Ricardo Cuenca &#8211; Director general del Instituto de Estudios Peruanos (IEP) De manera acertada, en un art\u00edculo publicado en [&hellip;]\" \/>\n<meta property=\"og:url\" content=\"https:\/\/www.edugestores.pe\/?p=10622\" \/>\n<meta property=\"og:site_name\" content=\"Red Peruana de Gestores de la Educaci\u00f3n\" \/>\n<meta property=\"article:published_time\" content=\"2016-03-21T00:35:19+00:00\" \/>\n<meta property=\"article:modified_time\" content=\"2016-03-31T23:47:28+00:00\" \/>\n<meta property=\"og:image\" content=\"https:\/\/www.edugestores.pe\/wp-content\/uploads\/2016\/01\/cuenca.jpg\" \/>\n\t<meta property=\"og:image:width\" content=\"619\" \/>\n\t<meta property=\"og:image:height\" content=\"347\" \/>\n\t<meta property=\"og:image:type\" content=\"image\/jpeg\" \/>\n<meta name=\"twitter:card\" content=\"summary_large_image\" \/>\n<meta name=\"twitter:label1\" content=\"Escrito por\" \/>\n\t<meta name=\"twitter:data1\" content=\"Administrador\" \/>\n\t<meta name=\"twitter:label2\" content=\"Tiempo de lectura\" \/>\n\t<meta name=\"twitter:data2\" content=\"4 minutos\" \/>\n<script type=\"application\/ld+json\" class=\"yoast-schema-graph\">{\"@context\":\"https:\/\/schema.org\",\"@graph\":[{\"@type\":\"WebSite\",\"@id\":\"https:\/\/www.edugestores.pe\/#website\",\"url\":\"https:\/\/www.edugestores.pe\/\",\"name\":\"Red Peruana de Gestores de la Educaci\u00f3n\",\"description\":\"Red Peruana de Gestores de la Educaci\u00f3n\",\"potentialAction\":[{\"@type\":\"SearchAction\",\"target\":{\"@type\":\"EntryPoint\",\"urlTemplate\":\"https:\/\/www.edugestores.pe\/?s={search_term_string}\"},\"query-input\":\"required name=search_term_string\"}],\"inLanguage\":\"es\"},{\"@type\":\"ImageObject\",\"@id\":\"https:\/\/www.edugestores.pe\/?p=10622#primaryimage\",\"inLanguage\":\"es\",\"url\":\"https:\/\/www.edugestores.pe\/wp-content\/uploads\/2016\/01\/cuenca.jpg\",\"contentUrl\":\"https:\/\/www.edugestores.pe\/wp-content\/uploads\/2016\/01\/cuenca.jpg\",\"width\":619,\"height\":347},{\"@type\":\"WebPage\",\"@id\":\"https:\/\/www.edugestores.pe\/?p=10622#webpage\",\"url\":\"https:\/\/www.edugestores.pe\/?p=10622\",\"name\":\"Aceptando un debate, por Ricardo Cuenca - Red Peruana de Gestores de la Educaci\u00f3n\",\"isPartOf\":{\"@id\":\"https:\/\/www.edugestores.pe\/#website\"},\"primaryImageOfPage\":{\"@id\":\"https:\/\/www.edugestores.pe\/?p=10622#primaryimage\"},\"datePublished\":\"2016-03-21T00:35:19+00:00\",\"dateModified\":\"2016-03-31T23:47:28+00:00\",\"author\":{\"@id\":\"https:\/\/www.edugestores.pe\/#\/schema\/person\/30dc82f35f5853289037a64b35c7c7d3\"},\"breadcrumb\":{\"@id\":\"https:\/\/www.edugestores.pe\/?p=10622#breadcrumb\"},\"inLanguage\":\"es\",\"potentialAction\":[{\"@type\":\"ReadAction\",\"target\":[\"https:\/\/www.edugestores.pe\/?p=10622\"]}]},{\"@type\":\"BreadcrumbList\",\"@id\":\"https:\/\/www.edugestores.pe\/?p=10622#breadcrumb\",\"itemListElement\":[{\"@type\":\"ListItem\",\"position\":1,\"name\":\"Portada\",\"item\":\"https:\/\/www.edugestores.pe\/\"},{\"@type\":\"ListItem\",\"position\":2,\"name\":\"Aceptando un debate, por Ricardo Cuenca\"}]},{\"@type\":\"Person\",\"@id\":\"https:\/\/www.edugestores.pe\/#\/schema\/person\/30dc82f35f5853289037a64b35c7c7d3\",\"name\":\"Administrador\",\"image\":{\"@type\":\"ImageObject\",\"@id\":\"https:\/\/www.edugestores.pe\/#personlogo\",\"inLanguage\":\"es\",\"url\":\"https:\/\/secure.gravatar.com\/avatar\/70960d1239c4d2c778bb3d2786a3c1ae?s=96&d=mm&r=g\",\"contentUrl\":\"https:\/\/secure.gravatar.com\/avatar\/70960d1239c4d2c778bb3d2786a3c1ae?s=96&d=mm&r=g\",\"caption\":\"Administrador\"},\"url\":\"https:\/\/www.edugestores.pe\/?author=63\"}]}<\/script>\n<!-- \/ Yoast SEO plugin. -->","yoast_head_json":{"title":"Aceptando un debate, por Ricardo Cuenca - Red Peruana de Gestores de la Educaci\u00f3n","robots":{"index":"index","follow":"follow","max-snippet":"max-snippet:-1","max-image-preview":"max-image-preview:large","max-video-preview":"max-video-preview:-1"},"canonical":"https:\/\/www.edugestores.pe\/?p=10622","og_locale":"es_ES","og_type":"article","og_title":"Aceptando un debate, por Ricardo Cuenca - Red Peruana de Gestores de la Educaci\u00f3n","og_description":"Por Ricardo Cuenca &#8211; Director general del Instituto de Estudios Peruanos (IEP) De manera acertada, en un art\u00edculo publicado en [&hellip;]","og_url":"https:\/\/www.edugestores.pe\/?p=10622","og_site_name":"Red Peruana de Gestores de la Educaci\u00f3n","article_published_time":"2016-03-21T00:35:19+00:00","article_modified_time":"2016-03-31T23:47:28+00:00","og_image":[{"width":619,"height":347,"url":"https:\/\/www.edugestores.pe\/wp-content\/uploads\/2016\/01\/cuenca.jpg","type":"image\/jpeg"}],"twitter_card":"summary_large_image","twitter_misc":{"Escrito por":"Administrador","Tiempo de lectura":"4 minutos"},"schema":{"@context":"https:\/\/schema.org","@graph":[{"@type":"WebSite","@id":"https:\/\/www.edugestores.pe\/#website","url":"https:\/\/www.edugestores.pe\/","name":"Red Peruana de Gestores de la Educaci\u00f3n","description":"Red Peruana de Gestores de la Educaci\u00f3n","potentialAction":[{"@type":"SearchAction","target":{"@type":"EntryPoint","urlTemplate":"https:\/\/www.edugestores.pe\/?s={search_term_string}"},"query-input":"required name=search_term_string"}],"inLanguage":"es"},{"@type":"ImageObject","@id":"https:\/\/www.edugestores.pe\/?p=10622#primaryimage","inLanguage":"es","url":"https:\/\/www.edugestores.pe\/wp-content\/uploads\/2016\/01\/cuenca.jpg","contentUrl":"https:\/\/www.edugestores.pe\/wp-content\/uploads\/2016\/01\/cuenca.jpg","width":619,"height":347},{"@type":"WebPage","@id":"https:\/\/www.edugestores.pe\/?p=10622#webpage","url":"https:\/\/www.edugestores.pe\/?p=10622","name":"Aceptando un debate, por Ricardo Cuenca - Red Peruana de Gestores de la Educaci\u00f3n","isPartOf":{"@id":"https:\/\/www.edugestores.pe\/#website"},"primaryImageOfPage":{"@id":"https:\/\/www.edugestores.pe\/?p=10622#primaryimage"},"datePublished":"2016-03-21T00:35:19+00:00","dateModified":"2016-03-31T23:47:28+00:00","author":{"@id":"https:\/\/www.edugestores.pe\/#\/schema\/person\/30dc82f35f5853289037a64b35c7c7d3"},"breadcrumb":{"@id":"https:\/\/www.edugestores.pe\/?p=10622#breadcrumb"},"inLanguage":"es","potentialAction":[{"@type":"ReadAction","target":["https:\/\/www.edugestores.pe\/?p=10622"]}]},{"@type":"BreadcrumbList","@id":"https:\/\/www.edugestores.pe\/?p=10622#breadcrumb","itemListElement":[{"@type":"ListItem","position":1,"name":"Portada","item":"https:\/\/www.edugestores.pe\/"},{"@type":"ListItem","position":2,"name":"Aceptando un debate, por Ricardo Cuenca"}]},{"@type":"Person","@id":"https:\/\/www.edugestores.pe\/#\/schema\/person\/30dc82f35f5853289037a64b35c7c7d3","name":"Administrador","image":{"@type":"ImageObject","@id":"https:\/\/www.edugestores.pe\/#personlogo","inLanguage":"es","url":"https:\/\/secure.gravatar.com\/avatar\/70960d1239c4d2c778bb3d2786a3c1ae?s=96&d=mm&r=g","contentUrl":"https:\/\/secure.gravatar.com\/avatar\/70960d1239c4d2c778bb3d2786a3c1ae?s=96&d=mm&r=g","caption":"Administrador"},"url":"https:\/\/www.edugestores.pe\/?author=63"}]}},"jetpack_featured_media_url":"https:\/\/www.edugestores.pe\/wp-content\/uploads\/2016\/01\/cuenca.jpg","_links":{"self":[{"href":"https:\/\/www.edugestores.pe\/index.php?rest_route=\/wp\/v2\/posts\/10622"}],"collection":[{"href":"https:\/\/www.edugestores.pe\/index.php?rest_route=\/wp\/v2\/posts"}],"about":[{"href":"https:\/\/www.edugestores.pe\/index.php?rest_route=\/wp\/v2\/types\/post"}],"author":[{"embeddable":true,"href":"https:\/\/www.edugestores.pe\/index.php?rest_route=\/wp\/v2\/users\/63"}],"replies":[{"embeddable":true,"href":"https:\/\/www.edugestores.pe\/index.php?rest_route=%2Fwp%2Fv2%2Fcomments&post=10622"}],"version-history":[{"count":1,"href":"https:\/\/www.edugestores.pe\/index.php?rest_route=\/wp\/v2\/posts\/10622\/revisions"}],"predecessor-version":[{"id":10625,"href":"https:\/\/www.edugestores.pe\/index.php?rest_route=\/wp\/v2\/posts\/10622\/revisions\/10625"}],"wp:featuredmedia":[{"embeddable":true,"href":"https:\/\/www.edugestores.pe\/index.php?rest_route=\/wp\/v2\/media\/10623"}],"wp:attachment":[{"href":"https:\/\/www.edugestores.pe\/index.php?rest_route=%2Fwp%2Fv2%2Fmedia&parent=10622"}],"wp:term":[{"taxonomy":"category","embeddable":true,"href":"https:\/\/www.edugestores.pe\/index.php?rest_route=%2Fwp%2Fv2%2Fcategories&post=10622"},{"taxonomy":"post_tag","embeddable":true,"href":"https:\/\/www.edugestores.pe\/index.php?rest_route=%2Fwp%2Fv2%2Ftags&post=10622"}],"curies":[{"name":"wp","href":"https:\/\/api.w.org\/{rel}","templated":true}]}}