{"id":10632,"date":"2016-03-22T08:35:27","date_gmt":"2016-03-22T13:35:27","guid":{"rendered":"https:\/\/www.edugestores.pe\/?p=10632"},"modified":"2016-03-22T08:35:27","modified_gmt":"2016-03-22T13:35:27","slug":"piso-salarial-de-maestros-debe-subir-propuesta-frente-amplio","status":"publish","type":"post","link":"https:\/\/www.edugestores.pe\/?p=10632","title":{"rendered":"Piso salarial de maestros debe subir &#8211; Propuesta Frente Amplio"},"content":{"rendered":"<p>El secretario general del Sindicato \u00danico de Trabajadores del Per\u00fa (Sutep), Hamer Villena, consider\u00f3 adecuada la propuesta del Frente Amplio de aumentar el piso salarial a 2600 soles pero recomend\u00f3 que esto deber\u00eda hacerse teniendo en base el valor de la Unidad Impositiva Tributaria (UIT).<\/p>\n<p>\u201cLa UIT se reajusta de acuerdo a la econom\u00eda a\u00f1o tras a\u00f1o y crece siempre, porque la moneda se deval\u00faa. Antes ten\u00edamos un sueldo de 600 nuevos soles Toledo lo subi\u00f3 a 1000 pero se ha devaluado porque no se ha reajustado seg\u00fan la canasta b\u00e1sica\u201d, dijo tras recomendar a los candidatos presidenciales levantar las pensiones de los maestros.<\/p>\n<p>\u201cDe esta manera nuestros ingresos estar\u00edan de acuerdo a la canasta b\u00e1sica familiar. En promedio el costo de vida mensual est\u00e1 en 2800 soles y ese es el piso salarial al que deber\u00edamos llegar\u201d, refiri\u00f3, tras agregar \u201cSomos los profesionales peor pagados, porque somos los \u00fanicos que ganamos 1300 nuevos soles mensuales, un polic\u00eda gana 1800 nuevos soles\u201d.<\/p>\n<p>Villena critic\u00f3 que los jubilados del sector Educaci\u00f3n no tengan pensiones dignas y que lo que perciben por este concepto sea inferior al sueldo m\u00ednimo lo que dijo deber\u00eda reformularse a trav\u00e9s de la conformaci\u00f3n de una Comisi\u00f3n T\u00e9cnica liderada por el Poder Ejecutivo.<\/p>\n<p>\u201cUn cesante y jubilado del ministerio est\u00e1 percibiendo 680 nuevos soles que es menos del m\u00ednimo vital que es 750 soles. Nosotros estamos proponiendo una conformaci\u00f3n t\u00e9cnica para cambiar ese tema porque si es menor que el m\u00ednimo vital c\u00f3mo hace un docente para vivir con esa cantidad\u201d, cuestion\u00f3.<\/p>\n<p><strong>CRITICA AL MINEDU<\/strong><br \/>\nEl secretario general del Sutep consider\u00f3 que para mejorar la educaci\u00f3n a nivel nacional el pr\u00f3ximo gobierno deber\u00eda generar una ley que permita la descentralizaci\u00f3n de la gesti\u00f3n, ya que todo est\u00e1 centralizado en el Ministerio de Educaci\u00f3n.<\/p>\n<p>\u201cLos gobiernos regionales deber\u00edan realizar alguna de las funciones del ministerio. Ellos de acuerdo a su realidad deber\u00edan tomar decisiones y deber\u00edan velar por sus propios sistemas educativos. La nueva ley debe crear el nuevo Sistema Nacional de Educaci\u00f3n Rural, pero mejor ser\u00eda que le den a los gobiernos mayor poder de decisi\u00f3n que ahora no tienen\u201d, dijo.<\/p>\n<p>\u201cLos nombramientos, los concursos deber\u00edan hacerlos los gobiernos regionales. Esa es una propuesta para lograr una verdadera descentralizaci\u00f3n por lo menos en el sector educativo. Para eso est\u00e1n las ugeles y las direcciones regionales de educaci\u00f3n\u201d, refiri\u00f3, tras indicar que si bien el Ministerio de Educaci\u00f3n es el ente rector esto no significa que deba centralizar todo.<\/p>\n<p><strong>M\u00c1S DESARROLLO<\/strong><br \/>\nVillena critic\u00f3 que nuestro actual modelo educativo no fomenta la formaci\u00f3n de ciudadanos interesados en investigaci\u00f3n y recomend\u00f3 la implementaci\u00f3n de un proyecto nacional de desarrollo que nos permita convertirnos en un pa\u00eds industrializado.<\/p>\n<p>\u201cEsto implicar\u00eda que cada regi\u00f3n construya su proyecto regional de desarrollo porque los productos que tenemos var\u00edan de acuerdo a la costa, la selva o la sierra, entonces la educaci\u00f3n tendr\u00eda que brindarse a trav\u00e9s de un proyecto educativo acorde con el proyecto nacional y los proyectos regionales de desarrollo\u201d, dijo.<\/p>\n<p>Tras agregar, \u201csi en la zona de la costa tengo bastante pesca entonces necesito transformar la materia prima y convertirla en at\u00fan, en conservas, entonces la educaci\u00f3n de la costa tendr\u00eda que generar alumnos ciudadanos, t\u00e9cnicos de mando medio que se desarrollen en esas industrias transformando la materia prima\u201d.<\/p>\n<p><strong>MALA\u00a0INFRAESTRUCTURA<\/strong><br \/>\nVillena consider\u00f3 que la realidad que viven los alumnos es un factor que no ha mejorado en los \u00faltimos a\u00f1os. \u201cLo \u00fanico que se ha hecho es refaccionar. No se ha superado la brecha de infraestructura. Son 2232 instituciones que se necesitar\u00edan construir para tener educaci\u00f3n inicial en todo el Per\u00fa y estamos lejos de esta cifra\u201d, dijo.<\/p>\n<p>Tras agregar que en los \u00faltimos 20 a\u00f1os no se han construido nuevas instituciones educativas. \u201cNo hay una buena infraestructura que brinde las condiciones para que haya un buen aprendizaje. En \u00e9poca de fri\u00f3 una calamina resulta perjudicial y en \u00e9poca de calor afectan la salud de los estudiantes. En las zonas rurales la infraestructura es deficiente\u201d.<\/p>\n<p><strong>PROYECTO NACIONAL<\/strong><br \/>\n\u201cLo primero que tiene que hacer Ver\u00f3nika Mendoza es un proyecto nacional de desarrollo, es decir, reunir a los gobiernos regionales y preguntarles qu\u00e9 potencial tienen en su regi\u00f3n y a partir de esto orientar la educaci\u00f3n seg\u00fan esta realidad. Repotenciar la industria ganadera o la pesquera seg\u00fan la regi\u00f3n, pero teniendo como base un proyecto educativo de desarrollo\u201d, recomend\u00f3 Villena.<\/p>\n<p><strong>CAMBIO DE MODELO<\/strong><br \/>\nVillena consider\u00f3 que todo el sistema educativo no va a cambiar si no se hace una verdadera diversificaci\u00f3n econ\u00f3mica. \u201cNo hay una propuesta para cambiar el modelo econ\u00f3mico. Hay una propuesta para mantener el modelo educativo en base a mantener el modelo econ\u00f3mico\u201d, critic\u00f3; sin embargo acept\u00f3 que la candidatura de Mendoza es una de las pocas que propone cambiar las pol\u00edticas econ\u00f3micas en el pa\u00eds.<\/p>\n<p><strong>INICIO DE CLASES<\/strong><br \/>\nVillena critic\u00f3 a las autoridades de este gobierno por haber decretado el inicio de clases a inicios del mes de marzo a nivel nacional e hizo un llamado a la nueva gesti\u00f3n nacional a delegar la fecha para el inicio de clases a los gobiernos regionales ya que los tiempos que ellos manejan no son los mismos de la capital.<\/p>\n<p>\u201cEl reclamo del sindicato es permanente desde hace 20 a\u00f1os. Ahora no hay condiciones para empezar las labores, primero por la diversidad geogr\u00e1fica que tiene el Per\u00fa los cambios de climas, las zonas que no se ajustan a una sola fecha de inicio de clases, pero el ministro de Educaci\u00f3n tercamente opta por fijar una sola fecha\u201d, critic\u00f3.<\/p>\n<p>\u201cNuestra solicitud y propuesta ha sido que los gobiernos regionales tomen las decisiones para el inicio de clases considerando el efecto clim\u00e1tico, el fen\u00f3meno El Ni\u00f1o, la deficiente infraestructura, la ausencia del desayuno escolar y tambi\u00e9n el clima institucional porque un padre mal pagado no esta preparado para ello entonces creo que no hay las mejores condiciones para un inicio de clases\u201d, agreg\u00f3 Villlena.<\/p>\n","protected":false},"excerpt":{"rendered":"<p>El secretario general del Sindicato \u00danico de Trabajadores del Per\u00fa (Sutep), Hamer Villena, consider\u00f3 adecuada la propuesta del Frente Amplio [&hellip;]<\/p>\n","protected":false},"author":63,"featured_media":10633,"comment_status":"open","ping_status":"open","sticky":false,"template":"","format":"standard","meta":{"spay_email":""},"categories":[125],"tags":[],"yoast_head":"<!-- This site is optimized with the Yoast SEO plugin v18.0 - https:\/\/yoast.com\/wordpress\/plugins\/seo\/ -->\n<title>Piso salarial de maestros debe subir - Propuesta Frente Amplio - Red Peruana de Gestores de la Educaci\u00f3n<\/title>\n<meta name=\"robots\" content=\"index, follow, max-snippet:-1, max-image-preview:large, max-video-preview:-1\" \/>\n<link rel=\"canonical\" href=\"https:\/\/www.edugestores.pe\/?p=10632\" \/>\n<meta property=\"og:locale\" content=\"es_ES\" \/>\n<meta property=\"og:type\" content=\"article\" \/>\n<meta property=\"og:title\" content=\"Piso salarial de maestros debe subir - Propuesta Frente Amplio - Red Peruana de Gestores de la Educaci\u00f3n\" \/>\n<meta property=\"og:description\" content=\"El secretario general del Sindicato \u00danico de Trabajadores del Per\u00fa (Sutep), Hamer Villena, consider\u00f3 adecuada la propuesta del Frente Amplio [&hellip;]\" \/>\n<meta property=\"og:url\" content=\"https:\/\/www.edugestores.pe\/?p=10632\" \/>\n<meta property=\"og:site_name\" content=\"Red Peruana de Gestores de la Educaci\u00f3n\" \/>\n<meta property=\"article:published_time\" content=\"2016-03-22T13:35:27+00:00\" \/>\n<meta property=\"og:image\" content=\"https:\/\/www.edugestores.pe\/wp-content\/uploads\/2016\/03\/frente-amplio-2.jpg\" \/>\n\t<meta property=\"og:image:width\" content=\"500\" \/>\n\t<meta property=\"og:image:height\" content=\"350\" \/>\n\t<meta property=\"og:image:type\" content=\"image\/jpeg\" \/>\n<meta name=\"twitter:card\" content=\"summary_large_image\" \/>\n<meta name=\"twitter:label1\" content=\"Escrito por\" \/>\n\t<meta name=\"twitter:data1\" content=\"Administrador\" \/>\n\t<meta name=\"twitter:label2\" content=\"Tiempo de lectura\" \/>\n\t<meta name=\"twitter:data2\" content=\"5 minutos\" \/>\n<script type=\"application\/ld+json\" class=\"yoast-schema-graph\">{\"@context\":\"https:\/\/schema.org\",\"@graph\":[{\"@type\":\"WebSite\",\"@id\":\"https:\/\/www.edugestores.pe\/#website\",\"url\":\"https:\/\/www.edugestores.pe\/\",\"name\":\"Red Peruana de Gestores de la Educaci\u00f3n\",\"description\":\"Red Peruana de Gestores de la Educaci\u00f3n\",\"potentialAction\":[{\"@type\":\"SearchAction\",\"target\":{\"@type\":\"EntryPoint\",\"urlTemplate\":\"https:\/\/www.edugestores.pe\/?s={search_term_string}\"},\"query-input\":\"required name=search_term_string\"}],\"inLanguage\":\"es\"},{\"@type\":\"ImageObject\",\"@id\":\"https:\/\/www.edugestores.pe\/?p=10632#primaryimage\",\"inLanguage\":\"es\",\"url\":\"https:\/\/www.edugestores.pe\/wp-content\/uploads\/2016\/03\/frente-amplio-2.jpg\",\"contentUrl\":\"https:\/\/www.edugestores.pe\/wp-content\/uploads\/2016\/03\/frente-amplio-2.jpg\",\"width\":500,\"height\":350},{\"@type\":\"WebPage\",\"@id\":\"https:\/\/www.edugestores.pe\/?p=10632#webpage\",\"url\":\"https:\/\/www.edugestores.pe\/?p=10632\",\"name\":\"Piso salarial de maestros debe subir - Propuesta Frente Amplio - Red Peruana de Gestores de la Educaci\u00f3n\",\"isPartOf\":{\"@id\":\"https:\/\/www.edugestores.pe\/#website\"},\"primaryImageOfPage\":{\"@id\":\"https:\/\/www.edugestores.pe\/?p=10632#primaryimage\"},\"datePublished\":\"2016-03-22T13:35:27+00:00\",\"dateModified\":\"2016-03-22T13:35:27+00:00\",\"author\":{\"@id\":\"https:\/\/www.edugestores.pe\/#\/schema\/person\/30dc82f35f5853289037a64b35c7c7d3\"},\"breadcrumb\":{\"@id\":\"https:\/\/www.edugestores.pe\/?p=10632#breadcrumb\"},\"inLanguage\":\"es\",\"potentialAction\":[{\"@type\":\"ReadAction\",\"target\":[\"https:\/\/www.edugestores.pe\/?p=10632\"]}]},{\"@type\":\"BreadcrumbList\",\"@id\":\"https:\/\/www.edugestores.pe\/?p=10632#breadcrumb\",\"itemListElement\":[{\"@type\":\"ListItem\",\"position\":1,\"name\":\"Portada\",\"item\":\"https:\/\/www.edugestores.pe\/\"},{\"@type\":\"ListItem\",\"position\":2,\"name\":\"Piso salarial de maestros debe subir &#8211; Propuesta Frente Amplio\"}]},{\"@type\":\"Person\",\"@id\":\"https:\/\/www.edugestores.pe\/#\/schema\/person\/30dc82f35f5853289037a64b35c7c7d3\",\"name\":\"Administrador\",\"image\":{\"@type\":\"ImageObject\",\"@id\":\"https:\/\/www.edugestores.pe\/#personlogo\",\"inLanguage\":\"es\",\"url\":\"https:\/\/secure.gravatar.com\/avatar\/70960d1239c4d2c778bb3d2786a3c1ae?s=96&d=mm&r=g\",\"contentUrl\":\"https:\/\/secure.gravatar.com\/avatar\/70960d1239c4d2c778bb3d2786a3c1ae?s=96&d=mm&r=g\",\"caption\":\"Administrador\"},\"url\":\"https:\/\/www.edugestores.pe\/?author=63\"}]}<\/script>\n<!-- \/ Yoast SEO plugin. -->","yoast_head_json":{"title":"Piso salarial de maestros debe subir - Propuesta Frente Amplio - Red Peruana de Gestores de la Educaci\u00f3n","robots":{"index":"index","follow":"follow","max-snippet":"max-snippet:-1","max-image-preview":"max-image-preview:large","max-video-preview":"max-video-preview:-1"},"canonical":"https:\/\/www.edugestores.pe\/?p=10632","og_locale":"es_ES","og_type":"article","og_title":"Piso salarial de maestros debe subir - Propuesta Frente Amplio - Red Peruana de Gestores de la Educaci\u00f3n","og_description":"El secretario general del Sindicato \u00danico de Trabajadores del Per\u00fa (Sutep), Hamer Villena, consider\u00f3 adecuada la propuesta del Frente Amplio [&hellip;]","og_url":"https:\/\/www.edugestores.pe\/?p=10632","og_site_name":"Red Peruana de Gestores de la Educaci\u00f3n","article_published_time":"2016-03-22T13:35:27+00:00","og_image":[{"width":500,"height":350,"url":"https:\/\/www.edugestores.pe\/wp-content\/uploads\/2016\/03\/frente-amplio-2.jpg","type":"image\/jpeg"}],"twitter_card":"summary_large_image","twitter_misc":{"Escrito por":"Administrador","Tiempo de lectura":"5 minutos"},"schema":{"@context":"https:\/\/schema.org","@graph":[{"@type":"WebSite","@id":"https:\/\/www.edugestores.pe\/#website","url":"https:\/\/www.edugestores.pe\/","name":"Red Peruana de Gestores de la Educaci\u00f3n","description":"Red Peruana de Gestores de la Educaci\u00f3n","potentialAction":[{"@type":"SearchAction","target":{"@type":"EntryPoint","urlTemplate":"https:\/\/www.edugestores.pe\/?s={search_term_string}"},"query-input":"required name=search_term_string"}],"inLanguage":"es"},{"@type":"ImageObject","@id":"https:\/\/www.edugestores.pe\/?p=10632#primaryimage","inLanguage":"es","url":"https:\/\/www.edugestores.pe\/wp-content\/uploads\/2016\/03\/frente-amplio-2.jpg","contentUrl":"https:\/\/www.edugestores.pe\/wp-content\/uploads\/2016\/03\/frente-amplio-2.jpg","width":500,"height":350},{"@type":"WebPage","@id":"https:\/\/www.edugestores.pe\/?p=10632#webpage","url":"https:\/\/www.edugestores.pe\/?p=10632","name":"Piso salarial de maestros debe subir - Propuesta Frente Amplio - Red Peruana de Gestores de la Educaci\u00f3n","isPartOf":{"@id":"https:\/\/www.edugestores.pe\/#website"},"primaryImageOfPage":{"@id":"https:\/\/www.edugestores.pe\/?p=10632#primaryimage"},"datePublished":"2016-03-22T13:35:27+00:00","dateModified":"2016-03-22T13:35:27+00:00","author":{"@id":"https:\/\/www.edugestores.pe\/#\/schema\/person\/30dc82f35f5853289037a64b35c7c7d3"},"breadcrumb":{"@id":"https:\/\/www.edugestores.pe\/?p=10632#breadcrumb"},"inLanguage":"es","potentialAction":[{"@type":"ReadAction","target":["https:\/\/www.edugestores.pe\/?p=10632"]}]},{"@type":"BreadcrumbList","@id":"https:\/\/www.edugestores.pe\/?p=10632#breadcrumb","itemListElement":[{"@type":"ListItem","position":1,"name":"Portada","item":"https:\/\/www.edugestores.pe\/"},{"@type":"ListItem","position":2,"name":"Piso salarial de maestros debe subir &#8211; Propuesta Frente Amplio"}]},{"@type":"Person","@id":"https:\/\/www.edugestores.pe\/#\/schema\/person\/30dc82f35f5853289037a64b35c7c7d3","name":"Administrador","image":{"@type":"ImageObject","@id":"https:\/\/www.edugestores.pe\/#personlogo","inLanguage":"es","url":"https:\/\/secure.gravatar.com\/avatar\/70960d1239c4d2c778bb3d2786a3c1ae?s=96&d=mm&r=g","contentUrl":"https:\/\/secure.gravatar.com\/avatar\/70960d1239c4d2c778bb3d2786a3c1ae?s=96&d=mm&r=g","caption":"Administrador"},"url":"https:\/\/www.edugestores.pe\/?author=63"}]}},"jetpack_featured_media_url":"https:\/\/www.edugestores.pe\/wp-content\/uploads\/2016\/03\/frente-amplio-2.jpg","_links":{"self":[{"href":"https:\/\/www.edugestores.pe\/index.php?rest_route=\/wp\/v2\/posts\/10632"}],"collection":[{"href":"https:\/\/www.edugestores.pe\/index.php?rest_route=\/wp\/v2\/posts"}],"about":[{"href":"https:\/\/www.edugestores.pe\/index.php?rest_route=\/wp\/v2\/types\/post"}],"author":[{"embeddable":true,"href":"https:\/\/www.edugestores.pe\/index.php?rest_route=\/wp\/v2\/users\/63"}],"replies":[{"embeddable":true,"href":"https:\/\/www.edugestores.pe\/index.php?rest_route=%2Fwp%2Fv2%2Fcomments&post=10632"}],"version-history":[{"count":1,"href":"https:\/\/www.edugestores.pe\/index.php?rest_route=\/wp\/v2\/posts\/10632\/revisions"}],"predecessor-version":[{"id":10634,"href":"https:\/\/www.edugestores.pe\/index.php?rest_route=\/wp\/v2\/posts\/10632\/revisions\/10634"}],"wp:featuredmedia":[{"embeddable":true,"href":"https:\/\/www.edugestores.pe\/index.php?rest_route=\/wp\/v2\/media\/10633"}],"wp:attachment":[{"href":"https:\/\/www.edugestores.pe\/index.php?rest_route=%2Fwp%2Fv2%2Fmedia&parent=10632"}],"wp:term":[{"taxonomy":"category","embeddable":true,"href":"https:\/\/www.edugestores.pe\/index.php?rest_route=%2Fwp%2Fv2%2Fcategories&post=10632"},{"taxonomy":"post_tag","embeddable":true,"href":"https:\/\/www.edugestores.pe\/index.php?rest_route=%2Fwp%2Fv2%2Ftags&post=10632"}],"curies":[{"name":"wp","href":"https:\/\/api.w.org\/{rel}","templated":true}]}}