{"id":10694,"date":"2016-03-29T08:40:30","date_gmt":"2016-03-29T13:40:30","guid":{"rendered":"https:\/\/www.edugestores.pe\/?p=10694"},"modified":"2016-04-07T10:02:22","modified_gmt":"2016-04-07T15:02:22","slug":"debate-electoral-asi-sera-los-cara-a-cara-de-los-candidatos-presidenciales","status":"publish","type":"post","link":"https:\/\/www.edugestores.pe\/?p=10694","title":{"rendered":"Debate electoral: As\u00ed ser\u00e1 los cara a cara de los candidatos presidenciales"},"content":{"rendered":"<p>El pr\u00f3ximo 3 de abril se realizar\u00e1 el debate presidencial organizado por el Jurado Nacional de Elecciones (JNE), IDEA Internacional y el Consorcio de Investigaci\u00f3n Econ\u00f3mica y Social (CIES).<\/p>\n<p>Las parejas <a href=\"http:\/\/rpp.pe\/politica\/elecciones\/debate-electoral-asi-sera-los-cara-a-cara-de-los-candidatos-presidenciales-noticia-949222\" target=\"_blank\">ya estaban formadas<\/a> para el esperado debate, pero debido a la salida de algunos candidatos,\u00a0de la contienda, las duplas quedar\u00edan definidas de la siguiente forma:<\/p>\n<p>1. Alan Garc\u00eda (Alianza Popular) versus Fernando Olivera (Frente Esperanza).<\/p>\n<p>2. Pedro Pablo Kuczcynski (Peruanos Por el Kambio) versus Antero Fl\u00f3res-Araoz (Partido Orden).<\/p>\n<p>3. Alfredo Barnechea (Acci\u00f3n Popular) versus Gregorio Santos (Democracia Directa).<\/p>\n<p>4. Keiko Fujimori (Fuerza Popular) versus Miguel Hilario (Progresando Per\u00fa).<\/p>\n<p>5. Ver\u00f3nika Mendoza (Frente Amplio) versus\u00a0Alejandro Toledo (Per\u00fa Posible).<\/p>\n<p><strong>Tres bloques.\u00a0<\/strong>La coordinadora de proyectos del Consorcio de Investigaci\u00f3n Econ\u00f3mica y Social (CIES), Luz Gamarra, explic\u00f3 que el debate contar\u00e1 con tres bloques: el primero de ellos los postulantes responder\u00e1n las preguntas de la ciudadan\u00eda recabadas a trav\u00e9s de la campa\u00f1a &#8220;Preg\u00fantale a tu candidat@&#8221;.<\/p>\n<div class=\"ads\" data-x=\"{&quot;type&quot;:&quot;ads&quot;,&quot;position&quot;:&quot;Interna1&quot;}\">\n<div id=\"eplAdDivInterna1\"><strong>Temas de discusi\u00f3n.\u00a0<\/strong>El debate tendr\u00e1 entre sus pilares de discusi\u00f3n temas relacionados con la lucha contra la corrupci\u00f3n, seguridad ciudadana y diversos aspectos relacionados con el desarrollo del pa\u00eds.<\/div>\n<\/div>\n<p>&nbsp;<\/p>\n<div class=\"media\">\n<figure>\n<div class=\"cover\"><img decoding=\"async\" class=\"x-lazy\" title=\"El debate es organizado por el Jurado Nacional de Elecciones (JNE), IDEA Internacional y el Consorcio de Investigaci\u00f3n Econ\u00f3mica y Social (CIES).\" src=\"http:\/\/e.rpp-noticias.io\/normal\/2016\/03\/29\/305230_107550.jpg\" alt=\"El debate es organizado por el Jurado Nacional de Elecciones (JNE), IDEA Internacional y el Consorcio de Investigaci\u00f3n Econ\u00f3mica y Social (CIES).\" data-x=\"{&quot;content&quot;:&quot;http:\/\/e.rpp-noticias.io\/normal\/2016\/03\/29\/305230_107550.jpg&quot;}\" \/><\/div><figcaption>El debate es organizado por el Jurado Nacional de Elecciones (JNE), IDEA Internacional y el Consorcio de Investigaci\u00f3n Econ\u00f3mica y Social (CIES). | <strong>Fuente:<\/strong> Andina\/Referencial<\/figcaption><\/figure>\n<\/div>\n<p>&nbsp;<\/p>\n<p>El evento tratar\u00e1 tambi\u00e9n aspectos de salud, desarrollo sostenible y ambiente, pol\u00edticas de ciencia y educaci\u00f3n, desarrollo econ\u00f3mico, desarrollo social, pol\u00edticas de reforma del Estado, infraestructura y derechos humanos.<\/p>\n<p>El debate se realizar\u00e1 el domingo 3 de abril, en el Centro de Convenciones de Lima, a las ocho de la noche. Los periodistas Jos\u00e9 Mar\u00eda Salcedo y M\u00e1vila Huertas ser\u00e1n los moderadores del evento. El debate ser\u00e1 transmitido por TV Per\u00fa.<\/p>\n<p>Fuente: <a href=\"http:\/\/rpp.pe\/politica\/elecciones\/debate-electoral-asi-sera-los-cara-a-cara-de-los-candidatos-presidenciales-noticia-949222?ns_source=self&amp;ns_mchannel=portada.home&amp;ns_campaign=content.destacadas&amp;ns_linkname=1&amp;utm_source=emBlue%20-%20Newsletter%20RPP&amp;utm_medium=email&amp;utm_term=&amp;utm_content=&amp;utm_campaign=Newsletter%20RPP%20-%2029%20marzo\">RPP<\/a><\/p>\n","protected":false},"excerpt":{"rendered":"<p>El pr\u00f3ximo 3 de abril se realizar\u00e1 el debate presidencial organizado por el Jurado Nacional de Elecciones (JNE), IDEA Internacional [&hellip;]<\/p>\n","protected":false},"author":63,"featured_media":10707,"comment_status":"open","ping_status":"open","sticky":false,"template":"","format":"standard","meta":{"spay_email":""},"categories":[125],"tags":[],"yoast_head":"<!-- This site is optimized with the Yoast SEO plugin v18.0 - https:\/\/yoast.com\/wordpress\/plugins\/seo\/ -->\n<title>Debate electoral: As\u00ed ser\u00e1 los cara a cara de los candidatos presidenciales - Red Peruana de Gestores de la Educaci\u00f3n<\/title>\n<meta name=\"robots\" content=\"index, follow, max-snippet:-1, max-image-preview:large, max-video-preview:-1\" \/>\n<link rel=\"canonical\" href=\"https:\/\/www.edugestores.pe\/?p=10694\" \/>\n<meta property=\"og:locale\" content=\"es_ES\" \/>\n<meta property=\"og:type\" content=\"article\" \/>\n<meta property=\"og:title\" content=\"Debate electoral: As\u00ed ser\u00e1 los cara a cara de los candidatos presidenciales - Red Peruana de Gestores de la Educaci\u00f3n\" \/>\n<meta property=\"og:description\" content=\"El pr\u00f3ximo 3 de abril se realizar\u00e1 el debate presidencial organizado por el Jurado Nacional de Elecciones (JNE), IDEA Internacional [&hellip;]\" \/>\n<meta property=\"og:url\" content=\"https:\/\/www.edugestores.pe\/?p=10694\" \/>\n<meta property=\"og:site_name\" content=\"Red Peruana de Gestores de la Educaci\u00f3n\" \/>\n<meta property=\"article:published_time\" content=\"2016-03-29T13:40:30+00:00\" \/>\n<meta property=\"article:modified_time\" content=\"2016-04-07T15:02:22+00:00\" \/>\n<meta property=\"og:image\" content=\"https:\/\/www.edugestores.pe\/wp-content\/uploads\/2016\/03\/versus-electural.jpg\" \/>\n\t<meta property=\"og:image:width\" content=\"604\" \/>\n\t<meta property=\"og:image:height\" content=\"340\" \/>\n\t<meta property=\"og:image:type\" content=\"image\/jpeg\" \/>\n<meta name=\"twitter:card\" content=\"summary_large_image\" \/>\n<meta name=\"twitter:label1\" content=\"Escrito por\" \/>\n\t<meta name=\"twitter:data1\" content=\"Administrador\" \/>\n\t<meta name=\"twitter:label2\" content=\"Tiempo de lectura\" \/>\n\t<meta name=\"twitter:data2\" content=\"2 minutos\" \/>\n<script type=\"application\/ld+json\" class=\"yoast-schema-graph\">{\"@context\":\"https:\/\/schema.org\",\"@graph\":[{\"@type\":\"WebSite\",\"@id\":\"https:\/\/www.edugestores.pe\/#website\",\"url\":\"https:\/\/www.edugestores.pe\/\",\"name\":\"Red Peruana de Gestores de la Educaci\u00f3n\",\"description\":\"Red Peruana de Gestores de la Educaci\u00f3n\",\"potentialAction\":[{\"@type\":\"SearchAction\",\"target\":{\"@type\":\"EntryPoint\",\"urlTemplate\":\"https:\/\/www.edugestores.pe\/?s={search_term_string}\"},\"query-input\":\"required name=search_term_string\"}],\"inLanguage\":\"es\"},{\"@type\":\"ImageObject\",\"@id\":\"https:\/\/www.edugestores.pe\/?p=10694#primaryimage\",\"inLanguage\":\"es\",\"url\":\"https:\/\/www.edugestores.pe\/wp-content\/uploads\/2016\/03\/versus-electural.jpg\",\"contentUrl\":\"https:\/\/www.edugestores.pe\/wp-content\/uploads\/2016\/03\/versus-electural.jpg\",\"width\":604,\"height\":340},{\"@type\":\"WebPage\",\"@id\":\"https:\/\/www.edugestores.pe\/?p=10694#webpage\",\"url\":\"https:\/\/www.edugestores.pe\/?p=10694\",\"name\":\"Debate electoral: As\u00ed ser\u00e1 los cara a cara de los candidatos presidenciales - Red Peruana de Gestores de la Educaci\u00f3n\",\"isPartOf\":{\"@id\":\"https:\/\/www.edugestores.pe\/#website\"},\"primaryImageOfPage\":{\"@id\":\"https:\/\/www.edugestores.pe\/?p=10694#primaryimage\"},\"datePublished\":\"2016-03-29T13:40:30+00:00\",\"dateModified\":\"2016-04-07T15:02:22+00:00\",\"author\":{\"@id\":\"https:\/\/www.edugestores.pe\/#\/schema\/person\/30dc82f35f5853289037a64b35c7c7d3\"},\"breadcrumb\":{\"@id\":\"https:\/\/www.edugestores.pe\/?p=10694#breadcrumb\"},\"inLanguage\":\"es\",\"potentialAction\":[{\"@type\":\"ReadAction\",\"target\":[\"https:\/\/www.edugestores.pe\/?p=10694\"]}]},{\"@type\":\"BreadcrumbList\",\"@id\":\"https:\/\/www.edugestores.pe\/?p=10694#breadcrumb\",\"itemListElement\":[{\"@type\":\"ListItem\",\"position\":1,\"name\":\"Portada\",\"item\":\"https:\/\/www.edugestores.pe\/\"},{\"@type\":\"ListItem\",\"position\":2,\"name\":\"Debate electoral: As\u00ed ser\u00e1 los cara a cara de los candidatos presidenciales\"}]},{\"@type\":\"Person\",\"@id\":\"https:\/\/www.edugestores.pe\/#\/schema\/person\/30dc82f35f5853289037a64b35c7c7d3\",\"name\":\"Administrador\",\"image\":{\"@type\":\"ImageObject\",\"@id\":\"https:\/\/www.edugestores.pe\/#personlogo\",\"inLanguage\":\"es\",\"url\":\"https:\/\/secure.gravatar.com\/avatar\/70960d1239c4d2c778bb3d2786a3c1ae?s=96&d=mm&r=g\",\"contentUrl\":\"https:\/\/secure.gravatar.com\/avatar\/70960d1239c4d2c778bb3d2786a3c1ae?s=96&d=mm&r=g\",\"caption\":\"Administrador\"},\"url\":\"https:\/\/www.edugestores.pe\/?author=63\"}]}<\/script>\n<!-- \/ Yoast SEO plugin. -->","yoast_head_json":{"title":"Debate electoral: As\u00ed ser\u00e1 los cara a cara de los candidatos presidenciales - Red Peruana de Gestores de la Educaci\u00f3n","robots":{"index":"index","follow":"follow","max-snippet":"max-snippet:-1","max-image-preview":"max-image-preview:large","max-video-preview":"max-video-preview:-1"},"canonical":"https:\/\/www.edugestores.pe\/?p=10694","og_locale":"es_ES","og_type":"article","og_title":"Debate electoral: As\u00ed ser\u00e1 los cara a cara de los candidatos presidenciales - Red Peruana de Gestores de la Educaci\u00f3n","og_description":"El pr\u00f3ximo 3 de abril se realizar\u00e1 el debate presidencial organizado por el Jurado Nacional de Elecciones (JNE), IDEA Internacional [&hellip;]","og_url":"https:\/\/www.edugestores.pe\/?p=10694","og_site_name":"Red Peruana de Gestores de la Educaci\u00f3n","article_published_time":"2016-03-29T13:40:30+00:00","article_modified_time":"2016-04-07T15:02:22+00:00","og_image":[{"width":604,"height":340,"url":"https:\/\/www.edugestores.pe\/wp-content\/uploads\/2016\/03\/versus-electural.jpg","type":"image\/jpeg"}],"twitter_card":"summary_large_image","twitter_misc":{"Escrito por":"Administrador","Tiempo de lectura":"2 minutos"},"schema":{"@context":"https:\/\/schema.org","@graph":[{"@type":"WebSite","@id":"https:\/\/www.edugestores.pe\/#website","url":"https:\/\/www.edugestores.pe\/","name":"Red Peruana de Gestores de la Educaci\u00f3n","description":"Red Peruana de Gestores de la Educaci\u00f3n","potentialAction":[{"@type":"SearchAction","target":{"@type":"EntryPoint","urlTemplate":"https:\/\/www.edugestores.pe\/?s={search_term_string}"},"query-input":"required name=search_term_string"}],"inLanguage":"es"},{"@type":"ImageObject","@id":"https:\/\/www.edugestores.pe\/?p=10694#primaryimage","inLanguage":"es","url":"https:\/\/www.edugestores.pe\/wp-content\/uploads\/2016\/03\/versus-electural.jpg","contentUrl":"https:\/\/www.edugestores.pe\/wp-content\/uploads\/2016\/03\/versus-electural.jpg","width":604,"height":340},{"@type":"WebPage","@id":"https:\/\/www.edugestores.pe\/?p=10694#webpage","url":"https:\/\/www.edugestores.pe\/?p=10694","name":"Debate electoral: As\u00ed ser\u00e1 los cara a cara de los candidatos presidenciales - Red Peruana de Gestores de la Educaci\u00f3n","isPartOf":{"@id":"https:\/\/www.edugestores.pe\/#website"},"primaryImageOfPage":{"@id":"https:\/\/www.edugestores.pe\/?p=10694#primaryimage"},"datePublished":"2016-03-29T13:40:30+00:00","dateModified":"2016-04-07T15:02:22+00:00","author":{"@id":"https:\/\/www.edugestores.pe\/#\/schema\/person\/30dc82f35f5853289037a64b35c7c7d3"},"breadcrumb":{"@id":"https:\/\/www.edugestores.pe\/?p=10694#breadcrumb"},"inLanguage":"es","potentialAction":[{"@type":"ReadAction","target":["https:\/\/www.edugestores.pe\/?p=10694"]}]},{"@type":"BreadcrumbList","@id":"https:\/\/www.edugestores.pe\/?p=10694#breadcrumb","itemListElement":[{"@type":"ListItem","position":1,"name":"Portada","item":"https:\/\/www.edugestores.pe\/"},{"@type":"ListItem","position":2,"name":"Debate electoral: As\u00ed ser\u00e1 los cara a cara de los candidatos presidenciales"}]},{"@type":"Person","@id":"https:\/\/www.edugestores.pe\/#\/schema\/person\/30dc82f35f5853289037a64b35c7c7d3","name":"Administrador","image":{"@type":"ImageObject","@id":"https:\/\/www.edugestores.pe\/#personlogo","inLanguage":"es","url":"https:\/\/secure.gravatar.com\/avatar\/70960d1239c4d2c778bb3d2786a3c1ae?s=96&d=mm&r=g","contentUrl":"https:\/\/secure.gravatar.com\/avatar\/70960d1239c4d2c778bb3d2786a3c1ae?s=96&d=mm&r=g","caption":"Administrador"},"url":"https:\/\/www.edugestores.pe\/?author=63"}]}},"jetpack_featured_media_url":"https:\/\/www.edugestores.pe\/wp-content\/uploads\/2016\/03\/versus-electural.jpg","_links":{"self":[{"href":"https:\/\/www.edugestores.pe\/index.php?rest_route=\/wp\/v2\/posts\/10694"}],"collection":[{"href":"https:\/\/www.edugestores.pe\/index.php?rest_route=\/wp\/v2\/posts"}],"about":[{"href":"https:\/\/www.edugestores.pe\/index.php?rest_route=\/wp\/v2\/types\/post"}],"author":[{"embeddable":true,"href":"https:\/\/www.edugestores.pe\/index.php?rest_route=\/wp\/v2\/users\/63"}],"replies":[{"embeddable":true,"href":"https:\/\/www.edugestores.pe\/index.php?rest_route=%2Fwp%2Fv2%2Fcomments&post=10694"}],"version-history":[{"count":4,"href":"https:\/\/www.edugestores.pe\/index.php?rest_route=\/wp\/v2\/posts\/10694\/revisions"}],"predecessor-version":[{"id":10709,"href":"https:\/\/www.edugestores.pe\/index.php?rest_route=\/wp\/v2\/posts\/10694\/revisions\/10709"}],"wp:featuredmedia":[{"embeddable":true,"href":"https:\/\/www.edugestores.pe\/index.php?rest_route=\/wp\/v2\/media\/10707"}],"wp:attachment":[{"href":"https:\/\/www.edugestores.pe\/index.php?rest_route=%2Fwp%2Fv2%2Fmedia&parent=10694"}],"wp:term":[{"taxonomy":"category","embeddable":true,"href":"https:\/\/www.edugestores.pe\/index.php?rest_route=%2Fwp%2Fv2%2Fcategories&post=10694"},{"taxonomy":"post_tag","embeddable":true,"href":"https:\/\/www.edugestores.pe\/index.php?rest_route=%2Fwp%2Fv2%2Ftags&post=10694"}],"curies":[{"name":"wp","href":"https:\/\/api.w.org\/{rel}","templated":true}]}}