{"id":11051,"date":"2016-04-28T14:17:46","date_gmt":"2016-04-28T19:17:46","guid":{"rendered":"https:\/\/www.edugestores.pe\/?p=11051"},"modified":"2016-04-29T14:58:56","modified_gmt":"2016-04-29T19:58:56","slug":"edugestores-reporta-abril-2016-n4","status":"publish","type":"post","link":"https:\/\/www.edugestores.pe\/?p=11051","title":{"rendered":"Edugestores Reporta Abril 2016 N\u00b04"},"content":{"rendered":"<h1 style=\"text-align: center;\"><a href=\"https:\/\/www.edugestores.pe\/wp-content\/uploads\/2016\/04\/CABECERA-EDU-REPORTA-ABRIL-4.jpg\"><img decoding=\"async\" loading=\"lazy\" class=\"alignnone size-full wp-image-11052\" src=\"https:\/\/www.edugestores.pe\/wp-content\/uploads\/2016\/04\/CABECERA-EDU-REPORTA-ABRIL-4.jpg\" alt=\"CABECERA EDU REPORTA ABRIL 4\" width=\"700\" height=\"100\" srcset=\"https:\/\/www.edugestores.pe\/wp-content\/uploads\/2016\/04\/CABECERA-EDU-REPORTA-ABRIL-4.jpg 700w, https:\/\/www.edugestores.pe\/wp-content\/uploads\/2016\/04\/CABECERA-EDU-REPORTA-ABRIL-4-300x43.jpg 300w, https:\/\/www.edugestores.pe\/wp-content\/uploads\/2016\/04\/CABECERA-EDU-REPORTA-ABRIL-4-672x96.jpg 672w, https:\/\/www.edugestores.pe\/wp-content\/uploads\/2016\/04\/CABECERA-EDU-REPORTA-ABRIL-4-100x14.jpg 100w\" sizes=\"(max-width: 700px) 100vw, 700px\" \/><\/a><\/h1>\n<h1 style=\"text-align: center;\">\u00a1Ya somos <strong>722\u00a0<\/strong><strong>miembros<\/strong> en la comunidad de <em>Edugestores<\/em>!<\/h1>\n<hr \/>\n<p><strong>Destacados de Edugestores<\/strong><\/p>\n<hr \/>\n<p><strong><em>Acci\u00f3n coordinada Edugestores-ANGR<\/em><\/strong> para que se concretice la transferencia del gobierno nacional a las regiones para el pago del personal administrativo de las UGEL.<\/p>\n<div>La ANGR y seis\u00a0directores regionales de educaci\u00f3n, con el soporte de <em>Edugestores<\/em>,\u00a0sustentaron\u00a0el pedido formal de la ANGR a la Presidencia de la Rep\u00fablica. \u00a0En la nota <a href=\"https:\/\/www.edugestores.pe\/ugel-de-todo-el-peru-paralizadas\/\">&#8220;UGEL de todo el Per\u00fa paralizadas&#8221;<\/a>\u00a0 publicada en Edugestores, los directores regionales de educaci\u00f3n: Richard Hurtado, (Apurimac); Pilar Saavedra (San Mart\u00edn); Pedro Periche (Piura); y Jorge Palomino (Lima Provincias), explicaron las repercusiones negativas que ten\u00eda el atraso en la transferencia. Finalmente la transferencia se concretiz\u00f3 representando esta una acci\u00f3n destacada de Edugestores y la ANGR.\u00a0<img decoding=\"async\" class=\"ajT\" src=\"https:\/\/ssl.gstatic.com\/ui\/v1\/icons\/mail\/images\/cleardot.gif\" alt=\"\" \/><\/p>\n<div class=\"yj6qo ajU\">\n<div id=\":1rj\" class=\"ajR\" tabindex=\"0\" data-tooltip=\"Mostrar contenido reducido\">\n<hr \/>\n<\/div>\n<\/div>\n<\/div>\n<p><strong>Miembros destacados<\/strong><\/p>\n<hr \/>\n<p><a href=\"https:\/\/www.edugestores.pe\/wp-content\/uploads\/2016\/03\/miembro-Edugestores.png\"><img decoding=\"async\" loading=\"lazy\" class=\"alignleft wp-image-10500 \" src=\"https:\/\/www.edugestores.pe\/wp-content\/uploads\/2016\/03\/miembro-Edugestores.png\" alt=\"miembro Edugestores\" width=\"124\" height=\"126\" \/><\/a><a href=\"https:\/\/www.edugestores.pe\/members\/eulaliomelanio\/\">Eulalio Melanio<\/a>, de la Regi\u00f3n Ancash, por su comentario sugiriendo la participaci\u00f3n de todos los sectores en la mejora de los aprendizajes en el\u00a0<a href=\"https:\/\/www.edugestores.pe\/groups\/edugestores-debate-n7-intervenciones-pedagogicas-y-relacion-intergubernamental-para-mejorar-aprendizajes\/\">Edugestores Debate N\u00b07 \u2013 Intervenciones pedag\u00f3gicas y relaci\u00f3n intergubernamental para mejorar aprendizajes<\/a>\u00a0y\u00a0 su aportes\u00a0para el Grupo de Inter\u00e9res de Gesti\u00f3n de la EIB.<\/p>\n<hr \/>\n<p>&nbsp;<\/p>\n<p><a href=\"https:\/\/www.edugestores.pe\/wp-content\/uploads\/2016\/04\/Miguel-\u00c1ngel-Edugestores.png\"><img decoding=\"async\" loading=\"lazy\" class=\"alignleft wp-image-11078 \" src=\"https:\/\/www.edugestores.pe\/wp-content\/uploads\/2016\/04\/Miguel-\u00c1ngel-Edugestores.png\" alt=\"Miguel \u00c1ngel   Edugestores\" width=\"119\" height=\"111\" \/><\/a><a href=\"https:\/\/www.edugestores.pe\/members\/miguelangelpintotapia\/\">Miguel Angel Pinto Tapia<\/a>, de la Regi\u00f3n Cusco, quien se ha\u00a0integrado recientemente\u00a0a nuestra\u00a0Red y ya registrado\u00a0dos participaciones:\u00a0un\u00a0aporte por la identificaci\u00f3n de dos factores asociados a los resultados de la ECE 2015 en la Regi\u00f3n Cusco en el Foro\u00a0<a class=\"bbp-topic-permalink\" href=\"https:\/\/www.edugestores.pe\/forums\/topic\/ece-2016-preguntas-comentarios-analisis\/\">ECE 2016: preguntas, comentarios, an\u00e1lisis<\/a>\u00a0y por interactuar con Godofredo Mamani Quispe, miembro de la Red y Asesor de Gesti\u00f3n Local en la Regi\u00f3n Cusco sobre lo contradictorio que resulta que la UGEL Paucartambo haya obtenido el mejor rendimiento en la Regi\u00f3n en el cumplimiento de los Compromisos de Desempe\u00f1o y los bajos resultados de la Regi\u00f3n en la ECE.<\/p>\n<hr \/>\n<p>&nbsp;<\/p>\n<p><strong>Grupo destacado<\/strong><\/p>\n<hr \/>\n<p>&nbsp;<\/p>\n<p>Destacamos\u00a0la actividad de <b>Carlos Montemayor Marrou<\/b> y <b>Edgar Vilca Figueredo<\/b>, especialistas del PIP GED Rural en el MINEDU quienes han animado, acompa\u00f1ado y publicado en el muro del Grupo el proceso de identificaci\u00f3n de buenas pr\u00e1cticas de gesti\u00f3n de los Asesores de Gesti\u00f3n Local de las UGEL de Ja\u00e9n, Palpa, Chincha, El Collao, Huancabamba y Cajatambo. Y a <b>Flor Valverde Espinoza,<\/b> por hacer lo propio con experiencias de gesti\u00f3n destacadas de la UGEL Recuay.<\/p>\n<hr \/>\n<p><strong><a href=\"https:\/\/www.edugestores.pe\/groups\/edugestores-debate-n7-intervenciones-pedagogicas-y-relacion-intergubernamental-para-mejorar-aprendizajes\/\">Edugestores Debate N\u00b07 \u2013 Intervenciones pedag\u00f3gicas y relaci\u00f3n intergubernamental para mejorar aprendizajes<\/a><\/strong><\/p>\n<hr \/>\n<p>El <a href=\"https:\/\/www.edugestores.pe\/groups\/edugestores-debate-n7-intervenciones-pedagogicas-y-relacion-intergubernamental-para-mejorar-aprendizajes\/\">s\u00e9ptimo debate Edugestor <\/a>busca centrarse en dos aspectos clave de las pol\u00edticas para mejorar los aprendizajes de los estudiantes en educaci\u00f3n primaria:<\/p>\n<ol>\n<li>\u00bfC\u00f3mo enriquecer la relaci\u00f3n intergubernamental para una mejora de aprendizajes?<\/li>\n<li>Para avanzar sostenidamente, \u00bfqu\u00e9 mejorar en las intervenciones en curso?: \u00bfLa estrategia de soporte pedag\u00f3gico urbano? \u00bfEl acompa\u00f1amiento rural? \u00bfEl bono escuela?<\/li>\n<\/ol>\n<p>Los invitamos a aportar al <a href=\"https:\/\/www.edugestores.pe\/groups\/edugestores-debate-n7-intervenciones-pedagogicas-y-relacion-intergubernamental-para-mejorar-aprendizajes\/\">debate<\/a>, sustentando sus opiniones con evidencias de las acciones o experiencias concretas que se est\u00e1n realizando en sus regiones para mejorar los logros de aprendizaje, casos, an\u00e1lisis de datos, realizados por ustedes o sus equipos.<\/p>\n<p>Para participar ingresa al siguiente <a href=\"https:\/\/www.edugestores.pe\/groups\/edugestores-debate-n7-intervenciones-pedagogicas-y-relacion-intergubernamental-para-mejorar-aprendizajes\/\">enlace<\/a>.<\/p>\n<hr \/>\n<p><strong>Tip\u00a0de Navegaci\u00f3n en Edugestores\u00a0<\/strong><\/p>\n<hr \/>\n<p>&nbsp;<\/p>\n<p><strong>Notificaciones.-\u00a0<\/strong>\u00bfSab\u00edas que puedes recibir notificaciones de otros miembros en tu perfil? As\u00ed es, si observas la barra superior de <em>Edugestores<\/em>, al costado del logotipo encontrar\u00e1s un men\u00fa, la cuarta opci\u00f3n es la imagen de una campanita, y tus\u00a0notificaciones pendientes aparecer\u00e1n en un c\u00edrculo celeste, en el caso de la imagen, el Administrador de Edugestores tiene una notificaci\u00f3n pendiente. Te invitamos a ingresar ahora en la plataforma y revisar cu\u00e1ntas <em>notificaciones<\/em> tienes. Te sorprender\u00e1 saber qui\u00e9nes quieren ser tus amigos o si tienes mensajes privados de algunos miembros.<\/p>\n<p>&nbsp;<\/p>\n<p><a href=\"https:\/\/www.edugestores.pe\/wp-content\/uploads\/2016\/04\/barra-notificaciones.jpg\"><img decoding=\"async\" loading=\"lazy\" class=\"alignnone  wp-image-11079\" src=\"https:\/\/www.edugestores.pe\/wp-content\/uploads\/2016\/04\/barra-notificaciones.jpg\" alt=\"barra notificaciones\" width=\"715\" height=\"77\" \/><\/a><\/p>\n<hr \/>\n<p>&nbsp;<\/p>\n<p><strong>Noticias\u00a0m\u00e1s vistas<\/strong><\/p>\n<hr \/>\n<ul>\n<li><a class=\"row-title\" title=\"Editar \u201cEstablecen monto de la asignaci\u00f3n temporal para Especialistas en Educaci\u00f3n\u201d\" href=\"https:\/\/www.edugestores.pe\/wp-admin\/post.php?post=10979&amp;action=edit\">Establecen monto de la asignaci\u00f3n temporal para Especialistas en Educaci\u00f3n<\/a>\u00a0(2602 vistas)<\/li>\n<li><a class=\"row-title\" title=\"Editar \u201cMinedu transfiere partidas a gobiernos regionales para contrataci\u00f3n de especialistas en gesti\u00f3n en las UGEL\u201d\" href=\"https:\/\/www.edugestores.pe\/wp-admin\/post.php?post=10960&amp;action=edit\">Minedu transfiere partidas a gobiernos regionales para contrataci\u00f3n de especialistas en gesti\u00f3n en las UGEL<\/a>\u00a0(1004 vistas)<\/li>\n<li>\u00a0<a class=\"row-title\" title=\"Editar \u201c\u201cPedro Pablo Kuczynski y Keiko Fujimori frente a la educaci\u00f3n p\u00fablica\u201d, por Manuel Burga\u201d\" href=\"https:\/\/www.edugestores.pe\/wp-admin\/post.php?post=10940&amp;action=edit\">\u201cPedro Pablo Kuczynski y Keiko Fujimori frente a la educaci\u00f3n p\u00fablica\u201d, por Manuel Burga<\/a>\u00a0(665 vistas)<\/li>\n<li><a class=\"row-title\" title=\"Editar \u201cCNE presenta octavo balance del Proyecto Educativo Nacional\u201d\" href=\"https:\/\/www.edugestores.pe\/wp-admin\/post.php?post=11030&amp;action=edit\">CNE presenta octavo balance del Proyecto Educativo Nacional<\/a>\u00a0(335 vistas)<\/li>\n<li><a class=\"row-title\" title=\"Editar \u201cInstituci\u00f3n de educaci\u00f3n superior requiere docentes para Formaci\u00f3n Virtual (Sistema de Tutores)\u201d\" href=\"https:\/\/www.edugestores.pe\/wp-admin\/post.php?post=11042&amp;action=edit\">Instituci\u00f3n de educaci\u00f3n superior requiere docentes para Formaci\u00f3n Virtual (Sistema de Tutores)<\/a>\u00a0(193 vistas)<\/li>\n<\/ul>\n<hr \/>\n<p><strong>Pr\u00f3ximos eventos<\/strong><\/p>\n<hr \/>\n<ul>\n<li><a href=\"https:\/\/www.edugestores.pe\/events\/dialogo-por-la-concertacion-peru-al-2030-los-retos-del-desarrollo-sostenible\/\">Di\u00e1logo por la concertaci\u00f3n: \u201cPer\u00fa al 2030: Los retos del desarrollo sostenible\u201d<\/a>\u00a0&#8211; 29 de abril<\/li>\n<li><a href=\"https:\/\/www.edugestores.pe\/events\/convocatoria-de-postulacion-al-curso-de-formacion-de-tutores-de-lideres-en-educacion\/\">Convocatoria de Postulaci\u00f3n al Curso de Formaci\u00f3n de Tutores de \u201cL\u00edderes en Educaci\u00f3n\u201d<\/a> &#8211; Fecha l\u00edmite de presentaci\u00f3n: 30 de abril<\/li>\n<\/ul>\n","protected":false},"excerpt":{"rendered":"<p>\u00a1Ya somos 722\u00a0miembros en la comunidad de Edugestores! Destacados de Edugestores Acci\u00f3n coordinada Edugestores-ANGR para que se concretice la transferencia [&hellip;]<\/p>\n","protected":false},"author":63,"featured_media":0,"comment_status":"open","ping_status":"open","sticky":false,"template":"","format":"standard","meta":{"spay_email":""},"categories":[299],"tags":[],"yoast_head":"<!-- This site is optimized with the Yoast SEO plugin v18.0 - https:\/\/yoast.com\/wordpress\/plugins\/seo\/ -->\n<title>Edugestores Reporta Abril 2016 N\u00b04 - Red Peruana de Gestores de la Educaci\u00f3n<\/title>\n<meta name=\"robots\" content=\"index, follow, max-snippet:-1, max-image-preview:large, max-video-preview:-1\" \/>\n<link rel=\"canonical\" href=\"https:\/\/www.edugestores.pe\/?p=11051\" \/>\n<meta property=\"og:locale\" content=\"es_ES\" \/>\n<meta property=\"og:type\" content=\"article\" \/>\n<meta property=\"og:title\" content=\"Edugestores Reporta Abril 2016 N\u00b04 - Red Peruana de Gestores de la Educaci\u00f3n\" \/>\n<meta property=\"og:description\" content=\"\u00a1Ya somos 722\u00a0miembros en la comunidad de Edugestores! Destacados de Edugestores Acci\u00f3n coordinada Edugestores-ANGR para que se concretice la transferencia [&hellip;]\" \/>\n<meta property=\"og:url\" content=\"https:\/\/www.edugestores.pe\/?p=11051\" \/>\n<meta property=\"og:site_name\" content=\"Red Peruana de Gestores de la Educaci\u00f3n\" \/>\n<meta property=\"article:published_time\" content=\"2016-04-28T19:17:46+00:00\" \/>\n<meta property=\"article:modified_time\" content=\"2016-04-29T19:58:56+00:00\" \/>\n<meta property=\"og:image\" content=\"https:\/\/www.edugestores.pe\/wp-content\/uploads\/2016\/04\/CABECERA-EDU-REPORTA-ABRIL-4.jpg\" \/>\n<meta name=\"twitter:card\" content=\"summary_large_image\" \/>\n<meta name=\"twitter:label1\" content=\"Escrito por\" \/>\n\t<meta name=\"twitter:data1\" content=\"Administrador\" \/>\n\t<meta name=\"twitter:label2\" content=\"Tiempo de lectura\" \/>\n\t<meta name=\"twitter:data2\" content=\"4 minutos\" \/>\n<script type=\"application\/ld+json\" class=\"yoast-schema-graph\">{\"@context\":\"https:\/\/schema.org\",\"@graph\":[{\"@type\":\"WebSite\",\"@id\":\"https:\/\/www.edugestores.pe\/#website\",\"url\":\"https:\/\/www.edugestores.pe\/\",\"name\":\"Red Peruana de Gestores de la Educaci\u00f3n\",\"description\":\"Red Peruana de Gestores de la Educaci\u00f3n\",\"potentialAction\":[{\"@type\":\"SearchAction\",\"target\":{\"@type\":\"EntryPoint\",\"urlTemplate\":\"https:\/\/www.edugestores.pe\/?s={search_term_string}\"},\"query-input\":\"required name=search_term_string\"}],\"inLanguage\":\"es\"},{\"@type\":\"ImageObject\",\"@id\":\"https:\/\/www.edugestores.pe\/?p=11051#primaryimage\",\"inLanguage\":\"es\",\"url\":\"https:\/\/www.edugestores.pe\/wp-content\/uploads\/2016\/04\/CABECERA-EDU-REPORTA-ABRIL-4.jpg\",\"contentUrl\":\"https:\/\/www.edugestores.pe\/wp-content\/uploads\/2016\/04\/CABECERA-EDU-REPORTA-ABRIL-4.jpg\",\"width\":700,\"height\":100},{\"@type\":\"WebPage\",\"@id\":\"https:\/\/www.edugestores.pe\/?p=11051#webpage\",\"url\":\"https:\/\/www.edugestores.pe\/?p=11051\",\"name\":\"Edugestores Reporta Abril 2016 N\u00b04 - Red Peruana de Gestores de la Educaci\u00f3n\",\"isPartOf\":{\"@id\":\"https:\/\/www.edugestores.pe\/#website\"},\"primaryImageOfPage\":{\"@id\":\"https:\/\/www.edugestores.pe\/?p=11051#primaryimage\"},\"datePublished\":\"2016-04-28T19:17:46+00:00\",\"dateModified\":\"2016-04-29T19:58:56+00:00\",\"author\":{\"@id\":\"https:\/\/www.edugestores.pe\/#\/schema\/person\/30dc82f35f5853289037a64b35c7c7d3\"},\"breadcrumb\":{\"@id\":\"https:\/\/www.edugestores.pe\/?p=11051#breadcrumb\"},\"inLanguage\":\"es\",\"potentialAction\":[{\"@type\":\"ReadAction\",\"target\":[\"https:\/\/www.edugestores.pe\/?p=11051\"]}]},{\"@type\":\"BreadcrumbList\",\"@id\":\"https:\/\/www.edugestores.pe\/?p=11051#breadcrumb\",\"itemListElement\":[{\"@type\":\"ListItem\",\"position\":1,\"name\":\"Portada\",\"item\":\"https:\/\/www.edugestores.pe\/\"},{\"@type\":\"ListItem\",\"position\":2,\"name\":\"Edugestores Reporta Abril 2016 N\u00b04\"}]},{\"@type\":\"Person\",\"@id\":\"https:\/\/www.edugestores.pe\/#\/schema\/person\/30dc82f35f5853289037a64b35c7c7d3\",\"name\":\"Administrador\",\"image\":{\"@type\":\"ImageObject\",\"@id\":\"https:\/\/www.edugestores.pe\/#personlogo\",\"inLanguage\":\"es\",\"url\":\"https:\/\/secure.gravatar.com\/avatar\/70960d1239c4d2c778bb3d2786a3c1ae?s=96&d=mm&r=g\",\"contentUrl\":\"https:\/\/secure.gravatar.com\/avatar\/70960d1239c4d2c778bb3d2786a3c1ae?s=96&d=mm&r=g\",\"caption\":\"Administrador\"},\"url\":\"https:\/\/www.edugestores.pe\/?author=63\"}]}<\/script>\n<!-- \/ Yoast SEO plugin. -->","yoast_head_json":{"title":"Edugestores Reporta Abril 2016 N\u00b04 - Red Peruana de Gestores de la Educaci\u00f3n","robots":{"index":"index","follow":"follow","max-snippet":"max-snippet:-1","max-image-preview":"max-image-preview:large","max-video-preview":"max-video-preview:-1"},"canonical":"https:\/\/www.edugestores.pe\/?p=11051","og_locale":"es_ES","og_type":"article","og_title":"Edugestores Reporta Abril 2016 N\u00b04 - Red Peruana de Gestores de la Educaci\u00f3n","og_description":"\u00a1Ya somos 722\u00a0miembros en la comunidad de Edugestores! Destacados de Edugestores Acci\u00f3n coordinada Edugestores-ANGR para que se concretice la transferencia [&hellip;]","og_url":"https:\/\/www.edugestores.pe\/?p=11051","og_site_name":"Red Peruana de Gestores de la Educaci\u00f3n","article_published_time":"2016-04-28T19:17:46+00:00","article_modified_time":"2016-04-29T19:58:56+00:00","og_image":[{"url":"https:\/\/www.edugestores.pe\/wp-content\/uploads\/2016\/04\/CABECERA-EDU-REPORTA-ABRIL-4.jpg"}],"twitter_card":"summary_large_image","twitter_misc":{"Escrito por":"Administrador","Tiempo de lectura":"4 minutos"},"schema":{"@context":"https:\/\/schema.org","@graph":[{"@type":"WebSite","@id":"https:\/\/www.edugestores.pe\/#website","url":"https:\/\/www.edugestores.pe\/","name":"Red Peruana de Gestores de la Educaci\u00f3n","description":"Red Peruana de Gestores de la Educaci\u00f3n","potentialAction":[{"@type":"SearchAction","target":{"@type":"EntryPoint","urlTemplate":"https:\/\/www.edugestores.pe\/?s={search_term_string}"},"query-input":"required name=search_term_string"}],"inLanguage":"es"},{"@type":"ImageObject","@id":"https:\/\/www.edugestores.pe\/?p=11051#primaryimage","inLanguage":"es","url":"https:\/\/www.edugestores.pe\/wp-content\/uploads\/2016\/04\/CABECERA-EDU-REPORTA-ABRIL-4.jpg","contentUrl":"https:\/\/www.edugestores.pe\/wp-content\/uploads\/2016\/04\/CABECERA-EDU-REPORTA-ABRIL-4.jpg","width":700,"height":100},{"@type":"WebPage","@id":"https:\/\/www.edugestores.pe\/?p=11051#webpage","url":"https:\/\/www.edugestores.pe\/?p=11051","name":"Edugestores Reporta Abril 2016 N\u00b04 - Red Peruana de Gestores de la Educaci\u00f3n","isPartOf":{"@id":"https:\/\/www.edugestores.pe\/#website"},"primaryImageOfPage":{"@id":"https:\/\/www.edugestores.pe\/?p=11051#primaryimage"},"datePublished":"2016-04-28T19:17:46+00:00","dateModified":"2016-04-29T19:58:56+00:00","author":{"@id":"https:\/\/www.edugestores.pe\/#\/schema\/person\/30dc82f35f5853289037a64b35c7c7d3"},"breadcrumb":{"@id":"https:\/\/www.edugestores.pe\/?p=11051#breadcrumb"},"inLanguage":"es","potentialAction":[{"@type":"ReadAction","target":["https:\/\/www.edugestores.pe\/?p=11051"]}]},{"@type":"BreadcrumbList","@id":"https:\/\/www.edugestores.pe\/?p=11051#breadcrumb","itemListElement":[{"@type":"ListItem","position":1,"name":"Portada","item":"https:\/\/www.edugestores.pe\/"},{"@type":"ListItem","position":2,"name":"Edugestores Reporta Abril 2016 N\u00b04"}]},{"@type":"Person","@id":"https:\/\/www.edugestores.pe\/#\/schema\/person\/30dc82f35f5853289037a64b35c7c7d3","name":"Administrador","image":{"@type":"ImageObject","@id":"https:\/\/www.edugestores.pe\/#personlogo","inLanguage":"es","url":"https:\/\/secure.gravatar.com\/avatar\/70960d1239c4d2c778bb3d2786a3c1ae?s=96&d=mm&r=g","contentUrl":"https:\/\/secure.gravatar.com\/avatar\/70960d1239c4d2c778bb3d2786a3c1ae?s=96&d=mm&r=g","caption":"Administrador"},"url":"https:\/\/www.edugestores.pe\/?author=63"}]}},"jetpack_featured_media_url":"","_links":{"self":[{"href":"https:\/\/www.edugestores.pe\/index.php?rest_route=\/wp\/v2\/posts\/11051"}],"collection":[{"href":"https:\/\/www.edugestores.pe\/index.php?rest_route=\/wp\/v2\/posts"}],"about":[{"href":"https:\/\/www.edugestores.pe\/index.php?rest_route=\/wp\/v2\/types\/post"}],"author":[{"embeddable":true,"href":"https:\/\/www.edugestores.pe\/index.php?rest_route=\/wp\/v2\/users\/63"}],"replies":[{"embeddable":true,"href":"https:\/\/www.edugestores.pe\/index.php?rest_route=%2Fwp%2Fv2%2Fcomments&post=11051"}],"version-history":[{"count":5,"href":"https:\/\/www.edugestores.pe\/index.php?rest_route=\/wp\/v2\/posts\/11051\/revisions"}],"predecessor-version":[{"id":11076,"href":"https:\/\/www.edugestores.pe\/index.php?rest_route=\/wp\/v2\/posts\/11051\/revisions\/11076"}],"wp:attachment":[{"href":"https:\/\/www.edugestores.pe\/index.php?rest_route=%2Fwp%2Fv2%2Fmedia&parent=11051"}],"wp:term":[{"taxonomy":"category","embeddable":true,"href":"https:\/\/www.edugestores.pe\/index.php?rest_route=%2Fwp%2Fv2%2Fcategories&post=11051"},{"taxonomy":"post_tag","embeddable":true,"href":"https:\/\/www.edugestores.pe\/index.php?rest_route=%2Fwp%2Fv2%2Ftags&post=11051"}],"curies":[{"name":"wp","href":"https:\/\/api.w.org\/{rel}","templated":true}]}}