{"id":11058,"date":"2016-04-28T17:20:57","date_gmt":"2016-04-28T22:20:57","guid":{"rendered":"https:\/\/www.edugestores.pe\/?p=11058"},"modified":"2016-05-12T10:56:16","modified_gmt":"2016-05-12T15:56:16","slug":"un-marco-conceptual-para-el-desarrollo-curricular-walter-secada-en-grade","status":"publish","type":"post","link":"https:\/\/www.edugestores.pe\/?p=11058","title":{"rendered":"Un marco conceptual para el desarrollo curricular &#8211; Walter Secada en GRADE"},"content":{"rendered":"<h3>El pasado mi\u00e9rcoles 20 de abril se realiz\u00f3 en GRADE la presentaci\u00f3n del doctor Walter Secada. El Doctor Secada es profesor y decano asociado de la Escuela de Educaci\u00f3n y Desarrollo Humano de la Universidad de Miami y ha trabajado asesorando a los gobiernos de Estados Unidos, Sud\u00e1frica, Chile y Per\u00fa.<\/h3>\n<p>En Per\u00fa, el doctor Secada asesor\u00f3 al equipo de Matem\u00e1tica de la <b>Direcci\u00f3n General de Educaci\u00f3n B\u00e1sica Regular (DIGEBR)<\/b> del <b>Ministerio de Educaci\u00f3n<\/b> en la elaboraci\u00f3n del Marco Curricular durante el a\u00f1o 2014.<\/p>\n<p>En esta presentaci\u00f3n, el profesor Secada explic\u00f3 el marco conceptual propuesto por el <b>Consejo Nacional de Investigaci\u00f3n de EEUU (NRC)<\/b> para el desarrollo de Est\u00e1ndares de Ciencias para las Nuevas Generaciones.<\/p>\n<p>Dicho marco, que fue empleado como fundamento te\u00f3rico en su asesor\u00eda al <b>MINEDU<\/b> en el a\u00f1o 2014, sostiene que el conocimiento disciplinar se organiza en conceptos generales, comunes a toda las disciplinas; conceptos espec\u00edficos, relativos a las sub \u00e1reas dentro de una disciplina; y pr\u00e1cticas sociales, que son los diversos contextos socioculturales en los que se lleva a cabo la resoluci\u00f3n de problemas en cada disciplina. Estos tres tipos de conceptos deben ser descritos en el curr\u00edculum de manera integrada ya que estos se llevan a cabo cada vez que se hace uso de la matem\u00e1tica. Por lo general, se\u00f1al\u00f3 Secada, en las pr\u00e1cticas escolares se desarrolla solo uno de los tres conceptos: los espec\u00edficos. Estos tres conceptos han sido incorporados en la propuesta curricular del <b>Ministerio de Educaci\u00f3n<\/b>, aunque con diferentes denominaciones.<\/p>\n<p>Antes de su presentaci\u00f3n, el doctor Secada se reuni\u00f3 con el equipo actual de especialistas de Matem\u00e1tica de la <b>DIGEBR<\/b>, para brindar sugerencias a la nueva propuesta curricular del \u00e1rea de Matem\u00e1tica.<\/p>\n","protected":false},"excerpt":{"rendered":"<p>El pasado mi\u00e9rcoles 20 de abril se realiz\u00f3 en GRADE la presentaci\u00f3n del doctor Walter Secada. El Doctor Secada es [&hellip;]<\/p>\n","protected":false},"author":63,"featured_media":11060,"comment_status":"open","ping_status":"open","sticky":false,"template":"","format":"standard","meta":{"spay_email":""},"categories":[125],"tags":[],"yoast_head":"<!-- This site is optimized with the Yoast SEO plugin v18.0 - https:\/\/yoast.com\/wordpress\/plugins\/seo\/ -->\n<title>Un marco conceptual para el desarrollo curricular - Walter Secada en GRADE - Red Peruana de Gestores de la Educaci\u00f3n<\/title>\n<meta name=\"robots\" content=\"index, follow, max-snippet:-1, max-image-preview:large, max-video-preview:-1\" \/>\n<link rel=\"canonical\" href=\"https:\/\/www.edugestores.pe\/?p=11058\" \/>\n<meta property=\"og:locale\" content=\"es_ES\" \/>\n<meta property=\"og:type\" content=\"article\" \/>\n<meta property=\"og:title\" content=\"Un marco conceptual para el desarrollo curricular - Walter Secada en GRADE - Red Peruana de Gestores de la Educaci\u00f3n\" \/>\n<meta property=\"og:description\" content=\"El pasado mi\u00e9rcoles 20 de abril se realiz\u00f3 en GRADE la presentaci\u00f3n del doctor Walter Secada. El Doctor Secada es [&hellip;]\" \/>\n<meta property=\"og:url\" content=\"https:\/\/www.edugestores.pe\/?p=11058\" \/>\n<meta property=\"og:site_name\" content=\"Red Peruana de Gestores de la Educaci\u00f3n\" \/>\n<meta property=\"article:published_time\" content=\"2016-04-28T22:20:57+00:00\" \/>\n<meta property=\"article:modified_time\" content=\"2016-05-12T15:56:16+00:00\" \/>\n<meta property=\"og:image\" content=\"https:\/\/www.edugestores.pe\/wp-content\/uploads\/2016\/04\/walter-secada-grade.jpg\" \/>\n\t<meta property=\"og:image:width\" content=\"895\" \/>\n\t<meta property=\"og:image:height\" content=\"527\" \/>\n\t<meta property=\"og:image:type\" content=\"image\/jpeg\" \/>\n<meta name=\"twitter:card\" content=\"summary_large_image\" \/>\n<meta name=\"twitter:label1\" content=\"Escrito por\" \/>\n\t<meta name=\"twitter:data1\" content=\"Administrador\" \/>\n\t<meta name=\"twitter:label2\" content=\"Tiempo de lectura\" \/>\n\t<meta name=\"twitter:data2\" content=\"2 minutos\" \/>\n<script type=\"application\/ld+json\" class=\"yoast-schema-graph\">{\"@context\":\"https:\/\/schema.org\",\"@graph\":[{\"@type\":\"WebSite\",\"@id\":\"https:\/\/www.edugestores.pe\/#website\",\"url\":\"https:\/\/www.edugestores.pe\/\",\"name\":\"Red Peruana de Gestores de la Educaci\u00f3n\",\"description\":\"Red Peruana de Gestores de la Educaci\u00f3n\",\"potentialAction\":[{\"@type\":\"SearchAction\",\"target\":{\"@type\":\"EntryPoint\",\"urlTemplate\":\"https:\/\/www.edugestores.pe\/?s={search_term_string}\"},\"query-input\":\"required name=search_term_string\"}],\"inLanguage\":\"es\"},{\"@type\":\"ImageObject\",\"@id\":\"https:\/\/www.edugestores.pe\/?p=11058#primaryimage\",\"inLanguage\":\"es\",\"url\":\"https:\/\/www.edugestores.pe\/wp-content\/uploads\/2016\/04\/walter-secada-grade.jpg\",\"contentUrl\":\"https:\/\/www.edugestores.pe\/wp-content\/uploads\/2016\/04\/walter-secada-grade.jpg\",\"width\":895,\"height\":527},{\"@type\":\"WebPage\",\"@id\":\"https:\/\/www.edugestores.pe\/?p=11058#webpage\",\"url\":\"https:\/\/www.edugestores.pe\/?p=11058\",\"name\":\"Un marco conceptual para el desarrollo curricular - Walter Secada en GRADE - Red Peruana de Gestores de la Educaci\u00f3n\",\"isPartOf\":{\"@id\":\"https:\/\/www.edugestores.pe\/#website\"},\"primaryImageOfPage\":{\"@id\":\"https:\/\/www.edugestores.pe\/?p=11058#primaryimage\"},\"datePublished\":\"2016-04-28T22:20:57+00:00\",\"dateModified\":\"2016-05-12T15:56:16+00:00\",\"author\":{\"@id\":\"https:\/\/www.edugestores.pe\/#\/schema\/person\/30dc82f35f5853289037a64b35c7c7d3\"},\"breadcrumb\":{\"@id\":\"https:\/\/www.edugestores.pe\/?p=11058#breadcrumb\"},\"inLanguage\":\"es\",\"potentialAction\":[{\"@type\":\"ReadAction\",\"target\":[\"https:\/\/www.edugestores.pe\/?p=11058\"]}]},{\"@type\":\"BreadcrumbList\",\"@id\":\"https:\/\/www.edugestores.pe\/?p=11058#breadcrumb\",\"itemListElement\":[{\"@type\":\"ListItem\",\"position\":1,\"name\":\"Portada\",\"item\":\"https:\/\/www.edugestores.pe\/\"},{\"@type\":\"ListItem\",\"position\":2,\"name\":\"Un marco conceptual para el desarrollo curricular &#8211; Walter Secada en GRADE\"}]},{\"@type\":\"Person\",\"@id\":\"https:\/\/www.edugestores.pe\/#\/schema\/person\/30dc82f35f5853289037a64b35c7c7d3\",\"name\":\"Administrador\",\"image\":{\"@type\":\"ImageObject\",\"@id\":\"https:\/\/www.edugestores.pe\/#personlogo\",\"inLanguage\":\"es\",\"url\":\"https:\/\/secure.gravatar.com\/avatar\/70960d1239c4d2c778bb3d2786a3c1ae?s=96&d=mm&r=g\",\"contentUrl\":\"https:\/\/secure.gravatar.com\/avatar\/70960d1239c4d2c778bb3d2786a3c1ae?s=96&d=mm&r=g\",\"caption\":\"Administrador\"},\"url\":\"https:\/\/www.edugestores.pe\/?author=63\"}]}<\/script>\n<!-- \/ Yoast SEO plugin. -->","yoast_head_json":{"title":"Un marco conceptual para el desarrollo curricular - Walter Secada en GRADE - Red Peruana de Gestores de la Educaci\u00f3n","robots":{"index":"index","follow":"follow","max-snippet":"max-snippet:-1","max-image-preview":"max-image-preview:large","max-video-preview":"max-video-preview:-1"},"canonical":"https:\/\/www.edugestores.pe\/?p=11058","og_locale":"es_ES","og_type":"article","og_title":"Un marco conceptual para el desarrollo curricular - Walter Secada en GRADE - Red Peruana de Gestores de la Educaci\u00f3n","og_description":"El pasado mi\u00e9rcoles 20 de abril se realiz\u00f3 en GRADE la presentaci\u00f3n del doctor Walter Secada. El Doctor Secada es [&hellip;]","og_url":"https:\/\/www.edugestores.pe\/?p=11058","og_site_name":"Red Peruana de Gestores de la Educaci\u00f3n","article_published_time":"2016-04-28T22:20:57+00:00","article_modified_time":"2016-05-12T15:56:16+00:00","og_image":[{"width":895,"height":527,"url":"https:\/\/www.edugestores.pe\/wp-content\/uploads\/2016\/04\/walter-secada-grade.jpg","type":"image\/jpeg"}],"twitter_card":"summary_large_image","twitter_misc":{"Escrito por":"Administrador","Tiempo de lectura":"2 minutos"},"schema":{"@context":"https:\/\/schema.org","@graph":[{"@type":"WebSite","@id":"https:\/\/www.edugestores.pe\/#website","url":"https:\/\/www.edugestores.pe\/","name":"Red Peruana de Gestores de la Educaci\u00f3n","description":"Red Peruana de Gestores de la Educaci\u00f3n","potentialAction":[{"@type":"SearchAction","target":{"@type":"EntryPoint","urlTemplate":"https:\/\/www.edugestores.pe\/?s={search_term_string}"},"query-input":"required name=search_term_string"}],"inLanguage":"es"},{"@type":"ImageObject","@id":"https:\/\/www.edugestores.pe\/?p=11058#primaryimage","inLanguage":"es","url":"https:\/\/www.edugestores.pe\/wp-content\/uploads\/2016\/04\/walter-secada-grade.jpg","contentUrl":"https:\/\/www.edugestores.pe\/wp-content\/uploads\/2016\/04\/walter-secada-grade.jpg","width":895,"height":527},{"@type":"WebPage","@id":"https:\/\/www.edugestores.pe\/?p=11058#webpage","url":"https:\/\/www.edugestores.pe\/?p=11058","name":"Un marco conceptual para el desarrollo curricular - Walter Secada en GRADE - Red Peruana de Gestores de la Educaci\u00f3n","isPartOf":{"@id":"https:\/\/www.edugestores.pe\/#website"},"primaryImageOfPage":{"@id":"https:\/\/www.edugestores.pe\/?p=11058#primaryimage"},"datePublished":"2016-04-28T22:20:57+00:00","dateModified":"2016-05-12T15:56:16+00:00","author":{"@id":"https:\/\/www.edugestores.pe\/#\/schema\/person\/30dc82f35f5853289037a64b35c7c7d3"},"breadcrumb":{"@id":"https:\/\/www.edugestores.pe\/?p=11058#breadcrumb"},"inLanguage":"es","potentialAction":[{"@type":"ReadAction","target":["https:\/\/www.edugestores.pe\/?p=11058"]}]},{"@type":"BreadcrumbList","@id":"https:\/\/www.edugestores.pe\/?p=11058#breadcrumb","itemListElement":[{"@type":"ListItem","position":1,"name":"Portada","item":"https:\/\/www.edugestores.pe\/"},{"@type":"ListItem","position":2,"name":"Un marco conceptual para el desarrollo curricular &#8211; Walter Secada en GRADE"}]},{"@type":"Person","@id":"https:\/\/www.edugestores.pe\/#\/schema\/person\/30dc82f35f5853289037a64b35c7c7d3","name":"Administrador","image":{"@type":"ImageObject","@id":"https:\/\/www.edugestores.pe\/#personlogo","inLanguage":"es","url":"https:\/\/secure.gravatar.com\/avatar\/70960d1239c4d2c778bb3d2786a3c1ae?s=96&d=mm&r=g","contentUrl":"https:\/\/secure.gravatar.com\/avatar\/70960d1239c4d2c778bb3d2786a3c1ae?s=96&d=mm&r=g","caption":"Administrador"},"url":"https:\/\/www.edugestores.pe\/?author=63"}]}},"jetpack_featured_media_url":"https:\/\/www.edugestores.pe\/wp-content\/uploads\/2016\/04\/walter-secada-grade.jpg","_links":{"self":[{"href":"https:\/\/www.edugestores.pe\/index.php?rest_route=\/wp\/v2\/posts\/11058"}],"collection":[{"href":"https:\/\/www.edugestores.pe\/index.php?rest_route=\/wp\/v2\/posts"}],"about":[{"href":"https:\/\/www.edugestores.pe\/index.php?rest_route=\/wp\/v2\/types\/post"}],"author":[{"embeddable":true,"href":"https:\/\/www.edugestores.pe\/index.php?rest_route=\/wp\/v2\/users\/63"}],"replies":[{"embeddable":true,"href":"https:\/\/www.edugestores.pe\/index.php?rest_route=%2Fwp%2Fv2%2Fcomments&post=11058"}],"version-history":[{"count":1,"href":"https:\/\/www.edugestores.pe\/index.php?rest_route=\/wp\/v2\/posts\/11058\/revisions"}],"predecessor-version":[{"id":11059,"href":"https:\/\/www.edugestores.pe\/index.php?rest_route=\/wp\/v2\/posts\/11058\/revisions\/11059"}],"wp:featuredmedia":[{"embeddable":true,"href":"https:\/\/www.edugestores.pe\/index.php?rest_route=\/wp\/v2\/media\/11060"}],"wp:attachment":[{"href":"https:\/\/www.edugestores.pe\/index.php?rest_route=%2Fwp%2Fv2%2Fmedia&parent=11058"}],"wp:term":[{"taxonomy":"category","embeddable":true,"href":"https:\/\/www.edugestores.pe\/index.php?rest_route=%2Fwp%2Fv2%2Fcategories&post=11058"},{"taxonomy":"post_tag","embeddable":true,"href":"https:\/\/www.edugestores.pe\/index.php?rest_route=%2Fwp%2Fv2%2Ftags&post=11058"}],"curies":[{"name":"wp","href":"https:\/\/api.w.org\/{rel}","templated":true}]}}