{"id":11401,"date":"2016-05-20T09:45:22","date_gmt":"2016-05-20T14:45:22","guid":{"rendered":"https:\/\/www.edugestores.pe\/?p=11401"},"modified":"2016-05-24T09:58:38","modified_gmt":"2016-05-24T14:58:38","slug":"edugestores-reporta-novedades-edugestores-de-tu-interes","status":"publish","type":"post","link":"https:\/\/www.edugestores.pe\/?p=11401","title":{"rendered":"[Edugestores Reporta] \u00a1Novedades Edugestores de t\u00fa inter\u00e9s!"},"content":{"rendered":"<p><a href=\"https:\/\/www.edugestores.pe\/wp-content\/uploads\/2016\/05\/EDUGESTORES-REPORTA-MAYO-2016.jpg\"><img decoding=\"async\" loading=\"lazy\" class=\" size-full wp-image-11402 aligncenter\" src=\"https:\/\/www.edugestores.pe\/wp-content\/uploads\/2016\/05\/EDUGESTORES-REPORTA-MAYO-2016.jpg\" alt=\"EDUGESTORES REPORTA MAYO 2016\" width=\"700\" height=\"100\" srcset=\"https:\/\/www.edugestores.pe\/wp-content\/uploads\/2016\/05\/EDUGESTORES-REPORTA-MAYO-2016.jpg 700w, https:\/\/www.edugestores.pe\/wp-content\/uploads\/2016\/05\/EDUGESTORES-REPORTA-MAYO-2016-300x43.jpg 300w, https:\/\/www.edugestores.pe\/wp-content\/uploads\/2016\/05\/EDUGESTORES-REPORTA-MAYO-2016-672x96.jpg 672w, https:\/\/www.edugestores.pe\/wp-content\/uploads\/2016\/05\/EDUGESTORES-REPORTA-MAYO-2016-100x14.jpg 100w\" sizes=\"(max-width: 700px) 100vw, 700px\" \/><\/a><\/p>\n<hr \/>\n<p style=\"text-align: center;\"><strong>\u00a1MIGRAMOS A FACEBOOK!\u00a0<\/strong><\/p>\n<hr \/>\n<p>Esta semana en la <em>Red peruana de gestores de la educaci\u00f3n\u00a0&#8211;\u00a0Edugestores<\/em>, dimos un paso m\u00e1s en materia de comunicaciones. Pasamos de ser un grupo cerrado a una <a href=\"https:\/\/www.facebook.com\/edugestores\/\">p\u00e1gina en Facebook<\/a>. Esto significa que de ahora en adelante las noticias y eventos que estaban restringidos a un grupo de gestores\u00a0ser\u00e1n p\u00fablicos para cualquier \u00a0persona interesada en temas de gesti\u00f3n descentralizada de la educaci\u00f3n. Sin embargo,\u00a0aquellos espacios\u00a0exclusivos de <em>Edugestores<\/em>, como el Debate del Mes, los Grupos de Inter\u00e9s, los Foros\u00a0y\u00a0el Repositorio\u00a0s\u00f3lo podr\u00e1n ser accedidos desde nuestra plataforma a trav\u00e9s de su usuario y contrase\u00f1a.<\/p>\n<p style=\"text-align: center;\">\u00bfA\u00fan no eres fan de nuestra <a href=\"https:\/\/www.facebook.com\/edugestores\/\">p\u00e1gina en Facebook<\/a>? No m\u00e1s, \u00a1est\u00e1s a s\u00f3lo un <a href=\"https:\/\/www.facebook.com\/edugestores\/\">click<\/a>!<\/p>\n<hr \/>\n<p style=\"text-align: center;\"><strong>Resultados de la evaluaci\u00f3n censal por UGEL y \u00faltima semana de Edugestores Debate N\u00b07: <b><a href=\"https:\/\/www.edugestores.pe\/groups\/edugestores-debate-n7-intervenciones-pedagogicas-y-relacion-intergubernamental-para-mejorar-aprendizajes\/\">Intervenciones pedag\u00f3gicas y relaci\u00f3n intergubernamental para mejorar aprendizajes<\/a><\/b>\u00a0<\/strong><\/p>\n<hr \/>\n<p>Mart\u00edn Vegas comparti\u00f3 \u00a0los resultados de la evaluaci\u00f3n censal por UGEL en segundo de primaria comunicaci\u00f3n y matem\u00e1tica &#8211; nivel satisfactorio ordenados de mayo a menor. La idea es analizar\u00a0qu\u00e9 relaci\u00f3n existe entre el resultado logrado y las intervenciones que hayan existido en cada UGEL. Con este aporte se anuncian los \u00faltimos d\u00edas para participar del <a href=\"https:\/\/www.edugestores.pe\/groups\/edugestores-debate-n7-intervenciones-pedagogicas-y-relacion-intergubernamental-para-mejorar-aprendizajes\/\">Edugestores Debate N\u00b0 7<\/a> hasta el pr\u00f3ximo 23 de mayo.<\/p>\n<p>\u00bfC\u00f3mo \u00a0mejorar las intervenciones pedag\u00f3gicas para mejorar aprendizajes: soporte pedag\u00f3gico, acompa\u00f1amiento, bono escuela? Los aportes ser\u00e1n difundidos a la opini\u00f3n p\u00fablica, al Ministerio de Educaci\u00f3n y los gobiernos regionales por eso es indispensable contar la opini\u00f3n de los integrantes de la comunidad.<\/p>\n<p>Ingresa y opina en el <a href=\"https:\/\/www.edugestores.pe\/groups\/edugestores-debate-n7-intervenciones-pedagogicas-y-relacion-intergubernamental-para-mejorar-aprendizajes\/\">debate<\/a>.<\/p>\n<hr \/>\n<p style=\"text-align: center;\"><strong><a href=\"https:\/\/www.edugestores.pe\/gestores-docentes-y-academicos-conversan-sobre-situacion-y-perspectivas-de-la-educacion-peruana-convocados-por-el-cne\/\">Gestores, docentes y acad\u00e9micos conversan sobre situaci\u00f3n y perspectivas de la educaci\u00f3n peruana convocados por el CNE<\/a><\/strong><\/p>\n<hr \/>\n<p>Mar\u00eda Amel\u00eda Palacios rese\u00f1a para <em>Edugestores<\/em> las <a href=\"https:\/\/www.edugestores.pe\/gestores-docentes-y-academicos-conversan-sobre-situacion-y-perspectivas-de-la-educacion-peruana-convocados-por-el-cne\/\">presentaciones<\/a> que los directores de Educaci\u00f3n Intercultural Biling\u00fce y Educaci\u00f3n Secundaria del MINEDU hicieran el 19 de mayo,\u00a0sobre lo avanzado en la implemenaci\u00f3n del Plan EIB y la Jornada Escolar Completa, as\u00ed como los comentarios de los acad\u00e9micos y Directoras Regionales de Educaci\u00f3n invitadas al Conversatorio convocado por el CNE para evaluar algunas de las principales iniciativas desarrolladas por la actual gesti\u00f3n.<\/p>\n<p><a href=\"https:\/\/www.edugestores.pe\/wp-content\/uploads\/2016\/05\/EDUGESTORES-REPORTA-MAYO-2016.jpg\"><img decoding=\"async\" loading=\"lazy\" class=\" size-full wp-image-11402 aligncenter\" src=\"https:\/\/www.edugestores.pe\/wp-content\/uploads\/2016\/05\/EDUGESTORES-REPORTA-MAYO-2016.jpg\" alt=\"EDUGESTORES REPORTA MAYO 2016\" width=\"700\" height=\"100\" srcset=\"https:\/\/www.edugestores.pe\/wp-content\/uploads\/2016\/05\/EDUGESTORES-REPORTA-MAYO-2016.jpg 700w, https:\/\/www.edugestores.pe\/wp-content\/uploads\/2016\/05\/EDUGESTORES-REPORTA-MAYO-2016-300x43.jpg 300w, https:\/\/www.edugestores.pe\/wp-content\/uploads\/2016\/05\/EDUGESTORES-REPORTA-MAYO-2016-672x96.jpg 672w, https:\/\/www.edugestores.pe\/wp-content\/uploads\/2016\/05\/EDUGESTORES-REPORTA-MAYO-2016-100x14.jpg 100w\" sizes=\"(max-width: 700px) 100vw, 700px\" \/><\/a><\/p>\n<hr \/>\n<p style=\"text-align: center;\"><strong>\u00a1MIGRAMOS A FACEBOOK!\u00a0<\/strong><\/p>\n<hr \/>\n<p>Esta semana en la <em>Red peruana de gestores de la educaci\u00f3n\u00a0&#8211;\u00a0Edugestores<\/em>, dimos un paso m\u00e1s en materia de comunicaciones. Pasamos de ser un grupo cerrado a una <a href=\"https:\/\/www.facebook.com\/edugestores\/\">p\u00e1gina en Facebook<\/a>. Esto significa que de ahora en adelante las noticias y eventos que estaban restringidos a un grupo de gestores\u00a0ser\u00e1n p\u00fablicos para cualquier \u00a0persona interesada en temas de gesti\u00f3n descentralizada de la educaci\u00f3n. Sin embargo,\u00a0aquellos espacios\u00a0exclusivos de <em>Edugestores<\/em>, como el Debate del Mes, los Grupos de Inter\u00e9s, los Foros\u00a0y\u00a0el Repositorio\u00a0s\u00f3lo podr\u00e1n ser accedidos desde nuestra plataforma a trav\u00e9s de su usuario y contrase\u00f1a.<\/p>\n<p style=\"text-align: center;\">\u00bfA\u00fan no eres fan de nuestra <a href=\"https:\/\/www.facebook.com\/edugestores\/\">p\u00e1gina en Facebook<\/a>? No m\u00e1s, \u00a1est\u00e1s a s\u00f3lo un <a href=\"https:\/\/www.facebook.com\/edugestores\/\">click<\/a>!<\/p>\n<hr \/>\n<p style=\"text-align: center;\"><strong>Resultados de la evaluaci\u00f3n censal por UGEL y \u00faltima semana de Edugestores Debate N\u00b07: <b><a href=\"https:\/\/www.edugestores.pe\/groups\/edugestores-debate-n7-intervenciones-pedagogicas-y-relacion-intergubernamental-para-mejorar-aprendizajes\/\">Intervenciones pedag\u00f3gicas y relaci\u00f3n intergubernamental para mejorar aprendizajes<\/a><\/b>\u00a0<\/strong><\/p>\n<hr \/>\n<p>Mart\u00edn Vegas comparti\u00f3 \u00a0los resultados de la evaluaci\u00f3n censal por UGEL en segundo de primaria comunicaci\u00f3n y matem\u00e1tica &#8211; nivel satisfactorio ordenados de mayo a menor. La idea es analizar\u00a0qu\u00e9 relaci\u00f3n existe entre el resultado logrado y las intervenciones que hayan existido en cada UGEL. Con este aporte se anuncian los \u00faltimos d\u00edas para participar del <a href=\"https:\/\/www.edugestores.pe\/groups\/edugestores-debate-n7-intervenciones-pedagogicas-y-relacion-intergubernamental-para-mejorar-aprendizajes\/\">Edugestores Debate N\u00b0 7<\/a> hasta el pr\u00f3ximo 23 de mayo.<\/p>\n<p>\u00bfC\u00f3mo \u00a0mejorar las intervenciones pedag\u00f3gicas para mejorar aprendizajes: soporte pedag\u00f3gico, acompa\u00f1amiento, bono escuela? Los aportes ser\u00e1n difundidos a la opini\u00f3n p\u00fablica, al Ministerio de Educaci\u00f3n y los gobiernos regionales por eso es indispensable contar la opini\u00f3n de los integrantes de la comunidad.<\/p>\n<p>Ingresa y opina en el <a href=\"https:\/\/www.edugestores.pe\/groups\/edugestores-debate-n7-intervenciones-pedagogicas-y-relacion-intergubernamental-para-mejorar-aprendizajes\/\">debate<\/a>.<\/p>\n<hr \/>\n<p style=\"text-align: center;\"><strong><a href=\"https:\/\/www.edugestores.pe\/gestores-docentes-y-academicos-conversan-sobre-situacion-y-perspectivas-de-la-educacion-peruana-convocados-por-el-cne\/\">Gestores, docentes y acad\u00e9micos conversan sobre situaci\u00f3n y perspectivas de la educaci\u00f3n peruana convocados por el CNE<\/a><\/strong><\/p>\n<hr \/>\n<p>Mar\u00eda Amel\u00eda Palacios rese\u00f1a para <em>Edugestores<\/em> las <a href=\"https:\/\/www.edugestores.pe\/gestores-docentes-y-academicos-conversan-sobre-situacion-y-perspectivas-de-la-educacion-peruana-convocados-por-el-cne\/\">presentaciones<\/a> que los directores de Educaci\u00f3n Intercultural Biling\u00fce y Educaci\u00f3n Secundaria del MINEDU hicieran el 19 de mayo,\u00a0sobre lo avanzado en la implementaci\u00f3n del Plan EIB y la Jornada Escolar Completa, as\u00ed como los comentarios de los acad\u00e9micos y Directoras Regionales de Educaci\u00f3n invitadas al Conversatorio convocado por el CNE para evaluar algunas de las principales iniciativas desarrolladas por la actual gesti\u00f3n.\u00a0Lee la nota completa en el siguiente enlace:\u00a0<strong><a href=\"http:\/\/mandrillapp.com\/track\/click\/30097614\/www.edugestores.pe?p=eyJzIjoiaWVmM29fbWtUbjFFS1ZIZzhYaTh6bVVNWkFrIiwidiI6MSwicCI6IntcInVcIjozMDA5NzYxNCxcInZcIjoxLFwidXJsXCI6XCJodHRwOlxcXC9cXFwvd3d3LmVkdWdlc3RvcmVzLnBlXFxcL2dlc3RvcmVzLWRvY2VudGVzLXktYWNhZGVtaWNvcy1jb252ZXJzYW4tc29icmUtc2l0dWFjaW9uLXktcGVyc3BlY3RpdmFzLWRlLWxhLWVkdWNhY2lvbi1wZXJ1YW5hLWNvbnZvY2Fkb3MtcG9yLWVsLWNuZVxcXC9cIixcImlkXCI6XCI4Yjg0NzFiNDQwZjY0N2I4ODQ1NjJmYmMyNzgzYjczNlwiLFwidXJsX2lkc1wiOltcImU5ZDI3YmUxNWQ1YTkzY2IzOTgwMTdmZGYxYjFlN2NkNmI4YWI2MGFcIl19In0\" target=\"_blank\">Gestores, docentes y acad\u00e9micos conversan sobre situaci\u00f3n y perspectivas de la educaci\u00f3n peruana convocados por el CNE<\/a><\/strong><\/p>\n","protected":false},"excerpt":{"rendered":"<p>\u00a1MIGRAMOS A FACEBOOK!\u00a0 Esta semana en la Red peruana de gestores de la educaci\u00f3n\u00a0&#8211;\u00a0Edugestores, dimos un paso m\u00e1s en materia [&hellip;]<\/p>\n","protected":false},"author":63,"featured_media":0,"comment_status":"open","ping_status":"open","sticky":false,"template":"","format":"standard","meta":{"spay_email":""},"categories":[299],"tags":[],"yoast_head":"<!-- This site is optimized with the Yoast SEO plugin v18.0 - https:\/\/yoast.com\/wordpress\/plugins\/seo\/ -->\n<title>[Edugestores Reporta] \u00a1Novedades Edugestores de t\u00fa inter\u00e9s! - Red Peruana de Gestores de la Educaci\u00f3n<\/title>\n<meta name=\"robots\" content=\"index, follow, max-snippet:-1, max-image-preview:large, max-video-preview:-1\" \/>\n<link rel=\"canonical\" href=\"https:\/\/www.edugestores.pe\/?p=11401\" \/>\n<meta property=\"og:locale\" content=\"es_ES\" \/>\n<meta property=\"og:type\" content=\"article\" \/>\n<meta property=\"og:title\" content=\"[Edugestores Reporta] \u00a1Novedades Edugestores de t\u00fa inter\u00e9s! - Red Peruana de Gestores de la Educaci\u00f3n\" \/>\n<meta property=\"og:description\" content=\"\u00a1MIGRAMOS A FACEBOOK!\u00a0 Esta semana en la Red peruana de gestores de la educaci\u00f3n\u00a0&#8211;\u00a0Edugestores, dimos un paso m\u00e1s en materia [&hellip;]\" \/>\n<meta property=\"og:url\" content=\"https:\/\/www.edugestores.pe\/?p=11401\" \/>\n<meta property=\"og:site_name\" content=\"Red Peruana de Gestores de la Educaci\u00f3n\" \/>\n<meta property=\"article:published_time\" content=\"2016-05-20T14:45:22+00:00\" \/>\n<meta property=\"article:modified_time\" content=\"2016-05-24T14:58:38+00:00\" \/>\n<meta property=\"og:image\" content=\"https:\/\/www.edugestores.pe\/wp-content\/uploads\/2016\/05\/EDUGESTORES-REPORTA-MAYO-2016.jpg\" \/>\n<meta name=\"twitter:card\" content=\"summary_large_image\" \/>\n<meta name=\"twitter:label1\" content=\"Escrito por\" \/>\n\t<meta name=\"twitter:data1\" content=\"Administrador\" \/>\n\t<meta name=\"twitter:label2\" content=\"Tiempo de lectura\" \/>\n\t<meta name=\"twitter:data2\" content=\"4 minutos\" \/>\n<script type=\"application\/ld+json\" class=\"yoast-schema-graph\">{\"@context\":\"https:\/\/schema.org\",\"@graph\":[{\"@type\":\"WebSite\",\"@id\":\"https:\/\/www.edugestores.pe\/#website\",\"url\":\"https:\/\/www.edugestores.pe\/\",\"name\":\"Red Peruana de Gestores de la Educaci\u00f3n\",\"description\":\"Red Peruana de Gestores de la Educaci\u00f3n\",\"potentialAction\":[{\"@type\":\"SearchAction\",\"target\":{\"@type\":\"EntryPoint\",\"urlTemplate\":\"https:\/\/www.edugestores.pe\/?s={search_term_string}\"},\"query-input\":\"required name=search_term_string\"}],\"inLanguage\":\"es\"},{\"@type\":\"ImageObject\",\"@id\":\"https:\/\/www.edugestores.pe\/?p=11401#primaryimage\",\"inLanguage\":\"es\",\"url\":\"https:\/\/www.edugestores.pe\/wp-content\/uploads\/2016\/05\/EDUGESTORES-REPORTA-MAYO-2016.jpg\",\"contentUrl\":\"https:\/\/www.edugestores.pe\/wp-content\/uploads\/2016\/05\/EDUGESTORES-REPORTA-MAYO-2016.jpg\",\"width\":700,\"height\":100},{\"@type\":\"WebPage\",\"@id\":\"https:\/\/www.edugestores.pe\/?p=11401#webpage\",\"url\":\"https:\/\/www.edugestores.pe\/?p=11401\",\"name\":\"[Edugestores Reporta] \u00a1Novedades Edugestores de t\u00fa inter\u00e9s! - Red Peruana de Gestores de la Educaci\u00f3n\",\"isPartOf\":{\"@id\":\"https:\/\/www.edugestores.pe\/#website\"},\"primaryImageOfPage\":{\"@id\":\"https:\/\/www.edugestores.pe\/?p=11401#primaryimage\"},\"datePublished\":\"2016-05-20T14:45:22+00:00\",\"dateModified\":\"2016-05-24T14:58:38+00:00\",\"author\":{\"@id\":\"https:\/\/www.edugestores.pe\/#\/schema\/person\/30dc82f35f5853289037a64b35c7c7d3\"},\"breadcrumb\":{\"@id\":\"https:\/\/www.edugestores.pe\/?p=11401#breadcrumb\"},\"inLanguage\":\"es\",\"potentialAction\":[{\"@type\":\"ReadAction\",\"target\":[\"https:\/\/www.edugestores.pe\/?p=11401\"]}]},{\"@type\":\"BreadcrumbList\",\"@id\":\"https:\/\/www.edugestores.pe\/?p=11401#breadcrumb\",\"itemListElement\":[{\"@type\":\"ListItem\",\"position\":1,\"name\":\"Portada\",\"item\":\"https:\/\/www.edugestores.pe\/\"},{\"@type\":\"ListItem\",\"position\":2,\"name\":\"[Edugestores Reporta] \u00a1Novedades Edugestores de t\u00fa inter\u00e9s!\"}]},{\"@type\":\"Person\",\"@id\":\"https:\/\/www.edugestores.pe\/#\/schema\/person\/30dc82f35f5853289037a64b35c7c7d3\",\"name\":\"Administrador\",\"image\":{\"@type\":\"ImageObject\",\"@id\":\"https:\/\/www.edugestores.pe\/#personlogo\",\"inLanguage\":\"es\",\"url\":\"https:\/\/secure.gravatar.com\/avatar\/70960d1239c4d2c778bb3d2786a3c1ae?s=96&d=mm&r=g\",\"contentUrl\":\"https:\/\/secure.gravatar.com\/avatar\/70960d1239c4d2c778bb3d2786a3c1ae?s=96&d=mm&r=g\",\"caption\":\"Administrador\"},\"url\":\"https:\/\/www.edugestores.pe\/?author=63\"}]}<\/script>\n<!-- \/ Yoast SEO plugin. -->","yoast_head_json":{"title":"[Edugestores Reporta] \u00a1Novedades Edugestores de t\u00fa inter\u00e9s! - Red Peruana de Gestores de la Educaci\u00f3n","robots":{"index":"index","follow":"follow","max-snippet":"max-snippet:-1","max-image-preview":"max-image-preview:large","max-video-preview":"max-video-preview:-1"},"canonical":"https:\/\/www.edugestores.pe\/?p=11401","og_locale":"es_ES","og_type":"article","og_title":"[Edugestores Reporta] \u00a1Novedades Edugestores de t\u00fa inter\u00e9s! - Red Peruana de Gestores de la Educaci\u00f3n","og_description":"\u00a1MIGRAMOS A FACEBOOK!\u00a0 Esta semana en la Red peruana de gestores de la educaci\u00f3n\u00a0&#8211;\u00a0Edugestores, dimos un paso m\u00e1s en materia [&hellip;]","og_url":"https:\/\/www.edugestores.pe\/?p=11401","og_site_name":"Red Peruana de Gestores de la Educaci\u00f3n","article_published_time":"2016-05-20T14:45:22+00:00","article_modified_time":"2016-05-24T14:58:38+00:00","og_image":[{"url":"https:\/\/www.edugestores.pe\/wp-content\/uploads\/2016\/05\/EDUGESTORES-REPORTA-MAYO-2016.jpg"}],"twitter_card":"summary_large_image","twitter_misc":{"Escrito por":"Administrador","Tiempo de lectura":"4 minutos"},"schema":{"@context":"https:\/\/schema.org","@graph":[{"@type":"WebSite","@id":"https:\/\/www.edugestores.pe\/#website","url":"https:\/\/www.edugestores.pe\/","name":"Red Peruana de Gestores de la Educaci\u00f3n","description":"Red Peruana de Gestores de la Educaci\u00f3n","potentialAction":[{"@type":"SearchAction","target":{"@type":"EntryPoint","urlTemplate":"https:\/\/www.edugestores.pe\/?s={search_term_string}"},"query-input":"required name=search_term_string"}],"inLanguage":"es"},{"@type":"ImageObject","@id":"https:\/\/www.edugestores.pe\/?p=11401#primaryimage","inLanguage":"es","url":"https:\/\/www.edugestores.pe\/wp-content\/uploads\/2016\/05\/EDUGESTORES-REPORTA-MAYO-2016.jpg","contentUrl":"https:\/\/www.edugestores.pe\/wp-content\/uploads\/2016\/05\/EDUGESTORES-REPORTA-MAYO-2016.jpg","width":700,"height":100},{"@type":"WebPage","@id":"https:\/\/www.edugestores.pe\/?p=11401#webpage","url":"https:\/\/www.edugestores.pe\/?p=11401","name":"[Edugestores Reporta] \u00a1Novedades Edugestores de t\u00fa inter\u00e9s! - Red Peruana de Gestores de la Educaci\u00f3n","isPartOf":{"@id":"https:\/\/www.edugestores.pe\/#website"},"primaryImageOfPage":{"@id":"https:\/\/www.edugestores.pe\/?p=11401#primaryimage"},"datePublished":"2016-05-20T14:45:22+00:00","dateModified":"2016-05-24T14:58:38+00:00","author":{"@id":"https:\/\/www.edugestores.pe\/#\/schema\/person\/30dc82f35f5853289037a64b35c7c7d3"},"breadcrumb":{"@id":"https:\/\/www.edugestores.pe\/?p=11401#breadcrumb"},"inLanguage":"es","potentialAction":[{"@type":"ReadAction","target":["https:\/\/www.edugestores.pe\/?p=11401"]}]},{"@type":"BreadcrumbList","@id":"https:\/\/www.edugestores.pe\/?p=11401#breadcrumb","itemListElement":[{"@type":"ListItem","position":1,"name":"Portada","item":"https:\/\/www.edugestores.pe\/"},{"@type":"ListItem","position":2,"name":"[Edugestores Reporta] \u00a1Novedades Edugestores de t\u00fa inter\u00e9s!"}]},{"@type":"Person","@id":"https:\/\/www.edugestores.pe\/#\/schema\/person\/30dc82f35f5853289037a64b35c7c7d3","name":"Administrador","image":{"@type":"ImageObject","@id":"https:\/\/www.edugestores.pe\/#personlogo","inLanguage":"es","url":"https:\/\/secure.gravatar.com\/avatar\/70960d1239c4d2c778bb3d2786a3c1ae?s=96&d=mm&r=g","contentUrl":"https:\/\/secure.gravatar.com\/avatar\/70960d1239c4d2c778bb3d2786a3c1ae?s=96&d=mm&r=g","caption":"Administrador"},"url":"https:\/\/www.edugestores.pe\/?author=63"}]}},"jetpack_featured_media_url":"","_links":{"self":[{"href":"https:\/\/www.edugestores.pe\/index.php?rest_route=\/wp\/v2\/posts\/11401"}],"collection":[{"href":"https:\/\/www.edugestores.pe\/index.php?rest_route=\/wp\/v2\/posts"}],"about":[{"href":"https:\/\/www.edugestores.pe\/index.php?rest_route=\/wp\/v2\/types\/post"}],"author":[{"embeddable":true,"href":"https:\/\/www.edugestores.pe\/index.php?rest_route=\/wp\/v2\/users\/63"}],"replies":[{"embeddable":true,"href":"https:\/\/www.edugestores.pe\/index.php?rest_route=%2Fwp%2Fv2%2Fcomments&post=11401"}],"version-history":[{"count":6,"href":"https:\/\/www.edugestores.pe\/index.php?rest_route=\/wp\/v2\/posts\/11401\/revisions"}],"predecessor-version":[{"id":11428,"href":"https:\/\/www.edugestores.pe\/index.php?rest_route=\/wp\/v2\/posts\/11401\/revisions\/11428"}],"wp:attachment":[{"href":"https:\/\/www.edugestores.pe\/index.php?rest_route=%2Fwp%2Fv2%2Fmedia&parent=11401"}],"wp:term":[{"taxonomy":"category","embeddable":true,"href":"https:\/\/www.edugestores.pe\/index.php?rest_route=%2Fwp%2Fv2%2Fcategories&post=11401"},{"taxonomy":"post_tag","embeddable":true,"href":"https:\/\/www.edugestores.pe\/index.php?rest_route=%2Fwp%2Fv2%2Ftags&post=11401"}],"curies":[{"name":"wp","href":"https:\/\/api.w.org\/{rel}","templated":true}]}}