{"id":11869,"date":"2016-06-30T09:47:15","date_gmt":"2016-06-30T14:47:15","guid":{"rendered":"https:\/\/www.edugestores.pe\/?p=11869"},"modified":"2016-07-05T19:40:10","modified_gmt":"2016-07-06T00:40:10","slug":"alianza-regional-un-pacto-para-relanzar-la-descentralizacion-con-responsabilidad-y-eficacia","status":"publish","type":"post","link":"https:\/\/www.edugestores.pe\/?p=11869","title":{"rendered":"ALIANZA REGIONAL: Un pacto para relanzar la descentralizaci\u00f3n con responsabilidad y eficacia"},"content":{"rendered":"<p>Fuente: <a href=\"http:\/\/larepublica.pe\/impresa\/editorial\/781029-alianza-regional\">Editorial La Rep\u00fablica<\/a><\/p>\n<p>El Presidente Electo, Pedro Pablo Kuczynski (PPK), ha propuesto en el Cusco, en la reciente Cumbre Descentralista, una alianza con los gobiernos regionales y locales. Esta propuesta ha sido le\u00edda como un llamado a establecer un contrapeso a la mayor\u00eda fujimorista en el Congreso y un iniciativa solo de mayor gasto para hacer realidad la propuesta de \u201crevoluci\u00f3n social\u201d de PPK.<\/p>\n<p>El Presidente Electo ha dicho: \u201cYo les pido que hagamos una alianza cuyo eco llegue hasta el Parlamento, en la avenida Abancay, en Lima. El eco es el Per\u00fa unido para hacer las obras que necesitamos\u201d. Sus palabras permiten anotar que una alianza con las regiones y municipios es ante todo un relacionamiento pol\u00edtico de un gobierno que requiere de contrapartes cercanas que le permitan gestionar con fuerza y eficacia en el Parlamento decisiones de pol\u00edtica p\u00fablica en una din\u00e1mica que conducir\u00e1 a un mayor peso pol\u00edtico de las regiones.<\/p>\n<p>De concretarse, esta iniciativa implicar\u00eda el deseado relanzamiento del proceso descentralista, bloqueado o inmovilizado durante el gobierno actual. Pasando de las palabras a la realidad significar\u00eda una revisi\u00f3n de las demandas de las regiones y de los municipios que pasan por el incremento de competencias y funciones y un mayor gasto.<\/p>\n<p>Esta agenda es pol\u00e9mica. Es cierto que regiones y municipios requieren de dotarse de una mayor capacidad de gesti\u00f3n. Para eso no ser\u00e1n suficientes las medidas planteadas inicialmente por el programa de gobierno de PPK que se reduc\u00edan a la mejora de la prestaci\u00f3n de servicios fuera de la capital.<\/p>\n<p>Las regiones, por ejemplo, demandan la aprobaci\u00f3n de la Ley de Descentralizaci\u00f3n Fiscal, exigen la aprobaci\u00f3n de una norma en\u00e9rgica de reordenamiento territorial y junto a los municipios piden que se reforme la Constituci\u00f3n para que las actuales autoridades puedan reelegirse por lo menos un per\u00edodo m\u00e1s.<\/p>\n<p>En este mismo punto, varias expectativas de los gobiernos subnacionales dependen no del Congreso sino del Ministerio de Econom\u00eda y Finanzas (MEF), lo cual exigir\u00e1 que la primera alianza sea al interior del gobierno. Finalmente, la idea de mayor gasto tiene sus consideraciones y la m\u00e1s importante de ellas es la calidad de la inversi\u00f3n. Ser\u00eda ideal que los nuevos recursos sirvan para financiar las obras inconclusas y no para emprender nuevos proyectos, sobre todo en el \u00e1mbito de la infraestructura porque tiene sentido el futuro titular del MEF Alfredo Thorne cuando nota que el Per\u00fa no tiene un problema de financiamiento, que lo que tiene es un problema de ejecuci\u00f3n de proyectos, un asunto de velocidad que conduce al rezago en infraestructura.<\/p>\n<p>La iniciativa de una alianza con las regiones es positiva sobre todo si persigue darle un curso coherente y responsable a la m\u00e1s importante reforma del Estado emprendida los \u00faltimos 15 a\u00f1os. Las regiones quieren un poder que deben ejercerlo con solvencia y el gobierno central avizora que su tarea ser\u00e1 para facilitar las inversiones, la recaudaci\u00f3n y la repartici\u00f3n de los tributos. En esas condiciones es un buen y promisorio encuentro.<\/p>\n","protected":false},"excerpt":{"rendered":"<p>Fuente: Editorial La Rep\u00fablica El Presidente Electo, Pedro Pablo Kuczynski (PPK), ha propuesto en el Cusco, en la reciente Cumbre [&hellip;]<\/p>\n","protected":false},"author":63,"featured_media":11870,"comment_status":"open","ping_status":"open","sticky":false,"template":"","format":"standard","meta":{"spay_email":""},"categories":[125],"tags":[],"yoast_head":"<!-- This site is optimized with the Yoast SEO plugin v18.0 - https:\/\/yoast.com\/wordpress\/plugins\/seo\/ -->\n<title>ALIANZA REGIONAL: Un pacto para relanzar la descentralizaci\u00f3n con responsabilidad y eficacia - Red Peruana de Gestores de la Educaci\u00f3n<\/title>\n<meta name=\"robots\" content=\"index, follow, max-snippet:-1, max-image-preview:large, max-video-preview:-1\" \/>\n<link rel=\"canonical\" href=\"https:\/\/www.edugestores.pe\/?p=11869\" \/>\n<meta property=\"og:locale\" content=\"es_ES\" \/>\n<meta property=\"og:type\" content=\"article\" \/>\n<meta property=\"og:title\" content=\"ALIANZA REGIONAL: Un pacto para relanzar la descentralizaci\u00f3n con responsabilidad y eficacia - Red Peruana de Gestores de la Educaci\u00f3n\" \/>\n<meta property=\"og:description\" content=\"Fuente: Editorial La Rep\u00fablica El Presidente Electo, Pedro Pablo Kuczynski (PPK), ha propuesto en el Cusco, en la reciente Cumbre [&hellip;]\" \/>\n<meta property=\"og:url\" content=\"https:\/\/www.edugestores.pe\/?p=11869\" \/>\n<meta property=\"og:site_name\" content=\"Red Peruana de Gestores de la Educaci\u00f3n\" \/>\n<meta property=\"article:published_time\" content=\"2016-06-30T14:47:15+00:00\" \/>\n<meta property=\"article:modified_time\" content=\"2016-07-06T00:40:10+00:00\" \/>\n<meta property=\"og:image\" content=\"https:\/\/www.edugestores.pe\/wp-content\/uploads\/2016\/06\/ppk-Noticia-781404.jpg\" \/>\n\t<meta property=\"og:image:width\" content=\"620\" \/>\n\t<meta property=\"og:image:height\" content=\"369\" \/>\n\t<meta property=\"og:image:type\" content=\"image\/jpeg\" \/>\n<meta name=\"twitter:card\" content=\"summary_large_image\" \/>\n<meta name=\"twitter:label1\" content=\"Escrito por\" \/>\n\t<meta name=\"twitter:data1\" content=\"Administrador\" \/>\n\t<meta name=\"twitter:label2\" content=\"Tiempo de lectura\" \/>\n\t<meta name=\"twitter:data2\" content=\"3 minutos\" \/>\n<script type=\"application\/ld+json\" class=\"yoast-schema-graph\">{\"@context\":\"https:\/\/schema.org\",\"@graph\":[{\"@type\":\"WebSite\",\"@id\":\"https:\/\/www.edugestores.pe\/#website\",\"url\":\"https:\/\/www.edugestores.pe\/\",\"name\":\"Red Peruana de Gestores de la Educaci\u00f3n\",\"description\":\"Red Peruana de Gestores de la Educaci\u00f3n\",\"potentialAction\":[{\"@type\":\"SearchAction\",\"target\":{\"@type\":\"EntryPoint\",\"urlTemplate\":\"https:\/\/www.edugestores.pe\/?s={search_term_string}\"},\"query-input\":\"required name=search_term_string\"}],\"inLanguage\":\"es\"},{\"@type\":\"ImageObject\",\"@id\":\"https:\/\/www.edugestores.pe\/?p=11869#primaryimage\",\"inLanguage\":\"es\",\"url\":\"https:\/\/www.edugestores.pe\/wp-content\/uploads\/2016\/06\/ppk-Noticia-781404.jpg\",\"contentUrl\":\"https:\/\/www.edugestores.pe\/wp-content\/uploads\/2016\/06\/ppk-Noticia-781404.jpg\",\"width\":620,\"height\":369},{\"@type\":\"WebPage\",\"@id\":\"https:\/\/www.edugestores.pe\/?p=11869#webpage\",\"url\":\"https:\/\/www.edugestores.pe\/?p=11869\",\"name\":\"ALIANZA REGIONAL: Un pacto para relanzar la descentralizaci\u00f3n con responsabilidad y eficacia - Red Peruana de Gestores de la Educaci\u00f3n\",\"isPartOf\":{\"@id\":\"https:\/\/www.edugestores.pe\/#website\"},\"primaryImageOfPage\":{\"@id\":\"https:\/\/www.edugestores.pe\/?p=11869#primaryimage\"},\"datePublished\":\"2016-06-30T14:47:15+00:00\",\"dateModified\":\"2016-07-06T00:40:10+00:00\",\"author\":{\"@id\":\"https:\/\/www.edugestores.pe\/#\/schema\/person\/30dc82f35f5853289037a64b35c7c7d3\"},\"breadcrumb\":{\"@id\":\"https:\/\/www.edugestores.pe\/?p=11869#breadcrumb\"},\"inLanguage\":\"es\",\"potentialAction\":[{\"@type\":\"ReadAction\",\"target\":[\"https:\/\/www.edugestores.pe\/?p=11869\"]}]},{\"@type\":\"BreadcrumbList\",\"@id\":\"https:\/\/www.edugestores.pe\/?p=11869#breadcrumb\",\"itemListElement\":[{\"@type\":\"ListItem\",\"position\":1,\"name\":\"Portada\",\"item\":\"https:\/\/www.edugestores.pe\/\"},{\"@type\":\"ListItem\",\"position\":2,\"name\":\"ALIANZA REGIONAL: Un pacto para relanzar la descentralizaci\u00f3n con responsabilidad y eficacia\"}]},{\"@type\":\"Person\",\"@id\":\"https:\/\/www.edugestores.pe\/#\/schema\/person\/30dc82f35f5853289037a64b35c7c7d3\",\"name\":\"Administrador\",\"image\":{\"@type\":\"ImageObject\",\"@id\":\"https:\/\/www.edugestores.pe\/#personlogo\",\"inLanguage\":\"es\",\"url\":\"https:\/\/secure.gravatar.com\/avatar\/70960d1239c4d2c778bb3d2786a3c1ae?s=96&d=mm&r=g\",\"contentUrl\":\"https:\/\/secure.gravatar.com\/avatar\/70960d1239c4d2c778bb3d2786a3c1ae?s=96&d=mm&r=g\",\"caption\":\"Administrador\"},\"url\":\"https:\/\/www.edugestores.pe\/?author=63\"}]}<\/script>\n<!-- \/ Yoast SEO plugin. -->","yoast_head_json":{"title":"ALIANZA REGIONAL: Un pacto para relanzar la descentralizaci\u00f3n con responsabilidad y eficacia - Red Peruana de Gestores de la Educaci\u00f3n","robots":{"index":"index","follow":"follow","max-snippet":"max-snippet:-1","max-image-preview":"max-image-preview:large","max-video-preview":"max-video-preview:-1"},"canonical":"https:\/\/www.edugestores.pe\/?p=11869","og_locale":"es_ES","og_type":"article","og_title":"ALIANZA REGIONAL: Un pacto para relanzar la descentralizaci\u00f3n con responsabilidad y eficacia - Red Peruana de Gestores de la Educaci\u00f3n","og_description":"Fuente: Editorial La Rep\u00fablica El Presidente Electo, Pedro Pablo Kuczynski (PPK), ha propuesto en el Cusco, en la reciente Cumbre [&hellip;]","og_url":"https:\/\/www.edugestores.pe\/?p=11869","og_site_name":"Red Peruana de Gestores de la Educaci\u00f3n","article_published_time":"2016-06-30T14:47:15+00:00","article_modified_time":"2016-07-06T00:40:10+00:00","og_image":[{"width":620,"height":369,"url":"https:\/\/www.edugestores.pe\/wp-content\/uploads\/2016\/06\/ppk-Noticia-781404.jpg","type":"image\/jpeg"}],"twitter_card":"summary_large_image","twitter_misc":{"Escrito por":"Administrador","Tiempo de lectura":"3 minutos"},"schema":{"@context":"https:\/\/schema.org","@graph":[{"@type":"WebSite","@id":"https:\/\/www.edugestores.pe\/#website","url":"https:\/\/www.edugestores.pe\/","name":"Red Peruana de Gestores de la Educaci\u00f3n","description":"Red Peruana de Gestores de la Educaci\u00f3n","potentialAction":[{"@type":"SearchAction","target":{"@type":"EntryPoint","urlTemplate":"https:\/\/www.edugestores.pe\/?s={search_term_string}"},"query-input":"required name=search_term_string"}],"inLanguage":"es"},{"@type":"ImageObject","@id":"https:\/\/www.edugestores.pe\/?p=11869#primaryimage","inLanguage":"es","url":"https:\/\/www.edugestores.pe\/wp-content\/uploads\/2016\/06\/ppk-Noticia-781404.jpg","contentUrl":"https:\/\/www.edugestores.pe\/wp-content\/uploads\/2016\/06\/ppk-Noticia-781404.jpg","width":620,"height":369},{"@type":"WebPage","@id":"https:\/\/www.edugestores.pe\/?p=11869#webpage","url":"https:\/\/www.edugestores.pe\/?p=11869","name":"ALIANZA REGIONAL: Un pacto para relanzar la descentralizaci\u00f3n con responsabilidad y eficacia - Red Peruana de Gestores de la Educaci\u00f3n","isPartOf":{"@id":"https:\/\/www.edugestores.pe\/#website"},"primaryImageOfPage":{"@id":"https:\/\/www.edugestores.pe\/?p=11869#primaryimage"},"datePublished":"2016-06-30T14:47:15+00:00","dateModified":"2016-07-06T00:40:10+00:00","author":{"@id":"https:\/\/www.edugestores.pe\/#\/schema\/person\/30dc82f35f5853289037a64b35c7c7d3"},"breadcrumb":{"@id":"https:\/\/www.edugestores.pe\/?p=11869#breadcrumb"},"inLanguage":"es","potentialAction":[{"@type":"ReadAction","target":["https:\/\/www.edugestores.pe\/?p=11869"]}]},{"@type":"BreadcrumbList","@id":"https:\/\/www.edugestores.pe\/?p=11869#breadcrumb","itemListElement":[{"@type":"ListItem","position":1,"name":"Portada","item":"https:\/\/www.edugestores.pe\/"},{"@type":"ListItem","position":2,"name":"ALIANZA REGIONAL: Un pacto para relanzar la descentralizaci\u00f3n con responsabilidad y eficacia"}]},{"@type":"Person","@id":"https:\/\/www.edugestores.pe\/#\/schema\/person\/30dc82f35f5853289037a64b35c7c7d3","name":"Administrador","image":{"@type":"ImageObject","@id":"https:\/\/www.edugestores.pe\/#personlogo","inLanguage":"es","url":"https:\/\/secure.gravatar.com\/avatar\/70960d1239c4d2c778bb3d2786a3c1ae?s=96&d=mm&r=g","contentUrl":"https:\/\/secure.gravatar.com\/avatar\/70960d1239c4d2c778bb3d2786a3c1ae?s=96&d=mm&r=g","caption":"Administrador"},"url":"https:\/\/www.edugestores.pe\/?author=63"}]}},"jetpack_featured_media_url":"https:\/\/www.edugestores.pe\/wp-content\/uploads\/2016\/06\/ppk-Noticia-781404.jpg","_links":{"self":[{"href":"https:\/\/www.edugestores.pe\/index.php?rest_route=\/wp\/v2\/posts\/11869"}],"collection":[{"href":"https:\/\/www.edugestores.pe\/index.php?rest_route=\/wp\/v2\/posts"}],"about":[{"href":"https:\/\/www.edugestores.pe\/index.php?rest_route=\/wp\/v2\/types\/post"}],"author":[{"embeddable":true,"href":"https:\/\/www.edugestores.pe\/index.php?rest_route=\/wp\/v2\/users\/63"}],"replies":[{"embeddable":true,"href":"https:\/\/www.edugestores.pe\/index.php?rest_route=%2Fwp%2Fv2%2Fcomments&post=11869"}],"version-history":[{"count":1,"href":"https:\/\/www.edugestores.pe\/index.php?rest_route=\/wp\/v2\/posts\/11869\/revisions"}],"predecessor-version":[{"id":11871,"href":"https:\/\/www.edugestores.pe\/index.php?rest_route=\/wp\/v2\/posts\/11869\/revisions\/11871"}],"wp:featuredmedia":[{"embeddable":true,"href":"https:\/\/www.edugestores.pe\/index.php?rest_route=\/wp\/v2\/media\/11870"}],"wp:attachment":[{"href":"https:\/\/www.edugestores.pe\/index.php?rest_route=%2Fwp%2Fv2%2Fmedia&parent=11869"}],"wp:term":[{"taxonomy":"category","embeddable":true,"href":"https:\/\/www.edugestores.pe\/index.php?rest_route=%2Fwp%2Fv2%2Fcategories&post=11869"},{"taxonomy":"post_tag","embeddable":true,"href":"https:\/\/www.edugestores.pe\/index.php?rest_route=%2Fwp%2Fv2%2Ftags&post=11869"}],"curies":[{"name":"wp","href":"https:\/\/api.w.org\/{rel}","templated":true}]}}