{"id":11873,"date":"2016-06-30T17:04:36","date_gmt":"2016-06-30T22:04:36","guid":{"rendered":"https:\/\/www.edugestores.pe\/?p=11873"},"modified":"2016-07-12T10:16:05","modified_gmt":"2016-07-12T15:16:05","slug":"amplian-plazo-para-presentar-buenas-practicas-de-gestion-educativa-en-ugel-al-concurso-20-en-gestion","status":"publish","type":"post","link":"https:\/\/www.edugestores.pe\/?p=11873","title":{"rendered":"Ampl\u00edan plazo para presentar buenas pr\u00e1cticas de gesti\u00f3n educativa en UGEL al Concurso \u201c20 en Gesti\u00f3n\u201d"},"content":{"rendered":"<p>A solicitud de UGEL interesadas en participar en el Concurso \u201c20 en Gesti\u00f3n. Reconocimiento a las \u00a0Buenas Pr\u00e1cticas de Gesti\u00f3n Educativa en las UGEL\u201d,\u00a0 el Ministerio de Educaci\u00f3n resolvi\u00f3 modificar el cronograma del mencionado concurso, ampliando el plazo para inscribir buenas pr\u00e1cticas de gesti\u00f3n de UGEL hasta el viernes 08 de julio de 2016.\u00a0 Mediante RVM N\u00b0 086-2016-MINEDU de fecha 28 de junio del a\u00f1o en curso, se modific\u00f3 el numeral 4.1 de las Bases del Concurso aprobadas con anterioridad por Resoluci\u00f3n Vice ministerial N\u00b0 058-2016-MINEDU.<\/p>\n<p>El nuevo cronograma del Concurso 20 en Gesti\u00f3n es el siguiente:<\/p>\n<table>\n<tbody>\n<tr>\n<td width=\"198\">Actividad<\/td>\n<td width=\"180\">Responsable<\/td>\n<td width=\"132\">Fechas<\/td>\n<\/tr>\n<tr>\n<td width=\"198\">Inscripci\u00f3n de buenas pr\u00e1cticas<\/td>\n<td width=\"180\">DIGEGED-DIFOCA<\/td>\n<td width=\"132\">Hasta el 08 de julio<\/td>\n<\/tr>\n<tr>\n<td width=\"198\">Evaluaci\u00f3n de buenas pr\u00e1cticas<\/td>\n<td width=\"180\">JURADO CALIFICADOR<\/td>\n<td width=\"132\">Del 11 al 15 de julio<\/td>\n<\/tr>\n<tr>\n<td width=\"198\">Publicaci\u00f3n de resultados en portal web del MINEDU<\/td>\n<td width=\"180\">DIGEGED-DIFOCA<\/td>\n<td width=\"132\">18 de julio<\/td>\n<\/tr>\n<tr>\n<td width=\"198\">Ceremonia de premiaci\u00f3n<\/td>\n<td width=\"180\">VMGI-DIGEGED<\/td>\n<td width=\"132\">22 de julio<\/td>\n<\/tr>\n<\/tbody>\n<\/table>\n<p>&nbsp;<\/p>\n<p style=\"text-align: center;\"><strong>\u00a1Animamos a las UGEL que a\u00fan no lo han hecho a inscribirse en el Concurso!<\/strong><\/p>\n<p>Les recordamos as\u00ed mismo que <em>Edugestores<\/em> ha abierto <em><a href=\"https:\/\/www.edugestores.pe\/forums\/topic\/i-concurso-de-buenas-practicas-en-gestion-educativa-en-ugel\/\">un foro de consultas<\/a> <\/em>para responder a las preguntas, aclaraciones o solicitudes de asistencia de servidores de las UGEL para el llenado del expediente\u00a0 seg\u00fan lo establecen las Bases del Concurso. \u00a0Sonia Torres, miembro de <em>Edugestores<\/em> es la moderadora del Foro y estar\u00e1 \u00a0atenta para responder a sus inquietudes.<\/p>\n<p>Los integrantes del Grupo de Inter\u00e9s Buenas Pr\u00e1cticas de Gesti\u00f3n en UGEL Rurales tienen a su vez la oportunidad de absolver sus interrogantes y recibir asesosor\u00eda del moderador del Grupo, Jaime Montes, experto en la identificaci\u00f3n y sistematizaci\u00f3n de buenas pr\u00e1cticas pedag\u00f3gicas y de gesti\u00f3n de II.EE e instancias de gesti\u00f3n descentralizada.<\/p>\n<p>En el siguiente enlace pueden acceder a la <a href=\"https:\/\/www.edugestores.pe\/docs\/rvm-n-086-2016-minedu-modifica-rvm-n-086-2016-minedu\/\">RVM N\u00b0 086-2016-MINEDU<\/a>.<\/p>\n<p>&nbsp;<\/p>\n<p>&nbsp;<\/p>\n<p>&nbsp;<\/p>\n","protected":false},"excerpt":{"rendered":"<p>A solicitud de UGEL interesadas en participar en el Concurso \u201c20 en Gesti\u00f3n. Reconocimiento a las \u00a0Buenas Pr\u00e1cticas de Gesti\u00f3n [&hellip;]<\/p>\n","protected":false},"author":63,"featured_media":11508,"comment_status":"open","ping_status":"open","sticky":false,"template":"","format":"standard","meta":{"spay_email":""},"categories":[125],"tags":[],"yoast_head":"<!-- This site is optimized with the Yoast SEO plugin v18.0 - https:\/\/yoast.com\/wordpress\/plugins\/seo\/ -->\n<title>Ampl\u00edan plazo para presentar buenas pr\u00e1cticas de gesti\u00f3n educativa en UGEL al Concurso \u201c20 en Gesti\u00f3n\u201d - Red Peruana de Gestores de la Educaci\u00f3n<\/title>\n<meta name=\"robots\" content=\"index, follow, max-snippet:-1, max-image-preview:large, max-video-preview:-1\" \/>\n<link rel=\"canonical\" href=\"https:\/\/www.edugestores.pe\/?p=11873\" \/>\n<meta property=\"og:locale\" content=\"es_ES\" \/>\n<meta property=\"og:type\" content=\"article\" \/>\n<meta property=\"og:title\" content=\"Ampl\u00edan plazo para presentar buenas pr\u00e1cticas de gesti\u00f3n educativa en UGEL al Concurso \u201c20 en Gesti\u00f3n\u201d - Red Peruana de Gestores de la Educaci\u00f3n\" \/>\n<meta property=\"og:description\" content=\"A solicitud de UGEL interesadas en participar en el Concurso \u201c20 en Gesti\u00f3n. Reconocimiento a las \u00a0Buenas Pr\u00e1cticas de Gesti\u00f3n [&hellip;]\" \/>\n<meta property=\"og:url\" content=\"https:\/\/www.edugestores.pe\/?p=11873\" \/>\n<meta property=\"og:site_name\" content=\"Red Peruana de Gestores de la Educaci\u00f3n\" \/>\n<meta property=\"article:published_time\" content=\"2016-06-30T22:04:36+00:00\" \/>\n<meta property=\"article:modified_time\" content=\"2016-07-12T15:16:05+00:00\" \/>\n<meta property=\"og:image\" content=\"https:\/\/www.edugestores.pe\/wp-content\/uploads\/2016\/05\/bs-practicas-minedu1.jpg\" \/>\n\t<meta property=\"og:image:width\" content=\"1460\" \/>\n\t<meta property=\"og:image:height\" content=\"747\" \/>\n\t<meta property=\"og:image:type\" content=\"image\/jpeg\" \/>\n<meta name=\"twitter:card\" content=\"summary_large_image\" \/>\n<meta name=\"twitter:label1\" content=\"Escrito por\" \/>\n\t<meta name=\"twitter:data1\" content=\"Administrador\" \/>\n\t<meta name=\"twitter:label2\" content=\"Tiempo de lectura\" \/>\n\t<meta name=\"twitter:data2\" content=\"2 minutos\" \/>\n<script type=\"application\/ld+json\" class=\"yoast-schema-graph\">{\"@context\":\"https:\/\/schema.org\",\"@graph\":[{\"@type\":\"WebSite\",\"@id\":\"https:\/\/www.edugestores.pe\/#website\",\"url\":\"https:\/\/www.edugestores.pe\/\",\"name\":\"Red Peruana de Gestores de la Educaci\u00f3n\",\"description\":\"Red Peruana de Gestores de la Educaci\u00f3n\",\"potentialAction\":[{\"@type\":\"SearchAction\",\"target\":{\"@type\":\"EntryPoint\",\"urlTemplate\":\"https:\/\/www.edugestores.pe\/?s={search_term_string}\"},\"query-input\":\"required name=search_term_string\"}],\"inLanguage\":\"es\"},{\"@type\":\"ImageObject\",\"@id\":\"https:\/\/www.edugestores.pe\/?p=11873#primaryimage\",\"inLanguage\":\"es\",\"url\":\"https:\/\/www.edugestores.pe\/wp-content\/uploads\/2016\/05\/bs-practicas-minedu1.jpg\",\"contentUrl\":\"https:\/\/www.edugestores.pe\/wp-content\/uploads\/2016\/05\/bs-practicas-minedu1.jpg\",\"width\":1460,\"height\":747},{\"@type\":\"WebPage\",\"@id\":\"https:\/\/www.edugestores.pe\/?p=11873#webpage\",\"url\":\"https:\/\/www.edugestores.pe\/?p=11873\",\"name\":\"Ampl\u00edan plazo para presentar buenas pr\u00e1cticas de gesti\u00f3n educativa en UGEL al Concurso \u201c20 en Gesti\u00f3n\u201d - Red Peruana de Gestores de la Educaci\u00f3n\",\"isPartOf\":{\"@id\":\"https:\/\/www.edugestores.pe\/#website\"},\"primaryImageOfPage\":{\"@id\":\"https:\/\/www.edugestores.pe\/?p=11873#primaryimage\"},\"datePublished\":\"2016-06-30T22:04:36+00:00\",\"dateModified\":\"2016-07-12T15:16:05+00:00\",\"author\":{\"@id\":\"https:\/\/www.edugestores.pe\/#\/schema\/person\/30dc82f35f5853289037a64b35c7c7d3\"},\"breadcrumb\":{\"@id\":\"https:\/\/www.edugestores.pe\/?p=11873#breadcrumb\"},\"inLanguage\":\"es\",\"potentialAction\":[{\"@type\":\"ReadAction\",\"target\":[\"https:\/\/www.edugestores.pe\/?p=11873\"]}]},{\"@type\":\"BreadcrumbList\",\"@id\":\"https:\/\/www.edugestores.pe\/?p=11873#breadcrumb\",\"itemListElement\":[{\"@type\":\"ListItem\",\"position\":1,\"name\":\"Portada\",\"item\":\"https:\/\/www.edugestores.pe\/\"},{\"@type\":\"ListItem\",\"position\":2,\"name\":\"Ampl\u00edan plazo para presentar buenas pr\u00e1cticas de gesti\u00f3n educativa en UGEL al Concurso \u201c20 en Gesti\u00f3n\u201d\"}]},{\"@type\":\"Person\",\"@id\":\"https:\/\/www.edugestores.pe\/#\/schema\/person\/30dc82f35f5853289037a64b35c7c7d3\",\"name\":\"Administrador\",\"image\":{\"@type\":\"ImageObject\",\"@id\":\"https:\/\/www.edugestores.pe\/#personlogo\",\"inLanguage\":\"es\",\"url\":\"https:\/\/secure.gravatar.com\/avatar\/70960d1239c4d2c778bb3d2786a3c1ae?s=96&d=mm&r=g\",\"contentUrl\":\"https:\/\/secure.gravatar.com\/avatar\/70960d1239c4d2c778bb3d2786a3c1ae?s=96&d=mm&r=g\",\"caption\":\"Administrador\"},\"url\":\"https:\/\/www.edugestores.pe\/?author=63\"}]}<\/script>\n<!-- \/ Yoast SEO plugin. -->","yoast_head_json":{"title":"Ampl\u00edan plazo para presentar buenas pr\u00e1cticas de gesti\u00f3n educativa en UGEL al Concurso \u201c20 en Gesti\u00f3n\u201d - Red Peruana de Gestores de la Educaci\u00f3n","robots":{"index":"index","follow":"follow","max-snippet":"max-snippet:-1","max-image-preview":"max-image-preview:large","max-video-preview":"max-video-preview:-1"},"canonical":"https:\/\/www.edugestores.pe\/?p=11873","og_locale":"es_ES","og_type":"article","og_title":"Ampl\u00edan plazo para presentar buenas pr\u00e1cticas de gesti\u00f3n educativa en UGEL al Concurso \u201c20 en Gesti\u00f3n\u201d - Red Peruana de Gestores de la Educaci\u00f3n","og_description":"A solicitud de UGEL interesadas en participar en el Concurso \u201c20 en Gesti\u00f3n. Reconocimiento a las \u00a0Buenas Pr\u00e1cticas de Gesti\u00f3n [&hellip;]","og_url":"https:\/\/www.edugestores.pe\/?p=11873","og_site_name":"Red Peruana de Gestores de la Educaci\u00f3n","article_published_time":"2016-06-30T22:04:36+00:00","article_modified_time":"2016-07-12T15:16:05+00:00","og_image":[{"width":1460,"height":747,"url":"https:\/\/www.edugestores.pe\/wp-content\/uploads\/2016\/05\/bs-practicas-minedu1.jpg","type":"image\/jpeg"}],"twitter_card":"summary_large_image","twitter_misc":{"Escrito por":"Administrador","Tiempo de lectura":"2 minutos"},"schema":{"@context":"https:\/\/schema.org","@graph":[{"@type":"WebSite","@id":"https:\/\/www.edugestores.pe\/#website","url":"https:\/\/www.edugestores.pe\/","name":"Red Peruana de Gestores de la Educaci\u00f3n","description":"Red Peruana de Gestores de la Educaci\u00f3n","potentialAction":[{"@type":"SearchAction","target":{"@type":"EntryPoint","urlTemplate":"https:\/\/www.edugestores.pe\/?s={search_term_string}"},"query-input":"required name=search_term_string"}],"inLanguage":"es"},{"@type":"ImageObject","@id":"https:\/\/www.edugestores.pe\/?p=11873#primaryimage","inLanguage":"es","url":"https:\/\/www.edugestores.pe\/wp-content\/uploads\/2016\/05\/bs-practicas-minedu1.jpg","contentUrl":"https:\/\/www.edugestores.pe\/wp-content\/uploads\/2016\/05\/bs-practicas-minedu1.jpg","width":1460,"height":747},{"@type":"WebPage","@id":"https:\/\/www.edugestores.pe\/?p=11873#webpage","url":"https:\/\/www.edugestores.pe\/?p=11873","name":"Ampl\u00edan plazo para presentar buenas pr\u00e1cticas de gesti\u00f3n educativa en UGEL al Concurso \u201c20 en Gesti\u00f3n\u201d - Red Peruana de Gestores de la Educaci\u00f3n","isPartOf":{"@id":"https:\/\/www.edugestores.pe\/#website"},"primaryImageOfPage":{"@id":"https:\/\/www.edugestores.pe\/?p=11873#primaryimage"},"datePublished":"2016-06-30T22:04:36+00:00","dateModified":"2016-07-12T15:16:05+00:00","author":{"@id":"https:\/\/www.edugestores.pe\/#\/schema\/person\/30dc82f35f5853289037a64b35c7c7d3"},"breadcrumb":{"@id":"https:\/\/www.edugestores.pe\/?p=11873#breadcrumb"},"inLanguage":"es","potentialAction":[{"@type":"ReadAction","target":["https:\/\/www.edugestores.pe\/?p=11873"]}]},{"@type":"BreadcrumbList","@id":"https:\/\/www.edugestores.pe\/?p=11873#breadcrumb","itemListElement":[{"@type":"ListItem","position":1,"name":"Portada","item":"https:\/\/www.edugestores.pe\/"},{"@type":"ListItem","position":2,"name":"Ampl\u00edan plazo para presentar buenas pr\u00e1cticas de gesti\u00f3n educativa en UGEL al Concurso \u201c20 en Gesti\u00f3n\u201d"}]},{"@type":"Person","@id":"https:\/\/www.edugestores.pe\/#\/schema\/person\/30dc82f35f5853289037a64b35c7c7d3","name":"Administrador","image":{"@type":"ImageObject","@id":"https:\/\/www.edugestores.pe\/#personlogo","inLanguage":"es","url":"https:\/\/secure.gravatar.com\/avatar\/70960d1239c4d2c778bb3d2786a3c1ae?s=96&d=mm&r=g","contentUrl":"https:\/\/secure.gravatar.com\/avatar\/70960d1239c4d2c778bb3d2786a3c1ae?s=96&d=mm&r=g","caption":"Administrador"},"url":"https:\/\/www.edugestores.pe\/?author=63"}]}},"jetpack_featured_media_url":"https:\/\/www.edugestores.pe\/wp-content\/uploads\/2016\/05\/bs-practicas-minedu1.jpg","_links":{"self":[{"href":"https:\/\/www.edugestores.pe\/index.php?rest_route=\/wp\/v2\/posts\/11873"}],"collection":[{"href":"https:\/\/www.edugestores.pe\/index.php?rest_route=\/wp\/v2\/posts"}],"about":[{"href":"https:\/\/www.edugestores.pe\/index.php?rest_route=\/wp\/v2\/types\/post"}],"author":[{"embeddable":true,"href":"https:\/\/www.edugestores.pe\/index.php?rest_route=\/wp\/v2\/users\/63"}],"replies":[{"embeddable":true,"href":"https:\/\/www.edugestores.pe\/index.php?rest_route=%2Fwp%2Fv2%2Fcomments&post=11873"}],"version-history":[{"count":4,"href":"https:\/\/www.edugestores.pe\/index.php?rest_route=\/wp\/v2\/posts\/11873\/revisions"}],"predecessor-version":[{"id":11880,"href":"https:\/\/www.edugestores.pe\/index.php?rest_route=\/wp\/v2\/posts\/11873\/revisions\/11880"}],"wp:featuredmedia":[{"embeddable":true,"href":"https:\/\/www.edugestores.pe\/index.php?rest_route=\/wp\/v2\/media\/11508"}],"wp:attachment":[{"href":"https:\/\/www.edugestores.pe\/index.php?rest_route=%2Fwp%2Fv2%2Fmedia&parent=11873"}],"wp:term":[{"taxonomy":"category","embeddable":true,"href":"https:\/\/www.edugestores.pe\/index.php?rest_route=%2Fwp%2Fv2%2Fcategories&post=11873"},{"taxonomy":"post_tag","embeddable":true,"href":"https:\/\/www.edugestores.pe\/index.php?rest_route=%2Fwp%2Fv2%2Ftags&post=11873"}],"curies":[{"name":"wp","href":"https:\/\/api.w.org\/{rel}","templated":true}]}}