{"id":11927,"date":"2016-07-05T10:55:57","date_gmt":"2016-07-05T15:55:57","guid":{"rendered":"https:\/\/www.edugestores.pe\/?p=11927"},"modified":"2016-07-12T10:16:55","modified_gmt":"2016-07-12T15:16:55","slug":"conozca-las-19-comisiones-de-transferencia-de-gobierno","status":"publish","type":"post","link":"https:\/\/www.edugestores.pe\/?p=11927","title":{"rendered":"Conozca los miembros de las 19 comisiones de transferencia de gobierno."},"content":{"rendered":"<p>Fuente: <a href=\"http:\/\/gestion.pe\/politica\/ppk-nuevos-movimientos-fichas-comisiones-transferencia-2164684\">Diario\u00a0Gesti\u00f3n<\/a><\/p>\n<p>La\u00a0semana pasada se instalaron las 19 comisiones de transferencia de gobierno. Una por cada ministerio. Mercedes Ar\u00e1oz lidera la tarea desde el lado de <a href=\"http:\/\/gestion.pe\/noticias-de-peruanos-kambio-51335?href=nota_tag\" target=\"_blank\">Peruanos Por el Kambio<\/a> (<span class=\"caps\">PPK<\/span>). Entre el 8 y el 12 de julio, todos <a href=\"http:\/\/gestion.pe\/noticias-de-poder-ejecutivo-289?href=nota_tag\" target=\"_blank\">los ministerios<\/a> est\u00e1n en la obligaci\u00f3n de remitir toda la informaci\u00f3n a los miembros de <span class=\"caps\">PPK<\/span>.<\/p>\n<p>La informaci\u00f3n que remitan los ministerio al equipo de <span class=\"caps\">PPK\u00a0<\/span>debe incluir proyectos especiales, direcciones generales, y hasta oficinas adscritas. El 26 de julio es la fecha l\u00edmite para que las comisiones entreguen su informe final. Dicho documento debe recoger observaciones y tambi\u00e9n sugerencias.<\/p>\n<p><strong>Documentos internos<\/strong><br \/>\nLas comisiones de trabajo pueden generar res\u00famenes ejecutivos que pueden servir de material de trabajo interno para Peruanos por el Kambio y para quienes se hagan cargo de las carteras en el futuro gobierno.\u00a0En paralelo al informe final que haga el equipo de Peruanos Por el Kambio, los ministerios remitir\u00e1n documentos, sobre c\u00f3mo dejan los ministerios, a las Oficinas de Control Interno (<span class=\"caps\">OCI<\/span>). Estas a su vez los entregar\u00e1n a la Contralor\u00eda, que evaluar\u00e1 a la gesti\u00f3n saliente.<\/p>\n<p><strong>Movidas<\/strong><br \/>\nEl jueves de la semana pasada, la Contralor\u00eda cit\u00f3 a los miembros de la Comisi\u00f3n de Transferencia que lidera Mercedes Ar\u00e1oz. Se trat\u00f3 de una capacitaci\u00f3n a la que asistieron la ex ministra y otras 107 personas.<\/p>\n<p>El fin de semana, sin embargo se ejecut\u00f3 algunos cambios. Hay salidas e ingresos de t\u00e9cnicos en las 19 comisiones de transferencia, seg\u00fan pudo conocer Gesti\u00f3n.<\/p>\n<p>En la lista aparecen rostros visibles en la campa\u00f1a de Peruanos por el Kambio, de actuales funcionarios p\u00fablicos o de aquellos que tuvieron un paso por este gobierno, el de Alan Garc\u00eda y el de Alejandro Toledo.<\/p>\n<p>Tambi\u00e9n hay nombres como el de R\u00f3mulo Mucho, quien fue candidato a la vicepresidencia de \u00c1ntero Flores \u2013 Ar\u00e1oz. Tambi\u00e9n Miguel Prial\u00e9, quien fue gerente general de la Municipalidad de Lima en tiempos de Susana Villar\u00e1n o el ministro del Interior Remigio Hernani, que postul\u00f3 a la alcald\u00eda por Vamos Per\u00fa.<\/p>\n<p>En el equipo de econom\u00eda aparecen dos ex viceministros de Hacienda durante el aprismo: Jos\u00e9 Arista y Mar\u00eda Guiulfo.<\/p>\n<p>Drago Kisic, de Macroconsult, tambi\u00e9n est\u00e1 en una de las comisiones de Transferencia. Aparece en la de educaci\u00f3n.<\/p>\n<p><strong>1.- <span class=\"caps\">PRESIDENCIA<\/span> <span class=\"caps\">DEL<\/span> <span class=\"caps\">CONSEJO<\/span> DE <span class=\"caps\">MINISTROS<\/span><\/strong><br \/>\nEncargado: Mercedes Ar\u00e1oz Fern\u00e1ndez<br \/>\nMiembros<br \/>\nTuv Namtvedt, Thea<br \/>\nLlona Rosa, Mariana<br \/>\nMolina Mart\u00ednez, Ra\u00fal Alberto<br \/>\nVel\u00e1squez Arrieta, Lubinda Del Rosario<br \/>\nMorales C\u00f3rdova, Mirian Maribel<br \/>\nGonzales Fernandez, Cosme Mariano<br \/>\nCornejo Vizcarra, Mart\u00edn<br \/>\nMolinelli Aristondo, Fiorella<br \/>\nThorne Vetter, Alfredo<br \/>\nCosta Santolalla, Gino<br \/>\nRomero Llona, Guiselle Marlene<br \/>\nMart\u00ednez Ortiz, Juan<br \/>\nMas\u00edas Claux, Carmen<\/p>\n<p><strong>2.- <span class=\"caps\">ECONOM\u00cdA<\/span> Y <span class=\"caps\">FINANZAS<\/span><\/strong><br \/>\nEncargado: Alfredo Eduardo Thorne Vetter<br \/>\nMiembros<br \/>\nIllescas Mucha, Javier Hernando<br \/>\nUrrinitegui Carrasco, Jos\u00e9<br \/>\nAstete Miranda, Humberto<br \/>\nVerona Baluarte, Jos\u00e9 Leopoldo<br \/>\nGuiulfo Su\u00e1rez-Durand, Mar\u00eda<br \/>\nCooper Fott, Claudia<br \/>\nArista Arbildo, Jos\u00e9<\/p>\n<p><strong>3.- <span class=\"caps\">TRANSPORTE<\/span> Y <span class=\"caps\">COMUNICACIONES<\/span><\/strong><br \/>\nEncargado: Mart\u00edn Alberto Vizcarra Cornejo<br \/>\nMiembros<br \/>\nEstremadoyro Mori, Carlos<br \/>\nPrial\u00e9 Ugas, Miguel<br \/>\nPuga Pomadera, Carlos<br \/>\nApoloni Quispe, Jorge<br \/>\nArbul\u00fa Miranda, Mario<\/p>\n<p><strong>4.- <span class=\"caps\">JUSTICIA<\/span><\/strong><br \/>\nEncargado: Avelino Guill\u00e9n Jauregui<br \/>\nMiembro<br \/>\nLoli Carrillo, Augusto Jes\u00fas<br \/>\nTello de \u00d1ecco, Luisa In\u00e9s<br \/>\nTalavera Elguera, Pablo<br \/>\nElice Navarro, Jos\u00e9 Antonio<\/p>\n<p><strong>5.- <span class=\"caps\">INTERIOR<\/span><\/strong><br \/>\nEncargado: Gino Francisco Costa Santolalla<br \/>\nMiembros<br \/>\nHernani Meloni, Remigio<br \/>\nVargas C\u00e9spedes, Ismael Rub\u00e9n<br \/>\nCarri\u00f3n Zavala, Jorge Gustavo F\u00e9lix<br \/>\nRomero Rivera Carlos Antonio<br \/>\nMontoya Villanueva, Luis<\/p>\n<p><strong>6.- <span class=\"caps\">DESARROLLO<\/span> E <span class=\"caps\">INCLUSI\u00d3N<\/span> <span class=\"caps\">SOCIAL<\/span><\/strong><br \/>\nEncargado: Carlos Eduardo Arambur\u00fa L\u00f3pez de Roma\u00f1a<br \/>\nMiembro<br \/>\n\u00d1opo Aguilar, Hugo Rolando<br \/>\nAnt\u00fanez de Mayolo, Denise Ledgar<br \/>\nCorreo Aste, Hugo Rolando<br \/>\nRe\u00e1tegui Napuri, Ana<\/p>\n<p><strong>7.- <span class=\"caps\">ENERG\u00cdA<\/span> Y <span class=\"caps\">MINAS<\/span><\/strong><br \/>\nEncargado: Fiorella Giannina Molinelli Aristondo<br \/>\nMiembros<br \/>\nGalup Barriga, Manuel Eduardo<br \/>\nMucho Mamani, R\u00f3mulo<br \/>\nGonzales \u00c1vila, Carlos<br \/>\nButr\u00f3n Fern\u00e1ndez, C\u00e9sar<\/p>\n<p><strong>8.- <span class=\"caps\">EDUCACI\u00d3N<\/span><\/strong><br \/>\nEncargado: Santiago Cueto Caballero<br \/>\nMiembros<br \/>\nPollarolo Giglio De Castagnola, Pierina Cecilia<br \/>\nCastillo S\u00e1nchez, Carlos Eleodoro<br \/>\nCarpio Valdez, Santiago Fabi\u00e1n<br \/>\nMcLauchlan de Arregui, Mar\u00eda<br \/>\nGuadalupe Mendiz\u00e1bal, C\u00e9sar<br \/>\nKisic Aguirre, Drago Nicol\u00e1s<\/p>\n<p><strong>9.- <span class=\"caps\">MUJER<\/span> Y <span class=\"caps\">POBLACIONES<\/span> <span class=\"caps\">VULNERABLES<\/span><\/strong><br \/>\nEncargado: Cecilia Blondet Montero<br \/>\nMiembros<br \/>\nMilosalvich T\u00fapac, Diana Mirian<br \/>\nPeraltilla Mart\u00ednez, Mirko Leonidas<br \/>\nBerm\u00fadez Valdivia, Violeta<br \/>\nAldave Ruiz, Cecilia<br \/>\nFalco Schelich, Giuliana<\/p>\n<p><strong>10.- <span class=\"caps\">PRODUCCI\u00d3N<\/span><\/strong><br \/>\nEncargado: Elsa Patricia Galarza Contreras<br \/>\nMiembros<br \/>\nLe\u00f3n Castillo, Janina Virginia<br \/>\nBalc\u00e1zar Su\u00e1rez, Juana Rosa Ana<br \/>\nFlores Roman\u00ed, Ra\u00fal Armando<br \/>\nAmaro Alzamora, Gabriel<br \/>\nSoldi Soldi, Hector Diosdado<br \/>\nPardav\u00e9 Mart\u00ednez, Julio<\/p>\n<p><strong>11.- <span class=\"caps\">COMERCIO<\/span> <span class=\"caps\">EXTERIOR<\/span> Y <span class=\"caps\">TURISMO<\/span><\/strong><br \/>\nEncargado: Eduardo Ferreyros K\u00fcppers<br \/>\nMiembros<br \/>\nCort\u00e9s Carcel\u00e9n, Luis Guillermo<br \/>\nHurtado Tello, Martha Patricia Paula<br \/>\nDupuy Ortiz De Zevallos, Jaime Ricardo<br \/>\nLuna C\u00e1rdenas, Jessica Mar\u00eda<\/p>\n<p><strong>12.- <span class=\"caps\">CULTURA<\/span><\/strong><br \/>\nEncargado: Carlos Alberto Alza Barco<br \/>\nMiembros<br \/>\nLuna Brice\u00f1o, Alfredo Mart\u00edn<br \/>\nPino Zambrano, V\u00edctor Vidal<br \/>\nVargas Mas, Carlos<br \/>\nCarpio Valdeavellano, Paloma<br \/>\nLa Rosa Huertas, Liliana del Carmen<\/p>\n<p><strong>13.- <span class=\"caps\">VIVIENDA<\/span>, <span class=\"caps\">CONSTRUCCI\u00d3N<\/span> Y<span class=\"caps\">SANEAMIENTO<\/span><\/strong><br \/>\nEncargado: Guido Javier Valdivia Rodr\u00edguez<br \/>\nMiembros<br \/>\nLecaros Vertiz, Carmen Cecilia<br \/>\nColich\u00f3n Bol\u00edvar, Juan Carlos Germ\u00e1n<br \/>\nTrujillo Mori, Edmer<br \/>\nUchuya Cornejo, Jaime<br \/>\nRatto Cuneo, Jorge Alberto<\/p>\n<p><strong>14.- <span class=\"caps\">TRABAJO<\/span> Y <span class=\"caps\">PROMOCI\u00d3N<\/span> <span class=\"caps\">DEL<\/span> <span class=\"caps\">EMPLEO<\/span><\/strong><br \/>\nEncargado: Alfonso Fernando Grados Carraro<br \/>\nMiembros<br \/>\nGarc\u00eda Cochagne, Manuela<br \/>\nJaramillo Baanante, Miguel<br \/>\nYamada Fukusaki, Gustavo<br \/>\nToyama Miyagusuku, Jorge<\/p>\n<p><strong>15.- <span class=\"caps\">RELACIONES<\/span> <span class=\"caps\">EXTERIORES<\/span><\/strong><br \/>\nEncargado: V\u00edctor Ricardo Luna Mendoza<br \/>\nMiembros<br \/>\nPareja Rios, Carlos Jos\u00e9<br \/>\nCamino Cannock, John Peter<br \/>\nRodr\u00edguez Arnillas, Roberto Rafael Max<br \/>\nCoronado Molina, Rodolfo Enrique<\/p>\n<p><strong>16.- <span class=\"caps\">DEFENSA<\/span><\/strong><br \/>\nEncargado: Enrique Obando Arbul\u00fa<br \/>\nMiembros<br \/>\nHurtado Jim\u00e9nez, Ronald Emilio<br \/>\nKisic Wagner, Jorge Ra\u00fal Esteban<br \/>\nPalomino Milla, Fernando C\u00e9sar<br \/>\nSenmache Artola, Dimitri Nicol\u00e1s<\/p>\n<p><strong>17.- <span class=\"caps\">SALUD<\/span><\/strong><br \/>\nEncargado: Janice Natalie Seinfeld Lemlig<br \/>\nMiembros<br \/>\nCarbone Campoverde, Fernando<br \/>\nOlivares Marcos, Lucy Nancy<br \/>\nPastor Goyzueta, Ada<\/p>\n<p><strong>18.- <span class=\"caps\">AGRICULTURA<\/span> Y <span class=\"caps\">RIEGO<\/span><\/strong><br \/>\nEncargado: Jos\u00e9 Manuel Hern\u00e1ndez Calder\u00f3n<br \/>\nMiembros<br \/>\nParedes Gonz\u00e1les, Carlos Ernesto<br \/>\nD\u00edaz P\u00e9rez, Salom\u00f3n<br \/>\nDe La Torre Villanueva, Abelardo Amador<br \/>\nVillacorta Carranza, Jorge Luis<br \/>\nGonz\u00e1les-Z\u00fa\u00f1iga Guzm\u00e1n, Luis Alberto<\/p>\n<p><strong>19.- <span class=\"caps\">AMBIENTE<\/span><\/strong><br \/>\nEncargado: H\u00e9ctor Alfonso Cisneros Velarde<br \/>\nMiembros<br \/>\nG\u00f3mez Gamarra, Zoila Del Rosario<br \/>\nCerd\u00e1n Quiliano, Miriam Mercedes<br \/>\nMu\u00f1oz Dodero, Fabiola Martha<br \/>\nIpensa Peralta, C\u00e9sar Augusto<\/p>\n","protected":false},"excerpt":{"rendered":"<p>Fuente: Diario\u00a0Gesti\u00f3n La\u00a0semana pasada se instalaron las 19 comisiones de transferencia de gobierno. Una por cada ministerio. Mercedes Ar\u00e1oz lidera [&hellip;]<\/p>\n","protected":false},"author":63,"featured_media":11870,"comment_status":"open","ping_status":"open","sticky":false,"template":"","format":"standard","meta":{"spay_email":""},"categories":[125],"tags":[],"yoast_head":"<!-- This site is optimized with the Yoast SEO plugin v18.0 - https:\/\/yoast.com\/wordpress\/plugins\/seo\/ -->\n<title>Conozca los miembros de las 19 comisiones de transferencia de gobierno. - Red Peruana de Gestores de la Educaci\u00f3n<\/title>\n<meta name=\"robots\" content=\"index, follow, max-snippet:-1, max-image-preview:large, max-video-preview:-1\" \/>\n<link rel=\"canonical\" href=\"https:\/\/www.edugestores.pe\/?p=11927\" \/>\n<meta property=\"og:locale\" content=\"es_ES\" \/>\n<meta property=\"og:type\" content=\"article\" \/>\n<meta property=\"og:title\" content=\"Conozca los miembros de las 19 comisiones de transferencia de gobierno. - Red Peruana de Gestores de la Educaci\u00f3n\" \/>\n<meta property=\"og:description\" content=\"Fuente: Diario\u00a0Gesti\u00f3n La\u00a0semana pasada se instalaron las 19 comisiones de transferencia de gobierno. Una por cada ministerio. Mercedes Ar\u00e1oz lidera [&hellip;]\" \/>\n<meta property=\"og:url\" content=\"https:\/\/www.edugestores.pe\/?p=11927\" \/>\n<meta property=\"og:site_name\" content=\"Red Peruana de Gestores de la Educaci\u00f3n\" \/>\n<meta property=\"article:published_time\" content=\"2016-07-05T15:55:57+00:00\" \/>\n<meta property=\"article:modified_time\" content=\"2016-07-12T15:16:55+00:00\" \/>\n<meta property=\"og:image\" content=\"https:\/\/www.edugestores.pe\/wp-content\/uploads\/2016\/06\/ppk-Noticia-781404.jpg\" \/>\n\t<meta property=\"og:image:width\" content=\"620\" \/>\n\t<meta property=\"og:image:height\" content=\"369\" \/>\n\t<meta property=\"og:image:type\" content=\"image\/jpeg\" \/>\n<meta name=\"twitter:card\" content=\"summary_large_image\" \/>\n<meta name=\"twitter:label1\" content=\"Escrito por\" \/>\n\t<meta name=\"twitter:data1\" content=\"Administrador\" \/>\n\t<meta name=\"twitter:label2\" content=\"Tiempo de lectura\" \/>\n\t<meta name=\"twitter:data2\" content=\"5 minutos\" \/>\n<script type=\"application\/ld+json\" class=\"yoast-schema-graph\">{\"@context\":\"https:\/\/schema.org\",\"@graph\":[{\"@type\":\"WebSite\",\"@id\":\"https:\/\/www.edugestores.pe\/#website\",\"url\":\"https:\/\/www.edugestores.pe\/\",\"name\":\"Red Peruana de Gestores de la Educaci\u00f3n\",\"description\":\"Red Peruana de Gestores de la Educaci\u00f3n\",\"potentialAction\":[{\"@type\":\"SearchAction\",\"target\":{\"@type\":\"EntryPoint\",\"urlTemplate\":\"https:\/\/www.edugestores.pe\/?s={search_term_string}\"},\"query-input\":\"required name=search_term_string\"}],\"inLanguage\":\"es\"},{\"@type\":\"ImageObject\",\"@id\":\"https:\/\/www.edugestores.pe\/?p=11927#primaryimage\",\"inLanguage\":\"es\",\"url\":\"https:\/\/www.edugestores.pe\/wp-content\/uploads\/2016\/06\/ppk-Noticia-781404.jpg\",\"contentUrl\":\"https:\/\/www.edugestores.pe\/wp-content\/uploads\/2016\/06\/ppk-Noticia-781404.jpg\",\"width\":620,\"height\":369},{\"@type\":\"WebPage\",\"@id\":\"https:\/\/www.edugestores.pe\/?p=11927#webpage\",\"url\":\"https:\/\/www.edugestores.pe\/?p=11927\",\"name\":\"Conozca los miembros de las 19 comisiones de transferencia de gobierno. - Red Peruana de Gestores de la Educaci\u00f3n\",\"isPartOf\":{\"@id\":\"https:\/\/www.edugestores.pe\/#website\"},\"primaryImageOfPage\":{\"@id\":\"https:\/\/www.edugestores.pe\/?p=11927#primaryimage\"},\"datePublished\":\"2016-07-05T15:55:57+00:00\",\"dateModified\":\"2016-07-12T15:16:55+00:00\",\"author\":{\"@id\":\"https:\/\/www.edugestores.pe\/#\/schema\/person\/30dc82f35f5853289037a64b35c7c7d3\"},\"breadcrumb\":{\"@id\":\"https:\/\/www.edugestores.pe\/?p=11927#breadcrumb\"},\"inLanguage\":\"es\",\"potentialAction\":[{\"@type\":\"ReadAction\",\"target\":[\"https:\/\/www.edugestores.pe\/?p=11927\"]}]},{\"@type\":\"BreadcrumbList\",\"@id\":\"https:\/\/www.edugestores.pe\/?p=11927#breadcrumb\",\"itemListElement\":[{\"@type\":\"ListItem\",\"position\":1,\"name\":\"Portada\",\"item\":\"https:\/\/www.edugestores.pe\/\"},{\"@type\":\"ListItem\",\"position\":2,\"name\":\"Conozca los miembros de las 19 comisiones de transferencia de gobierno.\"}]},{\"@type\":\"Person\",\"@id\":\"https:\/\/www.edugestores.pe\/#\/schema\/person\/30dc82f35f5853289037a64b35c7c7d3\",\"name\":\"Administrador\",\"image\":{\"@type\":\"ImageObject\",\"@id\":\"https:\/\/www.edugestores.pe\/#personlogo\",\"inLanguage\":\"es\",\"url\":\"https:\/\/secure.gravatar.com\/avatar\/70960d1239c4d2c778bb3d2786a3c1ae?s=96&d=mm&r=g\",\"contentUrl\":\"https:\/\/secure.gravatar.com\/avatar\/70960d1239c4d2c778bb3d2786a3c1ae?s=96&d=mm&r=g\",\"caption\":\"Administrador\"},\"url\":\"https:\/\/www.edugestores.pe\/?author=63\"}]}<\/script>\n<!-- \/ Yoast SEO plugin. -->","yoast_head_json":{"title":"Conozca los miembros de las 19 comisiones de transferencia de gobierno. - Red Peruana de Gestores de la Educaci\u00f3n","robots":{"index":"index","follow":"follow","max-snippet":"max-snippet:-1","max-image-preview":"max-image-preview:large","max-video-preview":"max-video-preview:-1"},"canonical":"https:\/\/www.edugestores.pe\/?p=11927","og_locale":"es_ES","og_type":"article","og_title":"Conozca los miembros de las 19 comisiones de transferencia de gobierno. - Red Peruana de Gestores de la Educaci\u00f3n","og_description":"Fuente: Diario\u00a0Gesti\u00f3n La\u00a0semana pasada se instalaron las 19 comisiones de transferencia de gobierno. Una por cada ministerio. Mercedes Ar\u00e1oz lidera [&hellip;]","og_url":"https:\/\/www.edugestores.pe\/?p=11927","og_site_name":"Red Peruana de Gestores de la Educaci\u00f3n","article_published_time":"2016-07-05T15:55:57+00:00","article_modified_time":"2016-07-12T15:16:55+00:00","og_image":[{"width":620,"height":369,"url":"https:\/\/www.edugestores.pe\/wp-content\/uploads\/2016\/06\/ppk-Noticia-781404.jpg","type":"image\/jpeg"}],"twitter_card":"summary_large_image","twitter_misc":{"Escrito por":"Administrador","Tiempo de lectura":"5 minutos"},"schema":{"@context":"https:\/\/schema.org","@graph":[{"@type":"WebSite","@id":"https:\/\/www.edugestores.pe\/#website","url":"https:\/\/www.edugestores.pe\/","name":"Red Peruana de Gestores de la Educaci\u00f3n","description":"Red Peruana de Gestores de la Educaci\u00f3n","potentialAction":[{"@type":"SearchAction","target":{"@type":"EntryPoint","urlTemplate":"https:\/\/www.edugestores.pe\/?s={search_term_string}"},"query-input":"required name=search_term_string"}],"inLanguage":"es"},{"@type":"ImageObject","@id":"https:\/\/www.edugestores.pe\/?p=11927#primaryimage","inLanguage":"es","url":"https:\/\/www.edugestores.pe\/wp-content\/uploads\/2016\/06\/ppk-Noticia-781404.jpg","contentUrl":"https:\/\/www.edugestores.pe\/wp-content\/uploads\/2016\/06\/ppk-Noticia-781404.jpg","width":620,"height":369},{"@type":"WebPage","@id":"https:\/\/www.edugestores.pe\/?p=11927#webpage","url":"https:\/\/www.edugestores.pe\/?p=11927","name":"Conozca los miembros de las 19 comisiones de transferencia de gobierno. - Red Peruana de Gestores de la Educaci\u00f3n","isPartOf":{"@id":"https:\/\/www.edugestores.pe\/#website"},"primaryImageOfPage":{"@id":"https:\/\/www.edugestores.pe\/?p=11927#primaryimage"},"datePublished":"2016-07-05T15:55:57+00:00","dateModified":"2016-07-12T15:16:55+00:00","author":{"@id":"https:\/\/www.edugestores.pe\/#\/schema\/person\/30dc82f35f5853289037a64b35c7c7d3"},"breadcrumb":{"@id":"https:\/\/www.edugestores.pe\/?p=11927#breadcrumb"},"inLanguage":"es","potentialAction":[{"@type":"ReadAction","target":["https:\/\/www.edugestores.pe\/?p=11927"]}]},{"@type":"BreadcrumbList","@id":"https:\/\/www.edugestores.pe\/?p=11927#breadcrumb","itemListElement":[{"@type":"ListItem","position":1,"name":"Portada","item":"https:\/\/www.edugestores.pe\/"},{"@type":"ListItem","position":2,"name":"Conozca los miembros de las 19 comisiones de transferencia de gobierno."}]},{"@type":"Person","@id":"https:\/\/www.edugestores.pe\/#\/schema\/person\/30dc82f35f5853289037a64b35c7c7d3","name":"Administrador","image":{"@type":"ImageObject","@id":"https:\/\/www.edugestores.pe\/#personlogo","inLanguage":"es","url":"https:\/\/secure.gravatar.com\/avatar\/70960d1239c4d2c778bb3d2786a3c1ae?s=96&d=mm&r=g","contentUrl":"https:\/\/secure.gravatar.com\/avatar\/70960d1239c4d2c778bb3d2786a3c1ae?s=96&d=mm&r=g","caption":"Administrador"},"url":"https:\/\/www.edugestores.pe\/?author=63"}]}},"jetpack_featured_media_url":"https:\/\/www.edugestores.pe\/wp-content\/uploads\/2016\/06\/ppk-Noticia-781404.jpg","_links":{"self":[{"href":"https:\/\/www.edugestores.pe\/index.php?rest_route=\/wp\/v2\/posts\/11927"}],"collection":[{"href":"https:\/\/www.edugestores.pe\/index.php?rest_route=\/wp\/v2\/posts"}],"about":[{"href":"https:\/\/www.edugestores.pe\/index.php?rest_route=\/wp\/v2\/types\/post"}],"author":[{"embeddable":true,"href":"https:\/\/www.edugestores.pe\/index.php?rest_route=\/wp\/v2\/users\/63"}],"replies":[{"embeddable":true,"href":"https:\/\/www.edugestores.pe\/index.php?rest_route=%2Fwp%2Fv2%2Fcomments&post=11927"}],"version-history":[{"count":3,"href":"https:\/\/www.edugestores.pe\/index.php?rest_route=\/wp\/v2\/posts\/11927\/revisions"}],"predecessor-version":[{"id":11931,"href":"https:\/\/www.edugestores.pe\/index.php?rest_route=\/wp\/v2\/posts\/11927\/revisions\/11931"}],"wp:featuredmedia":[{"embeddable":true,"href":"https:\/\/www.edugestores.pe\/index.php?rest_route=\/wp\/v2\/media\/11870"}],"wp:attachment":[{"href":"https:\/\/www.edugestores.pe\/index.php?rest_route=%2Fwp%2Fv2%2Fmedia&parent=11927"}],"wp:term":[{"taxonomy":"category","embeddable":true,"href":"https:\/\/www.edugestores.pe\/index.php?rest_route=%2Fwp%2Fv2%2Fcategories&post=11927"},{"taxonomy":"post_tag","embeddable":true,"href":"https:\/\/www.edugestores.pe\/index.php?rest_route=%2Fwp%2Fv2%2Ftags&post=11927"}],"curies":[{"name":"wp","href":"https:\/\/api.w.org\/{rel}","templated":true}]}}