{"id":11932,"date":"2016-07-05T11:29:25","date_gmt":"2016-07-05T16:29:25","guid":{"rendered":"https:\/\/www.edugestores.pe\/?p=11932"},"modified":"2016-07-12T10:17:04","modified_gmt":"2016-07-12T15:17:04","slug":"7-y-8-de-julio-expertos-peruanos-y-extranjeros-compartiran-experiencias-sobre-jornada-escolar-completa-minedu","status":"publish","type":"post","link":"https:\/\/www.edugestores.pe\/?p=11932","title":{"rendered":"7 y 8 de Julio Seminario Internacional &#8220;Experiencias, impacto y desaf\u00edos de la Jornada Escolar Completa&#8221;"},"content":{"rendered":"<p>Fuente: <a href=\"http:\/\/www.educacionenred.pe\/noticia\/?portada=99285&amp;utm_source=feedburner&amp;utm_medium=email&amp;utm_campaign=Feed%3A+educacionenred_noticia+%28EDUCACIONENRED.PE+-+Noticias%29#ixzz4DYJ6GXQ1\">Educacionenred<\/a><\/p>\n<p>La Jornada Escolar Completa (JEC) que se implementa en 1,602 colegios p\u00fablicos del pa\u00eds a favor de miles de alumnos de secundaria ser\u00e1 materia de an\u00e1lisis durante un encuentro de expertos peruanos y extranjeros que se reunir\u00e1n en Lima los d\u00edas <strong>7 y 8 de julio<\/strong> por iniciativa del Ministerio de Educaci\u00f3n (Minedu).<\/p>\n<p>Este Primer Seminario Internacional tratar\u00e1 sobre &#8220;Experiencias, impacto y desaf\u00edos de la Jornada Escolar Completa&#8221; con el objetivo de intercambiar propuestas que permitan darle continuidad y sostenibilidad a este programa que se inici\u00f3 el a\u00f1o pasado en el Per\u00fa con la finalidad de mejorar los aprendizajes de los estudiantes.<\/p>\n<p>Durante este espacio de reflexi\u00f3n y debate se expondr\u00e1n los casos de \u00e9xito de Chile, M\u00e9xico, Colombia. Representantes de estos pa\u00edses presentar\u00e1n sus experiencias en la adopci\u00f3n de pol\u00edticas p\u00fablicas para la sostenibilidad de la JEC y los resultados de las evaluaciones de impacto aplicadas.<\/p>\n<p>Entre los expositores figuran Laura Mariana Aylwin, exministra de Educaci\u00f3n de Chile; Liliana Villafranca, funcionaria de la Secretar\u00eda de Educaci\u00f3n P\u00fablica de M\u00e9xico; Mar\u00eda Victoria Angulo, Secretaria de Educaci\u00f3n de Bogot\u00e1 (Colombia).<\/p>\n<p>Igualmente, participar\u00e1n Virginia Tort, Coordinadora de Escuelas de Tiempo Completo de Uruguay; Sergio Martinic, Vicedecano de la Facultad de Educaci\u00f3n de la Pontificia Universidad Cat\u00f3lica de Chile; Jorge Ag\u00fcero, docente asistente de la Universidad de Connecticut (Estados Unidos).<\/p>\n<p>En representaci\u00f3n de Per\u00fa figuran Flavio Figallo, viceministro de Gesti\u00f3n Pedag\u00f3gica del ministerio e Isy Faingold, Director de Educaci\u00f3n Secundaria del ministerio.<\/p>\n<p>Los asistentes al evento participar\u00e1n en mesas tem\u00e1ticas de trabajo y acceder\u00e1n a stands interactivos sobre la JEC. El seminario se transmitir\u00e1 en vivo por streaming a trav\u00e9s del enlace <a href=\"http:\/\/www.minedu.gob.pe\/seminariojec\" target=\"_blank\">www.minedu.gob.pe\/seminariojec<\/a><\/p>\n<p>El seminario es organizado por la Direcci\u00f3n de Educaci\u00f3n Secundaria del Minedu con la participaci\u00f3n de la Organizaci\u00f3n de Estados Iberoamericanos para la Educaci\u00f3n, la Ciencia y la Cultura (OEI), la Organizaci\u00f3n de las Naciones Unidas para la Educaci\u00f3n, la Ciencia y la Cultura &#8211; Representaci\u00f3n en Per\u00fa (Unesco Per\u00fa) y el Fondo para la Infancia de las Naciones Unidas (Unicef Per\u00fa).<\/p>\n<p>En el Per\u00fa la JEC se inici\u00f3 en el 2015 en mil instituciones educativas p\u00fablicas y luego se sumaron otras 602 este a\u00f1o. Este nuevo modelo cuenta con amplio respaldo de la comunidad educativa ya que la mayor\u00eda de estudiantes (78%) y padres de familia (62%) est\u00e1n convencidos de que este permite mejorar los aprendizajes.<\/p>\n","protected":false},"excerpt":{"rendered":"<p>Fuente: Educacionenred La Jornada Escolar Completa (JEC) que se implementa en 1,602 colegios p\u00fablicos del pa\u00eds a favor de miles [&hellip;]<\/p>\n","protected":false},"author":63,"featured_media":11937,"comment_status":"open","ping_status":"open","sticky":false,"template":"","format":"standard","meta":{"spay_email":""},"categories":[125],"tags":[],"yoast_head":"<!-- This site is optimized with the Yoast SEO plugin v18.0 - https:\/\/yoast.com\/wordpress\/plugins\/seo\/ -->\n<title>7 y 8 de Julio Seminario Internacional &quot;Experiencias, impacto y desaf\u00edos de la Jornada Escolar Completa&quot; - Red Peruana de Gestores de la Educaci\u00f3n<\/title>\n<meta name=\"robots\" content=\"index, follow, max-snippet:-1, max-image-preview:large, max-video-preview:-1\" \/>\n<link rel=\"canonical\" href=\"https:\/\/www.edugestores.pe\/?p=11932\" \/>\n<meta property=\"og:locale\" content=\"es_ES\" \/>\n<meta property=\"og:type\" content=\"article\" \/>\n<meta property=\"og:title\" content=\"7 y 8 de Julio Seminario Internacional &quot;Experiencias, impacto y desaf\u00edos de la Jornada Escolar Completa&quot; - Red Peruana de Gestores de la Educaci\u00f3n\" \/>\n<meta property=\"og:description\" content=\"Fuente: Educacionenred La Jornada Escolar Completa (JEC) que se implementa en 1,602 colegios p\u00fablicos del pa\u00eds a favor de miles [&hellip;]\" \/>\n<meta property=\"og:url\" content=\"https:\/\/www.edugestores.pe\/?p=11932\" \/>\n<meta property=\"og:site_name\" content=\"Red Peruana de Gestores de la Educaci\u00f3n\" \/>\n<meta property=\"article:published_time\" content=\"2016-07-05T16:29:25+00:00\" \/>\n<meta property=\"article:modified_time\" content=\"2016-07-12T15:17:04+00:00\" \/>\n<meta property=\"og:image\" content=\"https:\/\/www.edugestores.pe\/wp-content\/uploads\/2016\/07\/1\u00b0-Seminario-Internacional-Jornada-Escolar-Completa-Secundaria-2016-MINEDU.png\" \/>\n\t<meta property=\"og:image:width\" content=\"633\" \/>\n\t<meta property=\"og:image:height\" content=\"297\" \/>\n\t<meta property=\"og:image:type\" content=\"image\/png\" \/>\n<meta name=\"twitter:card\" content=\"summary_large_image\" \/>\n<meta name=\"twitter:label1\" content=\"Escrito por\" \/>\n\t<meta name=\"twitter:data1\" content=\"Administrador\" \/>\n\t<meta name=\"twitter:label2\" content=\"Tiempo de lectura\" \/>\n\t<meta name=\"twitter:data2\" content=\"2 minutos\" \/>\n<script type=\"application\/ld+json\" class=\"yoast-schema-graph\">{\"@context\":\"https:\/\/schema.org\",\"@graph\":[{\"@type\":\"WebSite\",\"@id\":\"https:\/\/www.edugestores.pe\/#website\",\"url\":\"https:\/\/www.edugestores.pe\/\",\"name\":\"Red Peruana de Gestores de la Educaci\u00f3n\",\"description\":\"Red Peruana de Gestores de la Educaci\u00f3n\",\"potentialAction\":[{\"@type\":\"SearchAction\",\"target\":{\"@type\":\"EntryPoint\",\"urlTemplate\":\"https:\/\/www.edugestores.pe\/?s={search_term_string}\"},\"query-input\":\"required name=search_term_string\"}],\"inLanguage\":\"es\"},{\"@type\":\"ImageObject\",\"@id\":\"https:\/\/www.edugestores.pe\/?p=11932#primaryimage\",\"inLanguage\":\"es\",\"url\":\"https:\/\/www.edugestores.pe\/wp-content\/uploads\/2016\/07\/1\u00b0-Seminario-Internacional-Jornada-Escolar-Completa-Secundaria-2016-MINEDU.png\",\"contentUrl\":\"https:\/\/www.edugestores.pe\/wp-content\/uploads\/2016\/07\/1\u00b0-Seminario-Internacional-Jornada-Escolar-Completa-Secundaria-2016-MINEDU.png\",\"width\":633,\"height\":297},{\"@type\":\"WebPage\",\"@id\":\"https:\/\/www.edugestores.pe\/?p=11932#webpage\",\"url\":\"https:\/\/www.edugestores.pe\/?p=11932\",\"name\":\"7 y 8 de Julio Seminario Internacional \\\"Experiencias, impacto y desaf\u00edos de la Jornada Escolar Completa\\\" - Red Peruana de Gestores de la Educaci\u00f3n\",\"isPartOf\":{\"@id\":\"https:\/\/www.edugestores.pe\/#website\"},\"primaryImageOfPage\":{\"@id\":\"https:\/\/www.edugestores.pe\/?p=11932#primaryimage\"},\"datePublished\":\"2016-07-05T16:29:25+00:00\",\"dateModified\":\"2016-07-12T15:17:04+00:00\",\"author\":{\"@id\":\"https:\/\/www.edugestores.pe\/#\/schema\/person\/30dc82f35f5853289037a64b35c7c7d3\"},\"breadcrumb\":{\"@id\":\"https:\/\/www.edugestores.pe\/?p=11932#breadcrumb\"},\"inLanguage\":\"es\",\"potentialAction\":[{\"@type\":\"ReadAction\",\"target\":[\"https:\/\/www.edugestores.pe\/?p=11932\"]}]},{\"@type\":\"BreadcrumbList\",\"@id\":\"https:\/\/www.edugestores.pe\/?p=11932#breadcrumb\",\"itemListElement\":[{\"@type\":\"ListItem\",\"position\":1,\"name\":\"Portada\",\"item\":\"https:\/\/www.edugestores.pe\/\"},{\"@type\":\"ListItem\",\"position\":2,\"name\":\"7 y 8 de Julio Seminario Internacional \u00abExperiencias, impacto y desaf\u00edos de la Jornada Escolar Completa\u00bb\"}]},{\"@type\":\"Person\",\"@id\":\"https:\/\/www.edugestores.pe\/#\/schema\/person\/30dc82f35f5853289037a64b35c7c7d3\",\"name\":\"Administrador\",\"image\":{\"@type\":\"ImageObject\",\"@id\":\"https:\/\/www.edugestores.pe\/#personlogo\",\"inLanguage\":\"es\",\"url\":\"https:\/\/secure.gravatar.com\/avatar\/70960d1239c4d2c778bb3d2786a3c1ae?s=96&d=mm&r=g\",\"contentUrl\":\"https:\/\/secure.gravatar.com\/avatar\/70960d1239c4d2c778bb3d2786a3c1ae?s=96&d=mm&r=g\",\"caption\":\"Administrador\"},\"url\":\"https:\/\/www.edugestores.pe\/?author=63\"}]}<\/script>\n<!-- \/ Yoast SEO plugin. -->","yoast_head_json":{"title":"7 y 8 de Julio Seminario Internacional \"Experiencias, impacto y desaf\u00edos de la Jornada Escolar Completa\" - Red Peruana de Gestores de la Educaci\u00f3n","robots":{"index":"index","follow":"follow","max-snippet":"max-snippet:-1","max-image-preview":"max-image-preview:large","max-video-preview":"max-video-preview:-1"},"canonical":"https:\/\/www.edugestores.pe\/?p=11932","og_locale":"es_ES","og_type":"article","og_title":"7 y 8 de Julio Seminario Internacional \"Experiencias, impacto y desaf\u00edos de la Jornada Escolar Completa\" - Red Peruana de Gestores de la Educaci\u00f3n","og_description":"Fuente: Educacionenred La Jornada Escolar Completa (JEC) que se implementa en 1,602 colegios p\u00fablicos del pa\u00eds a favor de miles [&hellip;]","og_url":"https:\/\/www.edugestores.pe\/?p=11932","og_site_name":"Red Peruana de Gestores de la Educaci\u00f3n","article_published_time":"2016-07-05T16:29:25+00:00","article_modified_time":"2016-07-12T15:17:04+00:00","og_image":[{"width":633,"height":297,"url":"https:\/\/www.edugestores.pe\/wp-content\/uploads\/2016\/07\/1\u00b0-Seminario-Internacional-Jornada-Escolar-Completa-Secundaria-2016-MINEDU.png","type":"image\/png"}],"twitter_card":"summary_large_image","twitter_misc":{"Escrito por":"Administrador","Tiempo de lectura":"2 minutos"},"schema":{"@context":"https:\/\/schema.org","@graph":[{"@type":"WebSite","@id":"https:\/\/www.edugestores.pe\/#website","url":"https:\/\/www.edugestores.pe\/","name":"Red Peruana de Gestores de la Educaci\u00f3n","description":"Red Peruana de Gestores de la Educaci\u00f3n","potentialAction":[{"@type":"SearchAction","target":{"@type":"EntryPoint","urlTemplate":"https:\/\/www.edugestores.pe\/?s={search_term_string}"},"query-input":"required name=search_term_string"}],"inLanguage":"es"},{"@type":"ImageObject","@id":"https:\/\/www.edugestores.pe\/?p=11932#primaryimage","inLanguage":"es","url":"https:\/\/www.edugestores.pe\/wp-content\/uploads\/2016\/07\/1\u00b0-Seminario-Internacional-Jornada-Escolar-Completa-Secundaria-2016-MINEDU.png","contentUrl":"https:\/\/www.edugestores.pe\/wp-content\/uploads\/2016\/07\/1\u00b0-Seminario-Internacional-Jornada-Escolar-Completa-Secundaria-2016-MINEDU.png","width":633,"height":297},{"@type":"WebPage","@id":"https:\/\/www.edugestores.pe\/?p=11932#webpage","url":"https:\/\/www.edugestores.pe\/?p=11932","name":"7 y 8 de Julio Seminario Internacional \"Experiencias, impacto y desaf\u00edos de la Jornada Escolar Completa\" - Red Peruana de Gestores de la Educaci\u00f3n","isPartOf":{"@id":"https:\/\/www.edugestores.pe\/#website"},"primaryImageOfPage":{"@id":"https:\/\/www.edugestores.pe\/?p=11932#primaryimage"},"datePublished":"2016-07-05T16:29:25+00:00","dateModified":"2016-07-12T15:17:04+00:00","author":{"@id":"https:\/\/www.edugestores.pe\/#\/schema\/person\/30dc82f35f5853289037a64b35c7c7d3"},"breadcrumb":{"@id":"https:\/\/www.edugestores.pe\/?p=11932#breadcrumb"},"inLanguage":"es","potentialAction":[{"@type":"ReadAction","target":["https:\/\/www.edugestores.pe\/?p=11932"]}]},{"@type":"BreadcrumbList","@id":"https:\/\/www.edugestores.pe\/?p=11932#breadcrumb","itemListElement":[{"@type":"ListItem","position":1,"name":"Portada","item":"https:\/\/www.edugestores.pe\/"},{"@type":"ListItem","position":2,"name":"7 y 8 de Julio Seminario Internacional \u00abExperiencias, impacto y desaf\u00edos de la Jornada Escolar Completa\u00bb"}]},{"@type":"Person","@id":"https:\/\/www.edugestores.pe\/#\/schema\/person\/30dc82f35f5853289037a64b35c7c7d3","name":"Administrador","image":{"@type":"ImageObject","@id":"https:\/\/www.edugestores.pe\/#personlogo","inLanguage":"es","url":"https:\/\/secure.gravatar.com\/avatar\/70960d1239c4d2c778bb3d2786a3c1ae?s=96&d=mm&r=g","contentUrl":"https:\/\/secure.gravatar.com\/avatar\/70960d1239c4d2c778bb3d2786a3c1ae?s=96&d=mm&r=g","caption":"Administrador"},"url":"https:\/\/www.edugestores.pe\/?author=63"}]}},"jetpack_featured_media_url":"https:\/\/www.edugestores.pe\/wp-content\/uploads\/2016\/07\/1\u00b0-Seminario-Internacional-Jornada-Escolar-Completa-Secundaria-2016-MINEDU.png","_links":{"self":[{"href":"https:\/\/www.edugestores.pe\/index.php?rest_route=\/wp\/v2\/posts\/11932"}],"collection":[{"href":"https:\/\/www.edugestores.pe\/index.php?rest_route=\/wp\/v2\/posts"}],"about":[{"href":"https:\/\/www.edugestores.pe\/index.php?rest_route=\/wp\/v2\/types\/post"}],"author":[{"embeddable":true,"href":"https:\/\/www.edugestores.pe\/index.php?rest_route=\/wp\/v2\/users\/63"}],"replies":[{"embeddable":true,"href":"https:\/\/www.edugestores.pe\/index.php?rest_route=%2Fwp%2Fv2%2Fcomments&post=11932"}],"version-history":[{"count":3,"href":"https:\/\/www.edugestores.pe\/index.php?rest_route=\/wp\/v2\/posts\/11932\/revisions"}],"predecessor-version":[{"id":11936,"href":"https:\/\/www.edugestores.pe\/index.php?rest_route=\/wp\/v2\/posts\/11932\/revisions\/11936"}],"wp:featuredmedia":[{"embeddable":true,"href":"https:\/\/www.edugestores.pe\/index.php?rest_route=\/wp\/v2\/media\/11937"}],"wp:attachment":[{"href":"https:\/\/www.edugestores.pe\/index.php?rest_route=%2Fwp%2Fv2%2Fmedia&parent=11932"}],"wp:term":[{"taxonomy":"category","embeddable":true,"href":"https:\/\/www.edugestores.pe\/index.php?rest_route=%2Fwp%2Fv2%2Fcategories&post=11932"},{"taxonomy":"post_tag","embeddable":true,"href":"https:\/\/www.edugestores.pe\/index.php?rest_route=%2Fwp%2Fv2%2Ftags&post=11932"}],"curies":[{"name":"wp","href":"https:\/\/api.w.org\/{rel}","templated":true}]}}