{"id":11947,"date":"2016-07-07T15:18:31","date_gmt":"2016-07-07T20:18:31","guid":{"rendered":"https:\/\/www.edugestores.pe\/?p=11947"},"modified":"2016-07-14T07:51:34","modified_gmt":"2016-07-14T12:51:34","slug":"destacados-edugestores-n1-julio-2016","status":"publish","type":"post","link":"https:\/\/www.edugestores.pe\/?p=11947","title":{"rendered":"Destacados Edugestores &#8211; N\u00b01 Julio 2016"},"content":{"rendered":"<h1 style=\"text-align: center;\">\u00a1Somos 469<strong>\u00a0<\/strong><strong>miembros<\/strong> en la comunidad de <em>Edugestores<\/em>!<\/h1>\n<hr \/>\n<p><strong>DESTACADOS EDUGESTORES\u00a0<\/strong><\/p>\n<hr \/>\n<p><strong>\u00a1Somos 469 miembros!<\/strong><\/p>\n<hr \/>\n<p>&nbsp;<\/p>\n<p>En Edugestores hemos realizado un reconocimiento de todos los miembros de nuestra comunidad habiendo identificado a <strong>469 miembros<\/strong> activos y m\u00e1s de 300 inactivos, es decir que no registraron actividad \u200balguna \u200ben \u200bla plataforma \u200ben los \u00faltimos tres meses. Los miembros inactivos ser\u00e1n eliminados de nuestra plataforma en los pr\u00f3ximos 10 d\u00edas, a menos que ingresen en la plataforma en este periodo. \u00a1Agradecemos y felicitamos a todos los miembros activos de nuestra plataforma!<\/p>\n<p>\u00a1Agradecemos y felicitamos a todos los miembros activos de nuestra plataforma!<\/p>\n<hr \/>\n<p><strong>Resultados encuesta \u2013 Lecciones aprendidas en educaci\u00f3n 2011-2016<\/strong><\/p>\n<hr \/>\n<p>&nbsp;<\/p>\n<p><a href=\"https:\/\/www.edugestores.pe\/wp-content\/uploads\/2016\/07\/LECCIONES-APRENDIDAS-EN-EDUCACI\u00d3N-2011-2016-Formularios-de-Google.png\"><img decoding=\"async\" loading=\"lazy\" class=\"  wp-image-11977 size-medium alignright\" src=\"https:\/\/www.edugestores.pe\/wp-content\/uploads\/2016\/07\/LECCIONES-APRENDIDAS-EN-EDUCACI\u00d3N-2011-2016-Formularios-de-Google-300x144.png\" alt=\"LECCIONES APRENDIDAS EN EDUCACI\u00d3N 2011 2016   Formularios de Google\" width=\"300\" height=\"144\" srcset=\"https:\/\/www.edugestores.pe\/wp-content\/uploads\/2016\/07\/LECCIONES-APRENDIDAS-EN-EDUCACI\u00d3N-2011-2016-Formularios-de-Google-300x144.png 300w, https:\/\/www.edugestores.pe\/wp-content\/uploads\/2016\/07\/LECCIONES-APRENDIDAS-EN-EDUCACI\u00d3N-2011-2016-Formularios-de-Google-672x322.png 672w, https:\/\/www.edugestores.pe\/wp-content\/uploads\/2016\/07\/LECCIONES-APRENDIDAS-EN-EDUCACI\u00d3N-2011-2016-Formularios-de-Google-100x48.png 100w, https:\/\/www.edugestores.pe\/wp-content\/uploads\/2016\/07\/LECCIONES-APRENDIDAS-EN-EDUCACI\u00d3N-2011-2016-Formularios-de-Google.png 732w\" sizes=\"(max-width: 300px) 100vw, 300px\" \/><\/a>La Red Peruana de Gestores de la Educaci\u00f3n, <em>Edugestores<\/em>, realiz\u00f3 una encuesta \u00a0para identificar cu\u00e1les son las pol\u00edticas\u200b educativas implementadas durante la gesti\u00f3n 2011-2016\u200b que\u200b consideran las m\u00e1s destacadas, prometedor\u200bas y de \u200bde las que \u00a0podemos extraer mayores aprendizajes para el siguiente gobierno. Puede\u200bn consultar las pol\u00edticas m\u00e1s valoradas \u200bpor los miembros de la Red y los resultados generales\u200b de la encuesta en el siguiente\u00a0<a href=\"https:\/\/www.edugestores.pe\/edugestores-las-politicas-mas-destacadas-y-prometedoras-del-periodo-2006-2011\/\">enlace<\/a>.<\/p>\n<p>&nbsp;<\/p>\n<hr \/>\n<p><strong>MIEMBROS DESTACADOS &#8211; \u00a1Felicidades!<\/strong><\/p>\n<hr \/>\n<p>Conoce a nuestros miembros destacados y sus aportes a <em>Edugestores<\/em>\u00a0para el\u00a0per\u00edodo del 26 de mayo\u00a0al 16\u00a0de junio. Invitamos a todos los miembros que a\u00fan no tienen\u00a0fotograf\u00eda de perfil a subirla a la brevedad para identificarlos mejor.<\/p>\n<p><a href=\"https:\/\/www.edugestores.pe\/wp-content\/uploads\/2016\/07\/Alfredo-Prado-Edugestores.png\"><img decoding=\"async\" loading=\"lazy\" class=\" size-full wp-image-11951 alignleft\" src=\"https:\/\/www.edugestores.pe\/wp-content\/uploads\/2016\/07\/Alfredo-Prado-Edugestores.png\" alt=\"Alfredo Prado   Edugestores\" width=\"159\" height=\"156\" srcset=\"https:\/\/www.edugestores.pe\/wp-content\/uploads\/2016\/07\/Alfredo-Prado-Edugestores.png 159w, https:\/\/www.edugestores.pe\/wp-content\/uploads\/2016\/07\/Alfredo-Prado-Edugestores-100x98.png 100w\" sizes=\"(max-width: 159px) 100vw, 159px\" \/><\/a><\/p>\n<div><b>Alfredo Prado, <\/b>de Lima, por informar a la Red de la culminaci\u00f3n del Programa de Alta Gerencia dirigido a directivos de todas las Direcciones de Educaci\u00f3n Regional del pa\u00eds, por el Ministerio de Educaci\u00f3n en colaboraci\u00f3n con la Escuela Nacional de Administraci\u00f3n P\u00fabica, ENAP y compartir los que considera son los cinco principales retos que deber\u00e1 afrontar el Sector en los pr\u00f3ximos cinco a\u00f1os.<\/div>\n<div><\/div>\n<div><\/div>\n<div>\n<hr \/>\n<\/div>\n<div>\n<div><b><img decoding=\"async\" loading=\"lazy\" class=\"  wp-image-10500 alignleft\" src=\"https:\/\/www.edugestores.pe\/wp-content\/uploads\/2016\/03\/miembro-Edugestores.png\" alt=\"miembro Edugestores\" width=\"139\" height=\"139\" srcset=\"https:\/\/www.edugestores.pe\/wp-content\/uploads\/2016\/03\/miembro-Edugestores.png 163w, https:\/\/www.edugestores.pe\/wp-content\/uploads\/2016\/03\/miembro-Edugestores-150x150.png 150w, https:\/\/www.edugestores.pe\/wp-content\/uploads\/2016\/03\/miembro-Edugestores-100x100.png 100w\" sizes=\"(max-width: 139px) 100vw, 139px\" \/>Silvio Escalante,<\/b> de Apur\u00edmac, por poner en evidencia que el D.S.159-16-EF que nivel\u00f3 la RIM de los docentes contratados de 30 y 40 horas pedag\u00f3gicas \u00a0discrimina a los docentes contratados de secundaria de la EBR y proponer \u00a0se incremente la jornada laboral de estos \u00faltimos de \u00a024 a 28 horas como se ha hecho con los nombrados.<\/div>\n<div><\/div>\n<div><\/div>\n<div>\n<hr \/>\n<\/div>\n<p><b><img decoding=\"async\" loading=\"lazy\" class=\"  wp-image-10500 alignleft\" src=\"https:\/\/www.edugestores.pe\/wp-content\/uploads\/2016\/03\/miembro-Edugestores.png\" alt=\"miembro Edugestores\" width=\"139\" height=\"139\" srcset=\"https:\/\/www.edugestores.pe\/wp-content\/uploads\/2016\/03\/miembro-Edugestores.png 163w, https:\/\/www.edugestores.pe\/wp-content\/uploads\/2016\/03\/miembro-Edugestores-150x150.png 150w, https:\/\/www.edugestores.pe\/wp-content\/uploads\/2016\/03\/miembro-Edugestores-100x100.png 100w\" sizes=\"(max-width: 139px) 100vw, 139px\" \/>Edhgar Valencia,<\/b> de Ayacucho, por informar a Edugestores de la realizaci\u00f3n del taller de construcci\u00f3n del modelo de gesti\u00f3n educativa local con enfoque territorial de Huanta incluyendo la aplicaci\u00f3n de una ficha t\u00e9cnica a los estudiantes, docentes, directores, padres de familia y autoridades de los distritos de Sivia, Canayre y Llochegua del VRAEM.<\/p>\n<\/div>\n<div><\/div>\n<div>\n<hr \/>\n<\/div>\n<div><a href=\"https:\/\/www.edugestores.pe\/wp-content\/uploads\/2016\/07\/SONIA-Edugestores.png\"><img decoding=\"async\" loading=\"lazy\" class=\" size-full wp-image-11980 alignleft\" src=\"https:\/\/www.edugestores.pe\/wp-content\/uploads\/2016\/07\/SONIA-Edugestores.png\" alt=\"SONIA   Edugestores\" width=\"152\" height=\"140\" srcset=\"https:\/\/www.edugestores.pe\/wp-content\/uploads\/2016\/07\/SONIA-Edugestores.png 152w, https:\/\/www.edugestores.pe\/wp-content\/uploads\/2016\/07\/SONIA-Edugestores-100x92.png 100w\" sizes=\"(max-width: 152px) 100vw, 152px\" \/><\/a><\/div>\n<div><\/div>\n<div>\n<p>\u00a0<b>Sonia Torres<\/b>, de Lima, por animar y compartir informaci\u00f3n relevante sobre requisitos, formato y cronograma del Concurso &#8220;20 en Gesti\u00f3n&#8221; en reconocimiento a las Buenas Pr\u00e1cticas de Gesti\u00f3n de UGEL.<\/p>\n<\/div>\n<div><\/div>\n<hr \/>\n<p><strong>Noticias\u00a0m\u00e1s vistas<\/strong><\/p>\n<hr \/>\n<ul>\n<li><a class=\"row-title\" title=\"Editar \u201cAprueban Orientaciones al 2021 y Plan de Actividades 2016 de la DRE y 7 UGEL de Lima Metropolitana\u201d\" href=\"https:\/\/www.edugestores.pe\/aprueban-orientaciones-al-2021-y-plan-de-actividades-2016-de-la-dre-y-7-ugel-de-lima-metropolitana\/\">Aprueban Orientaciones al 2021 y Plan de Actividades 2016 de la DRE y 7 UGEL de Lima Metropolitana<\/a>\u00a0&#8211; 716 vistas<\/li>\n<li><a class=\"row-title\" title=\"Editar \u201cUARM inaugura programa de formaci\u00f3n a dos mil directivos\u201d\" href=\"https:\/\/www.edugestores.pe\/uarm-inaugura-programa-de-formacion-a-dos-mil-directivos\/\">UARM inaugura programa de formaci\u00f3n a dos mil directivos<\/a>\u00a0&#8211; 684 visitas<\/li>\n<li><a class=\"row-title\" title=\"Editar \u201cAprueban Norma T\u00e9cnica que regula el Concurso  de Acceso a Cargos de Director y Subdirector de IE y de Especialista de UGEL\u201d\" href=\"https:\/\/www.edugestores.pe\/aprueban-norma-tecnica-que-regula-el-concurso-de-acceso-a-cargos-de-director-y-subdirector-de-ie-y-de-especialista-de-ugel\/\">Aprueban Norma T\u00e9cnica que regula el Concurso de Acceso a Cargos de Director y Subdirector de IE y de Especialista de UGEL<\/a>\u00a0&#8211; 511 vistas<\/li>\n<li><a class=\"row-title\" title=\"Editar \u201cRepresentante de UNICEF en el Per\u00fa pide oficializar la Pol\u00edtica Nacional de EIB\u201d\" href=\"https:\/\/www.edugestores.pe\/representante-de-unicef-en-el-peru-pide-oficializar-la-politica-nacional-de-eib\/\">Representante de UNICEF en el Per\u00fa pide oficializar la Pol\u00edtica Nacional de EIB<\/a>\u00a0&#8211; 439 vistas<\/li>\n<li><a class=\"row-title\" title=\"Editar \u201cEdugestores Entrevista: Sonia Paredes, Coordinadora de la Comisi\u00f3n  de Educaci\u00f3n de la ANGR\u201d\" href=\"https:\/\/www.edugestores.pe\/edugestores-entrevista-sonia-paredes-coordinadora-de-la-comision-de-educacion-de-la-angr\/\">Edugestores Entrevista: Sonia Paredes, Coordinadora de la Comisi\u00f3n de Educaci\u00f3n de la ANGR<\/a>\u00a0&#8211; 299 vistas<\/li>\n<\/ul>\n<hr \/>\n<p><strong>\u00daltimas noticias\u00a0<\/strong><\/p>\n<hr \/>\n<ul>\n<li><a href=\"https:\/\/www.edugestores.pe\/convocatoria-cas-minedu-julio-2016\/\">Convocatoria CAS MINEDU \u2013 Julio 2016<\/a><\/li>\n<li><a class=\"row-title\" title=\"Editar \u201c7 y 8 de Julio Seminario Internacional \u201cExperiencias, impacto y desaf\u00edos de la Jornada Escolar Completa\u201d\u201d\" href=\"https:\/\/www.edugestores.pe\/7-y-8-de-julio-expertos-peruanos-y-extranjeros-compartiran-experiencias-sobre-jornada-escolar-completa-minedu\/\">7 y 8 de Julio Seminario Internacional \u201cExperiencias, impacto y desaf\u00edos de la Jornada Escolar Completa\u201d<\/a><\/li>\n<li><a class=\"row-title\" title=\"Editar \u201cConozca los miembros de las 19 comisiones de transferencia de gobierno.\u201d\" href=\"https:\/\/www.edugestores.pe\/conozca-las-19-comisiones-de-transferencia-de-gobierno\/\">Conozca los miembros de las 19 comisiones de transferencia de gobierno.<\/a><\/li>\n<li><a class=\"row-title\" title=\"Editar \u201cEntrevista a Ra\u00fal Molina Mart\u00ednez \u2013 \u201cEs importante construir una noci\u00f3n de Estado descentralizado\u201d\u201d\" href=\"https:\/\/www.edugestores.pe\/entrevista-a-raul-molina-martinez-es-importante-construir-una-nocion-de-estado-descentralizado\/\">Entrevista a Ra\u00fal Molina Mart\u00ednez \u2013 \u201cEs importante construir una noci\u00f3n de Estado descentralizado\u201d<\/a><\/li>\n<li><a class=\"row-title\" title=\"Editar \u201cRepresentante de UNICEF en el Per\u00fa pide oficializar la Pol\u00edtica Nacional de EIB\u201d\" href=\"https:\/\/www.edugestores.pe\/representante-de-unicef-en-el-peru-pide-oficializar-la-politica-nacional-de-eib\/\">Representante de UNICEF en el Per\u00fa pide oficializar la Pol\u00edtica Nacional de EIB<\/a><\/li>\n<\/ul>\n<p>&nbsp;<\/p>\n<p><b style=\"font-family: verdana, sans-serif;\">\u00a0<\/b><\/p>\n","protected":false},"excerpt":{"rendered":"<p>\u00a1Somos 469\u00a0miembros en la comunidad de Edugestores! DESTACADOS EDUGESTORES\u00a0 \u00a1Somos 469 miembros! &nbsp; En Edugestores hemos realizado un reconocimiento de [&hellip;]<\/p>\n","protected":false},"author":63,"featured_media":11953,"comment_status":"open","ping_status":"open","sticky":false,"template":"","format":"standard","meta":{"spay_email":""},"categories":[299],"tags":[],"yoast_head":"<!-- This site is optimized with the Yoast SEO plugin v18.0 - https:\/\/yoast.com\/wordpress\/plugins\/seo\/ -->\n<title>Destacados Edugestores - N\u00b01 Julio 2016 - Red Peruana de Gestores de la Educaci\u00f3n<\/title>\n<meta name=\"robots\" content=\"index, follow, max-snippet:-1, max-image-preview:large, max-video-preview:-1\" \/>\n<link rel=\"canonical\" href=\"https:\/\/www.edugestores.pe\/?p=11947\" \/>\n<meta property=\"og:locale\" content=\"es_ES\" \/>\n<meta property=\"og:type\" content=\"article\" \/>\n<meta property=\"og:title\" content=\"Destacados Edugestores - N\u00b01 Julio 2016 - Red Peruana de Gestores de la Educaci\u00f3n\" \/>\n<meta property=\"og:description\" content=\"\u00a1Somos 469\u00a0miembros en la comunidad de Edugestores! DESTACADOS EDUGESTORES\u00a0 \u00a1Somos 469 miembros! &nbsp; En Edugestores hemos realizado un reconocimiento de [&hellip;]\" \/>\n<meta property=\"og:url\" content=\"https:\/\/www.edugestores.pe\/?p=11947\" \/>\n<meta property=\"og:site_name\" content=\"Red Peruana de Gestores de la Educaci\u00f3n\" \/>\n<meta property=\"article:published_time\" content=\"2016-07-07T20:18:31+00:00\" \/>\n<meta property=\"article:modified_time\" content=\"2016-07-14T12:51:34+00:00\" \/>\n<meta property=\"og:image\" content=\"https:\/\/www.edugestores.pe\/wp-content\/uploads\/2016\/07\/CABECERA-EDU-REPORTA-JULIO.jpg\" \/>\n\t<meta property=\"og:image:width\" content=\"700\" \/>\n\t<meta property=\"og:image:height\" content=\"100\" \/>\n\t<meta property=\"og:image:type\" content=\"image\/jpeg\" \/>\n<meta name=\"twitter:card\" content=\"summary_large_image\" \/>\n<meta name=\"twitter:label1\" content=\"Escrito por\" \/>\n\t<meta name=\"twitter:data1\" content=\"Administrador\" \/>\n\t<meta name=\"twitter:label2\" content=\"Tiempo de lectura\" \/>\n\t<meta name=\"twitter:data2\" content=\"3 minutos\" \/>\n<script type=\"application\/ld+json\" class=\"yoast-schema-graph\">{\"@context\":\"https:\/\/schema.org\",\"@graph\":[{\"@type\":\"WebSite\",\"@id\":\"https:\/\/www.edugestores.pe\/#website\",\"url\":\"https:\/\/www.edugestores.pe\/\",\"name\":\"Red Peruana de Gestores de la Educaci\u00f3n\",\"description\":\"Red Peruana de Gestores de la Educaci\u00f3n\",\"potentialAction\":[{\"@type\":\"SearchAction\",\"target\":{\"@type\":\"EntryPoint\",\"urlTemplate\":\"https:\/\/www.edugestores.pe\/?s={search_term_string}\"},\"query-input\":\"required name=search_term_string\"}],\"inLanguage\":\"es\"},{\"@type\":\"ImageObject\",\"@id\":\"https:\/\/www.edugestores.pe\/?p=11947#primaryimage\",\"inLanguage\":\"es\",\"url\":\"https:\/\/www.edugestores.pe\/wp-content\/uploads\/2016\/07\/CABECERA-EDU-REPORTA-JULIO.jpg\",\"contentUrl\":\"https:\/\/www.edugestores.pe\/wp-content\/uploads\/2016\/07\/CABECERA-EDU-REPORTA-JULIO.jpg\",\"width\":700,\"height\":100},{\"@type\":\"WebPage\",\"@id\":\"https:\/\/www.edugestores.pe\/?p=11947#webpage\",\"url\":\"https:\/\/www.edugestores.pe\/?p=11947\",\"name\":\"Destacados Edugestores - N\u00b01 Julio 2016 - Red Peruana de Gestores de la Educaci\u00f3n\",\"isPartOf\":{\"@id\":\"https:\/\/www.edugestores.pe\/#website\"},\"primaryImageOfPage\":{\"@id\":\"https:\/\/www.edugestores.pe\/?p=11947#primaryimage\"},\"datePublished\":\"2016-07-07T20:18:31+00:00\",\"dateModified\":\"2016-07-14T12:51:34+00:00\",\"author\":{\"@id\":\"https:\/\/www.edugestores.pe\/#\/schema\/person\/30dc82f35f5853289037a64b35c7c7d3\"},\"breadcrumb\":{\"@id\":\"https:\/\/www.edugestores.pe\/?p=11947#breadcrumb\"},\"inLanguage\":\"es\",\"potentialAction\":[{\"@type\":\"ReadAction\",\"target\":[\"https:\/\/www.edugestores.pe\/?p=11947\"]}]},{\"@type\":\"BreadcrumbList\",\"@id\":\"https:\/\/www.edugestores.pe\/?p=11947#breadcrumb\",\"itemListElement\":[{\"@type\":\"ListItem\",\"position\":1,\"name\":\"Portada\",\"item\":\"https:\/\/www.edugestores.pe\/\"},{\"@type\":\"ListItem\",\"position\":2,\"name\":\"Destacados Edugestores &#8211; N\u00b01 Julio 2016\"}]},{\"@type\":\"Person\",\"@id\":\"https:\/\/www.edugestores.pe\/#\/schema\/person\/30dc82f35f5853289037a64b35c7c7d3\",\"name\":\"Administrador\",\"image\":{\"@type\":\"ImageObject\",\"@id\":\"https:\/\/www.edugestores.pe\/#personlogo\",\"inLanguage\":\"es\",\"url\":\"https:\/\/secure.gravatar.com\/avatar\/70960d1239c4d2c778bb3d2786a3c1ae?s=96&d=mm&r=g\",\"contentUrl\":\"https:\/\/secure.gravatar.com\/avatar\/70960d1239c4d2c778bb3d2786a3c1ae?s=96&d=mm&r=g\",\"caption\":\"Administrador\"},\"url\":\"https:\/\/www.edugestores.pe\/?author=63\"}]}<\/script>\n<!-- \/ Yoast SEO plugin. -->","yoast_head_json":{"title":"Destacados Edugestores - N\u00b01 Julio 2016 - Red Peruana de Gestores de la Educaci\u00f3n","robots":{"index":"index","follow":"follow","max-snippet":"max-snippet:-1","max-image-preview":"max-image-preview:large","max-video-preview":"max-video-preview:-1"},"canonical":"https:\/\/www.edugestores.pe\/?p=11947","og_locale":"es_ES","og_type":"article","og_title":"Destacados Edugestores - N\u00b01 Julio 2016 - Red Peruana de Gestores de la Educaci\u00f3n","og_description":"\u00a1Somos 469\u00a0miembros en la comunidad de Edugestores! DESTACADOS EDUGESTORES\u00a0 \u00a1Somos 469 miembros! &nbsp; En Edugestores hemos realizado un reconocimiento de [&hellip;]","og_url":"https:\/\/www.edugestores.pe\/?p=11947","og_site_name":"Red Peruana de Gestores de la Educaci\u00f3n","article_published_time":"2016-07-07T20:18:31+00:00","article_modified_time":"2016-07-14T12:51:34+00:00","og_image":[{"width":700,"height":100,"url":"https:\/\/www.edugestores.pe\/wp-content\/uploads\/2016\/07\/CABECERA-EDU-REPORTA-JULIO.jpg","type":"image\/jpeg"}],"twitter_card":"summary_large_image","twitter_misc":{"Escrito por":"Administrador","Tiempo de lectura":"3 minutos"},"schema":{"@context":"https:\/\/schema.org","@graph":[{"@type":"WebSite","@id":"https:\/\/www.edugestores.pe\/#website","url":"https:\/\/www.edugestores.pe\/","name":"Red Peruana de Gestores de la Educaci\u00f3n","description":"Red Peruana de Gestores de la Educaci\u00f3n","potentialAction":[{"@type":"SearchAction","target":{"@type":"EntryPoint","urlTemplate":"https:\/\/www.edugestores.pe\/?s={search_term_string}"},"query-input":"required name=search_term_string"}],"inLanguage":"es"},{"@type":"ImageObject","@id":"https:\/\/www.edugestores.pe\/?p=11947#primaryimage","inLanguage":"es","url":"https:\/\/www.edugestores.pe\/wp-content\/uploads\/2016\/07\/CABECERA-EDU-REPORTA-JULIO.jpg","contentUrl":"https:\/\/www.edugestores.pe\/wp-content\/uploads\/2016\/07\/CABECERA-EDU-REPORTA-JULIO.jpg","width":700,"height":100},{"@type":"WebPage","@id":"https:\/\/www.edugestores.pe\/?p=11947#webpage","url":"https:\/\/www.edugestores.pe\/?p=11947","name":"Destacados Edugestores - N\u00b01 Julio 2016 - Red Peruana de Gestores de la Educaci\u00f3n","isPartOf":{"@id":"https:\/\/www.edugestores.pe\/#website"},"primaryImageOfPage":{"@id":"https:\/\/www.edugestores.pe\/?p=11947#primaryimage"},"datePublished":"2016-07-07T20:18:31+00:00","dateModified":"2016-07-14T12:51:34+00:00","author":{"@id":"https:\/\/www.edugestores.pe\/#\/schema\/person\/30dc82f35f5853289037a64b35c7c7d3"},"breadcrumb":{"@id":"https:\/\/www.edugestores.pe\/?p=11947#breadcrumb"},"inLanguage":"es","potentialAction":[{"@type":"ReadAction","target":["https:\/\/www.edugestores.pe\/?p=11947"]}]},{"@type":"BreadcrumbList","@id":"https:\/\/www.edugestores.pe\/?p=11947#breadcrumb","itemListElement":[{"@type":"ListItem","position":1,"name":"Portada","item":"https:\/\/www.edugestores.pe\/"},{"@type":"ListItem","position":2,"name":"Destacados Edugestores &#8211; N\u00b01 Julio 2016"}]},{"@type":"Person","@id":"https:\/\/www.edugestores.pe\/#\/schema\/person\/30dc82f35f5853289037a64b35c7c7d3","name":"Administrador","image":{"@type":"ImageObject","@id":"https:\/\/www.edugestores.pe\/#personlogo","inLanguage":"es","url":"https:\/\/secure.gravatar.com\/avatar\/70960d1239c4d2c778bb3d2786a3c1ae?s=96&d=mm&r=g","contentUrl":"https:\/\/secure.gravatar.com\/avatar\/70960d1239c4d2c778bb3d2786a3c1ae?s=96&d=mm&r=g","caption":"Administrador"},"url":"https:\/\/www.edugestores.pe\/?author=63"}]}},"jetpack_featured_media_url":"https:\/\/www.edugestores.pe\/wp-content\/uploads\/2016\/07\/CABECERA-EDU-REPORTA-JULIO.jpg","_links":{"self":[{"href":"https:\/\/www.edugestores.pe\/index.php?rest_route=\/wp\/v2\/posts\/11947"}],"collection":[{"href":"https:\/\/www.edugestores.pe\/index.php?rest_route=\/wp\/v2\/posts"}],"about":[{"href":"https:\/\/www.edugestores.pe\/index.php?rest_route=\/wp\/v2\/types\/post"}],"author":[{"embeddable":true,"href":"https:\/\/www.edugestores.pe\/index.php?rest_route=\/wp\/v2\/users\/63"}],"replies":[{"embeddable":true,"href":"https:\/\/www.edugestores.pe\/index.php?rest_route=%2Fwp%2Fv2%2Fcomments&post=11947"}],"version-history":[{"count":7,"href":"https:\/\/www.edugestores.pe\/index.php?rest_route=\/wp\/v2\/posts\/11947\/revisions"}],"predecessor-version":[{"id":12005,"href":"https:\/\/www.edugestores.pe\/index.php?rest_route=\/wp\/v2\/posts\/11947\/revisions\/12005"}],"wp:featuredmedia":[{"embeddable":true,"href":"https:\/\/www.edugestores.pe\/index.php?rest_route=\/wp\/v2\/media\/11953"}],"wp:attachment":[{"href":"https:\/\/www.edugestores.pe\/index.php?rest_route=%2Fwp%2Fv2%2Fmedia&parent=11947"}],"wp:term":[{"taxonomy":"category","embeddable":true,"href":"https:\/\/www.edugestores.pe\/index.php?rest_route=%2Fwp%2Fv2%2Fcategories&post=11947"},{"taxonomy":"post_tag","embeddable":true,"href":"https:\/\/www.edugestores.pe\/index.php?rest_route=%2Fwp%2Fv2%2Ftags&post=11947"}],"curies":[{"name":"wp","href":"https:\/\/api.w.org\/{rel}","templated":true}]}}