{"id":11968,"date":"2016-07-12T10:33:08","date_gmt":"2016-07-12T15:33:08","guid":{"rendered":"https:\/\/www.edugestores.pe\/?p=11968"},"modified":"2016-07-19T08:16:36","modified_gmt":"2016-07-19T13:16:36","slug":"resultados-por-region-concursos-de-acceso-a-cargos-directivos-de-ugel-y-dre","status":"publish","type":"post","link":"https:\/\/www.edugestores.pe\/?p=11968","title":{"rendered":"Resultados por regi\u00f3n &#8211; Concursos de Acceso a Cargos Directivos de UGEL y DRE"},"content":{"rendered":"<h3>Resultados<\/h3>\n<p>A continuaci\u00f3n, revise\u00a0la relaci\u00f3n de ternas para el cargo de\u00a0director\u00a0de UGEL. Puede realizar la b\u00fasqueda por documento de identidad y por regi\u00f3n.<\/p>\n<p><strong>Por documento de identidad:<\/strong><\/p>\n<p><a href=\"http:\/\/evaluaciondocente.perueduca.pe\/accesodirectivos\/wp-content\/uploads\/sites\/12\/2016\/05\/pact_nacional_dni.pdf\">Descargue aqu\u00ed la relaci\u00f3n<\/a>.<\/p>\n<p><strong>Por regi\u00f3n:\u00a0<\/strong><\/p>\n<p><a href=\"http:\/\/evaluaciondocente.perueduca.pe\/accesodirectivos\/wp-content\/uploads\/sites\/12\/2016\/05\/pact_amazonas.pdf\">Amazonas<\/a> \u2013 <a href=\"http:\/\/evaluaciondocente.perueduca.pe\/accesodirectivos\/wp-content\/uploads\/sites\/12\/2016\/05\/pact_ancash.pdf\">\u00c1ncash<\/a> \u2013 <a href=\"http:\/\/evaluaciondocente.perueduca.pe\/accesodirectivos\/wp-content\/uploads\/sites\/12\/2016\/05\/pact_apurimac.pdf\">Apur\u00edmac<\/a> \u2013 <a href=\"http:\/\/evaluaciondocente.perueduca.pe\/accesodirectivos\/wp-content\/uploads\/sites\/12\/2016\/05\/pact_arequipa.pdf\">Arequipa<\/a> \u2013 <a href=\"http:\/\/evaluaciondocente.perueduca.pe\/accesodirectivos\/wp-content\/uploads\/sites\/12\/2016\/05\/pact_ayacucho.pdf\">Ayacucho<\/a> \u2013 <a href=\"http:\/\/evaluaciondocente.perueduca.pe\/accesodirectivos\/wp-content\/uploads\/sites\/12\/2016\/05\/pact_cajamarca.pdf\">Cajamarca<\/a> \u2013 <a href=\"http:\/\/evaluaciondocente.perueduca.pe\/accesodirectivos\/wp-content\/uploads\/sites\/12\/2016\/05\/pact_callao.pdf\">Callao<\/a> \u2013 <a href=\"http:\/\/evaluaciondocente.perueduca.pe\/accesodirectivos\/wp-content\/uploads\/sites\/12\/2016\/05\/pact_cusco.pdf\">Cusco<\/a> \u2013 <a href=\"http:\/\/evaluaciondocente.perueduca.pe\/accesodirectivos\/wp-content\/uploads\/sites\/12\/2016\/05\/pact_huancavelica.pdf\">Huancavelica<\/a><\/p>\n<p><a href=\"http:\/\/evaluaciondocente.perueduca.pe\/accesodirectivos\/wp-content\/uploads\/sites\/12\/2016\/05\/pact_huanuco.pdf\">Hu\u00e1nuco<\/a> \u2013 <a href=\"http:\/\/evaluaciondocente.perueduca.pe\/accesodirectivos\/wp-content\/uploads\/sites\/12\/2016\/05\/pact_ica.pdf\">Ica<\/a> \u2013 <a href=\"http:\/\/evaluaciondocente.perueduca.pe\/accesodirectivos\/wp-content\/uploads\/sites\/12\/2016\/05\/pact_junin.pdf\">Jun\u00edn<\/a> \u2013 <a href=\"http:\/\/evaluaciondocente.perueduca.pe\/accesodirectivos\/wp-content\/uploads\/sites\/12\/2016\/05\/pact_lalibertad.pdf\">La Libertad<\/a> \u2013 <a href=\"http:\/\/evaluaciondocente.perueduca.pe\/accesodirectivos\/wp-content\/uploads\/sites\/12\/2016\/05\/pact_lambayeque.pdf\">Lambayeque<\/a> \u2013 <a href=\"http:\/\/evaluaciondocente.perueduca.pe\/accesodirectivos\/wp-content\/uploads\/sites\/12\/2016\/05\/pact_limametropolitana.pdf\">Lima Metropolitana<\/a> \u2013 <a href=\"http:\/\/evaluaciondocente.perueduca.pe\/accesodirectivos\/wp-content\/uploads\/sites\/12\/2016\/05\/pact_limaprovincia.pdf\">Lima Provincias<\/a> \u2013 <a href=\"http:\/\/evaluaciondocente.perueduca.pe\/accesodirectivos\/wp-content\/uploads\/sites\/12\/2016\/05\/pact_loreto.pdf\">Loreto<\/a><\/p>\n<p><a href=\"http:\/\/evaluaciondocente.perueduca.pe\/accesodirectivos\/wp-content\/uploads\/sites\/12\/2016\/05\/pact_madredios.pdf\">Madre de Dios<\/a> \u2013 <a href=\"http:\/\/evaluaciondocente.perueduca.pe\/accesodirectivos\/wp-content\/uploads\/sites\/12\/2016\/05\/pact_moquegua.pdf\">Moquegua<\/a> \u2013 <a href=\"http:\/\/evaluaciondocente.perueduca.pe\/accesodirectivos\/wp-content\/uploads\/sites\/12\/2016\/05\/pact_pasco.pdf\">Pasco<\/a> \u2013 <a href=\"http:\/\/evaluaciondocente.perueduca.pe\/accesodirectivos\/wp-content\/uploads\/sites\/12\/2016\/05\/pact_piura.pdf\">Piura<\/a> \u2013 <a href=\"http:\/\/evaluaciondocente.perueduca.pe\/accesodirectivos\/wp-content\/uploads\/sites\/12\/2016\/05\/pact_puno.pdf\">Puno<\/a> \u2013 <a href=\"http:\/\/evaluaciondocente.perueduca.pe\/accesodirectivos\/wp-content\/uploads\/sites\/12\/2016\/05\/pact_sanmartin.pdf\">San Mart\u00edn<\/a> \u2013 <a href=\"http:\/\/evaluaciondocente.perueduca.pe\/accesodirectivos\/wp-content\/uploads\/sites\/12\/2016\/05\/pact_tacna.pdf\">Tacna<\/a> \u2013\u00a0<a href=\"http:\/\/evaluaciondocente.perueduca.pe\/accesodirectivos\/wp-content\/uploads\/sites\/12\/2016\/05\/pact_tumbes.pdf\">Tumbes<\/a>\u00a0\u2013\u00a0<a href=\"http:\/\/evaluaciondocente.perueduca.pe\/accesodirectivos\/wp-content\/uploads\/sites\/12\/2016\/05\/pact_ucayali.pdf\">Ucayali<\/a><\/p>\n<h3>\u00a0Consulta individual<\/h3>\n<p>Tambi\u00e9n puede consultar su <a href=\"https:\/\/evaluaciondocente.perueduca.pe\/cpa_consulta\/public\/usuario\/login\">resultado individual<\/a>\u00a0en las diferentes etapas de los concursos, haciendo clic\u00a0en la siguiente imagen:<\/p>\n<p><a href=\"https:\/\/evaluaciondocente.perueduca.pe\/cpa_consulta\/public\/usuario\/login\"><img decoding=\"async\" loading=\"lazy\" class=\"alignnone  wp-image-1815\" src=\"http:\/\/evaluaciondocente.perueduca.pe\/nombramiento-contratacion\/wp-content\/uploads\/sites\/9\/2015\/09\/Gadget.jpg\" alt=\"Gadget\" width=\"222\" height=\"30\" \/><\/a><\/p>\n<p>&nbsp;<\/p>\n<h3>Resultados de la etapa descentralizada<\/h3>\n<p>Puede revisar\u00a0los resultados de la etapa descentralizada en <a href=\"http:\/\/evaluaciondocente.perueduca.pe\/accesodirectivos\/resultados-de-la-etapa-descentralizada\/\">este enlace<\/a>.<\/p>\n<p>&nbsp;<\/p>\n<h3>Cronograma<\/h3>\n<table width=\"1200\" cellspacing=\"0\" cellpadding=\"0\">\n<thead>\n<tr>\n<th colspan=\"2\" scope=\"column\"><strong>Segunda etapa<\/strong><\/th>\n<th scope=\"column\" width=\"15%\">Inicio<\/th>\n<th scope=\"column\" width=\"15%\">Fin<\/th>\n<\/tr>\n<\/thead>\n<tbody>\n<tr>\n<th class=\"bgcolor acenter\" scope=\"row\">12<\/th>\n<td>Conformaci\u00f3n de los Comit\u00e9s de Evaluaci\u00f3n.<\/td>\n<td align=\"center\">25\/4\/2016<\/td>\n<td align=\"center\">6\/5\/2016<\/td>\n<\/tr>\n<tr>\n<th class=\"bgcolor acenter\" scope=\"row\">13<\/th>\n<td>Publicaci\u00f3n de fecha, hora y locales de evaluaci\u00f3n de competencias.<\/td>\n<td align=\"center\">19\/5\/2016<\/td>\n<td align=\"center\">19\/5\/2016<\/td>\n<\/tr>\n<tr>\n<th class=\"bgcolor acenter\" scope=\"row\">14<\/th>\n<td>Presentaci\u00f3n ante el Comit\u00e9 de Evaluaci\u00f3n de la documentaci\u00f3n que acredita el cumplimiento de requisitos, la trayectoria profesional y, de ser el caso, del derecho a recibir las bonificaciones de Ley previstas en la norma t\u00e9cnica de los concursos.<\/td>\n<td align=\"center\">19\/5\/2016<\/td>\n<td align=\"center\">24\/5\/2016<\/td>\n<\/tr>\n<tr>\n<th class=\"bgcolor acenter\" scope=\"row\">15<\/th>\n<td>Evaluaci\u00f3n descentralizada a cargo de los Comit\u00e9s de Evaluaci\u00f3n (verificaci\u00f3n de requisitos, de la trayectoria profesional y, de ser el caso, del derecho a recibir las bonificaciones de ley previstas en la norma t\u00e9cnica de los concursos; as\u00ed como aplicaci\u00f3n de la entrevista).<\/td>\n<td align=\"center\">25\/5\/2016<\/td>\n<td align=\"center\">4\/7\/2016<\/td>\n<\/tr>\n<tr>\n<th class=\"bgcolor acenter\" scope=\"row\">16<\/th>\n<td>Evaluaci\u00f3n de Competencias.<\/td>\n<td align=\"center\">25\/5\/2016<\/td>\n<td align=\"center\">6\/7\/2016<\/td>\n<\/tr>\n<tr>\n<th class=\"bgcolor acenter\" scope=\"row\">17<\/th>\n<td>Ingreso por parte del Comit\u00e9 de Evaluaci\u00f3n de los resultados de la verificaci\u00f3n y evaluaci\u00f3n a su cargo, en el formato establecido.<\/td>\n<td align=\"center\">25\/5\/2016<\/td>\n<td align=\"center\">6\/7\/2016<\/td>\n<\/tr>\n<tr>\n<th class=\"bgcolor acenter\" scope=\"row\">18<\/th>\n<td>Publicaci\u00f3n de las ternas de postulantes al cargo de director de UGEL.<\/td>\n<td align=\"center\">11\/7\/2016<\/td>\n<td align=\"center\">11\/7\/2016<\/td>\n<\/tr>\n<tr>\n<th class=\"bgcolor acenter\" scope=\"row\">19<\/th>\n<td>Elecci\u00f3n de directores de UGEL, por parte de los directores de las DRE.<\/td>\n<td align=\"center\">12\/7\/2016<\/td>\n<td align=\"center\">15\/7\/2016<\/td>\n<\/tr>\n<tr>\n<th class=\"bgcolor acenter\" scope=\"row\">20<\/th>\n<td>Publicaci\u00f3n de resultados de ambos concursos.<\/td>\n<td align=\"center\">20\/7\/2016<\/td>\n<td align=\"center\">20\/7\/2016<\/td>\n<\/tr>\n<tr>\n<th class=\"bgcolor acenter\" scope=\"row\">21<\/th>\n<td>Emisi\u00f3n de resoluciones de designaci\u00f3n a ganadores de ambos concursos.<\/td>\n<td align=\"center\">20\/7\/2016<\/td>\n<td align=\"center\">26\/7\/2016<\/td>\n<\/tr>\n<\/tbody>\n<\/table>\n<p>&nbsp;<\/p>\n<table width=\"1212\" cellspacing=\"0\" cellpadding=\"0\">\n<thead>\n<tr>\n<th colspan=\"2\" scope=\"column\"><strong>Etapa excepcional<\/strong><\/th>\n<th scope=\"column\" width=\"15%\">Inicio<\/th>\n<th scope=\"column\" width=\"15%\">Fin<\/th>\n<\/tr>\n<\/thead>\n<tbody>\n<tr>\n<th class=\"bgcolor acenter\" scope=\"row\">22<\/th>\n<td>Acto p\u00fablico de selecci\u00f3n de ternas para plazas vacantes del cargo de director de UGEL.<\/td>\n<td align=\"center\">25\/7\/2016<\/td>\n<td align=\"center\">25\/7\/2016<\/td>\n<\/tr>\n<tr>\n<th class=\"bgcolor acenter\" scope=\"row\">23<\/th>\n<td>Acto p\u00fablico de selecci\u00f3n de plazas vacantes de los cargos de director\/jefe de Gesti\u00f3n Pedag\u00f3gica de DRE\/UGEL.<\/td>\n<td align=\"center\">26\/7\/2016<\/td>\n<td align=\"center\">26\/7\/2016<\/td>\n<\/tr>\n<tr>\n<th class=\"bgcolor acenter\" scope=\"row\">24<\/th>\n<td>Emisi\u00f3n de resoluciones de designaci\u00f3n a ganadores de la etapa excepcional.<\/td>\n<td align=\"center\">1\/8\/2016<\/td>\n<td align=\"center\">5\/8\/2016<\/td>\n<\/tr>\n<\/tbody>\n<\/table>\n<p>&nbsp;<\/p>\n","protected":false},"excerpt":{"rendered":"<p>Resultados A continuaci\u00f3n, revise\u00a0la relaci\u00f3n de ternas para el cargo de\u00a0director\u00a0de UGEL. Puede realizar la b\u00fasqueda por documento de identidad [&hellip;]<\/p>\n","protected":false},"author":63,"featured_media":11823,"comment_status":"open","ping_status":"open","sticky":false,"template":"","format":"standard","meta":{"spay_email":""},"categories":[125],"tags":[],"yoast_head":"<!-- This site is optimized with the Yoast SEO plugin v18.0 - https:\/\/yoast.com\/wordpress\/plugins\/seo\/ -->\n<title>Resultados por regi\u00f3n - Concursos de Acceso a Cargos Directivos de UGEL y DRE - Red Peruana de Gestores de la Educaci\u00f3n<\/title>\n<meta name=\"robots\" content=\"index, follow, max-snippet:-1, max-image-preview:large, max-video-preview:-1\" \/>\n<link rel=\"canonical\" href=\"https:\/\/www.edugestores.pe\/?p=11968\" \/>\n<meta property=\"og:locale\" content=\"es_ES\" \/>\n<meta property=\"og:type\" content=\"article\" \/>\n<meta property=\"og:title\" content=\"Resultados por regi\u00f3n - Concursos de Acceso a Cargos Directivos de UGEL y DRE - Red Peruana de Gestores de la Educaci\u00f3n\" \/>\n<meta property=\"og:description\" content=\"Resultados A continuaci\u00f3n, revise\u00a0la relaci\u00f3n de ternas para el cargo de\u00a0director\u00a0de UGEL. Puede realizar la b\u00fasqueda por documento de identidad [&hellip;]\" \/>\n<meta property=\"og:url\" content=\"https:\/\/www.edugestores.pe\/?p=11968\" \/>\n<meta property=\"og:site_name\" content=\"Red Peruana de Gestores de la Educaci\u00f3n\" \/>\n<meta property=\"article:published_time\" content=\"2016-07-12T15:33:08+00:00\" \/>\n<meta property=\"article:modified_time\" content=\"2016-07-19T13:16:36+00:00\" \/>\n<meta property=\"og:image\" content=\"https:\/\/www.edugestores.pe\/wp-content\/uploads\/2016\/06\/concurso-cargos-directivos-ugel-y-dre.jpg\" \/>\n\t<meta property=\"og:image:width\" content=\"750\" \/>\n\t<meta property=\"og:image:height\" content=\"468\" \/>\n\t<meta property=\"og:image:type\" content=\"image\/jpeg\" \/>\n<meta name=\"twitter:card\" content=\"summary_large_image\" \/>\n<meta name=\"twitter:label1\" content=\"Escrito por\" \/>\n\t<meta name=\"twitter:data1\" content=\"Administrador\" \/>\n\t<meta name=\"twitter:label2\" content=\"Tiempo de lectura\" \/>\n\t<meta name=\"twitter:data2\" content=\"2 minutos\" \/>\n<script type=\"application\/ld+json\" class=\"yoast-schema-graph\">{\"@context\":\"https:\/\/schema.org\",\"@graph\":[{\"@type\":\"WebSite\",\"@id\":\"https:\/\/www.edugestores.pe\/#website\",\"url\":\"https:\/\/www.edugestores.pe\/\",\"name\":\"Red Peruana de Gestores de la Educaci\u00f3n\",\"description\":\"Red Peruana de Gestores de la Educaci\u00f3n\",\"potentialAction\":[{\"@type\":\"SearchAction\",\"target\":{\"@type\":\"EntryPoint\",\"urlTemplate\":\"https:\/\/www.edugestores.pe\/?s={search_term_string}\"},\"query-input\":\"required name=search_term_string\"}],\"inLanguage\":\"es\"},{\"@type\":\"ImageObject\",\"@id\":\"https:\/\/www.edugestores.pe\/?p=11968#primaryimage\",\"inLanguage\":\"es\",\"url\":\"https:\/\/www.edugestores.pe\/wp-content\/uploads\/2016\/06\/concurso-cargos-directivos-ugel-y-dre.jpg\",\"contentUrl\":\"https:\/\/www.edugestores.pe\/wp-content\/uploads\/2016\/06\/concurso-cargos-directivos-ugel-y-dre.jpg\",\"width\":750,\"height\":468},{\"@type\":\"WebPage\",\"@id\":\"https:\/\/www.edugestores.pe\/?p=11968#webpage\",\"url\":\"https:\/\/www.edugestores.pe\/?p=11968\",\"name\":\"Resultados por regi\u00f3n - Concursos de Acceso a Cargos Directivos de UGEL y DRE - Red Peruana de Gestores de la Educaci\u00f3n\",\"isPartOf\":{\"@id\":\"https:\/\/www.edugestores.pe\/#website\"},\"primaryImageOfPage\":{\"@id\":\"https:\/\/www.edugestores.pe\/?p=11968#primaryimage\"},\"datePublished\":\"2016-07-12T15:33:08+00:00\",\"dateModified\":\"2016-07-19T13:16:36+00:00\",\"author\":{\"@id\":\"https:\/\/www.edugestores.pe\/#\/schema\/person\/30dc82f35f5853289037a64b35c7c7d3\"},\"breadcrumb\":{\"@id\":\"https:\/\/www.edugestores.pe\/?p=11968#breadcrumb\"},\"inLanguage\":\"es\",\"potentialAction\":[{\"@type\":\"ReadAction\",\"target\":[\"https:\/\/www.edugestores.pe\/?p=11968\"]}]},{\"@type\":\"BreadcrumbList\",\"@id\":\"https:\/\/www.edugestores.pe\/?p=11968#breadcrumb\",\"itemListElement\":[{\"@type\":\"ListItem\",\"position\":1,\"name\":\"Portada\",\"item\":\"https:\/\/www.edugestores.pe\/\"},{\"@type\":\"ListItem\",\"position\":2,\"name\":\"Resultados por regi\u00f3n &#8211; Concursos de Acceso a Cargos Directivos de UGEL y DRE\"}]},{\"@type\":\"Person\",\"@id\":\"https:\/\/www.edugestores.pe\/#\/schema\/person\/30dc82f35f5853289037a64b35c7c7d3\",\"name\":\"Administrador\",\"image\":{\"@type\":\"ImageObject\",\"@id\":\"https:\/\/www.edugestores.pe\/#personlogo\",\"inLanguage\":\"es\",\"url\":\"https:\/\/secure.gravatar.com\/avatar\/70960d1239c4d2c778bb3d2786a3c1ae?s=96&d=mm&r=g\",\"contentUrl\":\"https:\/\/secure.gravatar.com\/avatar\/70960d1239c4d2c778bb3d2786a3c1ae?s=96&d=mm&r=g\",\"caption\":\"Administrador\"},\"url\":\"https:\/\/www.edugestores.pe\/?author=63\"}]}<\/script>\n<!-- \/ Yoast SEO plugin. -->","yoast_head_json":{"title":"Resultados por regi\u00f3n - Concursos de Acceso a Cargos Directivos de UGEL y DRE - Red Peruana de Gestores de la Educaci\u00f3n","robots":{"index":"index","follow":"follow","max-snippet":"max-snippet:-1","max-image-preview":"max-image-preview:large","max-video-preview":"max-video-preview:-1"},"canonical":"https:\/\/www.edugestores.pe\/?p=11968","og_locale":"es_ES","og_type":"article","og_title":"Resultados por regi\u00f3n - Concursos de Acceso a Cargos Directivos de UGEL y DRE - Red Peruana de Gestores de la Educaci\u00f3n","og_description":"Resultados A continuaci\u00f3n, revise\u00a0la relaci\u00f3n de ternas para el cargo de\u00a0director\u00a0de UGEL. Puede realizar la b\u00fasqueda por documento de identidad [&hellip;]","og_url":"https:\/\/www.edugestores.pe\/?p=11968","og_site_name":"Red Peruana de Gestores de la Educaci\u00f3n","article_published_time":"2016-07-12T15:33:08+00:00","article_modified_time":"2016-07-19T13:16:36+00:00","og_image":[{"width":750,"height":468,"url":"https:\/\/www.edugestores.pe\/wp-content\/uploads\/2016\/06\/concurso-cargos-directivos-ugel-y-dre.jpg","type":"image\/jpeg"}],"twitter_card":"summary_large_image","twitter_misc":{"Escrito por":"Administrador","Tiempo de lectura":"2 minutos"},"schema":{"@context":"https:\/\/schema.org","@graph":[{"@type":"WebSite","@id":"https:\/\/www.edugestores.pe\/#website","url":"https:\/\/www.edugestores.pe\/","name":"Red Peruana de Gestores de la Educaci\u00f3n","description":"Red Peruana de Gestores de la Educaci\u00f3n","potentialAction":[{"@type":"SearchAction","target":{"@type":"EntryPoint","urlTemplate":"https:\/\/www.edugestores.pe\/?s={search_term_string}"},"query-input":"required name=search_term_string"}],"inLanguage":"es"},{"@type":"ImageObject","@id":"https:\/\/www.edugestores.pe\/?p=11968#primaryimage","inLanguage":"es","url":"https:\/\/www.edugestores.pe\/wp-content\/uploads\/2016\/06\/concurso-cargos-directivos-ugel-y-dre.jpg","contentUrl":"https:\/\/www.edugestores.pe\/wp-content\/uploads\/2016\/06\/concurso-cargos-directivos-ugel-y-dre.jpg","width":750,"height":468},{"@type":"WebPage","@id":"https:\/\/www.edugestores.pe\/?p=11968#webpage","url":"https:\/\/www.edugestores.pe\/?p=11968","name":"Resultados por regi\u00f3n - Concursos de Acceso a Cargos Directivos de UGEL y DRE - Red Peruana de Gestores de la Educaci\u00f3n","isPartOf":{"@id":"https:\/\/www.edugestores.pe\/#website"},"primaryImageOfPage":{"@id":"https:\/\/www.edugestores.pe\/?p=11968#primaryimage"},"datePublished":"2016-07-12T15:33:08+00:00","dateModified":"2016-07-19T13:16:36+00:00","author":{"@id":"https:\/\/www.edugestores.pe\/#\/schema\/person\/30dc82f35f5853289037a64b35c7c7d3"},"breadcrumb":{"@id":"https:\/\/www.edugestores.pe\/?p=11968#breadcrumb"},"inLanguage":"es","potentialAction":[{"@type":"ReadAction","target":["https:\/\/www.edugestores.pe\/?p=11968"]}]},{"@type":"BreadcrumbList","@id":"https:\/\/www.edugestores.pe\/?p=11968#breadcrumb","itemListElement":[{"@type":"ListItem","position":1,"name":"Portada","item":"https:\/\/www.edugestores.pe\/"},{"@type":"ListItem","position":2,"name":"Resultados por regi\u00f3n &#8211; Concursos de Acceso a Cargos Directivos de UGEL y DRE"}]},{"@type":"Person","@id":"https:\/\/www.edugestores.pe\/#\/schema\/person\/30dc82f35f5853289037a64b35c7c7d3","name":"Administrador","image":{"@type":"ImageObject","@id":"https:\/\/www.edugestores.pe\/#personlogo","inLanguage":"es","url":"https:\/\/secure.gravatar.com\/avatar\/70960d1239c4d2c778bb3d2786a3c1ae?s=96&d=mm&r=g","contentUrl":"https:\/\/secure.gravatar.com\/avatar\/70960d1239c4d2c778bb3d2786a3c1ae?s=96&d=mm&r=g","caption":"Administrador"},"url":"https:\/\/www.edugestores.pe\/?author=63"}]}},"jetpack_featured_media_url":"https:\/\/www.edugestores.pe\/wp-content\/uploads\/2016\/06\/concurso-cargos-directivos-ugel-y-dre.jpg","_links":{"self":[{"href":"https:\/\/www.edugestores.pe\/index.php?rest_route=\/wp\/v2\/posts\/11968"}],"collection":[{"href":"https:\/\/www.edugestores.pe\/index.php?rest_route=\/wp\/v2\/posts"}],"about":[{"href":"https:\/\/www.edugestores.pe\/index.php?rest_route=\/wp\/v2\/types\/post"}],"author":[{"embeddable":true,"href":"https:\/\/www.edugestores.pe\/index.php?rest_route=\/wp\/v2\/users\/63"}],"replies":[{"embeddable":true,"href":"https:\/\/www.edugestores.pe\/index.php?rest_route=%2Fwp%2Fv2%2Fcomments&post=11968"}],"version-history":[{"count":1,"href":"https:\/\/www.edugestores.pe\/index.php?rest_route=\/wp\/v2\/posts\/11968\/revisions"}],"predecessor-version":[{"id":11969,"href":"https:\/\/www.edugestores.pe\/index.php?rest_route=\/wp\/v2\/posts\/11968\/revisions\/11969"}],"wp:featuredmedia":[{"embeddable":true,"href":"https:\/\/www.edugestores.pe\/index.php?rest_route=\/wp\/v2\/media\/11823"}],"wp:attachment":[{"href":"https:\/\/www.edugestores.pe\/index.php?rest_route=%2Fwp%2Fv2%2Fmedia&parent=11968"}],"wp:term":[{"taxonomy":"category","embeddable":true,"href":"https:\/\/www.edugestores.pe\/index.php?rest_route=%2Fwp%2Fv2%2Fcategories&post=11968"},{"taxonomy":"post_tag","embeddable":true,"href":"https:\/\/www.edugestores.pe\/index.php?rest_route=%2Fwp%2Fv2%2Ftags&post=11968"}],"curies":[{"name":"wp","href":"https:\/\/api.w.org\/{rel}","templated":true}]}}