{"id":11982,"date":"2016-07-12T12:52:33","date_gmt":"2016-07-12T17:52:33","guid":{"rendered":"https:\/\/www.edugestores.pe\/?p=11982"},"modified":"2016-07-19T08:16:48","modified_gmt":"2016-07-19T13:16:48","slug":"asi-sera-el-primer-gabinete-de-ppk-semanaeconomica","status":"publish","type":"post","link":"https:\/\/www.edugestores.pe\/?p=11982","title":{"rendered":"As\u00ed ser\u00e1 el primer gabinete de PPK &#8211; SEMANAecon\u00f3mica"},"content":{"rendered":"<p>Fuente: <a href=\"http:\/\/semanaeconomica.com\/article\/legal-y-politica\/politica\/193699-asi-sera-el-primer-gabinete-de-ppk\/\">SEMANAecon\u00f3mica<\/a> portal de negocios y econom\u00eda de la revista SEMANA ECON\u00d3MICA, del grupo\u00a0APOYO<\/p>\n<p>El viernes 15 de julio \u00a0<a href=\"http:\/\/semanaeconomica.com\/tags\/fernando-zavala\" target=\"_blank\">Fernando Zavala<\/a>, el presidente del Consejo de Ministros, anunciar\u00e1 a quienes conformar\u00e1n su primer gabinete. El presidente electo,\u00a0<a href=\"http:\/\/semanaeconomica.com\/tags\/pedro-pablo-kuczynski\" target=\"_blank\">Pedro Pablo Kuczynski<\/a>, ya adelant\u00f3\u00a0que estar\u00e1 compuesto por una combinaci\u00f3n de t\u00e9cnicos y pol\u00edticos, j\u00f3venes y de personas con experiencia, as\u00ed como de hombres y mujeres.<\/p>\n<p><a href=\"http:\/\/semanaeconomica.com\/article\/legal-y-politica\/politica\/193699-asi-sera-el-primer-gabinete-de-ppk\/\">SEMANAecon\u00f3mica<\/a>, portal de negocios y econom\u00eda de la revista SEMANA ECON\u00d3MICA, del grupo\u00a0APOYO, conoci\u00f3\u00a0qui\u00e9nes estar\u00e1n al frente de algunos\u00a0de los ministerios, como\u00a0Transportes y Comunicaciones, Relaciones Exteriores, Comercio Exterior, Defensa, Interior, Econom\u00eda, Ambiente, Producci\u00f3n, Agricultura y Salud.<\/p>\n<p><a href=\"http:\/\/semanaeconomica.com\/wp-content\/uploads\/2016\/07\/Gabinete-PPK-porelegir3.png\" rel=\"attachment wp-att-193724\"><img decoding=\"async\" class=\"alignnone size-full wp-image-193724\" src=\"http:\/\/semanaeconomica.com\/wp-content\/uploads\/2016\/07\/Gabinete-PPK-porelegir3.png\" sizes=\"(max-width: 527px) 100vw, 527px\" srcset=\"http:\/\/semanaeconomica.com\/wp-content\/uploads\/2016\/07\/Gabinete-PPK-porelegir3-342x1024.png 342w, http:\/\/semanaeconomica.com\/wp-content\/uploads\/2016\/07\/Gabinete-PPK-porelegir3-300x898.png 300w, http:\/\/semanaeconomica.com\/wp-content\/uploads\/2016\/07\/Gabinete-PPK-porelegir3-169x506.png 169w, http:\/\/semanaeconomica.com\/wp-content\/uploads\/2016\/07\/Gabinete-PPK-porelegir3-447x1338.png 447w, http:\/\/semanaeconomica.com\/wp-content\/uploads\/2016\/07\/Gabinete-PPK-porelegir3.png 527w\" alt=\"Gabinete-PPK-porelegir3\" \/><\/a><\/p>\n<p><a href=\"http:\/\/semanaeconomica.com\/tags\/jaime-saavedra\" target=\"_blank\">Jaime Saavedra<\/a>, el actual ministro de Educaci\u00f3n, seguir\u00eda al frente de esta cartera. Sin embargo, a\u00fan no se ha definido qui\u00e9nes ser\u00edan los pr\u00f3ximos titulares de Energ\u00eda y Minas, Justicia y Vivienda, carteras en las que por ahora se baraja m\u00e1s de una opci\u00f3n.<\/p>\n<p><a href=\"http:\/\/semanaeconomica.com\/wp-content\/uploads\/2016\/07\/Gabinete-PPK-porelegir2.png\" rel=\"attachment wp-att-193723\"><img decoding=\"async\" class=\"alignnone size-full wp-image-193723\" src=\"http:\/\/semanaeconomica.com\/wp-content\/uploads\/2016\/07\/Gabinete-PPK-porelegir2.png\" sizes=\"(max-width: 527px) 100vw, 527px\" srcset=\"http:\/\/semanaeconomica.com\/wp-content\/uploads\/2016\/07\/Gabinete-PPK-porelegir2-300x391.png 300w, http:\/\/semanaeconomica.com\/wp-content\/uploads\/2016\/07\/Gabinete-PPK-porelegir2-169x220.png 169w, http:\/\/semanaeconomica.com\/wp-content\/uploads\/2016\/07\/Gabinete-PPK-porelegir2-447x582.png 447w, http:\/\/semanaeconomica.com\/wp-content\/uploads\/2016\/07\/Gabinete-PPK-porelegir2.png 527w\" alt=\"Gabinete-PPK-porelegir2\" \/><\/a><\/p>\n<p>SEMANAecon\u00f3mica a\u00fan no ha podido\u00a0conocer qui\u00e9nes ser\u00e1n designados en las carteras de Trabajo, Mujer, Cultura, y Desarrollo e Inclusi\u00f3n Social.<\/p>\n<p>Durante la campa\u00f1a de primera vuelta, PPK\u00a0prometi\u00f3 crear un ministerio de apoyo a las regiones. Sin embargo, la creaci\u00f3n requiere primero de la aprobaci\u00f3n del Congreso.<\/p>\n","protected":false},"excerpt":{"rendered":"<p>Fuente: SEMANAecon\u00f3mica portal de negocios y econom\u00eda de la revista SEMANA ECON\u00d3MICA, del grupo\u00a0APOYO El viernes 15 de julio \u00a0Fernando [&hellip;]<\/p>\n","protected":false},"author":63,"featured_media":11983,"comment_status":"open","ping_status":"open","sticky":false,"template":"","format":"standard","meta":{"spay_email":""},"categories":[125],"tags":[],"yoast_head":"<!-- This site is optimized with the Yoast SEO plugin v18.0 - https:\/\/yoast.com\/wordpress\/plugins\/seo\/ -->\n<title>As\u00ed ser\u00e1 el primer gabinete de PPK - SEMANAecon\u00f3mica - Red Peruana de Gestores de la Educaci\u00f3n<\/title>\n<meta name=\"robots\" content=\"index, follow, max-snippet:-1, max-image-preview:large, max-video-preview:-1\" \/>\n<link rel=\"canonical\" href=\"https:\/\/www.edugestores.pe\/?p=11982\" \/>\n<meta property=\"og:locale\" content=\"es_ES\" \/>\n<meta property=\"og:type\" content=\"article\" \/>\n<meta property=\"og:title\" content=\"As\u00ed ser\u00e1 el primer gabinete de PPK - SEMANAecon\u00f3mica - Red Peruana de Gestores de la Educaci\u00f3n\" \/>\n<meta property=\"og:description\" content=\"Fuente: SEMANAecon\u00f3mica portal de negocios y econom\u00eda de la revista SEMANA ECON\u00d3MICA, del grupo\u00a0APOYO El viernes 15 de julio \u00a0Fernando [&hellip;]\" \/>\n<meta property=\"og:url\" content=\"https:\/\/www.edugestores.pe\/?p=11982\" \/>\n<meta property=\"og:site_name\" content=\"Red Peruana de Gestores de la Educaci\u00f3n\" \/>\n<meta property=\"article:published_time\" content=\"2016-07-12T17:52:33+00:00\" \/>\n<meta property=\"article:modified_time\" content=\"2016-07-19T13:16:48+00:00\" \/>\n<meta property=\"og:image\" content=\"https:\/\/www.edugestores.pe\/wp-content\/uploads\/2016\/07\/Primer-gabinete-de-PPK.png\" \/>\n\t<meta property=\"og:image:width\" content=\"735\" \/>\n\t<meta property=\"og:image:height\" content=\"411\" \/>\n\t<meta property=\"og:image:type\" content=\"image\/png\" \/>\n<meta name=\"twitter:card\" content=\"summary_large_image\" \/>\n<meta name=\"twitter:label1\" content=\"Escrito por\" \/>\n\t<meta name=\"twitter:data1\" content=\"Administrador\" \/>\n\t<meta name=\"twitter:label2\" content=\"Tiempo de lectura\" \/>\n\t<meta name=\"twitter:data2\" content=\"1 minuto\" \/>\n<script type=\"application\/ld+json\" class=\"yoast-schema-graph\">{\"@context\":\"https:\/\/schema.org\",\"@graph\":[{\"@type\":\"WebSite\",\"@id\":\"https:\/\/www.edugestores.pe\/#website\",\"url\":\"https:\/\/www.edugestores.pe\/\",\"name\":\"Red Peruana de Gestores de la Educaci\u00f3n\",\"description\":\"Red Peruana de Gestores de la Educaci\u00f3n\",\"potentialAction\":[{\"@type\":\"SearchAction\",\"target\":{\"@type\":\"EntryPoint\",\"urlTemplate\":\"https:\/\/www.edugestores.pe\/?s={search_term_string}\"},\"query-input\":\"required name=search_term_string\"}],\"inLanguage\":\"es\"},{\"@type\":\"ImageObject\",\"@id\":\"https:\/\/www.edugestores.pe\/?p=11982#primaryimage\",\"inLanguage\":\"es\",\"url\":\"https:\/\/www.edugestores.pe\/wp-content\/uploads\/2016\/07\/Primer-gabinete-de-PPK.png\",\"contentUrl\":\"https:\/\/www.edugestores.pe\/wp-content\/uploads\/2016\/07\/Primer-gabinete-de-PPK.png\",\"width\":735,\"height\":411},{\"@type\":\"WebPage\",\"@id\":\"https:\/\/www.edugestores.pe\/?p=11982#webpage\",\"url\":\"https:\/\/www.edugestores.pe\/?p=11982\",\"name\":\"As\u00ed ser\u00e1 el primer gabinete de PPK - SEMANAecon\u00f3mica - Red Peruana de Gestores de la Educaci\u00f3n\",\"isPartOf\":{\"@id\":\"https:\/\/www.edugestores.pe\/#website\"},\"primaryImageOfPage\":{\"@id\":\"https:\/\/www.edugestores.pe\/?p=11982#primaryimage\"},\"datePublished\":\"2016-07-12T17:52:33+00:00\",\"dateModified\":\"2016-07-19T13:16:48+00:00\",\"author\":{\"@id\":\"https:\/\/www.edugestores.pe\/#\/schema\/person\/30dc82f35f5853289037a64b35c7c7d3\"},\"breadcrumb\":{\"@id\":\"https:\/\/www.edugestores.pe\/?p=11982#breadcrumb\"},\"inLanguage\":\"es\",\"potentialAction\":[{\"@type\":\"ReadAction\",\"target\":[\"https:\/\/www.edugestores.pe\/?p=11982\"]}]},{\"@type\":\"BreadcrumbList\",\"@id\":\"https:\/\/www.edugestores.pe\/?p=11982#breadcrumb\",\"itemListElement\":[{\"@type\":\"ListItem\",\"position\":1,\"name\":\"Portada\",\"item\":\"https:\/\/www.edugestores.pe\/\"},{\"@type\":\"ListItem\",\"position\":2,\"name\":\"As\u00ed ser\u00e1 el primer gabinete de PPK &#8211; SEMANAecon\u00f3mica\"}]},{\"@type\":\"Person\",\"@id\":\"https:\/\/www.edugestores.pe\/#\/schema\/person\/30dc82f35f5853289037a64b35c7c7d3\",\"name\":\"Administrador\",\"image\":{\"@type\":\"ImageObject\",\"@id\":\"https:\/\/www.edugestores.pe\/#personlogo\",\"inLanguage\":\"es\",\"url\":\"https:\/\/secure.gravatar.com\/avatar\/70960d1239c4d2c778bb3d2786a3c1ae?s=96&d=mm&r=g\",\"contentUrl\":\"https:\/\/secure.gravatar.com\/avatar\/70960d1239c4d2c778bb3d2786a3c1ae?s=96&d=mm&r=g\",\"caption\":\"Administrador\"},\"url\":\"https:\/\/www.edugestores.pe\/?author=63\"}]}<\/script>\n<!-- \/ Yoast SEO plugin. -->","yoast_head_json":{"title":"As\u00ed ser\u00e1 el primer gabinete de PPK - SEMANAecon\u00f3mica - Red Peruana de Gestores de la Educaci\u00f3n","robots":{"index":"index","follow":"follow","max-snippet":"max-snippet:-1","max-image-preview":"max-image-preview:large","max-video-preview":"max-video-preview:-1"},"canonical":"https:\/\/www.edugestores.pe\/?p=11982","og_locale":"es_ES","og_type":"article","og_title":"As\u00ed ser\u00e1 el primer gabinete de PPK - SEMANAecon\u00f3mica - Red Peruana de Gestores de la Educaci\u00f3n","og_description":"Fuente: SEMANAecon\u00f3mica portal de negocios y econom\u00eda de la revista SEMANA ECON\u00d3MICA, del grupo\u00a0APOYO El viernes 15 de julio \u00a0Fernando [&hellip;]","og_url":"https:\/\/www.edugestores.pe\/?p=11982","og_site_name":"Red Peruana de Gestores de la Educaci\u00f3n","article_published_time":"2016-07-12T17:52:33+00:00","article_modified_time":"2016-07-19T13:16:48+00:00","og_image":[{"width":735,"height":411,"url":"https:\/\/www.edugestores.pe\/wp-content\/uploads\/2016\/07\/Primer-gabinete-de-PPK.png","type":"image\/png"}],"twitter_card":"summary_large_image","twitter_misc":{"Escrito por":"Administrador","Tiempo de lectura":"1 minuto"},"schema":{"@context":"https:\/\/schema.org","@graph":[{"@type":"WebSite","@id":"https:\/\/www.edugestores.pe\/#website","url":"https:\/\/www.edugestores.pe\/","name":"Red Peruana de Gestores de la Educaci\u00f3n","description":"Red Peruana de Gestores de la Educaci\u00f3n","potentialAction":[{"@type":"SearchAction","target":{"@type":"EntryPoint","urlTemplate":"https:\/\/www.edugestores.pe\/?s={search_term_string}"},"query-input":"required name=search_term_string"}],"inLanguage":"es"},{"@type":"ImageObject","@id":"https:\/\/www.edugestores.pe\/?p=11982#primaryimage","inLanguage":"es","url":"https:\/\/www.edugestores.pe\/wp-content\/uploads\/2016\/07\/Primer-gabinete-de-PPK.png","contentUrl":"https:\/\/www.edugestores.pe\/wp-content\/uploads\/2016\/07\/Primer-gabinete-de-PPK.png","width":735,"height":411},{"@type":"WebPage","@id":"https:\/\/www.edugestores.pe\/?p=11982#webpage","url":"https:\/\/www.edugestores.pe\/?p=11982","name":"As\u00ed ser\u00e1 el primer gabinete de PPK - SEMANAecon\u00f3mica - Red Peruana de Gestores de la Educaci\u00f3n","isPartOf":{"@id":"https:\/\/www.edugestores.pe\/#website"},"primaryImageOfPage":{"@id":"https:\/\/www.edugestores.pe\/?p=11982#primaryimage"},"datePublished":"2016-07-12T17:52:33+00:00","dateModified":"2016-07-19T13:16:48+00:00","author":{"@id":"https:\/\/www.edugestores.pe\/#\/schema\/person\/30dc82f35f5853289037a64b35c7c7d3"},"breadcrumb":{"@id":"https:\/\/www.edugestores.pe\/?p=11982#breadcrumb"},"inLanguage":"es","potentialAction":[{"@type":"ReadAction","target":["https:\/\/www.edugestores.pe\/?p=11982"]}]},{"@type":"BreadcrumbList","@id":"https:\/\/www.edugestores.pe\/?p=11982#breadcrumb","itemListElement":[{"@type":"ListItem","position":1,"name":"Portada","item":"https:\/\/www.edugestores.pe\/"},{"@type":"ListItem","position":2,"name":"As\u00ed ser\u00e1 el primer gabinete de PPK &#8211; SEMANAecon\u00f3mica"}]},{"@type":"Person","@id":"https:\/\/www.edugestores.pe\/#\/schema\/person\/30dc82f35f5853289037a64b35c7c7d3","name":"Administrador","image":{"@type":"ImageObject","@id":"https:\/\/www.edugestores.pe\/#personlogo","inLanguage":"es","url":"https:\/\/secure.gravatar.com\/avatar\/70960d1239c4d2c778bb3d2786a3c1ae?s=96&d=mm&r=g","contentUrl":"https:\/\/secure.gravatar.com\/avatar\/70960d1239c4d2c778bb3d2786a3c1ae?s=96&d=mm&r=g","caption":"Administrador"},"url":"https:\/\/www.edugestores.pe\/?author=63"}]}},"jetpack_featured_media_url":"https:\/\/www.edugestores.pe\/wp-content\/uploads\/2016\/07\/Primer-gabinete-de-PPK.png","_links":{"self":[{"href":"https:\/\/www.edugestores.pe\/index.php?rest_route=\/wp\/v2\/posts\/11982"}],"collection":[{"href":"https:\/\/www.edugestores.pe\/index.php?rest_route=\/wp\/v2\/posts"}],"about":[{"href":"https:\/\/www.edugestores.pe\/index.php?rest_route=\/wp\/v2\/types\/post"}],"author":[{"embeddable":true,"href":"https:\/\/www.edugestores.pe\/index.php?rest_route=\/wp\/v2\/users\/63"}],"replies":[{"embeddable":true,"href":"https:\/\/www.edugestores.pe\/index.php?rest_route=%2Fwp%2Fv2%2Fcomments&post=11982"}],"version-history":[{"count":3,"href":"https:\/\/www.edugestores.pe\/index.php?rest_route=\/wp\/v2\/posts\/11982\/revisions"}],"predecessor-version":[{"id":11986,"href":"https:\/\/www.edugestores.pe\/index.php?rest_route=\/wp\/v2\/posts\/11982\/revisions\/11986"}],"wp:featuredmedia":[{"embeddable":true,"href":"https:\/\/www.edugestores.pe\/index.php?rest_route=\/wp\/v2\/media\/11983"}],"wp:attachment":[{"href":"https:\/\/www.edugestores.pe\/index.php?rest_route=%2Fwp%2Fv2%2Fmedia&parent=11982"}],"wp:term":[{"taxonomy":"category","embeddable":true,"href":"https:\/\/www.edugestores.pe\/index.php?rest_route=%2Fwp%2Fv2%2Fcategories&post=11982"},{"taxonomy":"post_tag","embeddable":true,"href":"https:\/\/www.edugestores.pe\/index.php?rest_route=%2Fwp%2Fv2%2Ftags&post=11982"}],"curies":[{"name":"wp","href":"https:\/\/api.w.org\/{rel}","templated":true}]}}