{"id":12023,"date":"2016-07-15T10:13:27","date_gmt":"2016-07-15T15:13:27","guid":{"rendered":"https:\/\/www.edugestores.pe\/?p=12023"},"modified":"2016-07-25T12:42:42","modified_gmt":"2016-07-25T17:42:42","slug":"minedu-evalua-dar-alimentacion-a-estudiantes-de-jornada-escolar-completa","status":"publish","type":"post","link":"https:\/\/www.edugestores.pe\/?p=12023","title":{"rendered":"MINEDU eval\u00faa dar alimentaci\u00f3n a estudiantes de Jornada Escolar Completa"},"content":{"rendered":"<div id=\"newsfulltxt\"><b>Tema es analizado en comisiones de transferencia del gobierno, indic\u00f3 funcionario<\/b>: El Ministerio de <a href=\"http:\/\/www.educacionenred.pe\/\" target=\"_blank\">Educaci\u00f3n<\/a> (Minedu) est\u00e1 evaluando la posibilidad de brindar alimentaci\u00f3n a los estudiantes de la <a href=\"http:\/\/www.educacionenred.pe\/noticia\/jornada-escolar-completa\/\" target=\"_blank\">Jornada Escolar Completa<\/a> cuyo horario de clases es de 9 horas pedag\u00f3gicas diarias, dijeron voceros de este sector.<\/p>\n<p>Isy Faingold Vigil, director de Educaci\u00f3n Secundaria del Minedu dijo que la expectativa de la comunidad educativa sobre la alimentaci\u00f3n escolar es un tema que ha surgido en esta primera implementaci\u00f3n del modelo en dos a\u00f1os.<\/p>\n<p>&#8220;<b>El tema del almuerzo es importante y est\u00e1 en discusi\u00f3n en esta transici\u00f3n del gobierno, as\u00ed como en las comisiones de transferencia dentro del Minedu<\/b>&#8221; precis\u00f3.<\/p>\n<p>Durante el primer d\u00eda de la Primera Conferencia Internacional de la Jornada Escolar Completa (JEC) &#8211; que se desarroll\u00f3 en Lima con la participaci\u00f3n de expertos nacionales y extranjeros &#8211; Chile y M\u00e9xico compartieron sus experiencias educativas en el incremento de las horas de estudio de sus estudiantes, y ambos pa\u00edses coincidieron en la importancia de la alimentaci\u00f3n que debe brindar el Estado.<\/p>\n<p>Laura Aylwin Oyarz\u00fan, ex Ministra de Educaci\u00f3n de Chile, cont\u00f3 a los presentes el arduo esfuerzo que le llev\u00f3 veinte a\u00f1os a su pa\u00eds que el 90 % de los ni\u00f1os chilenos cuenten con la jornada escolar completa y hoy se ubiquen entre los pa\u00edses de La Organizaci\u00f3n para la Cooperaci\u00f3n y el Desarrollo Econ\u00f3mico (OECD) con mayor horas de estudio &#8211; 8 ,000, el promedio es de 7.751- solo superado por Irlanda y Australia.<\/p>\n<p>Mientras que Liliana Villafranca Fanyten, subdirectora t\u00e9cnica de la Secretar\u00eda de Educaci\u00f3n P\u00fablica de M\u00e9xico, describi\u00f3 que las l\u00edneas de acci\u00f3n determinantes para emplear la JEC fueron la nueva organizaci\u00f3n de la escuela que requiri\u00f3 contratar un subdirector que se encargue de los temas administrativos para permitir que el director cumpla exclusivamente el trabajo de liderar, monitorear y supervisar a los docentes.<\/p>\n<p>La mexicana tambi\u00e9n mencion\u00f3 que otro factor importante fue agregar m\u00e1s recursos para la infraestructura y equipamiento, fortalecer los consejos t\u00e9cnicos escolares, sumar participaci\u00f3n social efectiva y mejorar el uso del tiempo en la jornada escolar.<\/p>\n<p>Por otro lado los retos que tambi\u00e9n se ha trazado el portafolio para la JEC, consisten en<br \/>\nreforzar el involucramiento de las DRE y UGEL para la implementaci\u00f3n del modelo,<br \/>\ngenerar las mejores condiciones de infraestructura en las escuelas, encontrar la forma de acelerar el aprendizaje de los escolares.<\/p>\n<p>&#8220;Tenemos una gran brecha en los locales que si no lo manejamos en los pr\u00f3ximos a\u00f1os no se va a poder ampliar la jornada en el futuro, adem\u00e1s todav\u00eda hay un nivel acad\u00e9mico bajo respecto a lo que queremos como pa\u00eds, tenemos que perfeccionar el modelo para que la respuesta pedag\u00f3gica sea a\u00fan mejor&#8221;, enfatiz\u00f3 Faingold.<\/p>\n<p>En tanto el ministerio se\u00f1ala que otras acciones a potenciar del modelo son la brecha significativa de docentes de ingl\u00e9s con t\u00edtulo pedag\u00f3gico y la mayor capacitaci\u00f3n de docentes para el uso y aplicaci\u00f3n pedag\u00f3gica de las TIC.<\/p>\n<p><b>Buenos resultados<\/b><b><\/b><\/p>\n<p>Faingold destac\u00f3 que, tras la implementaci\u00f3n del JEC en el 2014, se han visto indicadores positivos, ya que los j\u00f3venes beneficiados con el modelo salieron con mejores calificaciones en comparaci\u00f3n con estudiantes de otras escuelas p\u00fablicas.<\/p>\n<p>&#8220;La JEC ha sido certificada como una buena pr\u00e1ctica de gesti\u00f3n p\u00fablica por el Concurso Ciudadanos al D\u00eda, y hemos visto que los indicadores de gesti\u00f3n y contrataciones han avanzado significativamente. El modelo se est\u00e1 posicionando en la secundaria y est\u00e1 trayendo mejoras en el servicio. Adem\u00e1s, los padres lo est\u00e1n percibiendo positivamente&#8221;, resalt\u00f3.<\/p>\n<p>De acuerdo con un estudio de la empresa IPSOS, el 85 % de estudiantes considera que han sido &#8220;muy buenos&#8221; o &#8220;buenos&#8221; los cambios que se han hecho en su escuela; mientras que 3 de cada 4 padres de familia est\u00e1 &#8220;muy contento&#8221; o &#8220;contento&#8221; con los cambios que ven tras la JEC.<\/p>\n<p>En este evento tambi\u00e9n se present\u00f3 uno de los beneficiarios del modelo, Jafet Montoya, un estudiante de segundo a\u00f1o de la I.E. FAP Manuel Polo Jim\u00e9nez, quien dijo que desde el a\u00f1o pasado obtuvo clases en los laboratorios de ingl\u00e9s y en los pabellones de f\u00edsica, matem\u00e1ticas y ciencias naturales, as\u00ed como cinco horas cada semana dedicadas a los libros de matem\u00e1tica y comunicaci\u00f3n.<\/p>\n<p><b>Compromiso adicional<\/b><\/p>\n<p>El ministro de Educaci\u00f3n, Jaime Saavedra, quien particip\u00f3 en el evento, manifest\u00f3 que la JEC es un proceso joven con menos de dos a\u00f1os de implementaci\u00f3n. Destac\u00f3 que no solo brinda m\u00e1s horas de ense\u00f1anza acad\u00e9mica, sino una formaci\u00f3n distinta y alineada con la reforma educativa.<\/p>\n<p>&#8220;Este nuevo modelo requiere y pide un compromiso adicional a distintos actores, no s\u00f3lo a los comprometidos en el ministerio, sino tambi\u00e9n a los gobiernos regionales y las Ugeles, para que los materiales lleguen a tiempo a los j\u00f3venes, para monitorear, supervisar y apoyar el trabajo de los directores de las escuelas&#8221;, expres\u00f3.<\/p>\n<p>El titular del sector subray\u00f3 que el trabajo de los directores de colegio es fundamental para el funcionamiento del modelo educativo, ya que se requiere su liderazgo pedag\u00f3gico sobre los docentes, quienes finalmente brindan los conocimientos directos a los escolares.<\/p>\n<p>En el seminario internacional, que se realiz\u00f3 el pasado jueves y hoy viernes en el hotel Sheraton, participan autoridades regionales y locales, especialistas de las Direcciones Regionales de Educaci\u00f3n, de UGEL, y expertos del rubro educaci\u00f3n, as\u00ed como docentes y directores de las escuelas p\u00fablicas.<\/p><\/div>\n<p>Fuete: <a href=\"http:\/\/www.educacionenred.pe\/noticia\/?portada=100075#ixzz4EUTtAVMJ\">educacionenred.pe <\/a><\/p>\n","protected":false},"excerpt":{"rendered":"<p>Tema es analizado en comisiones de transferencia del gobierno, indic\u00f3 funcionario: El Ministerio de Educaci\u00f3n (Minedu) est\u00e1 evaluando la posibilidad [&hellip;]<\/p>\n","protected":false},"author":63,"featured_media":12024,"comment_status":"open","ping_status":"open","sticky":false,"template":"","format":"standard","meta":{"spay_email":""},"categories":[125],"tags":[],"yoast_head":"<!-- This site is optimized with the Yoast SEO plugin v18.0 - https:\/\/yoast.com\/wordpress\/plugins\/seo\/ -->\n<title>MINEDU eval\u00faa dar alimentaci\u00f3n a estudiantes de Jornada Escolar Completa - Red Peruana de Gestores de la Educaci\u00f3n<\/title>\n<meta name=\"robots\" content=\"index, follow, max-snippet:-1, max-image-preview:large, max-video-preview:-1\" \/>\n<link rel=\"canonical\" href=\"https:\/\/www.edugestores.pe\/?p=12023\" \/>\n<meta property=\"og:locale\" content=\"es_ES\" \/>\n<meta property=\"og:type\" content=\"article\" \/>\n<meta property=\"og:title\" content=\"MINEDU eval\u00faa dar alimentaci\u00f3n a estudiantes de Jornada Escolar Completa - Red Peruana de Gestores de la Educaci\u00f3n\" \/>\n<meta property=\"og:description\" content=\"Tema es analizado en comisiones de transferencia del gobierno, indic\u00f3 funcionario: El Ministerio de Educaci\u00f3n (Minedu) est\u00e1 evaluando la posibilidad [&hellip;]\" \/>\n<meta property=\"og:url\" content=\"https:\/\/www.edugestores.pe\/?p=12023\" \/>\n<meta property=\"og:site_name\" content=\"Red Peruana de Gestores de la Educaci\u00f3n\" \/>\n<meta property=\"article:published_time\" content=\"2016-07-15T15:13:27+00:00\" \/>\n<meta property=\"article:modified_time\" content=\"2016-07-25T17:42:42+00:00\" \/>\n<meta property=\"og:image\" content=\"https:\/\/www.edugestores.pe\/wp-content\/uploads\/2016\/07\/100075-minedu-evalua-dar-alimentacion-escolares-jornada-escolar-completa-jec-minedu.jpg\" \/>\n\t<meta property=\"og:image:width\" content=\"750\" \/>\n\t<meta property=\"og:image:height\" content=\"562\" \/>\n\t<meta property=\"og:image:type\" content=\"image\/jpeg\" \/>\n<meta name=\"twitter:card\" content=\"summary_large_image\" \/>\n<meta name=\"twitter:label1\" content=\"Escrito por\" \/>\n\t<meta name=\"twitter:data1\" content=\"Administrador\" \/>\n\t<meta name=\"twitter:label2\" content=\"Tiempo de lectura\" \/>\n\t<meta name=\"twitter:data2\" content=\"5 minutos\" \/>\n<script type=\"application\/ld+json\" class=\"yoast-schema-graph\">{\"@context\":\"https:\/\/schema.org\",\"@graph\":[{\"@type\":\"WebSite\",\"@id\":\"https:\/\/www.edugestores.pe\/#website\",\"url\":\"https:\/\/www.edugestores.pe\/\",\"name\":\"Red Peruana de Gestores de la Educaci\u00f3n\",\"description\":\"Red Peruana de Gestores de la Educaci\u00f3n\",\"potentialAction\":[{\"@type\":\"SearchAction\",\"target\":{\"@type\":\"EntryPoint\",\"urlTemplate\":\"https:\/\/www.edugestores.pe\/?s={search_term_string}\"},\"query-input\":\"required name=search_term_string\"}],\"inLanguage\":\"es\"},{\"@type\":\"ImageObject\",\"@id\":\"https:\/\/www.edugestores.pe\/?p=12023#primaryimage\",\"inLanguage\":\"es\",\"url\":\"https:\/\/www.edugestores.pe\/wp-content\/uploads\/2016\/07\/100075-minedu-evalua-dar-alimentacion-escolares-jornada-escolar-completa-jec-minedu.jpg\",\"contentUrl\":\"https:\/\/www.edugestores.pe\/wp-content\/uploads\/2016\/07\/100075-minedu-evalua-dar-alimentacion-escolares-jornada-escolar-completa-jec-minedu.jpg\",\"width\":750,\"height\":562},{\"@type\":\"WebPage\",\"@id\":\"https:\/\/www.edugestores.pe\/?p=12023#webpage\",\"url\":\"https:\/\/www.edugestores.pe\/?p=12023\",\"name\":\"MINEDU eval\u00faa dar alimentaci\u00f3n a estudiantes de Jornada Escolar Completa - Red Peruana de Gestores de la Educaci\u00f3n\",\"isPartOf\":{\"@id\":\"https:\/\/www.edugestores.pe\/#website\"},\"primaryImageOfPage\":{\"@id\":\"https:\/\/www.edugestores.pe\/?p=12023#primaryimage\"},\"datePublished\":\"2016-07-15T15:13:27+00:00\",\"dateModified\":\"2016-07-25T17:42:42+00:00\",\"author\":{\"@id\":\"https:\/\/www.edugestores.pe\/#\/schema\/person\/30dc82f35f5853289037a64b35c7c7d3\"},\"breadcrumb\":{\"@id\":\"https:\/\/www.edugestores.pe\/?p=12023#breadcrumb\"},\"inLanguage\":\"es\",\"potentialAction\":[{\"@type\":\"ReadAction\",\"target\":[\"https:\/\/www.edugestores.pe\/?p=12023\"]}]},{\"@type\":\"BreadcrumbList\",\"@id\":\"https:\/\/www.edugestores.pe\/?p=12023#breadcrumb\",\"itemListElement\":[{\"@type\":\"ListItem\",\"position\":1,\"name\":\"Portada\",\"item\":\"https:\/\/www.edugestores.pe\/\"},{\"@type\":\"ListItem\",\"position\":2,\"name\":\"MINEDU eval\u00faa dar alimentaci\u00f3n a estudiantes de Jornada Escolar Completa\"}]},{\"@type\":\"Person\",\"@id\":\"https:\/\/www.edugestores.pe\/#\/schema\/person\/30dc82f35f5853289037a64b35c7c7d3\",\"name\":\"Administrador\",\"image\":{\"@type\":\"ImageObject\",\"@id\":\"https:\/\/www.edugestores.pe\/#personlogo\",\"inLanguage\":\"es\",\"url\":\"https:\/\/secure.gravatar.com\/avatar\/70960d1239c4d2c778bb3d2786a3c1ae?s=96&d=mm&r=g\",\"contentUrl\":\"https:\/\/secure.gravatar.com\/avatar\/70960d1239c4d2c778bb3d2786a3c1ae?s=96&d=mm&r=g\",\"caption\":\"Administrador\"},\"url\":\"https:\/\/www.edugestores.pe\/?author=63\"}]}<\/script>\n<!-- \/ Yoast SEO plugin. -->","yoast_head_json":{"title":"MINEDU eval\u00faa dar alimentaci\u00f3n a estudiantes de Jornada Escolar Completa - Red Peruana de Gestores de la Educaci\u00f3n","robots":{"index":"index","follow":"follow","max-snippet":"max-snippet:-1","max-image-preview":"max-image-preview:large","max-video-preview":"max-video-preview:-1"},"canonical":"https:\/\/www.edugestores.pe\/?p=12023","og_locale":"es_ES","og_type":"article","og_title":"MINEDU eval\u00faa dar alimentaci\u00f3n a estudiantes de Jornada Escolar Completa - Red Peruana de Gestores de la Educaci\u00f3n","og_description":"Tema es analizado en comisiones de transferencia del gobierno, indic\u00f3 funcionario: El Ministerio de Educaci\u00f3n (Minedu) est\u00e1 evaluando la posibilidad [&hellip;]","og_url":"https:\/\/www.edugestores.pe\/?p=12023","og_site_name":"Red Peruana de Gestores de la Educaci\u00f3n","article_published_time":"2016-07-15T15:13:27+00:00","article_modified_time":"2016-07-25T17:42:42+00:00","og_image":[{"width":750,"height":562,"url":"https:\/\/www.edugestores.pe\/wp-content\/uploads\/2016\/07\/100075-minedu-evalua-dar-alimentacion-escolares-jornada-escolar-completa-jec-minedu.jpg","type":"image\/jpeg"}],"twitter_card":"summary_large_image","twitter_misc":{"Escrito por":"Administrador","Tiempo de lectura":"5 minutos"},"schema":{"@context":"https:\/\/schema.org","@graph":[{"@type":"WebSite","@id":"https:\/\/www.edugestores.pe\/#website","url":"https:\/\/www.edugestores.pe\/","name":"Red Peruana de Gestores de la Educaci\u00f3n","description":"Red Peruana de Gestores de la Educaci\u00f3n","potentialAction":[{"@type":"SearchAction","target":{"@type":"EntryPoint","urlTemplate":"https:\/\/www.edugestores.pe\/?s={search_term_string}"},"query-input":"required name=search_term_string"}],"inLanguage":"es"},{"@type":"ImageObject","@id":"https:\/\/www.edugestores.pe\/?p=12023#primaryimage","inLanguage":"es","url":"https:\/\/www.edugestores.pe\/wp-content\/uploads\/2016\/07\/100075-minedu-evalua-dar-alimentacion-escolares-jornada-escolar-completa-jec-minedu.jpg","contentUrl":"https:\/\/www.edugestores.pe\/wp-content\/uploads\/2016\/07\/100075-minedu-evalua-dar-alimentacion-escolares-jornada-escolar-completa-jec-minedu.jpg","width":750,"height":562},{"@type":"WebPage","@id":"https:\/\/www.edugestores.pe\/?p=12023#webpage","url":"https:\/\/www.edugestores.pe\/?p=12023","name":"MINEDU eval\u00faa dar alimentaci\u00f3n a estudiantes de Jornada Escolar Completa - Red Peruana de Gestores de la Educaci\u00f3n","isPartOf":{"@id":"https:\/\/www.edugestores.pe\/#website"},"primaryImageOfPage":{"@id":"https:\/\/www.edugestores.pe\/?p=12023#primaryimage"},"datePublished":"2016-07-15T15:13:27+00:00","dateModified":"2016-07-25T17:42:42+00:00","author":{"@id":"https:\/\/www.edugestores.pe\/#\/schema\/person\/30dc82f35f5853289037a64b35c7c7d3"},"breadcrumb":{"@id":"https:\/\/www.edugestores.pe\/?p=12023#breadcrumb"},"inLanguage":"es","potentialAction":[{"@type":"ReadAction","target":["https:\/\/www.edugestores.pe\/?p=12023"]}]},{"@type":"BreadcrumbList","@id":"https:\/\/www.edugestores.pe\/?p=12023#breadcrumb","itemListElement":[{"@type":"ListItem","position":1,"name":"Portada","item":"https:\/\/www.edugestores.pe\/"},{"@type":"ListItem","position":2,"name":"MINEDU eval\u00faa dar alimentaci\u00f3n a estudiantes de Jornada Escolar Completa"}]},{"@type":"Person","@id":"https:\/\/www.edugestores.pe\/#\/schema\/person\/30dc82f35f5853289037a64b35c7c7d3","name":"Administrador","image":{"@type":"ImageObject","@id":"https:\/\/www.edugestores.pe\/#personlogo","inLanguage":"es","url":"https:\/\/secure.gravatar.com\/avatar\/70960d1239c4d2c778bb3d2786a3c1ae?s=96&d=mm&r=g","contentUrl":"https:\/\/secure.gravatar.com\/avatar\/70960d1239c4d2c778bb3d2786a3c1ae?s=96&d=mm&r=g","caption":"Administrador"},"url":"https:\/\/www.edugestores.pe\/?author=63"}]}},"jetpack_featured_media_url":"https:\/\/www.edugestores.pe\/wp-content\/uploads\/2016\/07\/100075-minedu-evalua-dar-alimentacion-escolares-jornada-escolar-completa-jec-minedu.jpg","_links":{"self":[{"href":"https:\/\/www.edugestores.pe\/index.php?rest_route=\/wp\/v2\/posts\/12023"}],"collection":[{"href":"https:\/\/www.edugestores.pe\/index.php?rest_route=\/wp\/v2\/posts"}],"about":[{"href":"https:\/\/www.edugestores.pe\/index.php?rest_route=\/wp\/v2\/types\/post"}],"author":[{"embeddable":true,"href":"https:\/\/www.edugestores.pe\/index.php?rest_route=\/wp\/v2\/users\/63"}],"replies":[{"embeddable":true,"href":"https:\/\/www.edugestores.pe\/index.php?rest_route=%2Fwp%2Fv2%2Fcomments&post=12023"}],"version-history":[{"count":1,"href":"https:\/\/www.edugestores.pe\/index.php?rest_route=\/wp\/v2\/posts\/12023\/revisions"}],"predecessor-version":[{"id":12025,"href":"https:\/\/www.edugestores.pe\/index.php?rest_route=\/wp\/v2\/posts\/12023\/revisions\/12025"}],"wp:featuredmedia":[{"embeddable":true,"href":"https:\/\/www.edugestores.pe\/index.php?rest_route=\/wp\/v2\/media\/12024"}],"wp:attachment":[{"href":"https:\/\/www.edugestores.pe\/index.php?rest_route=%2Fwp%2Fv2%2Fmedia&parent=12023"}],"wp:term":[{"taxonomy":"category","embeddable":true,"href":"https:\/\/www.edugestores.pe\/index.php?rest_route=%2Fwp%2Fv2%2Fcategories&post=12023"},{"taxonomy":"post_tag","embeddable":true,"href":"https:\/\/www.edugestores.pe\/index.php?rest_route=%2Fwp%2Fv2%2Ftags&post=12023"}],"curies":[{"name":"wp","href":"https:\/\/api.w.org\/{rel}","templated":true}]}}