{"id":12032,"date":"2016-07-18T11:08:05","date_gmt":"2016-07-18T16:08:05","guid":{"rendered":"https:\/\/www.edugestores.pe\/?p=12032"},"modified":"2016-07-25T12:42:55","modified_gmt":"2016-07-25T17:42:55","slug":"consultoria-analisis-de-la-aplicacion-del-enfoque-ambiental-en-el-curriculo-nacional-de-la-educacion-basica-2016-y-en-las-rutas-de-aprendizaje-2015","status":"publish","type":"post","link":"https:\/\/www.edugestores.pe\/?p=12032","title":{"rendered":"CONSULTOR\u00cdA: an\u00e1lisis de la aplicaci\u00f3n del enfoque ambiental en el curr\u00edculo nacional de la educaci\u00f3n b\u00e1sica (2016) y en las rutas de aprendizaje (2015)"},"content":{"rendered":"<p>El Proyecto FORGE solicita los servicios de un(a) profesional o un equipo de profesionales para analizar de qu\u00e9 manera tanto en el Curr\u00edculo Nacional 2016, los instrumentos de apoyo a su implementaci\u00f3n y las pr\u00e1cticas que se llevan a cabo en las escuelas, responden a la Pol\u00edtica Nacional de Educaci\u00f3n Ambiental. Los profesionales interesados deben enviar su CV (sin documentar) y una propuesta t\u00e9cnica individual (Anexo 01) o una propuesta t\u00e9cnica de equipo (Anexo 02) al correo electr\u00f3nico dmadueno@grade.org.pe, hasta el lunes 25 de julio de 2016 a las 10:00 am.<\/p>\n<p><a class=\"download\" href=\"http:\/\/www.grade.org.pe\/forge\/descargas\/TDR%20Medio%20Ambiente%20vf.pdf\" target=\"_blank\"> <strong>T\u00e9rminos de referencia<\/strong><\/a><\/p>\n","protected":false},"excerpt":{"rendered":"<p>El Proyecto FORGE solicita los servicios de un(a) profesional o un equipo de profesionales para analizar de qu\u00e9 manera tanto [&hellip;]<\/p>\n","protected":false},"author":63,"featured_media":10961,"comment_status":"open","ping_status":"open","sticky":false,"template":"","format":"standard","meta":{"spay_email":""},"categories":[125],"tags":[],"yoast_head":"<!-- This site is optimized with the Yoast SEO plugin v18.0 - https:\/\/yoast.com\/wordpress\/plugins\/seo\/ -->\n<title>CONSULTOR\u00cdA: an\u00e1lisis de la aplicaci\u00f3n del enfoque ambiental en el curr\u00edculo nacional de la educaci\u00f3n b\u00e1sica (2016) y en las rutas de aprendizaje (2015) - Red Peruana de Gestores de la Educaci\u00f3n<\/title>\n<meta name=\"robots\" content=\"index, follow, max-snippet:-1, max-image-preview:large, max-video-preview:-1\" \/>\n<link rel=\"canonical\" href=\"https:\/\/www.edugestores.pe\/?p=12032\" \/>\n<meta property=\"og:locale\" content=\"es_ES\" \/>\n<meta property=\"og:type\" content=\"article\" \/>\n<meta property=\"og:title\" content=\"CONSULTOR\u00cdA: an\u00e1lisis de la aplicaci\u00f3n del enfoque ambiental en el curr\u00edculo nacional de la educaci\u00f3n b\u00e1sica (2016) y en las rutas de aprendizaje (2015) - Red Peruana de Gestores de la Educaci\u00f3n\" \/>\n<meta property=\"og:description\" content=\"El Proyecto FORGE solicita los servicios de un(a) profesional o un equipo de profesionales para analizar de qu\u00e9 manera tanto [&hellip;]\" \/>\n<meta property=\"og:url\" content=\"https:\/\/www.edugestores.pe\/?p=12032\" \/>\n<meta property=\"og:site_name\" content=\"Red Peruana de Gestores de la Educaci\u00f3n\" \/>\n<meta property=\"article:published_time\" content=\"2016-07-18T16:08:05+00:00\" \/>\n<meta property=\"article:modified_time\" content=\"2016-07-25T17:42:55+00:00\" \/>\n<meta property=\"og:image\" content=\"https:\/\/www.edugestores.pe\/wp-content\/uploads\/2016\/04\/foto-ref.jpg\" \/>\n\t<meta property=\"og:image:width\" content=\"589\" \/>\n\t<meta property=\"og:image:height\" content=\"393\" \/>\n\t<meta property=\"og:image:type\" content=\"image\/jpeg\" \/>\n<meta name=\"twitter:card\" content=\"summary_large_image\" \/>\n<meta name=\"twitter:label1\" content=\"Escrito por\" \/>\n\t<meta name=\"twitter:data1\" content=\"Administrador\" \/>\n\t<meta name=\"twitter:label2\" content=\"Tiempo de lectura\" \/>\n\t<meta name=\"twitter:data2\" content=\"1 minuto\" \/>\n<script type=\"application\/ld+json\" class=\"yoast-schema-graph\">{\"@context\":\"https:\/\/schema.org\",\"@graph\":[{\"@type\":\"WebSite\",\"@id\":\"https:\/\/www.edugestores.pe\/#website\",\"url\":\"https:\/\/www.edugestores.pe\/\",\"name\":\"Red Peruana de Gestores de la Educaci\u00f3n\",\"description\":\"Red Peruana de Gestores de la Educaci\u00f3n\",\"potentialAction\":[{\"@type\":\"SearchAction\",\"target\":{\"@type\":\"EntryPoint\",\"urlTemplate\":\"https:\/\/www.edugestores.pe\/?s={search_term_string}\"},\"query-input\":\"required name=search_term_string\"}],\"inLanguage\":\"es\"},{\"@type\":\"ImageObject\",\"@id\":\"https:\/\/www.edugestores.pe\/?p=12032#primaryimage\",\"inLanguage\":\"es\",\"url\":\"https:\/\/www.edugestores.pe\/wp-content\/uploads\/2016\/04\/foto-ref.jpg\",\"contentUrl\":\"https:\/\/www.edugestores.pe\/wp-content\/uploads\/2016\/04\/foto-ref.jpg\",\"width\":589,\"height\":393},{\"@type\":\"WebPage\",\"@id\":\"https:\/\/www.edugestores.pe\/?p=12032#webpage\",\"url\":\"https:\/\/www.edugestores.pe\/?p=12032\",\"name\":\"CONSULTOR\u00cdA: an\u00e1lisis de la aplicaci\u00f3n del enfoque ambiental en el curr\u00edculo nacional de la educaci\u00f3n b\u00e1sica (2016) y en las rutas de aprendizaje (2015) - Red Peruana de Gestores de la Educaci\u00f3n\",\"isPartOf\":{\"@id\":\"https:\/\/www.edugestores.pe\/#website\"},\"primaryImageOfPage\":{\"@id\":\"https:\/\/www.edugestores.pe\/?p=12032#primaryimage\"},\"datePublished\":\"2016-07-18T16:08:05+00:00\",\"dateModified\":\"2016-07-25T17:42:55+00:00\",\"author\":{\"@id\":\"https:\/\/www.edugestores.pe\/#\/schema\/person\/30dc82f35f5853289037a64b35c7c7d3\"},\"breadcrumb\":{\"@id\":\"https:\/\/www.edugestores.pe\/?p=12032#breadcrumb\"},\"inLanguage\":\"es\",\"potentialAction\":[{\"@type\":\"ReadAction\",\"target\":[\"https:\/\/www.edugestores.pe\/?p=12032\"]}]},{\"@type\":\"BreadcrumbList\",\"@id\":\"https:\/\/www.edugestores.pe\/?p=12032#breadcrumb\",\"itemListElement\":[{\"@type\":\"ListItem\",\"position\":1,\"name\":\"Portada\",\"item\":\"https:\/\/www.edugestores.pe\/\"},{\"@type\":\"ListItem\",\"position\":2,\"name\":\"CONSULTOR\u00cdA: an\u00e1lisis de la aplicaci\u00f3n del enfoque ambiental en el curr\u00edculo nacional de la educaci\u00f3n b\u00e1sica (2016) y en las rutas de aprendizaje (2015)\"}]},{\"@type\":\"Person\",\"@id\":\"https:\/\/www.edugestores.pe\/#\/schema\/person\/30dc82f35f5853289037a64b35c7c7d3\",\"name\":\"Administrador\",\"image\":{\"@type\":\"ImageObject\",\"@id\":\"https:\/\/www.edugestores.pe\/#personlogo\",\"inLanguage\":\"es\",\"url\":\"https:\/\/secure.gravatar.com\/avatar\/70960d1239c4d2c778bb3d2786a3c1ae?s=96&d=mm&r=g\",\"contentUrl\":\"https:\/\/secure.gravatar.com\/avatar\/70960d1239c4d2c778bb3d2786a3c1ae?s=96&d=mm&r=g\",\"caption\":\"Administrador\"},\"url\":\"https:\/\/www.edugestores.pe\/?author=63\"}]}<\/script>\n<!-- \/ Yoast SEO plugin. -->","yoast_head_json":{"title":"CONSULTOR\u00cdA: an\u00e1lisis de la aplicaci\u00f3n del enfoque ambiental en el curr\u00edculo nacional de la educaci\u00f3n b\u00e1sica (2016) y en las rutas de aprendizaje (2015) - Red Peruana de Gestores de la Educaci\u00f3n","robots":{"index":"index","follow":"follow","max-snippet":"max-snippet:-1","max-image-preview":"max-image-preview:large","max-video-preview":"max-video-preview:-1"},"canonical":"https:\/\/www.edugestores.pe\/?p=12032","og_locale":"es_ES","og_type":"article","og_title":"CONSULTOR\u00cdA: an\u00e1lisis de la aplicaci\u00f3n del enfoque ambiental en el curr\u00edculo nacional de la educaci\u00f3n b\u00e1sica (2016) y en las rutas de aprendizaje (2015) - Red Peruana de Gestores de la Educaci\u00f3n","og_description":"El Proyecto FORGE solicita los servicios de un(a) profesional o un equipo de profesionales para analizar de qu\u00e9 manera tanto [&hellip;]","og_url":"https:\/\/www.edugestores.pe\/?p=12032","og_site_name":"Red Peruana de Gestores de la Educaci\u00f3n","article_published_time":"2016-07-18T16:08:05+00:00","article_modified_time":"2016-07-25T17:42:55+00:00","og_image":[{"width":589,"height":393,"url":"https:\/\/www.edugestores.pe\/wp-content\/uploads\/2016\/04\/foto-ref.jpg","type":"image\/jpeg"}],"twitter_card":"summary_large_image","twitter_misc":{"Escrito por":"Administrador","Tiempo de lectura":"1 minuto"},"schema":{"@context":"https:\/\/schema.org","@graph":[{"@type":"WebSite","@id":"https:\/\/www.edugestores.pe\/#website","url":"https:\/\/www.edugestores.pe\/","name":"Red Peruana de Gestores de la Educaci\u00f3n","description":"Red Peruana de Gestores de la Educaci\u00f3n","potentialAction":[{"@type":"SearchAction","target":{"@type":"EntryPoint","urlTemplate":"https:\/\/www.edugestores.pe\/?s={search_term_string}"},"query-input":"required name=search_term_string"}],"inLanguage":"es"},{"@type":"ImageObject","@id":"https:\/\/www.edugestores.pe\/?p=12032#primaryimage","inLanguage":"es","url":"https:\/\/www.edugestores.pe\/wp-content\/uploads\/2016\/04\/foto-ref.jpg","contentUrl":"https:\/\/www.edugestores.pe\/wp-content\/uploads\/2016\/04\/foto-ref.jpg","width":589,"height":393},{"@type":"WebPage","@id":"https:\/\/www.edugestores.pe\/?p=12032#webpage","url":"https:\/\/www.edugestores.pe\/?p=12032","name":"CONSULTOR\u00cdA: an\u00e1lisis de la aplicaci\u00f3n del enfoque ambiental en el curr\u00edculo nacional de la educaci\u00f3n b\u00e1sica (2016) y en las rutas de aprendizaje (2015) - Red Peruana de Gestores de la Educaci\u00f3n","isPartOf":{"@id":"https:\/\/www.edugestores.pe\/#website"},"primaryImageOfPage":{"@id":"https:\/\/www.edugestores.pe\/?p=12032#primaryimage"},"datePublished":"2016-07-18T16:08:05+00:00","dateModified":"2016-07-25T17:42:55+00:00","author":{"@id":"https:\/\/www.edugestores.pe\/#\/schema\/person\/30dc82f35f5853289037a64b35c7c7d3"},"breadcrumb":{"@id":"https:\/\/www.edugestores.pe\/?p=12032#breadcrumb"},"inLanguage":"es","potentialAction":[{"@type":"ReadAction","target":["https:\/\/www.edugestores.pe\/?p=12032"]}]},{"@type":"BreadcrumbList","@id":"https:\/\/www.edugestores.pe\/?p=12032#breadcrumb","itemListElement":[{"@type":"ListItem","position":1,"name":"Portada","item":"https:\/\/www.edugestores.pe\/"},{"@type":"ListItem","position":2,"name":"CONSULTOR\u00cdA: an\u00e1lisis de la aplicaci\u00f3n del enfoque ambiental en el curr\u00edculo nacional de la educaci\u00f3n b\u00e1sica (2016) y en las rutas de aprendizaje (2015)"}]},{"@type":"Person","@id":"https:\/\/www.edugestores.pe\/#\/schema\/person\/30dc82f35f5853289037a64b35c7c7d3","name":"Administrador","image":{"@type":"ImageObject","@id":"https:\/\/www.edugestores.pe\/#personlogo","inLanguage":"es","url":"https:\/\/secure.gravatar.com\/avatar\/70960d1239c4d2c778bb3d2786a3c1ae?s=96&d=mm&r=g","contentUrl":"https:\/\/secure.gravatar.com\/avatar\/70960d1239c4d2c778bb3d2786a3c1ae?s=96&d=mm&r=g","caption":"Administrador"},"url":"https:\/\/www.edugestores.pe\/?author=63"}]}},"jetpack_featured_media_url":"https:\/\/www.edugestores.pe\/wp-content\/uploads\/2016\/04\/foto-ref.jpg","_links":{"self":[{"href":"https:\/\/www.edugestores.pe\/index.php?rest_route=\/wp\/v2\/posts\/12032"}],"collection":[{"href":"https:\/\/www.edugestores.pe\/index.php?rest_route=\/wp\/v2\/posts"}],"about":[{"href":"https:\/\/www.edugestores.pe\/index.php?rest_route=\/wp\/v2\/types\/post"}],"author":[{"embeddable":true,"href":"https:\/\/www.edugestores.pe\/index.php?rest_route=\/wp\/v2\/users\/63"}],"replies":[{"embeddable":true,"href":"https:\/\/www.edugestores.pe\/index.php?rest_route=%2Fwp%2Fv2%2Fcomments&post=12032"}],"version-history":[{"count":1,"href":"https:\/\/www.edugestores.pe\/index.php?rest_route=\/wp\/v2\/posts\/12032\/revisions"}],"predecessor-version":[{"id":12033,"href":"https:\/\/www.edugestores.pe\/index.php?rest_route=\/wp\/v2\/posts\/12032\/revisions\/12033"}],"wp:featuredmedia":[{"embeddable":true,"href":"https:\/\/www.edugestores.pe\/index.php?rest_route=\/wp\/v2\/media\/10961"}],"wp:attachment":[{"href":"https:\/\/www.edugestores.pe\/index.php?rest_route=%2Fwp%2Fv2%2Fmedia&parent=12032"}],"wp:term":[{"taxonomy":"category","embeddable":true,"href":"https:\/\/www.edugestores.pe\/index.php?rest_route=%2Fwp%2Fv2%2Fcategories&post=12032"},{"taxonomy":"post_tag","embeddable":true,"href":"https:\/\/www.edugestores.pe\/index.php?rest_route=%2Fwp%2Fv2%2Ftags&post=12032"}],"curies":[{"name":"wp","href":"https:\/\/api.w.org\/{rel}","templated":true}]}}