{"id":12084,"date":"2016-07-25T12:35:16","date_gmt":"2016-07-25T17:35:16","guid":{"rendered":"https:\/\/www.edugestores.pe\/?p=12084"},"modified":"2016-08-02T08:55:12","modified_gmt":"2016-08-02T13:55:12","slug":"patricia-salas-me-preocupa-que-se-haya-descuidado-la-equidad","status":"publish","type":"post","link":"https:\/\/www.edugestores.pe\/?p=12084","title":{"rendered":"Patricia Salas: \u201cMe preocupa que se haya descuidado la equidad\u201d"},"content":{"rendered":"<p>Fuente: <a href=\"http:\/\/diariocorreo.pe\/edicion\/arequipa\/educacion-me-preocupa-que-se-haya-descuidado-la-equidad-685561\/?utm_campaign=shareaholic&amp;utm_medium=facebook&amp;utm_source=socialnetwork\">Diario Correo<\/a><\/p>\n<p><em>La exministra de Educaci\u00f3n Patricia Salas, indic\u00f3 que el sector de Educaci\u00f3n tuvo grandes logros en cuanto al aprendizaje, reforma magisterial y gesti\u00f3n.<br \/>\n<\/em><br \/>\nLa exministra de Educaci\u00f3n y docente principal de la Universidad Nacional de San Agust\u00edn, (UNSA) Patricia Salas, se\u00f1al\u00f3 que al t\u00e9rmino del Gobierno se han obtenido logros en el sector.<\/p>\n<p><strong>\u00bfC\u00f3mo ha ido avanzando el sector Educaci\u00f3n en estos cinco a\u00f1os?<\/strong><\/p>\n<p>El Gobierno ingres\u00f3 con un mensaje fuerte de inclusi\u00f3n social y en Educaci\u00f3n eso signific\u00f3 un trabajo por la equidad, por mejorar la educaci\u00f3n de las poblaciones que tienen una lengua diferente al castellano&#8230;hab\u00eda que mejorar los aprendizajes y eso ha subido de manera significativa. En las pruebas de Unesco el Per\u00fa ha pasado la l\u00ednea del promedio, eso respecto a lo que es aprendizaje. Tambi\u00e9n se hizo una mejora en el magisterio a trav\u00e9s de la Reforma Magisterial, fue un despliegue en capacitaci\u00f3n, becas para los maestros y para los hijos de los maestros. El tercer gran pilar ha sido mejorar la gesti\u00f3n educativa, se ha hecho la capacitaci\u00f3n para directores y ahora est\u00e1 el concurso para directores de UGEL. Tenemos un nuevo curr\u00edculo aprobado que promete una siguiente etapa de reforma, se ha aprobado la pol\u00edtica de Educaci\u00f3n Intercultural Biling\u00fce&#8230;<\/p>\n<p><strong>\u00bfSe han cumplido las metas trazadas en un inicio? Yo creo que las grandes metas que nos planteamos est\u00e1n sino cumplidas ,cerca, ahora se ven a maestros con motivaci\u00f3n por ense\u00f1ar&#8230;\u00bfParte de esa motivaci\u00f3n es el incremento del salario remunerativo?<\/strong><\/p>\n<p>En el 2013 con la Ley de la Reforma hubo un aumento, fue diferenciado, es cierto, pero signific\u00f3 una mejora inmediata.. 50 mil maestros, la cuarta parte del magisterio , tuvieron un incremento remunerativo. Despu\u00e9s hubo un concurso de nombramiento, concurso para cambio de escalas y adem\u00e1s todos los grupos que han ido concursando han tenido mejoras. Hubo mejoras para los profesores contratados, los directores nuevos han ingresado con remuneraciones nuevas&#8230;.<\/p>\n<p><strong>Respecto al ministro Jaime Saavedra, \u00bfConsidera positiva su gesti\u00f3n?<\/strong><\/p>\n<p>Yo valoro de la gesti\u00f3n el que haya seguido implementando la Ley de Reforma Magisterial, ha hecho concursos, est\u00e1 trabajando todo los sistemas de evaluaci\u00f3n docente. Un segundo elemento es la aprobaci\u00f3n del curriculum escolar, la otra cosa es la aprobaci\u00f3n pol\u00edtica de la Educaci\u00f3n Intercultural Biling\u00fce. Me preocupa de la gesti\u00f3n que se ha descuidado un poquito el tema de equidad, los colegios rurales no han crecido tan r\u00e1pido y los colegios de alto rendimiento, me parecen que, no favorecen a la equidad, son demasiado dinero en muy pocos estudiantes, con ese dinero podr\u00edamos hacer, en mi opini\u00f3n cosas mejores para m\u00e1s estudiantes. Ahora la tarea es aplicar el nuevo curriculum&#8230;<\/p>\n<p><strong>\u00bfQu\u00e9 le parece que haya sido voceado para este pr\u00f3ximo gobierno?<\/strong> No voy a opinar sobre eso.<\/p>\n<p><strong>\u00bfEntonces, la meta del nuevo curr\u00edculum a donde apunta?<\/strong><\/p>\n<p>Apunta a una formaci\u00f3n integral del estudiantes que les permita desarrollarse como personas a que sean buenos ciudadanos, personas sanas&#8230;<\/p>\n<p><strong>\u00bfQu\u00e9 debe impulsar el pr\u00f3ximo Gobierno?<\/strong><\/p>\n<p>Aplicar el nuevo curr\u00edculo, implementaci\u00f3n de las pol\u00edticas de interculturalidad, hay que seguir que trabajando con el magisterio en su motivaci\u00f3n.<\/p>\n<p><strong>Perfil.<\/strong> Patricia Salas exministra de educaci\u00f3n, Especialista en Sociolog\u00eda en temas de Educaci\u00f3n. Fue ministra de Educaci\u00f3n entre el 28 de julio de 2011 al 31 de octubre.<br \/>\ntagsArequipaEducaci\u00f3n<br \/>\nLo que debes saber si eres intolerante a la lactosa<br \/>\nEl grado de intolerancia no es el mismo en todas las personas, algunas pueden tolerar peque\u00f1as cantidades de lactosa, en cambio otras son muy sensibles y basta una peque\u00f1a cantidad para que los s\u00edntomas aparezcan.<br \/>\nLEER M\u00c1S<br \/>\nLO M\u00c1S LE\u00cdDO<br \/>\n1<br \/>\nNadine casi sufre ca\u00edda por travesura de su hijo durante cambio de guardia<br \/>\n2<br \/>\nTelefon\u00eda: Virgin Mobile entr\u00f3 a competir como el quinto operador en Per\u00fa<br \/>\n3<br \/>\nChina: Tigre mata a mujer que sali\u00f3 de auto tras discutir con su amiga (VIDEO)<br \/>\n4<br \/>\nOllanta Humala: As\u00ed el presidente encabez\u00f3 su \u00faltimo cambio de guardia (VIDEO)<br \/>\n5<br \/>\nOswaldo Zapata: &#8220;PPK tiene que deshumanizar el Ej\u00e9rcito peruano&#8221;<br \/>\n6<br \/>\nYouTube: \u00bfBella integrante de &#8216;Coraz\u00f3n Serrano&#8217; dej\u00f3 ver m\u00e1s de la cuenta? (VIDEO)<br \/>\n7<br \/>\nEl Valor de la Verdad: Carlos Zambrano contest\u00f3 al &#8216;Zorro&#8217; Zupe<br \/>\n8<br \/>\nChile. Cientos de miles marchan exigiendo el fin de las AFP<br \/>\n9<br \/>\nHu\u00e1nuco: liberan a hijo de alcalde tras 6 d\u00edas de cautiverio<br \/>\n10<br \/>\nEl Valor de la Verdad: El zorro &#8216;Zupe&#8217; repite el plato y se lleva S\/ 50.000<br \/>\nNoticias Relacionadas<br \/>\n\u200bArequipa: el busto de Sor Ana est\u00e1 instalado en el museo de Santa Catalina (FOTOS) Hace 21 minutos<br \/>\n\u200bArequipa: el busto de Sor Ana est\u00e1 instalado en el museo de Santa Catalina (FOTOS)<br \/>\nDeporte: FBC Melgar presenta a nuevo jugador Hace 1 hora<br \/>\nDeporte: FBC Melgar presenta a nuevo jugador<br \/>\nTransporte: regidores de Arequipa se unen contra Ordenanza que favorece a empresarios Hace 2 horas<br \/>\nTransporte: regidores de Arequipa se unen contra Ordenanza que favorece a empresarios<br \/>\nAlfredo Zegarra: \u00bfQu\u00e9 estamos haciendo por el pa\u00eds? Hace 2 horas<br \/>\nAlfredo Zegarra: \u00bfQu\u00e9 estamos haciendo por el pa\u00eds?<br \/>\nEsperan que PPK impulse proceso de descentralizaci\u00f3n Hace 3 horas<br \/>\nEsperan que PPK impulse proceso de descentralizaci\u00f3n<br \/>\n200 familias se quedan sin agua en Paucarpata Hace 3 horas<br \/>\n200 familias se quedan sin agua en Paucarpata<\/p>\n","protected":false},"excerpt":{"rendered":"<p>Fuente: Diario Correo La exministra de Educaci\u00f3n Patricia Salas, indic\u00f3 que el sector de Educaci\u00f3n tuvo grandes logros en cuanto [&hellip;]<\/p>\n","protected":false},"author":63,"featured_media":12085,"comment_status":"open","ping_status":"open","sticky":false,"template":"","format":"standard","meta":{"spay_email":""},"categories":[125],"tags":[],"yoast_head":"<!-- This site is optimized with the Yoast SEO plugin v18.0 - https:\/\/yoast.com\/wordpress\/plugins\/seo\/ -->\n<title>Patricia Salas: \u201cMe preocupa que se haya descuidado la equidad\u201d - Red Peruana de Gestores de la Educaci\u00f3n<\/title>\n<meta name=\"robots\" content=\"index, follow, max-snippet:-1, max-image-preview:large, max-video-preview:-1\" \/>\n<link rel=\"canonical\" href=\"https:\/\/www.edugestores.pe\/?p=12084\" \/>\n<meta property=\"og:locale\" content=\"es_ES\" \/>\n<meta property=\"og:type\" content=\"article\" \/>\n<meta property=\"og:title\" content=\"Patricia Salas: \u201cMe preocupa que se haya descuidado la equidad\u201d - Red Peruana de Gestores de la Educaci\u00f3n\" \/>\n<meta property=\"og:description\" content=\"Fuente: Diario Correo La exministra de Educaci\u00f3n Patricia Salas, indic\u00f3 que el sector de Educaci\u00f3n tuvo grandes logros en cuanto [&hellip;]\" \/>\n<meta property=\"og:url\" content=\"https:\/\/www.edugestores.pe\/?p=12084\" \/>\n<meta property=\"og:site_name\" content=\"Red Peruana de Gestores de la Educaci\u00f3n\" \/>\n<meta property=\"article:published_time\" content=\"2016-07-25T17:35:16+00:00\" \/>\n<meta property=\"article:modified_time\" content=\"2016-08-02T13:55:12+00:00\" \/>\n<meta property=\"og:image\" content=\"https:\/\/www.edugestores.pe\/wp-content\/uploads\/2016\/07\/educacion-me-preocupa-que-se-h-jpg_604x0.jpg\" \/>\n\t<meta property=\"og:image:width\" content=\"604\" \/>\n\t<meta property=\"og:image:height\" content=\"490\" \/>\n\t<meta property=\"og:image:type\" content=\"image\/jpeg\" \/>\n<meta name=\"twitter:card\" content=\"summary_large_image\" \/>\n<meta name=\"twitter:label1\" content=\"Escrito por\" \/>\n\t<meta name=\"twitter:data1\" content=\"Administrador\" \/>\n\t<meta name=\"twitter:label2\" content=\"Tiempo de lectura\" \/>\n\t<meta name=\"twitter:data2\" content=\"5 minutos\" \/>\n<script type=\"application\/ld+json\" class=\"yoast-schema-graph\">{\"@context\":\"https:\/\/schema.org\",\"@graph\":[{\"@type\":\"WebSite\",\"@id\":\"https:\/\/www.edugestores.pe\/#website\",\"url\":\"https:\/\/www.edugestores.pe\/\",\"name\":\"Red Peruana de Gestores de la Educaci\u00f3n\",\"description\":\"Red Peruana de Gestores de la Educaci\u00f3n\",\"potentialAction\":[{\"@type\":\"SearchAction\",\"target\":{\"@type\":\"EntryPoint\",\"urlTemplate\":\"https:\/\/www.edugestores.pe\/?s={search_term_string}\"},\"query-input\":\"required name=search_term_string\"}],\"inLanguage\":\"es\"},{\"@type\":\"ImageObject\",\"@id\":\"https:\/\/www.edugestores.pe\/?p=12084#primaryimage\",\"inLanguage\":\"es\",\"url\":\"https:\/\/www.edugestores.pe\/wp-content\/uploads\/2016\/07\/educacion-me-preocupa-que-se-h-jpg_604x0.jpg\",\"contentUrl\":\"https:\/\/www.edugestores.pe\/wp-content\/uploads\/2016\/07\/educacion-me-preocupa-que-se-h-jpg_604x0.jpg\",\"width\":604,\"height\":490},{\"@type\":\"WebPage\",\"@id\":\"https:\/\/www.edugestores.pe\/?p=12084#webpage\",\"url\":\"https:\/\/www.edugestores.pe\/?p=12084\",\"name\":\"Patricia Salas: \u201cMe preocupa que se haya descuidado la equidad\u201d - Red Peruana de Gestores de la Educaci\u00f3n\",\"isPartOf\":{\"@id\":\"https:\/\/www.edugestores.pe\/#website\"},\"primaryImageOfPage\":{\"@id\":\"https:\/\/www.edugestores.pe\/?p=12084#primaryimage\"},\"datePublished\":\"2016-07-25T17:35:16+00:00\",\"dateModified\":\"2016-08-02T13:55:12+00:00\",\"author\":{\"@id\":\"https:\/\/www.edugestores.pe\/#\/schema\/person\/30dc82f35f5853289037a64b35c7c7d3\"},\"breadcrumb\":{\"@id\":\"https:\/\/www.edugestores.pe\/?p=12084#breadcrumb\"},\"inLanguage\":\"es\",\"potentialAction\":[{\"@type\":\"ReadAction\",\"target\":[\"https:\/\/www.edugestores.pe\/?p=12084\"]}]},{\"@type\":\"BreadcrumbList\",\"@id\":\"https:\/\/www.edugestores.pe\/?p=12084#breadcrumb\",\"itemListElement\":[{\"@type\":\"ListItem\",\"position\":1,\"name\":\"Portada\",\"item\":\"https:\/\/www.edugestores.pe\/\"},{\"@type\":\"ListItem\",\"position\":2,\"name\":\"Patricia Salas: \u201cMe preocupa que se haya descuidado la equidad\u201d\"}]},{\"@type\":\"Person\",\"@id\":\"https:\/\/www.edugestores.pe\/#\/schema\/person\/30dc82f35f5853289037a64b35c7c7d3\",\"name\":\"Administrador\",\"image\":{\"@type\":\"ImageObject\",\"@id\":\"https:\/\/www.edugestores.pe\/#personlogo\",\"inLanguage\":\"es\",\"url\":\"https:\/\/secure.gravatar.com\/avatar\/70960d1239c4d2c778bb3d2786a3c1ae?s=96&d=mm&r=g\",\"contentUrl\":\"https:\/\/secure.gravatar.com\/avatar\/70960d1239c4d2c778bb3d2786a3c1ae?s=96&d=mm&r=g\",\"caption\":\"Administrador\"},\"url\":\"https:\/\/www.edugestores.pe\/?author=63\"}]}<\/script>\n<!-- \/ Yoast SEO plugin. -->","yoast_head_json":{"title":"Patricia Salas: \u201cMe preocupa que se haya descuidado la equidad\u201d - Red Peruana de Gestores de la Educaci\u00f3n","robots":{"index":"index","follow":"follow","max-snippet":"max-snippet:-1","max-image-preview":"max-image-preview:large","max-video-preview":"max-video-preview:-1"},"canonical":"https:\/\/www.edugestores.pe\/?p=12084","og_locale":"es_ES","og_type":"article","og_title":"Patricia Salas: \u201cMe preocupa que se haya descuidado la equidad\u201d - Red Peruana de Gestores de la Educaci\u00f3n","og_description":"Fuente: Diario Correo La exministra de Educaci\u00f3n Patricia Salas, indic\u00f3 que el sector de Educaci\u00f3n tuvo grandes logros en cuanto [&hellip;]","og_url":"https:\/\/www.edugestores.pe\/?p=12084","og_site_name":"Red Peruana de Gestores de la Educaci\u00f3n","article_published_time":"2016-07-25T17:35:16+00:00","article_modified_time":"2016-08-02T13:55:12+00:00","og_image":[{"width":604,"height":490,"url":"https:\/\/www.edugestores.pe\/wp-content\/uploads\/2016\/07\/educacion-me-preocupa-que-se-h-jpg_604x0.jpg","type":"image\/jpeg"}],"twitter_card":"summary_large_image","twitter_misc":{"Escrito por":"Administrador","Tiempo de lectura":"5 minutos"},"schema":{"@context":"https:\/\/schema.org","@graph":[{"@type":"WebSite","@id":"https:\/\/www.edugestores.pe\/#website","url":"https:\/\/www.edugestores.pe\/","name":"Red Peruana de Gestores de la Educaci\u00f3n","description":"Red Peruana de Gestores de la Educaci\u00f3n","potentialAction":[{"@type":"SearchAction","target":{"@type":"EntryPoint","urlTemplate":"https:\/\/www.edugestores.pe\/?s={search_term_string}"},"query-input":"required name=search_term_string"}],"inLanguage":"es"},{"@type":"ImageObject","@id":"https:\/\/www.edugestores.pe\/?p=12084#primaryimage","inLanguage":"es","url":"https:\/\/www.edugestores.pe\/wp-content\/uploads\/2016\/07\/educacion-me-preocupa-que-se-h-jpg_604x0.jpg","contentUrl":"https:\/\/www.edugestores.pe\/wp-content\/uploads\/2016\/07\/educacion-me-preocupa-que-se-h-jpg_604x0.jpg","width":604,"height":490},{"@type":"WebPage","@id":"https:\/\/www.edugestores.pe\/?p=12084#webpage","url":"https:\/\/www.edugestores.pe\/?p=12084","name":"Patricia Salas: \u201cMe preocupa que se haya descuidado la equidad\u201d - Red Peruana de Gestores de la Educaci\u00f3n","isPartOf":{"@id":"https:\/\/www.edugestores.pe\/#website"},"primaryImageOfPage":{"@id":"https:\/\/www.edugestores.pe\/?p=12084#primaryimage"},"datePublished":"2016-07-25T17:35:16+00:00","dateModified":"2016-08-02T13:55:12+00:00","author":{"@id":"https:\/\/www.edugestores.pe\/#\/schema\/person\/30dc82f35f5853289037a64b35c7c7d3"},"breadcrumb":{"@id":"https:\/\/www.edugestores.pe\/?p=12084#breadcrumb"},"inLanguage":"es","potentialAction":[{"@type":"ReadAction","target":["https:\/\/www.edugestores.pe\/?p=12084"]}]},{"@type":"BreadcrumbList","@id":"https:\/\/www.edugestores.pe\/?p=12084#breadcrumb","itemListElement":[{"@type":"ListItem","position":1,"name":"Portada","item":"https:\/\/www.edugestores.pe\/"},{"@type":"ListItem","position":2,"name":"Patricia Salas: \u201cMe preocupa que se haya descuidado la equidad\u201d"}]},{"@type":"Person","@id":"https:\/\/www.edugestores.pe\/#\/schema\/person\/30dc82f35f5853289037a64b35c7c7d3","name":"Administrador","image":{"@type":"ImageObject","@id":"https:\/\/www.edugestores.pe\/#personlogo","inLanguage":"es","url":"https:\/\/secure.gravatar.com\/avatar\/70960d1239c4d2c778bb3d2786a3c1ae?s=96&d=mm&r=g","contentUrl":"https:\/\/secure.gravatar.com\/avatar\/70960d1239c4d2c778bb3d2786a3c1ae?s=96&d=mm&r=g","caption":"Administrador"},"url":"https:\/\/www.edugestores.pe\/?author=63"}]}},"jetpack_featured_media_url":"https:\/\/www.edugestores.pe\/wp-content\/uploads\/2016\/07\/educacion-me-preocupa-que-se-h-jpg_604x0.jpg","_links":{"self":[{"href":"https:\/\/www.edugestores.pe\/index.php?rest_route=\/wp\/v2\/posts\/12084"}],"collection":[{"href":"https:\/\/www.edugestores.pe\/index.php?rest_route=\/wp\/v2\/posts"}],"about":[{"href":"https:\/\/www.edugestores.pe\/index.php?rest_route=\/wp\/v2\/types\/post"}],"author":[{"embeddable":true,"href":"https:\/\/www.edugestores.pe\/index.php?rest_route=\/wp\/v2\/users\/63"}],"replies":[{"embeddable":true,"href":"https:\/\/www.edugestores.pe\/index.php?rest_route=%2Fwp%2Fv2%2Fcomments&post=12084"}],"version-history":[{"count":1,"href":"https:\/\/www.edugestores.pe\/index.php?rest_route=\/wp\/v2\/posts\/12084\/revisions"}],"predecessor-version":[{"id":12086,"href":"https:\/\/www.edugestores.pe\/index.php?rest_route=\/wp\/v2\/posts\/12084\/revisions\/12086"}],"wp:featuredmedia":[{"embeddable":true,"href":"https:\/\/www.edugestores.pe\/index.php?rest_route=\/wp\/v2\/media\/12085"}],"wp:attachment":[{"href":"https:\/\/www.edugestores.pe\/index.php?rest_route=%2Fwp%2Fv2%2Fmedia&parent=12084"}],"wp:term":[{"taxonomy":"category","embeddable":true,"href":"https:\/\/www.edugestores.pe\/index.php?rest_route=%2Fwp%2Fv2%2Fcategories&post=12084"},{"taxonomy":"post_tag","embeddable":true,"href":"https:\/\/www.edugestores.pe\/index.php?rest_route=%2Fwp%2Fv2%2Ftags&post=12084"}],"curies":[{"name":"wp","href":"https:\/\/api.w.org\/{rel}","templated":true}]}}