{"id":12223,"date":"2016-08-11T12:01:49","date_gmt":"2016-08-11T17:01:49","guid":{"rendered":"https:\/\/www.edugestores.pe\/?p=12223"},"modified":"2016-08-19T10:31:38","modified_gmt":"2016-08-19T15:31:38","slug":"inei-convoca-a-mas-de-mil-profesionales-y-estudiantes-a-nivel-nacional-s-3400-00-2700-00-1800-00-mensual","status":"publish","type":"post","link":"https:\/\/www.edugestores.pe\/?p=12223","title":{"rendered":"INEI Convoca a m\u00e1s de mil Profesionales y Estudiantes a Nivel Nacional (S\/. 3,400.00 &#8211; 2,700.00 &#8211; 1,800.00 Mensual)"},"content":{"rendered":"<p>Se hace de conocimiento a todos los interesados y p\u00fablico en general, que el Instituto Nacional de Estad\u00edstica e Inform\u00e1tica &#8211; INEI, est\u00e1 convocando a cubrir diferentes puestos de trabajo a nivel nacional.<\/p>\n<p>IMPORTANTE:<br \/>\nRecuerde que para postular a una plaza CAS debe completar los siguientes formatos.<br \/>\n1. Evaluaci\u00f3n Curricular<br \/>\n2. Evaluaci\u00f3n de Conocimiento<br \/>\n3. Evaluaci\u00f3n Psicol\u00f3gica<br \/>\n4. Entrevista Personal y Resultado Final<br \/>\n&#8211; Descargar Formatos (.ZIP)<\/p>\n<p><b>IMPORTANTE:<\/b><br \/>\nRecuerde que para postular a una plaza CAS debe completar los siguientes formatos.<br \/>\n<b>1.<\/b> Evaluaci\u00f3n Curricular<br \/>\n<b>2.<\/b> Evaluaci\u00f3n de Conocimiento<br \/>\n<b>3.<\/b> Evaluaci\u00f3n Psicol\u00f3gica<br \/>\n<b>4.<\/b> Entrevista Personal y Resultado Final<br \/>\n&#8211; <a href=\"http:\/\/wwe.educacionenred.pe\/?i=https:\/\/www.inei.gob.pe\/media\/archivos\/formato_declaracion_jurada_2016.zip\" target=\"_blank\">Descargar Formatos (.ZIP)<\/a><\/p>\n<table class=\"data2\">\n<tbody>\n<tr>\n<td class=\"t1\">Tipo<\/td>\n<td class=\"t1\">Cantidad<\/td>\n<td class=\"t1\">Proyecto<\/td>\n<td class=\"t1\">Descripci\u00f3n de Puesto<\/td>\n<td class=\"t1\">Periodo Convocatoria<\/td>\n<td class=\"t1\">Estado<\/td>\n<\/tr>\n<tr>\n<td>Locador<\/td>\n<td class=\"t2\">27<\/td>\n<td><a href=\"http:\/\/wwe.educacionenred.pe\/?i=http:\/\/proyectos.inei.gob.pe\/convocatorias\/2014\/convoca\/default.asp?id=6516\" target=\"_blank\">ENC. NAC. DE PERCEPCION DE LOS USUARIOS DE CONSULTA EXTERNA<\/a><\/td>\n<td>COORDINADOR DEPARTAMENTAL<\/td>\n<td>10-08-2016 al 17-08-2016<\/td>\n<td>Abierta<\/td>\n<\/tr>\n<tr>\n<td>Locador<\/td>\n<td class=\"t2\">59<\/td>\n<td><a href=\"http:\/\/wwe.educacionenred.pe\/?i=http:\/\/proyectos.inei.gob.pe\/convocatorias\/2014\/convoca\/default.asp?id=6517\" target=\"_blank\">ENC. NAC. DE PERCEPCION DE LOS USUARIOS DE CONSULTA EXTERNA<\/a><\/td>\n<td>SUPERVISOR LOCAL<\/td>\n<td>10-08-2016 al 17-08-2016<\/td>\n<td>Abierta<\/td>\n<\/tr>\n<tr>\n<td>Locador<\/td>\n<td class=\"t2\">220<\/td>\n<td><a href=\"http:\/\/wwe.educacionenred.pe\/?i=http:\/\/proyectos.inei.gob.pe\/convocatorias\/2014\/convoca\/default.asp?id=6518\" target=\"_blank\">ENC. NAC. DE PERCEPCION DE LOS USUARIOS DE CONSULTA EXTERNA<\/a><\/td>\n<td>ENCUESTADOR<\/td>\n<td>10-08-2016 al 17-08-2016<\/td>\n<td>Abierta<\/td>\n<\/tr>\n<tr>\n<td>Locador<\/td>\n<td class=\"t2\">1<\/td>\n<td><a href=\"http:\/\/wwe.educacionenred.pe\/?i=http:\/\/proyectos.inei.gob.pe\/convocatorias\/2014\/convoca\/default.asp?id=6491\" target=\"_blank\">ENC. NAC. DE PERCEPCION DE LOS USUARIOS DE CONSULTA EXTERNA<\/a><\/td>\n<td>COORDINADOR DE MONITOREO<\/td>\n<td>09-08-2016 al 15-08-2016<\/td>\n<td>Abierta<\/td>\n<\/tr>\n<tr>\n<td>Locador<\/td>\n<td class=\"t2\">13<\/td>\n<td><a href=\"http:\/\/wwe.educacionenred.pe\/?i=http:\/\/proyectos.inei.gob.pe\/convocatorias\/2014\/convoca\/default.asp?id=6492\" target=\"_blank\">ENC. NAC. DE PERCEPCION DE LOS USUARIOS DE CONSULTA EXTERNA<\/a><\/td>\n<td>SUPERVISOR NACIONAL<\/td>\n<td>09-08-2016 al 15-08-2016<\/td>\n<td>Abierta<\/td>\n<\/tr>\n<tr>\n<td>Locador<\/td>\n<td class=\"t2\">7<\/td>\n<td><a href=\"http:\/\/wwe.educacionenred.pe\/?i=http:\/\/proyectos.inei.gob.pe\/convocatorias\/2014\/convoca\/default.asp?id=6493\" target=\"_blank\">ENC. NAC. DE PERCEPCION DE LOS USUARIOS DE CONSULTA EXTERNA<\/a><\/td>\n<td>MONITOR NACIONAL<\/td>\n<td>09-08-2016 al 15-08-2016<\/td>\n<td>Abierta<\/td>\n<\/tr>\n<tr>\n<td>Locador<\/td>\n<td class=\"t2\">40<\/td>\n<td><a href=\"http:\/\/wwe.educacionenred.pe\/?i=http:\/\/proyectos.inei.gob.pe\/convocatorias\/2014\/convoca\/default.asp?id=6512\" target=\"_blank\">EVALUACION CENSAL DE ESTUDIANTES 2016 &#8211; ECE 2016<\/a><\/td>\n<td>SUPERVISOR DE L\u00cdNEA\/IMPRENTA<\/td>\n<td>09-08-2016 al 21-08-2016<\/td>\n<td>Abierta<\/td>\n<\/tr>\n<tr>\n<td>Locador<\/td>\n<td class=\"t2\">30<\/td>\n<td><a href=\"http:\/\/wwe.educacionenred.pe\/?i=http:\/\/proyectos.inei.gob.pe\/convocatorias\/2014\/convoca\/default.asp?id=6513\" target=\"_blank\">EVALUACION CENSAL DE ESTUDIANTES 2016 &#8211; ECE 2016<\/a><\/td>\n<td>T\u00c9CNICO EN INVENTARIO<\/td>\n<td>09-08-2016 al 21-08-2016<\/td>\n<td>Abierta<\/td>\n<\/tr>\n<tr>\n<td>Locador<\/td>\n<td class=\"t2\">27<\/td>\n<td><a href=\"http:\/\/wwe.educacionenred.pe\/?i=http:\/\/proyectos.inei.gob.pe\/convocatorias\/2014\/convoca\/default.asp?id=6446\" target=\"_blank\">EVALUACION DE DOCENTES<\/a><\/td>\n<td>INFORM\u00c1TICO DE LOCAL<\/td>\n<td>06-08-2016 al 23-08-2016<\/td>\n<td>Abierta<\/td>\n<\/tr>\n<tr>\n<td>Locador<\/td>\n<td class=\"t2\">251<\/td>\n<td><a href=\"http:\/\/wwe.educacionenred.pe\/?i=http:\/\/proyectos.inei.gob.pe\/convocatorias\/2014\/convoca\/default.asp?id=6447\">EVALUACION DE DOCENTES<\/a><\/td>\n<td>COORDINADOR DE LOCAL Y ASISTENTE DE COORDINADOR DE LOCAL<\/td>\n<td>06-08-2016 al 23-08-2016<\/td>\n<td>Abierta<\/td>\n<\/tr>\n<tr>\n<td>Locador<\/td>\n<td class=\"t2\">20<\/td>\n<td><a href=\"http:\/\/wwe.educacionenred.pe\/?i=http:\/\/proyectos.inei.gob.pe\/convocatorias\/2014\/convoca\/default.asp?id=6421\" target=\"_blank\">EVALUACION CENSAL DE ESTUDIANTES 2016 &#8211; ECE 2016<\/a><\/td>\n<td>COORDINADOR REGIONAL<\/td>\n<td>05-08-2016 al 15-08-2016<\/td>\n<td>Abierta<\/td>\n<\/tr>\n<tr>\n<td>Locador<\/td>\n<td class=\"t2\">87<\/td>\n<td><a href=\"http:\/\/wwe.educacionenred.pe\/?i=http:\/\/proyectos.inei.gob.pe\/convocatorias\/2014\/convoca\/default.asp?id=6424\" target=\"_blank\">EVALUACION CENSAL DE ESTUDIANTES 2016 &#8211; ECE 2016<\/a><\/td>\n<td>COORDINADOR PROVINCIAL<\/td>\n<td>05-08-2016 al 15-08-2016<\/td>\n<td>Abierta<\/td>\n<\/tr>\n<tr>\n<td>Locador<\/td>\n<td class=\"t2\">52<\/td>\n<td><a href=\"http:\/\/wwe.educacionenred.pe\/?i=http:\/\/proyectos.inei.gob.pe\/convocatorias\/2014\/convoca\/default.asp?id=6426\" target=\"_blank\">EVALUACION CENSAL DE ESTUDIANTES 2016 &#8211; ECE 2016<\/a><\/td>\n<td>COORDINADOR DISTRITAL<\/td>\n<td>05-08-2016 al 15-08-2016<\/td>\n<td>Abierta<\/td>\n<\/tr>\n<tr>\n<td>Locador<\/td>\n<td class=\"t2\">139<\/td>\n<td><a href=\"http:\/\/wwe.educacionenred.pe\/?i=http:\/\/proyectos.inei.gob.pe\/convocatorias\/2014\/convoca\/default.asp?id=6427\" target=\"_blank\">EVALUACION CENSAL DE ESTUDIANTES 2016 &#8211; ECE 2016<\/a><\/td>\n<td>SUPERVISOR DE PROCESOS DE APLICACION<\/td>\n<td>05-08-2016 al 15-08-2016<\/td>\n<td>Abierta<\/td>\n<\/tr>\n<tr>\n<td>Locador<\/td>\n<td class=\"t2\">36<\/td>\n<td><a href=\"http:\/\/wwe.educacionenred.pe\/?i=http:\/\/proyectos.inei.gob.pe\/convocatorias\/2014\/convoca\/default.asp?id=6431\" target=\"_blank\">EVALUACION CENSAL DE ESTUDIANTES 2016 &#8211; ECE 2016<\/a><\/td>\n<td>MONITOR NACIONAL<\/td>\n<td>05-08-2016 al 15-08-2016<\/td>\n<td>Abierta<\/td>\n<\/tr>\n<tr>\n<td>Locador<\/td>\n<td class=\"t2\">21<\/td>\n<td><a href=\"http:\/\/wwe.educacionenred.pe\/?i=http:\/\/proyectos.inei.gob.pe\/convocatorias\/2014\/convoca\/default.asp?id=6432\" target=\"_blank\">EVALUACION CENSAL DE ESTUDIANTES 2016 &#8211; ECE 2016<\/a><\/td>\n<td>SUPERVISOR NACIONAL<\/td>\n<td>05-08-2016 al 15-08-2016<\/td>\n<td>Abierta<\/td>\n<\/tr>\n<tr>\n<td>Locador<\/td>\n<td class=\"t2\">262<\/td>\n<td><a href=\"http:\/\/wwe.educacionenred.pe\/?i=http:\/\/proyectos.inei.gob.pe\/convocatorias\/2014\/convoca\/default.asp?id=6442\" target=\"_blank\">CENSOS NACIONALES: XII DE POBLACI\u00d3N, VII DE VIVIENDA Y III DECOMUNIDADES IND\u00cdGENAS<\/a><\/td>\n<td>ACTUALIZADOR-REGISTRADOR<\/td>\n<td>05-08-2016 al 14-08-2016<\/td>\n<td>Abierta<\/td>\n<\/tr>\n<tr>\n<td>Locador<\/td>\n<td class=\"t2\">19<\/td>\n<td><a href=\"http:\/\/wwe.educacionenred.pe\/?i=http:\/\/proyectos.inei.gob.pe\/convocatorias\/2014\/convoca\/default.asp?id=6443\" target=\"_blank\">CENSOS NACIONALES: XII DE POBLACI\u00d3N, VII DE VIVIENDA Y III DECOMUNIDADES IND\u00cdGENAS<\/a><\/td>\n<td>JEFE DE BRIGADA<\/td>\n<td>05-08-2016 al 14-08-2016<\/td>\n<td>Abierta<\/td>\n<\/tr>\n<tr>\n<td>Locador<\/td>\n<td class=\"t2\">9<\/td>\n<td><a href=\"http:\/\/wwe.educacionenred.pe\/?i=http:\/\/proyectos.inei.gob.pe\/convocatorias\/2014\/convoca\/default.asp?id=6444\" target=\"_blank\">CENSOS NACIONALES: XII DE POBLACI\u00d3N, VII DE VIVIENDA Y III DECOMUNIDADES IND\u00cdGENAS<\/a><\/td>\n<td>ANALISTA DE CONTROL DE CALIDAD<\/td>\n<td>05-08-2016 al 14-08-2016<\/td>\n<td>Abierta<\/td>\n<\/tr>\n<tr>\n<td>Locador<\/td>\n<td class=\"t2\">6<\/td>\n<td><a href=\"http:\/\/wwe.educacionenred.pe\/?i=http:\/\/proyectos.inei.gob.pe\/convocatorias\/2014\/convoca\/default.asp?id=6445\" target=\"_blank\">CENSOS NACIONALES: XII DE POBLACI\u00d3N, VII DE VIVIENDA Y III DECOMUNIDADES IND\u00cdGENAS<\/a><\/td>\n<td>SUPERVISOR NACIONAL<\/td>\n<td>05-08-2016 al 14-08-2016<\/td>\n<td>Abierta<\/td>\n<\/tr>\n<\/tbody>\n<\/table>\n<p>&nbsp;<\/p>\n<table class=\"data2\">\n<tbody>\n<tr>\n<td class=\"t1\" rowspan=\"1\">N\u00b0 de Proceso<\/td>\n<td class=\"t1\" rowspan=\"1\">Plazas<\/td>\n<td class=\"t1\" rowspan=\"1\">Descripci\u00f3n del Puesto<\/td>\n<td class=\"t1\" rowspan=\"1\">Postular<\/td>\n<\/tr>\n<tr>\n<td>313<\/td>\n<td class=\"t2\">1<\/td>\n<td><a href=\"http:\/\/wwe.educacionenred.pe\/?i=https:\/\/www.inei.gob.pe\/media\/convocatoria_cas\/PROCESO_313_2016.pdf\" target=\"_blank\"><b>ASISTENTE ADMINISTRATIVO DE PROYECTO<\/b><br \/>\nPara la DIRECCION TECNICA DE DEMOGRAFIA E INDICADORES SOCIALES &#8211; PROYECTO- ENCUESTA PERMANENTE DE EMPLEO &#8211; SEDE LIMA<\/a><\/td>\n<td><a href=\"http:\/\/wwe.educacionenred.pe\/?i=http:\/\/proyectos.inei.gob.pe\/convocatoria_cas\/default.asp?id=5989\" target=\"_blank\">Abierto<\/a><br \/>\n09\/08\/2016 al 15\/08\/2016<\/td>\n<\/tr>\n<tr>\n<td>312<\/td>\n<td class=\"t2\">1<\/td>\n<td><a href=\"http:\/\/wwe.educacionenred.pe\/?i=https:\/\/www.inei.gob.pe\/media\/convocatoria_cas\/PROCESO_312_2016.pdf\" target=\"_blank\"><b>ANALISTA INFORMATICO DE CUENTASNACIONALES<\/b><br \/>\nPara la DIRECCION NACIONAL DE CUENTAS NACIONALES &#8211; SEDE LIMA<\/a><\/td>\n<td><a href=\"http:\/\/wwe.educacionenred.pe\/?i=http:\/\/proyectos.inei.gob.pe\/convocatoria_cas\/default.asp?id=5991\" target=\"_blank\">Abierto<\/a><br \/>\n09\/08\/2016 al 15\/08\/2016<\/td>\n<\/tr>\n<tr>\n<td>311<\/td>\n<td class=\"t2\">1<\/td>\n<td><a href=\"http:\/\/wwe.educacionenred.pe\/?i=https:\/\/www.inei.gob.pe\/media\/convocatoria_cas\/PROCESO_311_2016.pdf\" target=\"_blank\"><b>ANALISTA ECONOMICO DEL SECTORINSTITUCIONAL SOCIEDADES NO FINANCIERAS<\/b><br \/>\nPara la DIRECCION NACIONAL DE CUENTAS NACIONALES &#8211; PROYECTO- CUENTAS NACIONALES &#8211; SEDE LIMA<\/a><\/td>\n<td><a href=\"http:\/\/wwe.educacionenred.pe\/?i=http:\/\/proyectos.inei.gob.pe\/convocatoria_cas\/default.asp?id=5990\" target=\"_blank\">Abierto<\/a><br \/>\n09\/08\/2016 al 15\/08\/2016<\/td>\n<\/tr>\n<tr>\n<td>310<\/td>\n<td class=\"t2\">1<\/td>\n<td><a href=\"http:\/\/wwe.educacionenred.pe\/?i=https:\/\/www.inei.gob.pe\/media\/convocatoria_cas\/PROCESO_310_2016.pdf\" target=\"_blank\"><b>ASISTENTE EN ANALISIS DE INFORMACIONSOCIODEMOGRAFICA<\/b><br \/>\nPara la DIRECCION TECNICA DE DEMOGRAFIA E INDICADORES SOCIALES &#8211; SEDE LIMA<\/a><\/td>\n<td><a href=\"http:\/\/wwe.educacionenred.pe\/?i=http:\/\/proyectos.inei.gob.pe\/convocatoria_cas\/default.asp?id=5985\" target=\"_blank\">Abierto<\/a><br \/>\n08\/08\/2016 al 12\/08\/2016<\/td>\n<\/tr>\n<tr>\n<td>306<\/td>\n<td class=\"t2\">2<\/td>\n<td><a href=\"http:\/\/wwe.educacionenred.pe\/?i=https:\/\/www.inei.gob.pe\/media\/convocatoria_cas\/PROCESO_306_2016.pdf\" target=\"_blank\"><b>ASISTENTE EN EL ANALISIS DE BASE DEDATOS<\/b><br \/>\nPara la DIRECCION NACIONAL DE CENSOS Y ENCUESTAS &#8211; PROYECTO- ENCUESTA NACIONAL DE PROGRAMAS PRESUPUESTALES &#8211; SEDE LIMA<\/a><\/td>\n<td><a href=\"http:\/\/wwe.educacionenred.pe\/?i=http:\/\/proyectos.inei.gob.pe\/convocatoria_cas\/default.asp?id=5987\" target=\"_blank\">Abierto<\/a><br \/>\n09\/08\/2016 al 15\/08\/2016<\/td>\n<\/tr>\n<tr>\n<td>305<\/td>\n<td class=\"t2\">1<\/td>\n<td><a href=\"http:\/\/wwe.educacionenred.pe\/?i=https:\/\/www.inei.gob.pe\/media\/convocatoria_cas\/PROCESO_305_2016.pdf\" target=\"_blank\"><b>COORDINADOR DEPARTAMENTAL DE PROYECTOS<\/b><br \/>\nPara la DIRECCION NACIONAL DE CENSOS Y ENCUESTAS &#8211; PROYECTO- ENCUESTA NACIONAL DE PROGRAMAS PRESUPUESTALES &#8211; ODEI APURIMAC<\/a><\/td>\n<td><a href=\"http:\/\/wwe.educacionenred.pe\/?i=http:\/\/proyectos.inei.gob.pe\/convocatoria_cas\/default.asp?id=5988\" target=\"_blank\">Abierto<\/a><br \/>\n09\/08\/2016 al 15\/08\/2016<\/td>\n<\/tr>\n<\/tbody>\n<\/table>\n<p><b>\u2022 P\u00c1GINA WEB OFICIAL DE LA CONVOCATORIA:<\/b><br \/>\n\u00bb <a href=\"https:\/\/www.inei.gob.pe\/usuarios\/convocatoria-de-personal\/\" target=\"_blank\">www.inei.gob.pe\/&#8230;convocatoria-de-personal<\/a><\/p>\n<p><b>\u2022 P\u00c1GINA WEB INEI:<br \/>\n<b>\u00bb <a href=\"http:\/\/www.inei.gob.pe\/\" target=\"_blank\">www.inei.gob.pe<\/a><\/b><\/b><\/p>\n<p>Fuente: <a href=\"http:\/\/www.educacionenred.pe\/noticia\/?portada=101975&amp;utm_source=feedburner&amp;utm_medium=email&amp;utm_campaign=Feed%3A+educacionenred_noticia+%28EDUCACIONENRED.PE+-+Noticias%29#ixzz4H2muEffZ\">Educacionenred.pe<\/a><\/p>\n","protected":false},"excerpt":{"rendered":"<p>Se hace de conocimiento a todos los interesados y p\u00fablico en general, que el Instituto Nacional de Estad\u00edstica e Inform\u00e1tica [&hellip;]<\/p>\n","protected":false},"author":63,"featured_media":12224,"comment_status":"open","ping_status":"open","sticky":false,"template":"","format":"standard","meta":{"spay_email":""},"categories":[125],"tags":[],"yoast_head":"<!-- This site is optimized with the Yoast SEO plugin v18.0 - https:\/\/yoast.com\/wordpress\/plugins\/seo\/ -->\n<title>INEI Convoca a m\u00e1s de mil Profesionales y Estudiantes a Nivel Nacional (S\/. 3,400.00 - 2,700.00 - 1,800.00 Mensual) - Red Peruana de Gestores de la Educaci\u00f3n<\/title>\n<meta name=\"robots\" content=\"index, follow, max-snippet:-1, max-image-preview:large, max-video-preview:-1\" \/>\n<link rel=\"canonical\" href=\"https:\/\/www.edugestores.pe\/?p=12223\" \/>\n<meta property=\"og:locale\" content=\"es_ES\" \/>\n<meta property=\"og:type\" content=\"article\" \/>\n<meta property=\"og:title\" content=\"INEI Convoca a m\u00e1s de mil Profesionales y Estudiantes a Nivel Nacional (S\/. 3,400.00 - 2,700.00 - 1,800.00 Mensual) - Red Peruana de Gestores de la Educaci\u00f3n\" \/>\n<meta property=\"og:description\" content=\"Se hace de conocimiento a todos los interesados y p\u00fablico en general, que el Instituto Nacional de Estad\u00edstica e Inform\u00e1tica [&hellip;]\" \/>\n<meta property=\"og:url\" content=\"https:\/\/www.edugestores.pe\/?p=12223\" \/>\n<meta property=\"og:site_name\" content=\"Red Peruana de Gestores de la Educaci\u00f3n\" \/>\n<meta property=\"article:published_time\" content=\"2016-08-11T17:01:49+00:00\" \/>\n<meta property=\"article:modified_time\" content=\"2016-08-19T15:31:38+00:00\" \/>\n<meta property=\"og:image\" content=\"https:\/\/www.edugestores.pe\/wp-content\/uploads\/2016\/08\/101975-inei-convoca-mas-2-mil-profesionales-estudiantes-nivel-nacional-1800-00-3400-00.jpg\" \/>\n\t<meta property=\"og:image:width\" content=\"860\" \/>\n\t<meta property=\"og:image:height\" content=\"450\" \/>\n\t<meta property=\"og:image:type\" content=\"image\/jpeg\" \/>\n<meta name=\"twitter:card\" content=\"summary_large_image\" \/>\n<meta name=\"twitter:label1\" content=\"Escrito por\" \/>\n\t<meta name=\"twitter:data1\" content=\"Administrador\" \/>\n\t<meta name=\"twitter:label2\" content=\"Tiempo de lectura\" \/>\n\t<meta name=\"twitter:data2\" content=\"3 minutos\" \/>\n<script type=\"application\/ld+json\" class=\"yoast-schema-graph\">{\"@context\":\"https:\/\/schema.org\",\"@graph\":[{\"@type\":\"WebSite\",\"@id\":\"https:\/\/www.edugestores.pe\/#website\",\"url\":\"https:\/\/www.edugestores.pe\/\",\"name\":\"Red Peruana de Gestores de la Educaci\u00f3n\",\"description\":\"Red Peruana de Gestores de la Educaci\u00f3n\",\"potentialAction\":[{\"@type\":\"SearchAction\",\"target\":{\"@type\":\"EntryPoint\",\"urlTemplate\":\"https:\/\/www.edugestores.pe\/?s={search_term_string}\"},\"query-input\":\"required name=search_term_string\"}],\"inLanguage\":\"es\"},{\"@type\":\"ImageObject\",\"@id\":\"https:\/\/www.edugestores.pe\/?p=12223#primaryimage\",\"inLanguage\":\"es\",\"url\":\"https:\/\/www.edugestores.pe\/wp-content\/uploads\/2016\/08\/101975-inei-convoca-mas-2-mil-profesionales-estudiantes-nivel-nacional-1800-00-3400-00.jpg\",\"contentUrl\":\"https:\/\/www.edugestores.pe\/wp-content\/uploads\/2016\/08\/101975-inei-convoca-mas-2-mil-profesionales-estudiantes-nivel-nacional-1800-00-3400-00.jpg\",\"width\":860,\"height\":450},{\"@type\":\"WebPage\",\"@id\":\"https:\/\/www.edugestores.pe\/?p=12223#webpage\",\"url\":\"https:\/\/www.edugestores.pe\/?p=12223\",\"name\":\"INEI Convoca a m\u00e1s de mil Profesionales y Estudiantes a Nivel Nacional (S\/. 3,400.00 - 2,700.00 - 1,800.00 Mensual) - Red Peruana de Gestores de la Educaci\u00f3n\",\"isPartOf\":{\"@id\":\"https:\/\/www.edugestores.pe\/#website\"},\"primaryImageOfPage\":{\"@id\":\"https:\/\/www.edugestores.pe\/?p=12223#primaryimage\"},\"datePublished\":\"2016-08-11T17:01:49+00:00\",\"dateModified\":\"2016-08-19T15:31:38+00:00\",\"author\":{\"@id\":\"https:\/\/www.edugestores.pe\/#\/schema\/person\/30dc82f35f5853289037a64b35c7c7d3\"},\"breadcrumb\":{\"@id\":\"https:\/\/www.edugestores.pe\/?p=12223#breadcrumb\"},\"inLanguage\":\"es\",\"potentialAction\":[{\"@type\":\"ReadAction\",\"target\":[\"https:\/\/www.edugestores.pe\/?p=12223\"]}]},{\"@type\":\"BreadcrumbList\",\"@id\":\"https:\/\/www.edugestores.pe\/?p=12223#breadcrumb\",\"itemListElement\":[{\"@type\":\"ListItem\",\"position\":1,\"name\":\"Portada\",\"item\":\"https:\/\/www.edugestores.pe\/\"},{\"@type\":\"ListItem\",\"position\":2,\"name\":\"INEI Convoca a m\u00e1s de mil Profesionales y Estudiantes a Nivel Nacional (S\/. 3,400.00 &#8211; 2,700.00 &#8211; 1,800.00 Mensual)\"}]},{\"@type\":\"Person\",\"@id\":\"https:\/\/www.edugestores.pe\/#\/schema\/person\/30dc82f35f5853289037a64b35c7c7d3\",\"name\":\"Administrador\",\"image\":{\"@type\":\"ImageObject\",\"@id\":\"https:\/\/www.edugestores.pe\/#personlogo\",\"inLanguage\":\"es\",\"url\":\"https:\/\/secure.gravatar.com\/avatar\/70960d1239c4d2c778bb3d2786a3c1ae?s=96&d=mm&r=g\",\"contentUrl\":\"https:\/\/secure.gravatar.com\/avatar\/70960d1239c4d2c778bb3d2786a3c1ae?s=96&d=mm&r=g\",\"caption\":\"Administrador\"},\"url\":\"https:\/\/www.edugestores.pe\/?author=63\"}]}<\/script>\n<!-- \/ Yoast SEO plugin. -->","yoast_head_json":{"title":"INEI Convoca a m\u00e1s de mil Profesionales y Estudiantes a Nivel Nacional (S\/. 3,400.00 - 2,700.00 - 1,800.00 Mensual) - Red Peruana de Gestores de la Educaci\u00f3n","robots":{"index":"index","follow":"follow","max-snippet":"max-snippet:-1","max-image-preview":"max-image-preview:large","max-video-preview":"max-video-preview:-1"},"canonical":"https:\/\/www.edugestores.pe\/?p=12223","og_locale":"es_ES","og_type":"article","og_title":"INEI Convoca a m\u00e1s de mil Profesionales y Estudiantes a Nivel Nacional (S\/. 3,400.00 - 2,700.00 - 1,800.00 Mensual) - Red Peruana de Gestores de la Educaci\u00f3n","og_description":"Se hace de conocimiento a todos los interesados y p\u00fablico en general, que el Instituto Nacional de Estad\u00edstica e Inform\u00e1tica [&hellip;]","og_url":"https:\/\/www.edugestores.pe\/?p=12223","og_site_name":"Red Peruana de Gestores de la Educaci\u00f3n","article_published_time":"2016-08-11T17:01:49+00:00","article_modified_time":"2016-08-19T15:31:38+00:00","og_image":[{"width":860,"height":450,"url":"https:\/\/www.edugestores.pe\/wp-content\/uploads\/2016\/08\/101975-inei-convoca-mas-2-mil-profesionales-estudiantes-nivel-nacional-1800-00-3400-00.jpg","type":"image\/jpeg"}],"twitter_card":"summary_large_image","twitter_misc":{"Escrito por":"Administrador","Tiempo de lectura":"3 minutos"},"schema":{"@context":"https:\/\/schema.org","@graph":[{"@type":"WebSite","@id":"https:\/\/www.edugestores.pe\/#website","url":"https:\/\/www.edugestores.pe\/","name":"Red Peruana de Gestores de la Educaci\u00f3n","description":"Red Peruana de Gestores de la Educaci\u00f3n","potentialAction":[{"@type":"SearchAction","target":{"@type":"EntryPoint","urlTemplate":"https:\/\/www.edugestores.pe\/?s={search_term_string}"},"query-input":"required name=search_term_string"}],"inLanguage":"es"},{"@type":"ImageObject","@id":"https:\/\/www.edugestores.pe\/?p=12223#primaryimage","inLanguage":"es","url":"https:\/\/www.edugestores.pe\/wp-content\/uploads\/2016\/08\/101975-inei-convoca-mas-2-mil-profesionales-estudiantes-nivel-nacional-1800-00-3400-00.jpg","contentUrl":"https:\/\/www.edugestores.pe\/wp-content\/uploads\/2016\/08\/101975-inei-convoca-mas-2-mil-profesionales-estudiantes-nivel-nacional-1800-00-3400-00.jpg","width":860,"height":450},{"@type":"WebPage","@id":"https:\/\/www.edugestores.pe\/?p=12223#webpage","url":"https:\/\/www.edugestores.pe\/?p=12223","name":"INEI Convoca a m\u00e1s de mil Profesionales y Estudiantes a Nivel Nacional (S\/. 3,400.00 - 2,700.00 - 1,800.00 Mensual) - Red Peruana de Gestores de la Educaci\u00f3n","isPartOf":{"@id":"https:\/\/www.edugestores.pe\/#website"},"primaryImageOfPage":{"@id":"https:\/\/www.edugestores.pe\/?p=12223#primaryimage"},"datePublished":"2016-08-11T17:01:49+00:00","dateModified":"2016-08-19T15:31:38+00:00","author":{"@id":"https:\/\/www.edugestores.pe\/#\/schema\/person\/30dc82f35f5853289037a64b35c7c7d3"},"breadcrumb":{"@id":"https:\/\/www.edugestores.pe\/?p=12223#breadcrumb"},"inLanguage":"es","potentialAction":[{"@type":"ReadAction","target":["https:\/\/www.edugestores.pe\/?p=12223"]}]},{"@type":"BreadcrumbList","@id":"https:\/\/www.edugestores.pe\/?p=12223#breadcrumb","itemListElement":[{"@type":"ListItem","position":1,"name":"Portada","item":"https:\/\/www.edugestores.pe\/"},{"@type":"ListItem","position":2,"name":"INEI Convoca a m\u00e1s de mil Profesionales y Estudiantes a Nivel Nacional (S\/. 3,400.00 &#8211; 2,700.00 &#8211; 1,800.00 Mensual)"}]},{"@type":"Person","@id":"https:\/\/www.edugestores.pe\/#\/schema\/person\/30dc82f35f5853289037a64b35c7c7d3","name":"Administrador","image":{"@type":"ImageObject","@id":"https:\/\/www.edugestores.pe\/#personlogo","inLanguage":"es","url":"https:\/\/secure.gravatar.com\/avatar\/70960d1239c4d2c778bb3d2786a3c1ae?s=96&d=mm&r=g","contentUrl":"https:\/\/secure.gravatar.com\/avatar\/70960d1239c4d2c778bb3d2786a3c1ae?s=96&d=mm&r=g","caption":"Administrador"},"url":"https:\/\/www.edugestores.pe\/?author=63"}]}},"jetpack_featured_media_url":"https:\/\/www.edugestores.pe\/wp-content\/uploads\/2016\/08\/101975-inei-convoca-mas-2-mil-profesionales-estudiantes-nivel-nacional-1800-00-3400-00.jpg","_links":{"self":[{"href":"https:\/\/www.edugestores.pe\/index.php?rest_route=\/wp\/v2\/posts\/12223"}],"collection":[{"href":"https:\/\/www.edugestores.pe\/index.php?rest_route=\/wp\/v2\/posts"}],"about":[{"href":"https:\/\/www.edugestores.pe\/index.php?rest_route=\/wp\/v2\/types\/post"}],"author":[{"embeddable":true,"href":"https:\/\/www.edugestores.pe\/index.php?rest_route=\/wp\/v2\/users\/63"}],"replies":[{"embeddable":true,"href":"https:\/\/www.edugestores.pe\/index.php?rest_route=%2Fwp%2Fv2%2Fcomments&post=12223"}],"version-history":[{"count":1,"href":"https:\/\/www.edugestores.pe\/index.php?rest_route=\/wp\/v2\/posts\/12223\/revisions"}],"predecessor-version":[{"id":12225,"href":"https:\/\/www.edugestores.pe\/index.php?rest_route=\/wp\/v2\/posts\/12223\/revisions\/12225"}],"wp:featuredmedia":[{"embeddable":true,"href":"https:\/\/www.edugestores.pe\/index.php?rest_route=\/wp\/v2\/media\/12224"}],"wp:attachment":[{"href":"https:\/\/www.edugestores.pe\/index.php?rest_route=%2Fwp%2Fv2%2Fmedia&parent=12223"}],"wp:term":[{"taxonomy":"category","embeddable":true,"href":"https:\/\/www.edugestores.pe\/index.php?rest_route=%2Fwp%2Fv2%2Fcategories&post=12223"},{"taxonomy":"post_tag","embeddable":true,"href":"https:\/\/www.edugestores.pe\/index.php?rest_route=%2Fwp%2Fv2%2Ftags&post=12223"}],"curies":[{"name":"wp","href":"https:\/\/api.w.org\/{rel}","templated":true}]}}