{"id":12244,"date":"2016-08-16T08:30:27","date_gmt":"2016-08-16T13:30:27","guid":{"rendered":"https:\/\/www.edugestores.pe\/?p=12244"},"modified":"2016-08-19T10:32:47","modified_gmt":"2016-08-19T15:32:47","slug":"cusco-sutep-confirma-paro-docente-para-hoy-16-de-agosto","status":"publish","type":"post","link":"https:\/\/www.edugestores.pe\/?p=12244","title":{"rendered":"Cusco: Sutep confirma paro docente para hoy 16 de agosto"},"content":{"rendered":"<p>Este martes 16 de agosto, los maestros agremiados al Sutep &#8211;<strong>Cusco<\/strong>, acatar\u00e1n un paro preventivo de 24 horas, exigiendo el retiro del ratificado ministro de Educaci\u00f3n Jaime Saavedra y el cumplimiento de una serie de reclamos en torno a su salario.<\/p>\n<p><strong>Frente a esto, la Direcci\u00f3n Regional de Educaci\u00f3n del Cusco, ha dejado a decisi\u00f3n de cada director acatar el paro o no, esto en salvaguarda de los estudiantes.<\/strong><\/p>\n<div>\n<div>\n<div><em>&#8220;Ante el anunciado paro de 24 horas convocado por el Sutep Regional Cusco, representado por la profesora Ruth B\u00e1ez Quispe para el d\u00eda martes 16 de agosto, la Direcci\u00f3n Regional de Educaci\u00f3n Cusco, dispone que los directores de las instituciones educativas del \u00e1mbito regional, tienen la potestad de tomar la decisi\u00f3n de suspender o no las labores escolares previa evaluaci\u00f3n de la realidad de su instituci\u00f3n y en salvaguarda de la integridad f\u00edsica de sus estudiantes<\/em><em>&#8220;<\/em>, cit\u00f3 en un comunicado.<\/div>\n<\/div>\n<\/div>\n<p><strong>Por su parte, la citada dirigente sutepista, mencion\u00f3 que PPK deber\u00eda cambiar al actual ministro de Educaci\u00f3n, ya que \u00e9l prometi\u00f3 cambios sustantivos en materia de educaci\u00f3n a nivel nacional, sin embargo estatificando el puesto no se lograr\u00edan estos ansiados cambios.<\/strong><\/p>\n<p>Tambi\u00e9n reclam\u00f3 por el sueldo &#8216;congelado&#8217; de los maestros, quienes percibir\u00edan sumas de hasta 1,200 soles por mes, comparados a los tres mil soles que perciben los polic\u00edas.<\/p>\n<p>Fuente: <a href=\"http:\/\/diariocorreo.pe\/edicion\/cusco\/cusco-sutep-confirma-paro-docente-para-el-dia-de-manana-691582\/\">Diario Correo<\/a><\/p>\n","protected":false},"excerpt":{"rendered":"<p>Este martes 16 de agosto, los maestros agremiados al Sutep &#8211;Cusco, acatar\u00e1n un paro preventivo de 24 horas, exigiendo el [&hellip;]<\/p>\n","protected":false},"author":63,"featured_media":12245,"comment_status":"open","ping_status":"open","sticky":false,"template":"","format":"standard","meta":{"spay_email":""},"categories":[125],"tags":[],"yoast_head":"<!-- This site is optimized with the Yoast SEO plugin v18.0 - https:\/\/yoast.com\/wordpress\/plugins\/seo\/ -->\n<title>Cusco: Sutep confirma paro docente para hoy 16 de agosto - Red Peruana de Gestores de la Educaci\u00f3n<\/title>\n<meta name=\"robots\" content=\"index, follow, max-snippet:-1, max-image-preview:large, max-video-preview:-1\" \/>\n<link rel=\"canonical\" href=\"https:\/\/www.edugestores.pe\/?p=12244\" \/>\n<meta property=\"og:locale\" content=\"es_ES\" \/>\n<meta property=\"og:type\" content=\"article\" \/>\n<meta property=\"og:title\" content=\"Cusco: Sutep confirma paro docente para hoy 16 de agosto - Red Peruana de Gestores de la Educaci\u00f3n\" \/>\n<meta property=\"og:description\" content=\"Este martes 16 de agosto, los maestros agremiados al Sutep &#8211;Cusco, acatar\u00e1n un paro preventivo de 24 horas, exigiendo el [&hellip;]\" \/>\n<meta property=\"og:url\" content=\"https:\/\/www.edugestores.pe\/?p=12244\" \/>\n<meta property=\"og:site_name\" content=\"Red Peruana de Gestores de la Educaci\u00f3n\" \/>\n<meta property=\"article:published_time\" content=\"2016-08-16T13:30:27+00:00\" \/>\n<meta property=\"article:modified_time\" content=\"2016-08-19T15:32:47+00:00\" \/>\n<meta property=\"og:image\" content=\"https:\/\/www.edugestores.pe\/wp-content\/uploads\/2016\/08\/cusco-sutep-confirma-paro-doce-jpg_604x0.jpg\" \/>\n\t<meta property=\"og:image:width\" content=\"604\" \/>\n\t<meta property=\"og:image:height\" content=\"337\" \/>\n\t<meta property=\"og:image:type\" content=\"image\/jpeg\" \/>\n<meta name=\"twitter:card\" content=\"summary_large_image\" \/>\n<meta name=\"twitter:label1\" content=\"Escrito por\" \/>\n\t<meta name=\"twitter:data1\" content=\"Administrador\" \/>\n\t<meta name=\"twitter:label2\" content=\"Tiempo de lectura\" \/>\n\t<meta name=\"twitter:data2\" content=\"1 minuto\" \/>\n<script type=\"application\/ld+json\" class=\"yoast-schema-graph\">{\"@context\":\"https:\/\/schema.org\",\"@graph\":[{\"@type\":\"WebSite\",\"@id\":\"https:\/\/www.edugestores.pe\/#website\",\"url\":\"https:\/\/www.edugestores.pe\/\",\"name\":\"Red Peruana de Gestores de la Educaci\u00f3n\",\"description\":\"Red Peruana de Gestores de la Educaci\u00f3n\",\"potentialAction\":[{\"@type\":\"SearchAction\",\"target\":{\"@type\":\"EntryPoint\",\"urlTemplate\":\"https:\/\/www.edugestores.pe\/?s={search_term_string}\"},\"query-input\":\"required name=search_term_string\"}],\"inLanguage\":\"es\"},{\"@type\":\"ImageObject\",\"@id\":\"https:\/\/www.edugestores.pe\/?p=12244#primaryimage\",\"inLanguage\":\"es\",\"url\":\"https:\/\/www.edugestores.pe\/wp-content\/uploads\/2016\/08\/cusco-sutep-confirma-paro-doce-jpg_604x0.jpg\",\"contentUrl\":\"https:\/\/www.edugestores.pe\/wp-content\/uploads\/2016\/08\/cusco-sutep-confirma-paro-doce-jpg_604x0.jpg\",\"width\":604,\"height\":337},{\"@type\":\"WebPage\",\"@id\":\"https:\/\/www.edugestores.pe\/?p=12244#webpage\",\"url\":\"https:\/\/www.edugestores.pe\/?p=12244\",\"name\":\"Cusco: Sutep confirma paro docente para hoy 16 de agosto - Red Peruana de Gestores de la Educaci\u00f3n\",\"isPartOf\":{\"@id\":\"https:\/\/www.edugestores.pe\/#website\"},\"primaryImageOfPage\":{\"@id\":\"https:\/\/www.edugestores.pe\/?p=12244#primaryimage\"},\"datePublished\":\"2016-08-16T13:30:27+00:00\",\"dateModified\":\"2016-08-19T15:32:47+00:00\",\"author\":{\"@id\":\"https:\/\/www.edugestores.pe\/#\/schema\/person\/30dc82f35f5853289037a64b35c7c7d3\"},\"breadcrumb\":{\"@id\":\"https:\/\/www.edugestores.pe\/?p=12244#breadcrumb\"},\"inLanguage\":\"es\",\"potentialAction\":[{\"@type\":\"ReadAction\",\"target\":[\"https:\/\/www.edugestores.pe\/?p=12244\"]}]},{\"@type\":\"BreadcrumbList\",\"@id\":\"https:\/\/www.edugestores.pe\/?p=12244#breadcrumb\",\"itemListElement\":[{\"@type\":\"ListItem\",\"position\":1,\"name\":\"Portada\",\"item\":\"https:\/\/www.edugestores.pe\/\"},{\"@type\":\"ListItem\",\"position\":2,\"name\":\"Cusco: Sutep confirma paro docente para hoy 16 de agosto\"}]},{\"@type\":\"Person\",\"@id\":\"https:\/\/www.edugestores.pe\/#\/schema\/person\/30dc82f35f5853289037a64b35c7c7d3\",\"name\":\"Administrador\",\"image\":{\"@type\":\"ImageObject\",\"@id\":\"https:\/\/www.edugestores.pe\/#personlogo\",\"inLanguage\":\"es\",\"url\":\"https:\/\/secure.gravatar.com\/avatar\/70960d1239c4d2c778bb3d2786a3c1ae?s=96&d=mm&r=g\",\"contentUrl\":\"https:\/\/secure.gravatar.com\/avatar\/70960d1239c4d2c778bb3d2786a3c1ae?s=96&d=mm&r=g\",\"caption\":\"Administrador\"},\"url\":\"https:\/\/www.edugestores.pe\/?author=63\"}]}<\/script>\n<!-- \/ Yoast SEO plugin. -->","yoast_head_json":{"title":"Cusco: Sutep confirma paro docente para hoy 16 de agosto - Red Peruana de Gestores de la Educaci\u00f3n","robots":{"index":"index","follow":"follow","max-snippet":"max-snippet:-1","max-image-preview":"max-image-preview:large","max-video-preview":"max-video-preview:-1"},"canonical":"https:\/\/www.edugestores.pe\/?p=12244","og_locale":"es_ES","og_type":"article","og_title":"Cusco: Sutep confirma paro docente para hoy 16 de agosto - Red Peruana de Gestores de la Educaci\u00f3n","og_description":"Este martes 16 de agosto, los maestros agremiados al Sutep &#8211;Cusco, acatar\u00e1n un paro preventivo de 24 horas, exigiendo el [&hellip;]","og_url":"https:\/\/www.edugestores.pe\/?p=12244","og_site_name":"Red Peruana de Gestores de la Educaci\u00f3n","article_published_time":"2016-08-16T13:30:27+00:00","article_modified_time":"2016-08-19T15:32:47+00:00","og_image":[{"width":604,"height":337,"url":"https:\/\/www.edugestores.pe\/wp-content\/uploads\/2016\/08\/cusco-sutep-confirma-paro-doce-jpg_604x0.jpg","type":"image\/jpeg"}],"twitter_card":"summary_large_image","twitter_misc":{"Escrito por":"Administrador","Tiempo de lectura":"1 minuto"},"schema":{"@context":"https:\/\/schema.org","@graph":[{"@type":"WebSite","@id":"https:\/\/www.edugestores.pe\/#website","url":"https:\/\/www.edugestores.pe\/","name":"Red Peruana de Gestores de la Educaci\u00f3n","description":"Red Peruana de Gestores de la Educaci\u00f3n","potentialAction":[{"@type":"SearchAction","target":{"@type":"EntryPoint","urlTemplate":"https:\/\/www.edugestores.pe\/?s={search_term_string}"},"query-input":"required name=search_term_string"}],"inLanguage":"es"},{"@type":"ImageObject","@id":"https:\/\/www.edugestores.pe\/?p=12244#primaryimage","inLanguage":"es","url":"https:\/\/www.edugestores.pe\/wp-content\/uploads\/2016\/08\/cusco-sutep-confirma-paro-doce-jpg_604x0.jpg","contentUrl":"https:\/\/www.edugestores.pe\/wp-content\/uploads\/2016\/08\/cusco-sutep-confirma-paro-doce-jpg_604x0.jpg","width":604,"height":337},{"@type":"WebPage","@id":"https:\/\/www.edugestores.pe\/?p=12244#webpage","url":"https:\/\/www.edugestores.pe\/?p=12244","name":"Cusco: Sutep confirma paro docente para hoy 16 de agosto - Red Peruana de Gestores de la Educaci\u00f3n","isPartOf":{"@id":"https:\/\/www.edugestores.pe\/#website"},"primaryImageOfPage":{"@id":"https:\/\/www.edugestores.pe\/?p=12244#primaryimage"},"datePublished":"2016-08-16T13:30:27+00:00","dateModified":"2016-08-19T15:32:47+00:00","author":{"@id":"https:\/\/www.edugestores.pe\/#\/schema\/person\/30dc82f35f5853289037a64b35c7c7d3"},"breadcrumb":{"@id":"https:\/\/www.edugestores.pe\/?p=12244#breadcrumb"},"inLanguage":"es","potentialAction":[{"@type":"ReadAction","target":["https:\/\/www.edugestores.pe\/?p=12244"]}]},{"@type":"BreadcrumbList","@id":"https:\/\/www.edugestores.pe\/?p=12244#breadcrumb","itemListElement":[{"@type":"ListItem","position":1,"name":"Portada","item":"https:\/\/www.edugestores.pe\/"},{"@type":"ListItem","position":2,"name":"Cusco: Sutep confirma paro docente para hoy 16 de agosto"}]},{"@type":"Person","@id":"https:\/\/www.edugestores.pe\/#\/schema\/person\/30dc82f35f5853289037a64b35c7c7d3","name":"Administrador","image":{"@type":"ImageObject","@id":"https:\/\/www.edugestores.pe\/#personlogo","inLanguage":"es","url":"https:\/\/secure.gravatar.com\/avatar\/70960d1239c4d2c778bb3d2786a3c1ae?s=96&d=mm&r=g","contentUrl":"https:\/\/secure.gravatar.com\/avatar\/70960d1239c4d2c778bb3d2786a3c1ae?s=96&d=mm&r=g","caption":"Administrador"},"url":"https:\/\/www.edugestores.pe\/?author=63"}]}},"jetpack_featured_media_url":"https:\/\/www.edugestores.pe\/wp-content\/uploads\/2016\/08\/cusco-sutep-confirma-paro-doce-jpg_604x0.jpg","_links":{"self":[{"href":"https:\/\/www.edugestores.pe\/index.php?rest_route=\/wp\/v2\/posts\/12244"}],"collection":[{"href":"https:\/\/www.edugestores.pe\/index.php?rest_route=\/wp\/v2\/posts"}],"about":[{"href":"https:\/\/www.edugestores.pe\/index.php?rest_route=\/wp\/v2\/types\/post"}],"author":[{"embeddable":true,"href":"https:\/\/www.edugestores.pe\/index.php?rest_route=\/wp\/v2\/users\/63"}],"replies":[{"embeddable":true,"href":"https:\/\/www.edugestores.pe\/index.php?rest_route=%2Fwp%2Fv2%2Fcomments&post=12244"}],"version-history":[{"count":1,"href":"https:\/\/www.edugestores.pe\/index.php?rest_route=\/wp\/v2\/posts\/12244\/revisions"}],"predecessor-version":[{"id":12246,"href":"https:\/\/www.edugestores.pe\/index.php?rest_route=\/wp\/v2\/posts\/12244\/revisions\/12246"}],"wp:featuredmedia":[{"embeddable":true,"href":"https:\/\/www.edugestores.pe\/index.php?rest_route=\/wp\/v2\/media\/12245"}],"wp:attachment":[{"href":"https:\/\/www.edugestores.pe\/index.php?rest_route=%2Fwp%2Fv2%2Fmedia&parent=12244"}],"wp:term":[{"taxonomy":"category","embeddable":true,"href":"https:\/\/www.edugestores.pe\/index.php?rest_route=%2Fwp%2Fv2%2Fcategories&post=12244"},{"taxonomy":"post_tag","embeddable":true,"href":"https:\/\/www.edugestores.pe\/index.php?rest_route=%2Fwp%2Fv2%2Ftags&post=12244"}],"curies":[{"name":"wp","href":"https:\/\/api.w.org\/{rel}","templated":true}]}}