{"id":12250,"date":"2016-08-16T13:57:44","date_gmt":"2016-08-16T18:57:44","guid":{"rendered":"https:\/\/www.edugestores.pe\/?p=12250"},"modified":"2016-08-24T12:41:12","modified_gmt":"2016-08-24T17:41:12","slug":"minedu-hara-una-reforma-a-la-ley-de-reforma-magisterial-para-elevar-sueldo-minimo-de-los-maestros-a-s-2000","status":"publish","type":"post","link":"https:\/\/www.edugestores.pe\/?p=12250","title":{"rendered":"MINEDU har\u00e1 una reforma a la \u00abLey de Reforma Magisterial\u00bb para elevar sueldo m\u00ednimo de los maestros a S\/. 2,000"},"content":{"rendered":"<p><b>Educaci\u00f3n y Econom\u00eda afinan detalles para incrementar sueldo m\u00ednimo de maestros a S\/ 2,000<\/b>: Incremento salarial ser\u00eda de manera escalonada, dijo Saavedra.<\/p>\n<p>El Gobierno trabaja en consolidar la propuesta del presidente Pedro Pablo Kuczynski de elevar el sueldo m\u00ednimo de los maestros a 2,000 soles, a fin de anunciarla como una de las medidas de los primeros 100 d\u00edas de su gesti\u00f3n, inform\u00f3 hoy el ministro de Educaci\u00f3n, Jaime Saavedra.<\/p>\n<p>El titular de <a href=\"http:\/\/www.educacionenred.pe\/\" target=\"_blank\">Educaci\u00f3n<\/a> precis\u00f3 que su sector est\u00e1 afinando los detalles t\u00e9cnicos con el Ministerio de Econom\u00eda y Finanzas (MEF) a fin de establecer los montos exactos del salario de los maestros, de acuerdo a sus diferentes escalas.<\/p>\n<p>Inform\u00f3 que, para tal efecto, el sector Educaci\u00f3n est\u00e1 trabajando en la elaboraci\u00f3n de una propuesta de reforma de la <a href=\"http:\/\/www.educacionenred.pe\/noticia\/ley-de-reforma-magisterial\/\" target=\"_blank\">Ley de Reforma Magisterial<\/a> que, justamente, permita al Gobierno incrementar el piso salarial de los docentes.<\/p>\n<p>&#8220;Lo vamos a tener que ir haciendo de manera escalonada, porque el impacto fiscal es extremadamente fuerte&#8221;, precis\u00f3.<\/p>\n<p>Dijo, sin embargo, que es vital seguir en un proceso de revalorizaci\u00f3n de la carrera docente, porque la educaci\u00f3n de un pa\u00eds es tan buena como sus profesores.<\/p>\n<p>&#8220;Es muy importante para nosotros este incremento del piso salarial. Si bien va a ser paulatino, es una parte muy importante del proceso de reforma porque adem\u00e1s tenemos que atraer al mejor talento&#8221;, recalc\u00f3.<\/p>\n<p>Al respecto, rescat\u00f3 la necesidad de ir captando a los mejores estudiantes que salen de la secundaria con vocaci\u00f3n de maestros a trav\u00e9s de mejores propuestas salariales y de capacitaci\u00f3n.<\/p>\n<p>&#8220;Y parte de la propuesta es una reforma de los institutos superiores pedag\u00f3gicos para mejorar c\u00f3mo es que los profesores se forman&#8221;, manifest\u00f3.<\/p>\n<p>El ministro prest\u00f3 estas declaraciones tras visitar en el distrito de San Miguel el Centro Juvenil de Diagn\u00f3stico y Rehabilitaci\u00f3n de Lima, ex &#8220;Maranguita&#8221;, donde opera un centro de estudios para que los menores internos culminen su educaci\u00f3n secundaria.<\/p>\n<p><a href=\"http:\/\/www.educacionenred.pe\/noticia\/?portada=102275&amp;utm_source=feedburner&amp;utm_medium=email&amp;utm_campaign=Feed%3A+educacionenred_noticia+%28EDUCACIONENRED.PE+-+Noticias%29#ixzz4HWUsSOqi\">Fuente:\u00a0Educacionenred.pe <\/a><\/p>\n","protected":false},"excerpt":{"rendered":"<p>Educaci\u00f3n y Econom\u00eda afinan detalles para incrementar sueldo m\u00ednimo de maestros a S\/ 2,000: Incremento salarial ser\u00eda de manera escalonada, [&hellip;]<\/p>\n","protected":false},"author":63,"featured_media":12251,"comment_status":"open","ping_status":"open","sticky":false,"template":"","format":"standard","meta":{"spay_email":""},"categories":[125],"tags":[],"yoast_head":"<!-- This site is optimized with the Yoast SEO plugin v18.0 - https:\/\/yoast.com\/wordpress\/plugins\/seo\/ -->\n<title>MINEDU har\u00e1 una reforma a la \u00abLey de Reforma Magisterial\u00bb para elevar sueldo m\u00ednimo de los maestros a S\/. 2,000 - Red Peruana de Gestores de la Educaci\u00f3n<\/title>\n<meta name=\"robots\" content=\"index, follow, max-snippet:-1, max-image-preview:large, max-video-preview:-1\" \/>\n<link rel=\"canonical\" href=\"https:\/\/www.edugestores.pe\/?p=12250\" \/>\n<meta property=\"og:locale\" content=\"es_ES\" \/>\n<meta property=\"og:type\" content=\"article\" \/>\n<meta property=\"og:title\" content=\"MINEDU har\u00e1 una reforma a la \u00abLey de Reforma Magisterial\u00bb para elevar sueldo m\u00ednimo de los maestros a S\/. 2,000 - Red Peruana de Gestores de la Educaci\u00f3n\" \/>\n<meta property=\"og:description\" content=\"Educaci\u00f3n y Econom\u00eda afinan detalles para incrementar sueldo m\u00ednimo de maestros a S\/ 2,000: Incremento salarial ser\u00eda de manera escalonada, [&hellip;]\" \/>\n<meta property=\"og:url\" content=\"https:\/\/www.edugestores.pe\/?p=12250\" \/>\n<meta property=\"og:site_name\" content=\"Red Peruana de Gestores de la Educaci\u00f3n\" \/>\n<meta property=\"article:published_time\" content=\"2016-08-16T18:57:44+00:00\" \/>\n<meta property=\"article:modified_time\" content=\"2016-08-24T17:41:12+00:00\" \/>\n<meta property=\"og:image\" content=\"https:\/\/www.edugestores.pe\/wp-content\/uploads\/2016\/08\/102275-minedu-hara-una-reforma-ley-reforma-magisterial-elevar-sueldo-minimo-maestros.jpg\" \/>\n\t<meta property=\"og:image:width\" content=\"860\" \/>\n\t<meta property=\"og:image:height\" content=\"450\" \/>\n\t<meta property=\"og:image:type\" content=\"image\/jpeg\" \/>\n<meta name=\"twitter:card\" content=\"summary_large_image\" \/>\n<meta name=\"twitter:label1\" content=\"Escrito por\" \/>\n\t<meta name=\"twitter:data1\" content=\"Administrador\" \/>\n\t<meta name=\"twitter:label2\" content=\"Tiempo de lectura\" \/>\n\t<meta name=\"twitter:data2\" content=\"2 minutos\" \/>\n<script type=\"application\/ld+json\" class=\"yoast-schema-graph\">{\"@context\":\"https:\/\/schema.org\",\"@graph\":[{\"@type\":\"WebSite\",\"@id\":\"https:\/\/www.edugestores.pe\/#website\",\"url\":\"https:\/\/www.edugestores.pe\/\",\"name\":\"Red Peruana de Gestores de la Educaci\u00f3n\",\"description\":\"Red Peruana de Gestores de la Educaci\u00f3n\",\"potentialAction\":[{\"@type\":\"SearchAction\",\"target\":{\"@type\":\"EntryPoint\",\"urlTemplate\":\"https:\/\/www.edugestores.pe\/?s={search_term_string}\"},\"query-input\":\"required name=search_term_string\"}],\"inLanguage\":\"es\"},{\"@type\":\"ImageObject\",\"@id\":\"https:\/\/www.edugestores.pe\/?p=12250#primaryimage\",\"inLanguage\":\"es\",\"url\":\"https:\/\/www.edugestores.pe\/wp-content\/uploads\/2016\/08\/102275-minedu-hara-una-reforma-ley-reforma-magisterial-elevar-sueldo-minimo-maestros.jpg\",\"contentUrl\":\"https:\/\/www.edugestores.pe\/wp-content\/uploads\/2016\/08\/102275-minedu-hara-una-reforma-ley-reforma-magisterial-elevar-sueldo-minimo-maestros.jpg\",\"width\":860,\"height\":450},{\"@type\":\"WebPage\",\"@id\":\"https:\/\/www.edugestores.pe\/?p=12250#webpage\",\"url\":\"https:\/\/www.edugestores.pe\/?p=12250\",\"name\":\"MINEDU har\u00e1 una reforma a la \u00abLey de Reforma Magisterial\u00bb para elevar sueldo m\u00ednimo de los maestros a S\/. 2,000 - Red Peruana de Gestores de la Educaci\u00f3n\",\"isPartOf\":{\"@id\":\"https:\/\/www.edugestores.pe\/#website\"},\"primaryImageOfPage\":{\"@id\":\"https:\/\/www.edugestores.pe\/?p=12250#primaryimage\"},\"datePublished\":\"2016-08-16T18:57:44+00:00\",\"dateModified\":\"2016-08-24T17:41:12+00:00\",\"author\":{\"@id\":\"https:\/\/www.edugestores.pe\/#\/schema\/person\/30dc82f35f5853289037a64b35c7c7d3\"},\"breadcrumb\":{\"@id\":\"https:\/\/www.edugestores.pe\/?p=12250#breadcrumb\"},\"inLanguage\":\"es\",\"potentialAction\":[{\"@type\":\"ReadAction\",\"target\":[\"https:\/\/www.edugestores.pe\/?p=12250\"]}]},{\"@type\":\"BreadcrumbList\",\"@id\":\"https:\/\/www.edugestores.pe\/?p=12250#breadcrumb\",\"itemListElement\":[{\"@type\":\"ListItem\",\"position\":1,\"name\":\"Portada\",\"item\":\"https:\/\/www.edugestores.pe\/\"},{\"@type\":\"ListItem\",\"position\":2,\"name\":\"MINEDU har\u00e1 una reforma a la \u00abLey de Reforma Magisterial\u00bb para elevar sueldo m\u00ednimo de los maestros a S\/. 2,000\"}]},{\"@type\":\"Person\",\"@id\":\"https:\/\/www.edugestores.pe\/#\/schema\/person\/30dc82f35f5853289037a64b35c7c7d3\",\"name\":\"Administrador\",\"image\":{\"@type\":\"ImageObject\",\"@id\":\"https:\/\/www.edugestores.pe\/#personlogo\",\"inLanguage\":\"es\",\"url\":\"https:\/\/secure.gravatar.com\/avatar\/70960d1239c4d2c778bb3d2786a3c1ae?s=96&d=mm&r=g\",\"contentUrl\":\"https:\/\/secure.gravatar.com\/avatar\/70960d1239c4d2c778bb3d2786a3c1ae?s=96&d=mm&r=g\",\"caption\":\"Administrador\"},\"url\":\"https:\/\/www.edugestores.pe\/?author=63\"}]}<\/script>\n<!-- \/ Yoast SEO plugin. -->","yoast_head_json":{"title":"MINEDU har\u00e1 una reforma a la \u00abLey de Reforma Magisterial\u00bb para elevar sueldo m\u00ednimo de los maestros a S\/. 2,000 - Red Peruana de Gestores de la Educaci\u00f3n","robots":{"index":"index","follow":"follow","max-snippet":"max-snippet:-1","max-image-preview":"max-image-preview:large","max-video-preview":"max-video-preview:-1"},"canonical":"https:\/\/www.edugestores.pe\/?p=12250","og_locale":"es_ES","og_type":"article","og_title":"MINEDU har\u00e1 una reforma a la \u00abLey de Reforma Magisterial\u00bb para elevar sueldo m\u00ednimo de los maestros a S\/. 2,000 - Red Peruana de Gestores de la Educaci\u00f3n","og_description":"Educaci\u00f3n y Econom\u00eda afinan detalles para incrementar sueldo m\u00ednimo de maestros a S\/ 2,000: Incremento salarial ser\u00eda de manera escalonada, [&hellip;]","og_url":"https:\/\/www.edugestores.pe\/?p=12250","og_site_name":"Red Peruana de Gestores de la Educaci\u00f3n","article_published_time":"2016-08-16T18:57:44+00:00","article_modified_time":"2016-08-24T17:41:12+00:00","og_image":[{"width":860,"height":450,"url":"https:\/\/www.edugestores.pe\/wp-content\/uploads\/2016\/08\/102275-minedu-hara-una-reforma-ley-reforma-magisterial-elevar-sueldo-minimo-maestros.jpg","type":"image\/jpeg"}],"twitter_card":"summary_large_image","twitter_misc":{"Escrito por":"Administrador","Tiempo de lectura":"2 minutos"},"schema":{"@context":"https:\/\/schema.org","@graph":[{"@type":"WebSite","@id":"https:\/\/www.edugestores.pe\/#website","url":"https:\/\/www.edugestores.pe\/","name":"Red Peruana de Gestores de la Educaci\u00f3n","description":"Red Peruana de Gestores de la Educaci\u00f3n","potentialAction":[{"@type":"SearchAction","target":{"@type":"EntryPoint","urlTemplate":"https:\/\/www.edugestores.pe\/?s={search_term_string}"},"query-input":"required name=search_term_string"}],"inLanguage":"es"},{"@type":"ImageObject","@id":"https:\/\/www.edugestores.pe\/?p=12250#primaryimage","inLanguage":"es","url":"https:\/\/www.edugestores.pe\/wp-content\/uploads\/2016\/08\/102275-minedu-hara-una-reforma-ley-reforma-magisterial-elevar-sueldo-minimo-maestros.jpg","contentUrl":"https:\/\/www.edugestores.pe\/wp-content\/uploads\/2016\/08\/102275-minedu-hara-una-reforma-ley-reforma-magisterial-elevar-sueldo-minimo-maestros.jpg","width":860,"height":450},{"@type":"WebPage","@id":"https:\/\/www.edugestores.pe\/?p=12250#webpage","url":"https:\/\/www.edugestores.pe\/?p=12250","name":"MINEDU har\u00e1 una reforma a la \u00abLey de Reforma Magisterial\u00bb para elevar sueldo m\u00ednimo de los maestros a S\/. 2,000 - Red Peruana de Gestores de la Educaci\u00f3n","isPartOf":{"@id":"https:\/\/www.edugestores.pe\/#website"},"primaryImageOfPage":{"@id":"https:\/\/www.edugestores.pe\/?p=12250#primaryimage"},"datePublished":"2016-08-16T18:57:44+00:00","dateModified":"2016-08-24T17:41:12+00:00","author":{"@id":"https:\/\/www.edugestores.pe\/#\/schema\/person\/30dc82f35f5853289037a64b35c7c7d3"},"breadcrumb":{"@id":"https:\/\/www.edugestores.pe\/?p=12250#breadcrumb"},"inLanguage":"es","potentialAction":[{"@type":"ReadAction","target":["https:\/\/www.edugestores.pe\/?p=12250"]}]},{"@type":"BreadcrumbList","@id":"https:\/\/www.edugestores.pe\/?p=12250#breadcrumb","itemListElement":[{"@type":"ListItem","position":1,"name":"Portada","item":"https:\/\/www.edugestores.pe\/"},{"@type":"ListItem","position":2,"name":"MINEDU har\u00e1 una reforma a la \u00abLey de Reforma Magisterial\u00bb para elevar sueldo m\u00ednimo de los maestros a S\/. 2,000"}]},{"@type":"Person","@id":"https:\/\/www.edugestores.pe\/#\/schema\/person\/30dc82f35f5853289037a64b35c7c7d3","name":"Administrador","image":{"@type":"ImageObject","@id":"https:\/\/www.edugestores.pe\/#personlogo","inLanguage":"es","url":"https:\/\/secure.gravatar.com\/avatar\/70960d1239c4d2c778bb3d2786a3c1ae?s=96&d=mm&r=g","contentUrl":"https:\/\/secure.gravatar.com\/avatar\/70960d1239c4d2c778bb3d2786a3c1ae?s=96&d=mm&r=g","caption":"Administrador"},"url":"https:\/\/www.edugestores.pe\/?author=63"}]}},"jetpack_featured_media_url":"https:\/\/www.edugestores.pe\/wp-content\/uploads\/2016\/08\/102275-minedu-hara-una-reforma-ley-reforma-magisterial-elevar-sueldo-minimo-maestros.jpg","_links":{"self":[{"href":"https:\/\/www.edugestores.pe\/index.php?rest_route=\/wp\/v2\/posts\/12250"}],"collection":[{"href":"https:\/\/www.edugestores.pe\/index.php?rest_route=\/wp\/v2\/posts"}],"about":[{"href":"https:\/\/www.edugestores.pe\/index.php?rest_route=\/wp\/v2\/types\/post"}],"author":[{"embeddable":true,"href":"https:\/\/www.edugestores.pe\/index.php?rest_route=\/wp\/v2\/users\/63"}],"replies":[{"embeddable":true,"href":"https:\/\/www.edugestores.pe\/index.php?rest_route=%2Fwp%2Fv2%2Fcomments&post=12250"}],"version-history":[{"count":1,"href":"https:\/\/www.edugestores.pe\/index.php?rest_route=\/wp\/v2\/posts\/12250\/revisions"}],"predecessor-version":[{"id":12252,"href":"https:\/\/www.edugestores.pe\/index.php?rest_route=\/wp\/v2\/posts\/12250\/revisions\/12252"}],"wp:featuredmedia":[{"embeddable":true,"href":"https:\/\/www.edugestores.pe\/index.php?rest_route=\/wp\/v2\/media\/12251"}],"wp:attachment":[{"href":"https:\/\/www.edugestores.pe\/index.php?rest_route=%2Fwp%2Fv2%2Fmedia&parent=12250"}],"wp:term":[{"taxonomy":"category","embeddable":true,"href":"https:\/\/www.edugestores.pe\/index.php?rest_route=%2Fwp%2Fv2%2Fcategories&post=12250"},{"taxonomy":"post_tag","embeddable":true,"href":"https:\/\/www.edugestores.pe\/index.php?rest_route=%2Fwp%2Fv2%2Ftags&post=12250"}],"curies":[{"name":"wp","href":"https:\/\/api.w.org\/{rel}","templated":true}]}}