{"id":12266,"date":"2016-08-18T12:32:46","date_gmt":"2016-08-18T17:32:46","guid":{"rendered":"https:\/\/www.edugestores.pe\/?p=12266"},"modified":"2016-08-24T12:41:23","modified_gmt":"2016-08-24T17:41:23","slug":"el-presidente-preciso-en-su-mensaje-a-la-nacion-un-compromiso-fundamental-del-gobierno-para-los-proximos-cinco-anos-educacion-publica-de-calidad-que-abra-el-mundo-a-millones-de-jovenes","status":"publish","type":"post","link":"https:\/\/www.edugestores.pe\/?p=12266","title":{"rendered":"Educaci\u00f3n y descentralizaci\u00f3n en la exposici\u00f3n del ministro Fernando Zavala para pedir el voto de confianza"},"content":{"rendered":"<p>Luego de poco m\u00e1s de 2 horas \u2014a las 11:50 a.m.\u2014 el primer ministro <a href=\"http:\/\/peru21.pe\/noticias-de-fernando-zavala-33051\"><strong>Fernando Zavala<\/strong><\/a> culmin\u00f3 su exposici\u00f3n ante el Pleno del Congreso de la Rep\u00fablica pidiendo el <a href=\"http:\/\/peru21.pe\/noticias-de-voto-confianza-12845\" target=\"_blank\" rel=\"nofollow\"><strong>voto de confianza<\/strong><\/a> \u201cpara avanzar con la celeridad\u201d hacia lo que el pa\u00eds requiere.<\/p>\n<p>El primer ministro precis\u00f3 en su mensaje a la naci\u00f3n un compromiso fundamental del gobierno para los pr\u00f3ximos cinco a\u00f1os: \u201ceducaci\u00f3n p\u00fablica de calidad, que abra el mundo a millones de j\u00f3venes\u201d. A continuaci\u00f3n\u00a0extractos de su mensaje en cuanto a los temas de Educaci\u00f3n y Descentralizaci\u00f3n.<\/p>\n<p><strong>SOBRE EDUCACI\u00d3N<\/strong><\/p>\n<p>Desde este gobierno apostamos por una pol\u00edtica educativa que permita formar ciudadanos preparados para los retos de la modernidad. Por d\u00e9cadas, la inversi\u00f3n en educaci\u00f3n ha sido dram\u00e1ticamente baja.<\/p>\n<p>Lograr el nivel educativo que nuestro pa\u00eds merece y necesita, implica un esfuerzo nacional muy grande.Para ello, avanzaremos a\u00fan m\u00e1s r\u00e1pido en los objetivos que ya nos hemos trazado como Estado.<\/p>\n<p><strong>\u00bfC\u00f3mo lo haremos? Llevando a cabo las siguientes acciones:<\/strong><\/p>\n<p>Mejoraremos las condiciones de trabajo de nuestros docentes, atrayendo a los mejores a una carrera meritocr\u00e1tica y asegur\u00e1ndonos que tengan las herramientas para potenciar los aprendizajes de nuestros estudiantes.<\/p>\n<p>Para ello:<\/p>\n<ul>\n<li><strong>En menos de cien d\u00edas <\/strong>presentaremos al Congreso una propuesta de\u00a0cambios a la Ley de Reforma Magisterial para hacerla m\u00e1s atractiva y competitiva.\u00a0Adem\u00e1s de continuar con los incrementos ligados a ascensos y evaluaciones, esta reforma permitir\u00e1<strong>incrementar el piso salarial<\/strong>. Un primer tramo de este aumento para los maestros ser\u00e1 a inicios de 2017. Al 2018 ning\u00fan docente percibir\u00e1 menos de 2000 soles.<\/li>\n<\/ul>\n<p>Este gobierno tambi\u00e9n transformar\u00e1 la formaci\u00f3n de maestros que hoy entran a los institutos pedag\u00f3gicos, as\u00ed:<\/p>\n<ul>\n<li><strong>En los primeros dos a\u00f1os de gobierno<\/strong>, crearemos el Servicio Nacional\u00a0de Formaci\u00f3n Docente y Directiva, que consolidar\u00e1 todos los esfuerzos\u00a0dedicados al fortalecimiento de capacidades profesionales de nuestros\u00a0maestros.<\/li>\n<\/ul>\n<ul>\n<li><strong>Para el Bicentenario<\/strong>, el Per\u00fa contar\u00e1 con, al menos, un Instituto\u00a0Pedag\u00f3gico de Excelencia en cada departamento.<\/li>\n<\/ul>\n<ul>\n<li><strong>Para el Bicentenario<\/strong>, todos los docentes de instituciones educativas\u00a0p\u00fablicas habr\u00e1n sido capacitados y contar\u00e1n con herramientas\u00a0pedag\u00f3gicas actualizadas.<\/li>\n<\/ul>\n<p>Queremos que nuestros hijos encuentren en la escuela un espacio donde\u00a0puedan desarrollar sus potencialidades.<\/p>\n<p>Necesitamos darles una educaci\u00f3n integral que inculque el amor por el arte; donde puedan comunicarse en sus lenguas originarias y se sientan orgullosos de ellas; una educaci\u00f3n que, a trav\u00e9s de un idioma extranjero, les abra las puertas al mundo; donde hagan uso de tecnolog\u00edas y que practiquen deporte. \u00bfC\u00f3mo lo haremos?<\/p>\n<p>Al <strong>Bicentenario<\/strong>:<\/p>\n<ul>\n<li>Implementaremos nuestro curr\u00edculo por competencias.<\/li>\n<li>Ampliaremos el acceso de 84% a 95% en educaci\u00f3n inicial.<\/li>\n<li>Implementaremos tres horas de arte semanales para el 60% de nuestros estudiantes.<\/li>\n<li>Llegaremos a cinco horas semanales de ense\u00f1anza de ingl\u00e9s en, al menos, el 70% de las secundarias del pa\u00eds.<\/li>\n<li>Siendo el deporte y la actividad f\u00edsica prioritaria y parte integral de la formaci\u00f3n de nuestros estudiantes, duplicaremos tambi\u00e9n el porcentaje de estudiantes que reciben horas de educaci\u00f3n f\u00edsica, de 30% a 60%.<\/li>\n<\/ul>\n<p>Enfatizaremos el uso intensivo de las tecnolog\u00edas de informaci\u00f3n para fortalecer el proceso de aprendizaje y las capacidades de los docentes.<\/p>\n<p>Por ello, en menos de cien d\u00edas, lanzaremos la Estrategia Nacional de uso de las TIC en educaci\u00f3n.<\/p>\n<ul>\n<li>Aseguraremos un mayor \u00e9nfasis en la educaci\u00f3n c\u00edvica y en la formaci\u00f3n ciudadana, posicionando a la escuela como un espacio democr\u00e1tico y de entendimiento de nuestros estudiantes de sus deberes y derechos.<\/li>\n<li>La educaci\u00f3n privada de calidad debe ser promovida y fortalecida para que ofrezca un servicio que complemente a la educaci\u00f3n p\u00fablica. Mantendremos una alianza pedag\u00f3gica con las escuelas privadas para que sus mejores pr\u00e1cticas puedan ser incorporadas en la gesti\u00f3n p\u00fablica, y que, al mismo tiempo, ellas puedan aprender de los avances de nuestros mejores docentes p\u00fablicos.<\/li>\n<\/ul>\n<p>La educaci\u00f3n secundaria ser\u00e1 tambi\u00e9n nuestra prioridad. \u00bfQu\u00e9 haremos?<\/p>\n<ul>\n<li><strong>En menos de cien d\u00edas <\/strong>lanzaremos el modelo de formaci\u00f3n t\u00e9cnica en la secundaria, vinculando a los alumnos con Centros de Educaci\u00f3n T\u00e9cnica Productiva e Institutos Superiores Tecnol\u00f3gicos.<\/li>\n<li><strong>Para el Bicentenario, <\/strong>incrementaremos las escuelas secundarias con Jornada Escolar Completa: pasaremos de 1600 a, al menos, 3500, porque nuestros j\u00f3venes merecen escuelas secundarias de calidad con 45 horas semanales de clases. Desde el pr\u00f3ximo a\u00f1o distritos como Caraz, en \u00c1ncash o Bellavista, en San Mart\u00edn, contar\u00e1n con esta jornada.<\/li>\n<\/ul>\n<p>No podemos dejar de lado la infraestructura escolar. La brecha en el sector es enorme: equivale al 10% del PBI. Necesitamos continuar renovando, sustituyendo y ampli\u00e1ndola a ritmo acelerado. De manera tal que <strong>para el Bicentenario<\/strong>, el 75% de escuelas del pa\u00eds contar\u00e1n con todos los servicios b\u00e1sicos.<\/p>\n<p>Estas reformas ser\u00e1n incompletas sin una eficiente gesti\u00f3n de las escuelas.<\/p>\n<p><strong>Para ello necesitamos directores l\u00edderes. Es por eso que haremos lo siguiente:<\/strong><\/p>\n<p>Este a\u00f1o, por segunda vez en la historia, se concursar\u00e1n al menos 10 mil plazas de directores y subdirectores.<\/p>\n<ul>\n<li>Adem\u00e1s, iniciaremos la formaci\u00f3n de cargos directivos de las Unidades de Gesti\u00f3n Educativa Local y Direcciones Regionales de Educaci\u00f3n recientemente seleccionados de forma meritocr\u00e1tica. Finalmente, debemos consolidar la reforma de la educaci\u00f3n superior. En este sentido:<\/li>\n<li>Invertiremos 100 millones de soles en el a\u00f1o 2017 en aquellas universidades p\u00fablicas que cumplan sus metas de gesti\u00f3n.<\/li>\n<li>Asimismo, al Bicentenario, la SUNEDU culminar\u00e1 con el proceso de licenciamiento de todas las universidades del pa\u00eds, garantizando est\u00e1ndares m\u00ednimos de calidad. Adem\u00e1s, perfeccionaremos la reforma universitaria donde sea necesario.<\/li>\n<\/ul>\n<p>Del lado de la educaci\u00f3n superior t\u00e9cnica, iniciaremos de inmediato el camino para tener institutos tecnol\u00f3gicos de alta calidad vinculados a las necesidades productivas del pa\u00eds. \u00bfC\u00f3mo lo haremos?<\/p>\n<ul>\n<li><strong>En menos de cien d\u00edas <\/strong>identificaremos y anunciaremos los primeros cinco Institutos Tecnol\u00f3gicos de Excelencia del pa\u00eds, enfocados en las necesidades de sus departamentos. <strong>Para el Bicentenario<\/strong>, todos los departamentos contar\u00e1n con uno de estos Institutos.<\/li>\n<li>Tambi\u00e9n, impulsaremos los programas de becas, concentr\u00e1ndonos en instituciones que tengan un compromiso continuo con la calidad.<\/li>\n<\/ul>\n<hr \/>\n<p>&nbsp;<\/p>\n<p><strong>SOBRE DESCENTRALIZACI\u00d3N<\/strong><\/p>\n<p>No habr\u00e1 Estado moderno sin descentralizaci\u00f3n. Un Estado moderno es\u00a0capaz de brindar a sus ciudadanos servicios por igual, sin importar d\u00f3nde\u00a0se encuentren. Necesitamos para eso lograr una mejor organizaci\u00f3n del\u00a0territorio, priorizando y facilitando acciones e inversiones que promuevan\u00a0su integraci\u00f3n. Ciudades conectadas dan lugar a redes de mercados, lo\u00a0que contribuye a mejorar las condiciones de comercio y empleo, que a su\u00a0vez propicia el surgimiento de servicios como los de educaci\u00f3n y salud de\u00a0mejor calidad, junto con otros que contribuyen al desarrollo de las\u00a0potencialidades de cada territorio. Conectar al Per\u00fa, es una tarea del\u00a0Gobierno Nacional que debe realizar codo a codo con los gobiernos\u00a0regionales y locales priorizando infraestructura y servicios que faciliten la\u00a0integraci\u00f3n nacional. Por eso, se promover\u00e1 la inversi\u00f3n en infraestructura\u00a0y servicios que contribuyan directamente a fomentar la integraci\u00f3n\u00a0territorial.<\/p>\n<p>La descentralizaci\u00f3n es un proceso con un alto componente pol\u00edtico y por\u00a0lo mismo requiere de la concertaci\u00f3n entre las autoridades electas para\u00a0avanzar y una s\u00f3lida direcci\u00f3n y rector\u00eda por parte del Poder Ejecutivo, de\u00a0una mayor participaci\u00f3n del Congreso en su monitoreo y de instancias\u00a0adecuadas de coordinaci\u00f3n y concertaci\u00f3n para tomar decisiones, ya que\u00a0todas las propuestas t\u00e9cnicas ser\u00e1n limitadas si no cuentan con una base\u00a0de capital pol\u00edtico suficiente para definirlas e implementarlas, m\u00e1xime\u00a0cuando involucra a tantos actores como en el caso de la descentralizaci\u00f3n.<\/p>\n<p>Por ello, promoveremos la conducci\u00f3n concertada de pol\u00edticas p\u00fablicas en\u00a0el marco de un Estado unitario y descentralizado.\u00a0Nuestro compromiso es trabajar de manera conjunta con las regiones.<\/p>\n<p>Coordinaremos estrechamente con los gobiernos regionales, como ya lo\u00a0venimos haciendo en nuestros viajes a Puno, Madre de Dios y Hu\u00e1nuco.<\/p>\n<p>Nuestro compromiso es que cada dos meses tengamos una reuni\u00f3n con la\u00a0Asamblea Nacional de Gobiernos Regionales y peri\u00f3dicamente con las\u00a0mancomunidades regionales para atender sus requerimientos de\u00a0desarrollo.<\/p>\n<p>Ver el el documento completo de la <a href=\"file:\/\/\/C:\/Users\/ProBook\/Downloads\/discurso%20premier%20zavala.pdf\">Exposici\u00f3n del Presidente del Consejo de Ministros Fernando Zavala Lombardi ante el Congreso de la Rep\u00fablica<\/a><\/p>\n","protected":false},"excerpt":{"rendered":"<p>Luego de poco m\u00e1s de 2 horas \u2014a las 11:50 a.m.\u2014 el primer ministro Fernando Zavala culmin\u00f3 su exposici\u00f3n ante [&hellip;]<\/p>\n","protected":false},"author":63,"featured_media":12271,"comment_status":"open","ping_status":"open","sticky":false,"template":"","format":"standard","meta":{"spay_email":""},"categories":[125],"tags":[],"yoast_head":"<!-- This site is optimized with the Yoast SEO plugin v18.0 - https:\/\/yoast.com\/wordpress\/plugins\/seo\/ -->\n<title>Educaci\u00f3n y descentralizaci\u00f3n en la exposici\u00f3n del ministro Fernando Zavala para pedir el voto de confianza - Red Peruana de Gestores de la Educaci\u00f3n<\/title>\n<meta name=\"robots\" content=\"index, follow, max-snippet:-1, max-image-preview:large, max-video-preview:-1\" \/>\n<link rel=\"canonical\" href=\"https:\/\/www.edugestores.pe\/?p=12266\" \/>\n<meta property=\"og:locale\" content=\"es_ES\" \/>\n<meta property=\"og:type\" content=\"article\" \/>\n<meta property=\"og:title\" content=\"Educaci\u00f3n y descentralizaci\u00f3n en la exposici\u00f3n del ministro Fernando Zavala para pedir el voto de confianza - Red Peruana de Gestores de la Educaci\u00f3n\" \/>\n<meta property=\"og:description\" content=\"Luego de poco m\u00e1s de 2 horas \u2014a las 11:50 a.m.\u2014 el primer ministro Fernando Zavala culmin\u00f3 su exposici\u00f3n ante [&hellip;]\" \/>\n<meta property=\"og:url\" content=\"https:\/\/www.edugestores.pe\/?p=12266\" \/>\n<meta property=\"og:site_name\" content=\"Red Peruana de Gestores de la Educaci\u00f3n\" \/>\n<meta property=\"article:published_time\" content=\"2016-08-18T17:32:46+00:00\" \/>\n<meta property=\"article:modified_time\" content=\"2016-08-24T17:41:23+00:00\" \/>\n<meta property=\"og:image\" content=\"https:\/\/www.edugestores.pe\/wp-content\/uploads\/2016\/08\/exposicion-zavala.jpg\" \/>\n\t<meta property=\"og:image:width\" content=\"924\" \/>\n\t<meta property=\"og:image:height\" content=\"530\" \/>\n\t<meta property=\"og:image:type\" content=\"image\/jpeg\" \/>\n<meta name=\"twitter:card\" content=\"summary_large_image\" \/>\n<meta name=\"twitter:label1\" content=\"Escrito por\" \/>\n\t<meta name=\"twitter:data1\" content=\"Administrador\" \/>\n\t<meta name=\"twitter:label2\" content=\"Tiempo de lectura\" \/>\n\t<meta name=\"twitter:data2\" content=\"7 minutos\" \/>\n<script type=\"application\/ld+json\" class=\"yoast-schema-graph\">{\"@context\":\"https:\/\/schema.org\",\"@graph\":[{\"@type\":\"WebSite\",\"@id\":\"https:\/\/www.edugestores.pe\/#website\",\"url\":\"https:\/\/www.edugestores.pe\/\",\"name\":\"Red Peruana de Gestores de la Educaci\u00f3n\",\"description\":\"Red Peruana de Gestores de la Educaci\u00f3n\",\"potentialAction\":[{\"@type\":\"SearchAction\",\"target\":{\"@type\":\"EntryPoint\",\"urlTemplate\":\"https:\/\/www.edugestores.pe\/?s={search_term_string}\"},\"query-input\":\"required name=search_term_string\"}],\"inLanguage\":\"es\"},{\"@type\":\"ImageObject\",\"@id\":\"https:\/\/www.edugestores.pe\/?p=12266#primaryimage\",\"inLanguage\":\"es\",\"url\":\"https:\/\/www.edugestores.pe\/wp-content\/uploads\/2016\/08\/exposicion-zavala.jpg\",\"contentUrl\":\"https:\/\/www.edugestores.pe\/wp-content\/uploads\/2016\/08\/exposicion-zavala.jpg\",\"width\":924,\"height\":530},{\"@type\":\"WebPage\",\"@id\":\"https:\/\/www.edugestores.pe\/?p=12266#webpage\",\"url\":\"https:\/\/www.edugestores.pe\/?p=12266\",\"name\":\"Educaci\u00f3n y descentralizaci\u00f3n en la exposici\u00f3n del ministro Fernando Zavala para pedir el voto de confianza - Red Peruana de Gestores de la Educaci\u00f3n\",\"isPartOf\":{\"@id\":\"https:\/\/www.edugestores.pe\/#website\"},\"primaryImageOfPage\":{\"@id\":\"https:\/\/www.edugestores.pe\/?p=12266#primaryimage\"},\"datePublished\":\"2016-08-18T17:32:46+00:00\",\"dateModified\":\"2016-08-24T17:41:23+00:00\",\"author\":{\"@id\":\"https:\/\/www.edugestores.pe\/#\/schema\/person\/30dc82f35f5853289037a64b35c7c7d3\"},\"breadcrumb\":{\"@id\":\"https:\/\/www.edugestores.pe\/?p=12266#breadcrumb\"},\"inLanguage\":\"es\",\"potentialAction\":[{\"@type\":\"ReadAction\",\"target\":[\"https:\/\/www.edugestores.pe\/?p=12266\"]}]},{\"@type\":\"BreadcrumbList\",\"@id\":\"https:\/\/www.edugestores.pe\/?p=12266#breadcrumb\",\"itemListElement\":[{\"@type\":\"ListItem\",\"position\":1,\"name\":\"Portada\",\"item\":\"https:\/\/www.edugestores.pe\/\"},{\"@type\":\"ListItem\",\"position\":2,\"name\":\"Educaci\u00f3n y descentralizaci\u00f3n en la exposici\u00f3n del ministro Fernando Zavala para pedir el voto de confianza\"}]},{\"@type\":\"Person\",\"@id\":\"https:\/\/www.edugestores.pe\/#\/schema\/person\/30dc82f35f5853289037a64b35c7c7d3\",\"name\":\"Administrador\",\"image\":{\"@type\":\"ImageObject\",\"@id\":\"https:\/\/www.edugestores.pe\/#personlogo\",\"inLanguage\":\"es\",\"url\":\"https:\/\/secure.gravatar.com\/avatar\/70960d1239c4d2c778bb3d2786a3c1ae?s=96&d=mm&r=g\",\"contentUrl\":\"https:\/\/secure.gravatar.com\/avatar\/70960d1239c4d2c778bb3d2786a3c1ae?s=96&d=mm&r=g\",\"caption\":\"Administrador\"},\"url\":\"https:\/\/www.edugestores.pe\/?author=63\"}]}<\/script>\n<!-- \/ Yoast SEO plugin. -->","yoast_head_json":{"title":"Educaci\u00f3n y descentralizaci\u00f3n en la exposici\u00f3n del ministro Fernando Zavala para pedir el voto de confianza - Red Peruana de Gestores de la Educaci\u00f3n","robots":{"index":"index","follow":"follow","max-snippet":"max-snippet:-1","max-image-preview":"max-image-preview:large","max-video-preview":"max-video-preview:-1"},"canonical":"https:\/\/www.edugestores.pe\/?p=12266","og_locale":"es_ES","og_type":"article","og_title":"Educaci\u00f3n y descentralizaci\u00f3n en la exposici\u00f3n del ministro Fernando Zavala para pedir el voto de confianza - Red Peruana de Gestores de la Educaci\u00f3n","og_description":"Luego de poco m\u00e1s de 2 horas \u2014a las 11:50 a.m.\u2014 el primer ministro Fernando Zavala culmin\u00f3 su exposici\u00f3n ante [&hellip;]","og_url":"https:\/\/www.edugestores.pe\/?p=12266","og_site_name":"Red Peruana de Gestores de la Educaci\u00f3n","article_published_time":"2016-08-18T17:32:46+00:00","article_modified_time":"2016-08-24T17:41:23+00:00","og_image":[{"width":924,"height":530,"url":"https:\/\/www.edugestores.pe\/wp-content\/uploads\/2016\/08\/exposicion-zavala.jpg","type":"image\/jpeg"}],"twitter_card":"summary_large_image","twitter_misc":{"Escrito por":"Administrador","Tiempo de lectura":"7 minutos"},"schema":{"@context":"https:\/\/schema.org","@graph":[{"@type":"WebSite","@id":"https:\/\/www.edugestores.pe\/#website","url":"https:\/\/www.edugestores.pe\/","name":"Red Peruana de Gestores de la Educaci\u00f3n","description":"Red Peruana de Gestores de la Educaci\u00f3n","potentialAction":[{"@type":"SearchAction","target":{"@type":"EntryPoint","urlTemplate":"https:\/\/www.edugestores.pe\/?s={search_term_string}"},"query-input":"required name=search_term_string"}],"inLanguage":"es"},{"@type":"ImageObject","@id":"https:\/\/www.edugestores.pe\/?p=12266#primaryimage","inLanguage":"es","url":"https:\/\/www.edugestores.pe\/wp-content\/uploads\/2016\/08\/exposicion-zavala.jpg","contentUrl":"https:\/\/www.edugestores.pe\/wp-content\/uploads\/2016\/08\/exposicion-zavala.jpg","width":924,"height":530},{"@type":"WebPage","@id":"https:\/\/www.edugestores.pe\/?p=12266#webpage","url":"https:\/\/www.edugestores.pe\/?p=12266","name":"Educaci\u00f3n y descentralizaci\u00f3n en la exposici\u00f3n del ministro Fernando Zavala para pedir el voto de confianza - Red Peruana de Gestores de la Educaci\u00f3n","isPartOf":{"@id":"https:\/\/www.edugestores.pe\/#website"},"primaryImageOfPage":{"@id":"https:\/\/www.edugestores.pe\/?p=12266#primaryimage"},"datePublished":"2016-08-18T17:32:46+00:00","dateModified":"2016-08-24T17:41:23+00:00","author":{"@id":"https:\/\/www.edugestores.pe\/#\/schema\/person\/30dc82f35f5853289037a64b35c7c7d3"},"breadcrumb":{"@id":"https:\/\/www.edugestores.pe\/?p=12266#breadcrumb"},"inLanguage":"es","potentialAction":[{"@type":"ReadAction","target":["https:\/\/www.edugestores.pe\/?p=12266"]}]},{"@type":"BreadcrumbList","@id":"https:\/\/www.edugestores.pe\/?p=12266#breadcrumb","itemListElement":[{"@type":"ListItem","position":1,"name":"Portada","item":"https:\/\/www.edugestores.pe\/"},{"@type":"ListItem","position":2,"name":"Educaci\u00f3n y descentralizaci\u00f3n en la exposici\u00f3n del ministro Fernando Zavala para pedir el voto de confianza"}]},{"@type":"Person","@id":"https:\/\/www.edugestores.pe\/#\/schema\/person\/30dc82f35f5853289037a64b35c7c7d3","name":"Administrador","image":{"@type":"ImageObject","@id":"https:\/\/www.edugestores.pe\/#personlogo","inLanguage":"es","url":"https:\/\/secure.gravatar.com\/avatar\/70960d1239c4d2c778bb3d2786a3c1ae?s=96&d=mm&r=g","contentUrl":"https:\/\/secure.gravatar.com\/avatar\/70960d1239c4d2c778bb3d2786a3c1ae?s=96&d=mm&r=g","caption":"Administrador"},"url":"https:\/\/www.edugestores.pe\/?author=63"}]}},"jetpack_featured_media_url":"https:\/\/www.edugestores.pe\/wp-content\/uploads\/2016\/08\/exposicion-zavala.jpg","_links":{"self":[{"href":"https:\/\/www.edugestores.pe\/index.php?rest_route=\/wp\/v2\/posts\/12266"}],"collection":[{"href":"https:\/\/www.edugestores.pe\/index.php?rest_route=\/wp\/v2\/posts"}],"about":[{"href":"https:\/\/www.edugestores.pe\/index.php?rest_route=\/wp\/v2\/types\/post"}],"author":[{"embeddable":true,"href":"https:\/\/www.edugestores.pe\/index.php?rest_route=\/wp\/v2\/users\/63"}],"replies":[{"embeddable":true,"href":"https:\/\/www.edugestores.pe\/index.php?rest_route=%2Fwp%2Fv2%2Fcomments&post=12266"}],"version-history":[{"count":6,"href":"https:\/\/www.edugestores.pe\/index.php?rest_route=\/wp\/v2\/posts\/12266\/revisions"}],"predecessor-version":[{"id":12281,"href":"https:\/\/www.edugestores.pe\/index.php?rest_route=\/wp\/v2\/posts\/12266\/revisions\/12281"}],"wp:featuredmedia":[{"embeddable":true,"href":"https:\/\/www.edugestores.pe\/index.php?rest_route=\/wp\/v2\/media\/12271"}],"wp:attachment":[{"href":"https:\/\/www.edugestores.pe\/index.php?rest_route=%2Fwp%2Fv2%2Fmedia&parent=12266"}],"wp:term":[{"taxonomy":"category","embeddable":true,"href":"https:\/\/www.edugestores.pe\/index.php?rest_route=%2Fwp%2Fv2%2Fcategories&post=12266"},{"taxonomy":"post_tag","embeddable":true,"href":"https:\/\/www.edugestores.pe\/index.php?rest_route=%2Fwp%2Fv2%2Ftags&post=12266"}],"curies":[{"name":"wp","href":"https:\/\/api.w.org\/{rel}","templated":true}]}}