{"id":12283,"date":"2016-08-19T10:11:09","date_gmt":"2016-08-19T15:11:09","guid":{"rendered":"https:\/\/www.edugestores.pe\/?p=12283"},"modified":"2016-08-24T12:41:30","modified_gmt":"2016-08-24T17:41:30","slug":"es-positivo-haber-puesto-al-docente-como-la-gran-prioridad-del-sector-educacion-afirman","status":"publish","type":"post","link":"https:\/\/www.edugestores.pe\/?p=12283","title":{"rendered":"Es positivo haber puesto al docente como la gran prioridad del sector Educaci\u00f3n"},"content":{"rendered":"<p>El exviceministro de Educaci\u00f3n Mart\u00edn Vegas consider\u00f3 hoy positivo que se haya puesto al docente como la gran prioridad del sector Educaci\u00f3n, en la exposici\u00f3n del presidente del Consejo de Ministros, Fernando Zavala, ante el Congreso de la Rep\u00fablica.<\/p>\n<div><\/div>\n<div>\n<div>En di\u00e1logo con <strong>Andina<\/strong>, Vegas se refiri\u00f3 al incremento remunerativo que se pondr\u00e1 en marcha a partir del 2017 y a la creaci\u00f3n de Servicio Nacional de Formaci\u00f3n Docente y Directiva, la cual, consider\u00f3, es &#8220;muy importante&#8221; porque consolidar\u00e1 todos los esfuerzos dedicados al fortalecimiento de capacidades de nuestros maestros.<\/div>\n<div><\/div>\n<div>&#8220;El <a class=\"ApplyClass\" href=\"http:\/\/www.andina.com.pe\/agencia\/noticia-conoce-las-medidas-anunciadas-premier-zavala-sector-educacion-626896.aspx\" target=\"_blank\">mensaje<\/a>\u00a0es de continuidad de las pol\u00edticas educativas y eso es importante porque no debe cambiar de gobierno a gobierno. Y es positivo que se hayan puesto las pol\u00edticas de docentes como la gran prioridad, porque tenemos tanto el reto de recuperar las remuneraci\u00f3n pero tambi\u00e9n atraer a la carrera a los mejores&#8221;, subray\u00f3.<\/div>\n<div><\/div>\n<div>Sobre el Servicio de Formaci\u00f3n Docente y Directiva dijo que all\u00ed &#8220;ser\u00e1 necesario que se trabaje con las mejores instituciones o universidades que est\u00e9n acreditadas. <strong>El gran reto ser\u00e1 tener buenos formadores para tener a futuro mejores docentes&#8221;.<\/strong><\/div>\n<div><\/div>\n<div>Vegas tambi\u00e9n destac\u00f3 que el premier haya puesto metas a determinadas medidas, tanto para ser cumplidas en los primeros 100 d\u00edas de gobierno como al cumplirse el Bicentenario de la Independencia Nacional del Per\u00fa.<\/div>\n<div><\/div>\n<div>No obstante, lament\u00f3 que no se haya mencionado ninguna medida destinada a eliminar la brecha de desigualdad entre la educaci\u00f3n p\u00fablica urbana y rural, as\u00ed como la educaci\u00f3n a los padres de familia para potenciar la salud y habilidades en la primera infancia, es decir de 0 a 3 a\u00f1os de edad.<\/div>\n<div><\/div>\n<div><strong>&#8220;Algo de esto se hace con Cuna Mas a menor escala, pero est\u00e1 muy focalizado. Debe haber estrategias para ense\u00f1arle a los padres c\u00f3mo deben criar a sus ni\u00f1os porque la etapa de 0 a 3 a\u00f1os es fundamental a nivel cognitivo y nutricional&#8221;.<\/strong><\/div>\n<div><\/div>\n<div>A modo de sugerencia, dijo que los ministerios de Desarrollo e Inclusi\u00f3n Social (Midis), Salud y Educaci\u00f3n deber\u00edan realizar una alianza para formar padres y ense\u00f1ar m\u00e1s sobre la crianza en los primeros a\u00f1os, por ejemplo cuando se hacen los chequeos m\u00e9dicos.<\/div>\n<div><\/div>\n<div>&#8220;Cuando el ni\u00f1o tiene un buen apego y calidez en el hogar, y se fomenta la creatividad, tendr\u00e1 otra base de crianza y tendr\u00e1 un mejor futuro. Cuando se le pega, se le maltrata y no se le deja jugar, eso ser\u00e1 perjudicial y los problemas saldr\u00e1n m\u00e1s adelante. Eso hay que ense\u00f1ar a los padres de zonas urbanas \u00a0y rurales&#8221;.<\/div>\n<div><\/div>\n<div>(FIN) RRC\/RRC<\/div>\n<\/div>\n","protected":false},"excerpt":{"rendered":"<p>El exviceministro de Educaci\u00f3n Mart\u00edn Vegas consider\u00f3 hoy positivo que se haya puesto al docente como la gran prioridad del [&hellip;]<\/p>\n","protected":false},"author":63,"featured_media":12284,"comment_status":"open","ping_status":"open","sticky":false,"template":"","format":"standard","meta":{"spay_email":""},"categories":[125],"tags":[],"yoast_head":"<!-- This site is optimized with the Yoast SEO plugin v18.0 - https:\/\/yoast.com\/wordpress\/plugins\/seo\/ -->\n<title>Es positivo haber puesto al docente como la gran prioridad del sector Educaci\u00f3n - Red Peruana de Gestores de la Educaci\u00f3n<\/title>\n<meta name=\"robots\" content=\"index, follow, max-snippet:-1, max-image-preview:large, max-video-preview:-1\" \/>\n<link rel=\"canonical\" href=\"https:\/\/www.edugestores.pe\/?p=12283\" \/>\n<meta property=\"og:locale\" content=\"es_ES\" \/>\n<meta property=\"og:type\" content=\"article\" \/>\n<meta property=\"og:title\" content=\"Es positivo haber puesto al docente como la gran prioridad del sector Educaci\u00f3n - Red Peruana de Gestores de la Educaci\u00f3n\" \/>\n<meta property=\"og:description\" content=\"El exviceministro de Educaci\u00f3n Mart\u00edn Vegas consider\u00f3 hoy positivo que se haya puesto al docente como la gran prioridad del [&hellip;]\" \/>\n<meta property=\"og:url\" content=\"https:\/\/www.edugestores.pe\/?p=12283\" \/>\n<meta property=\"og:site_name\" content=\"Red Peruana de Gestores de la Educaci\u00f3n\" \/>\n<meta property=\"article:published_time\" content=\"2016-08-19T15:11:09+00:00\" \/>\n<meta property=\"article:modified_time\" content=\"2016-08-24T17:41:30+00:00\" \/>\n<meta property=\"og:image\" content=\"https:\/\/www.edugestores.pe\/wp-content\/uploads\/2016\/08\/martin-vegas.png\" \/>\n\t<meta property=\"og:image:width\" content=\"673\" \/>\n\t<meta property=\"og:image:height\" content=\"435\" \/>\n\t<meta property=\"og:image:type\" content=\"image\/png\" \/>\n<meta name=\"twitter:card\" content=\"summary_large_image\" \/>\n<meta name=\"twitter:label1\" content=\"Escrito por\" \/>\n\t<meta name=\"twitter:data1\" content=\"Administrador\" \/>\n\t<meta name=\"twitter:label2\" content=\"Tiempo de lectura\" \/>\n\t<meta name=\"twitter:data2\" content=\"2 minutos\" \/>\n<script type=\"application\/ld+json\" class=\"yoast-schema-graph\">{\"@context\":\"https:\/\/schema.org\",\"@graph\":[{\"@type\":\"WebSite\",\"@id\":\"https:\/\/www.edugestores.pe\/#website\",\"url\":\"https:\/\/www.edugestores.pe\/\",\"name\":\"Red Peruana de Gestores de la Educaci\u00f3n\",\"description\":\"Red Peruana de Gestores de la Educaci\u00f3n\",\"potentialAction\":[{\"@type\":\"SearchAction\",\"target\":{\"@type\":\"EntryPoint\",\"urlTemplate\":\"https:\/\/www.edugestores.pe\/?s={search_term_string}\"},\"query-input\":\"required name=search_term_string\"}],\"inLanguage\":\"es\"},{\"@type\":\"ImageObject\",\"@id\":\"https:\/\/www.edugestores.pe\/?p=12283#primaryimage\",\"inLanguage\":\"es\",\"url\":\"https:\/\/www.edugestores.pe\/wp-content\/uploads\/2016\/08\/martin-vegas.png\",\"contentUrl\":\"https:\/\/www.edugestores.pe\/wp-content\/uploads\/2016\/08\/martin-vegas.png\",\"width\":673,\"height\":435},{\"@type\":\"WebPage\",\"@id\":\"https:\/\/www.edugestores.pe\/?p=12283#webpage\",\"url\":\"https:\/\/www.edugestores.pe\/?p=12283\",\"name\":\"Es positivo haber puesto al docente como la gran prioridad del sector Educaci\u00f3n - Red Peruana de Gestores de la Educaci\u00f3n\",\"isPartOf\":{\"@id\":\"https:\/\/www.edugestores.pe\/#website\"},\"primaryImageOfPage\":{\"@id\":\"https:\/\/www.edugestores.pe\/?p=12283#primaryimage\"},\"datePublished\":\"2016-08-19T15:11:09+00:00\",\"dateModified\":\"2016-08-24T17:41:30+00:00\",\"author\":{\"@id\":\"https:\/\/www.edugestores.pe\/#\/schema\/person\/30dc82f35f5853289037a64b35c7c7d3\"},\"breadcrumb\":{\"@id\":\"https:\/\/www.edugestores.pe\/?p=12283#breadcrumb\"},\"inLanguage\":\"es\",\"potentialAction\":[{\"@type\":\"ReadAction\",\"target\":[\"https:\/\/www.edugestores.pe\/?p=12283\"]}]},{\"@type\":\"BreadcrumbList\",\"@id\":\"https:\/\/www.edugestores.pe\/?p=12283#breadcrumb\",\"itemListElement\":[{\"@type\":\"ListItem\",\"position\":1,\"name\":\"Portada\",\"item\":\"https:\/\/www.edugestores.pe\/\"},{\"@type\":\"ListItem\",\"position\":2,\"name\":\"Es positivo haber puesto al docente como la gran prioridad del sector Educaci\u00f3n\"}]},{\"@type\":\"Person\",\"@id\":\"https:\/\/www.edugestores.pe\/#\/schema\/person\/30dc82f35f5853289037a64b35c7c7d3\",\"name\":\"Administrador\",\"image\":{\"@type\":\"ImageObject\",\"@id\":\"https:\/\/www.edugestores.pe\/#personlogo\",\"inLanguage\":\"es\",\"url\":\"https:\/\/secure.gravatar.com\/avatar\/70960d1239c4d2c778bb3d2786a3c1ae?s=96&d=mm&r=g\",\"contentUrl\":\"https:\/\/secure.gravatar.com\/avatar\/70960d1239c4d2c778bb3d2786a3c1ae?s=96&d=mm&r=g\",\"caption\":\"Administrador\"},\"url\":\"https:\/\/www.edugestores.pe\/?author=63\"}]}<\/script>\n<!-- \/ Yoast SEO plugin. -->","yoast_head_json":{"title":"Es positivo haber puesto al docente como la gran prioridad del sector Educaci\u00f3n - Red Peruana de Gestores de la Educaci\u00f3n","robots":{"index":"index","follow":"follow","max-snippet":"max-snippet:-1","max-image-preview":"max-image-preview:large","max-video-preview":"max-video-preview:-1"},"canonical":"https:\/\/www.edugestores.pe\/?p=12283","og_locale":"es_ES","og_type":"article","og_title":"Es positivo haber puesto al docente como la gran prioridad del sector Educaci\u00f3n - Red Peruana de Gestores de la Educaci\u00f3n","og_description":"El exviceministro de Educaci\u00f3n Mart\u00edn Vegas consider\u00f3 hoy positivo que se haya puesto al docente como la gran prioridad del [&hellip;]","og_url":"https:\/\/www.edugestores.pe\/?p=12283","og_site_name":"Red Peruana de Gestores de la Educaci\u00f3n","article_published_time":"2016-08-19T15:11:09+00:00","article_modified_time":"2016-08-24T17:41:30+00:00","og_image":[{"width":673,"height":435,"url":"https:\/\/www.edugestores.pe\/wp-content\/uploads\/2016\/08\/martin-vegas.png","type":"image\/png"}],"twitter_card":"summary_large_image","twitter_misc":{"Escrito por":"Administrador","Tiempo de lectura":"2 minutos"},"schema":{"@context":"https:\/\/schema.org","@graph":[{"@type":"WebSite","@id":"https:\/\/www.edugestores.pe\/#website","url":"https:\/\/www.edugestores.pe\/","name":"Red Peruana de Gestores de la Educaci\u00f3n","description":"Red Peruana de Gestores de la Educaci\u00f3n","potentialAction":[{"@type":"SearchAction","target":{"@type":"EntryPoint","urlTemplate":"https:\/\/www.edugestores.pe\/?s={search_term_string}"},"query-input":"required name=search_term_string"}],"inLanguage":"es"},{"@type":"ImageObject","@id":"https:\/\/www.edugestores.pe\/?p=12283#primaryimage","inLanguage":"es","url":"https:\/\/www.edugestores.pe\/wp-content\/uploads\/2016\/08\/martin-vegas.png","contentUrl":"https:\/\/www.edugestores.pe\/wp-content\/uploads\/2016\/08\/martin-vegas.png","width":673,"height":435},{"@type":"WebPage","@id":"https:\/\/www.edugestores.pe\/?p=12283#webpage","url":"https:\/\/www.edugestores.pe\/?p=12283","name":"Es positivo haber puesto al docente como la gran prioridad del sector Educaci\u00f3n - Red Peruana de Gestores de la Educaci\u00f3n","isPartOf":{"@id":"https:\/\/www.edugestores.pe\/#website"},"primaryImageOfPage":{"@id":"https:\/\/www.edugestores.pe\/?p=12283#primaryimage"},"datePublished":"2016-08-19T15:11:09+00:00","dateModified":"2016-08-24T17:41:30+00:00","author":{"@id":"https:\/\/www.edugestores.pe\/#\/schema\/person\/30dc82f35f5853289037a64b35c7c7d3"},"breadcrumb":{"@id":"https:\/\/www.edugestores.pe\/?p=12283#breadcrumb"},"inLanguage":"es","potentialAction":[{"@type":"ReadAction","target":["https:\/\/www.edugestores.pe\/?p=12283"]}]},{"@type":"BreadcrumbList","@id":"https:\/\/www.edugestores.pe\/?p=12283#breadcrumb","itemListElement":[{"@type":"ListItem","position":1,"name":"Portada","item":"https:\/\/www.edugestores.pe\/"},{"@type":"ListItem","position":2,"name":"Es positivo haber puesto al docente como la gran prioridad del sector Educaci\u00f3n"}]},{"@type":"Person","@id":"https:\/\/www.edugestores.pe\/#\/schema\/person\/30dc82f35f5853289037a64b35c7c7d3","name":"Administrador","image":{"@type":"ImageObject","@id":"https:\/\/www.edugestores.pe\/#personlogo","inLanguage":"es","url":"https:\/\/secure.gravatar.com\/avatar\/70960d1239c4d2c778bb3d2786a3c1ae?s=96&d=mm&r=g","contentUrl":"https:\/\/secure.gravatar.com\/avatar\/70960d1239c4d2c778bb3d2786a3c1ae?s=96&d=mm&r=g","caption":"Administrador"},"url":"https:\/\/www.edugestores.pe\/?author=63"}]}},"jetpack_featured_media_url":"https:\/\/www.edugestores.pe\/wp-content\/uploads\/2016\/08\/martin-vegas.png","_links":{"self":[{"href":"https:\/\/www.edugestores.pe\/index.php?rest_route=\/wp\/v2\/posts\/12283"}],"collection":[{"href":"https:\/\/www.edugestores.pe\/index.php?rest_route=\/wp\/v2\/posts"}],"about":[{"href":"https:\/\/www.edugestores.pe\/index.php?rest_route=\/wp\/v2\/types\/post"}],"author":[{"embeddable":true,"href":"https:\/\/www.edugestores.pe\/index.php?rest_route=\/wp\/v2\/users\/63"}],"replies":[{"embeddable":true,"href":"https:\/\/www.edugestores.pe\/index.php?rest_route=%2Fwp%2Fv2%2Fcomments&post=12283"}],"version-history":[{"count":2,"href":"https:\/\/www.edugestores.pe\/index.php?rest_route=\/wp\/v2\/posts\/12283\/revisions"}],"predecessor-version":[{"id":12286,"href":"https:\/\/www.edugestores.pe\/index.php?rest_route=\/wp\/v2\/posts\/12283\/revisions\/12286"}],"wp:featuredmedia":[{"embeddable":true,"href":"https:\/\/www.edugestores.pe\/index.php?rest_route=\/wp\/v2\/media\/12284"}],"wp:attachment":[{"href":"https:\/\/www.edugestores.pe\/index.php?rest_route=%2Fwp%2Fv2%2Fmedia&parent=12283"}],"wp:term":[{"taxonomy":"category","embeddable":true,"href":"https:\/\/www.edugestores.pe\/index.php?rest_route=%2Fwp%2Fv2%2Fcategories&post=12283"},{"taxonomy":"post_tag","embeddable":true,"href":"https:\/\/www.edugestores.pe\/index.php?rest_route=%2Fwp%2Fv2%2Ftags&post=12283"}],"curies":[{"name":"wp","href":"https:\/\/api.w.org\/{rel}","templated":true}]}}