{"id":12287,"date":"2016-08-19T10:22:11","date_gmt":"2016-08-19T15:22:11","guid":{"rendered":"https:\/\/www.edugestores.pe\/?p=12287"},"modified":"2016-08-24T12:41:37","modified_gmt":"2016-08-24T17:41:37","slug":"ayacucho-realizan-reunion-extraordinaria-de-coordinacion-de-gestion-educativa-regional","status":"publish","type":"post","link":"https:\/\/www.edugestores.pe\/?p=12287","title":{"rendered":"Ayacucho: realizan reuni\u00f3n extraordinaria de Coordinaci\u00f3n de Gesti\u00f3n Educativa Regional"},"content":{"rendered":"<p>El Gobierno Regional de Ayacucho a trav\u00e9s de la Gerencia Regional de Desarrollo Social en coordinaci\u00f3n con la Direcci\u00f3n Regional de Educaci\u00f3n, realiz\u00f3 el 12 de agosto, una reuni\u00f3n extraordinaria de Coordinaci\u00f3n de Gesti\u00f3n Educativa Regional-CGER, con los 11 nuevos Directores de las Unidades de Gesti\u00f3n Educativa Local-UGEL, espacio en la que se socializ\u00f3 las s\u00edes pol\u00edticas publicas priorizadas en el Plan de Mediano plazo y la Agenda Educativa Regional 2016-2018.<br \/>\nConcluy\u00f3 la reuni\u00f3n con firma de de acuerdos y compromisos para ser evaluados en la pr\u00f3xima reuni\u00f3n.<\/p>\n","protected":false},"excerpt":{"rendered":"<p>El Gobierno Regional de Ayacucho a trav\u00e9s de la Gerencia Regional de Desarrollo Social en coordinaci\u00f3n con la Direcci\u00f3n Regional [&hellip;]<\/p>\n","protected":false},"author":63,"featured_media":12288,"comment_status":"open","ping_status":"open","sticky":false,"template":"","format":"standard","meta":{"spay_email":""},"categories":[125],"tags":[],"yoast_head":"<!-- This site is optimized with the Yoast SEO plugin v18.0 - https:\/\/yoast.com\/wordpress\/plugins\/seo\/ -->\n<title>Ayacucho: realizan reuni\u00f3n extraordinaria de Coordinaci\u00f3n de Gesti\u00f3n Educativa Regional - Red Peruana de Gestores de la Educaci\u00f3n<\/title>\n<meta name=\"robots\" content=\"index, follow, max-snippet:-1, max-image-preview:large, max-video-preview:-1\" \/>\n<link rel=\"canonical\" href=\"https:\/\/www.edugestores.pe\/?p=12287\" \/>\n<meta property=\"og:locale\" content=\"es_ES\" \/>\n<meta property=\"og:type\" content=\"article\" \/>\n<meta property=\"og:title\" content=\"Ayacucho: realizan reuni\u00f3n extraordinaria de Coordinaci\u00f3n de Gesti\u00f3n Educativa Regional - Red Peruana de Gestores de la Educaci\u00f3n\" \/>\n<meta property=\"og:description\" content=\"El Gobierno Regional de Ayacucho a trav\u00e9s de la Gerencia Regional de Desarrollo Social en coordinaci\u00f3n con la Direcci\u00f3n Regional [&hellip;]\" \/>\n<meta property=\"og:url\" content=\"https:\/\/www.edugestores.pe\/?p=12287\" \/>\n<meta property=\"og:site_name\" content=\"Red Peruana de Gestores de la Educaci\u00f3n\" \/>\n<meta property=\"article:published_time\" content=\"2016-08-19T15:22:11+00:00\" \/>\n<meta property=\"article:modified_time\" content=\"2016-08-24T17:41:37+00:00\" \/>\n<meta property=\"og:image\" content=\"https:\/\/www.edugestores.pe\/wp-content\/uploads\/2016\/08\/REUNION-EXTRAORDINARIA-DE-COORDINACION-EN-GESTION-EDUCATIVA-REGIONAL.jpg\" \/>\n\t<meta property=\"og:image:width\" content=\"470\" \/>\n\t<meta property=\"og:image:height\" content=\"262\" \/>\n\t<meta property=\"og:image:type\" content=\"image\/jpeg\" \/>\n<meta name=\"twitter:card\" content=\"summary_large_image\" \/>\n<meta name=\"twitter:label1\" content=\"Escrito por\" \/>\n\t<meta name=\"twitter:data1\" content=\"Administrador\" \/>\n<script type=\"application\/ld+json\" class=\"yoast-schema-graph\">{\"@context\":\"https:\/\/schema.org\",\"@graph\":[{\"@type\":\"WebSite\",\"@id\":\"https:\/\/www.edugestores.pe\/#website\",\"url\":\"https:\/\/www.edugestores.pe\/\",\"name\":\"Red Peruana de Gestores de la Educaci\u00f3n\",\"description\":\"Red Peruana de Gestores de la Educaci\u00f3n\",\"potentialAction\":[{\"@type\":\"SearchAction\",\"target\":{\"@type\":\"EntryPoint\",\"urlTemplate\":\"https:\/\/www.edugestores.pe\/?s={search_term_string}\"},\"query-input\":\"required name=search_term_string\"}],\"inLanguage\":\"es\"},{\"@type\":\"ImageObject\",\"@id\":\"https:\/\/www.edugestores.pe\/?p=12287#primaryimage\",\"inLanguage\":\"es\",\"url\":\"https:\/\/www.edugestores.pe\/wp-content\/uploads\/2016\/08\/REUNION-EXTRAORDINARIA-DE-COORDINACION-EN-GESTION-EDUCATIVA-REGIONAL.jpg\",\"contentUrl\":\"https:\/\/www.edugestores.pe\/wp-content\/uploads\/2016\/08\/REUNION-EXTRAORDINARIA-DE-COORDINACION-EN-GESTION-EDUCATIVA-REGIONAL.jpg\",\"width\":470,\"height\":262},{\"@type\":\"WebPage\",\"@id\":\"https:\/\/www.edugestores.pe\/?p=12287#webpage\",\"url\":\"https:\/\/www.edugestores.pe\/?p=12287\",\"name\":\"Ayacucho: realizan reuni\u00f3n extraordinaria de Coordinaci\u00f3n de Gesti\u00f3n Educativa Regional - Red Peruana de Gestores de la Educaci\u00f3n\",\"isPartOf\":{\"@id\":\"https:\/\/www.edugestores.pe\/#website\"},\"primaryImageOfPage\":{\"@id\":\"https:\/\/www.edugestores.pe\/?p=12287#primaryimage\"},\"datePublished\":\"2016-08-19T15:22:11+00:00\",\"dateModified\":\"2016-08-24T17:41:37+00:00\",\"author\":{\"@id\":\"https:\/\/www.edugestores.pe\/#\/schema\/person\/30dc82f35f5853289037a64b35c7c7d3\"},\"breadcrumb\":{\"@id\":\"https:\/\/www.edugestores.pe\/?p=12287#breadcrumb\"},\"inLanguage\":\"es\",\"potentialAction\":[{\"@type\":\"ReadAction\",\"target\":[\"https:\/\/www.edugestores.pe\/?p=12287\"]}]},{\"@type\":\"BreadcrumbList\",\"@id\":\"https:\/\/www.edugestores.pe\/?p=12287#breadcrumb\",\"itemListElement\":[{\"@type\":\"ListItem\",\"position\":1,\"name\":\"Portada\",\"item\":\"https:\/\/www.edugestores.pe\/\"},{\"@type\":\"ListItem\",\"position\":2,\"name\":\"Ayacucho: realizan reuni\u00f3n extraordinaria de Coordinaci\u00f3n de Gesti\u00f3n Educativa Regional\"}]},{\"@type\":\"Person\",\"@id\":\"https:\/\/www.edugestores.pe\/#\/schema\/person\/30dc82f35f5853289037a64b35c7c7d3\",\"name\":\"Administrador\",\"image\":{\"@type\":\"ImageObject\",\"@id\":\"https:\/\/www.edugestores.pe\/#personlogo\",\"inLanguage\":\"es\",\"url\":\"https:\/\/secure.gravatar.com\/avatar\/70960d1239c4d2c778bb3d2786a3c1ae?s=96&d=mm&r=g\",\"contentUrl\":\"https:\/\/secure.gravatar.com\/avatar\/70960d1239c4d2c778bb3d2786a3c1ae?s=96&d=mm&r=g\",\"caption\":\"Administrador\"},\"url\":\"https:\/\/www.edugestores.pe\/?author=63\"}]}<\/script>\n<!-- \/ Yoast SEO plugin. -->","yoast_head_json":{"title":"Ayacucho: realizan reuni\u00f3n extraordinaria de Coordinaci\u00f3n de Gesti\u00f3n Educativa Regional - Red Peruana de Gestores de la Educaci\u00f3n","robots":{"index":"index","follow":"follow","max-snippet":"max-snippet:-1","max-image-preview":"max-image-preview:large","max-video-preview":"max-video-preview:-1"},"canonical":"https:\/\/www.edugestores.pe\/?p=12287","og_locale":"es_ES","og_type":"article","og_title":"Ayacucho: realizan reuni\u00f3n extraordinaria de Coordinaci\u00f3n de Gesti\u00f3n Educativa Regional - Red Peruana de Gestores de la Educaci\u00f3n","og_description":"El Gobierno Regional de Ayacucho a trav\u00e9s de la Gerencia Regional de Desarrollo Social en coordinaci\u00f3n con la Direcci\u00f3n Regional [&hellip;]","og_url":"https:\/\/www.edugestores.pe\/?p=12287","og_site_name":"Red Peruana de Gestores de la Educaci\u00f3n","article_published_time":"2016-08-19T15:22:11+00:00","article_modified_time":"2016-08-24T17:41:37+00:00","og_image":[{"width":470,"height":262,"url":"https:\/\/www.edugestores.pe\/wp-content\/uploads\/2016\/08\/REUNION-EXTRAORDINARIA-DE-COORDINACION-EN-GESTION-EDUCATIVA-REGIONAL.jpg","type":"image\/jpeg"}],"twitter_card":"summary_large_image","twitter_misc":{"Escrito por":"Administrador"},"schema":{"@context":"https:\/\/schema.org","@graph":[{"@type":"WebSite","@id":"https:\/\/www.edugestores.pe\/#website","url":"https:\/\/www.edugestores.pe\/","name":"Red Peruana de Gestores de la Educaci\u00f3n","description":"Red Peruana de Gestores de la Educaci\u00f3n","potentialAction":[{"@type":"SearchAction","target":{"@type":"EntryPoint","urlTemplate":"https:\/\/www.edugestores.pe\/?s={search_term_string}"},"query-input":"required name=search_term_string"}],"inLanguage":"es"},{"@type":"ImageObject","@id":"https:\/\/www.edugestores.pe\/?p=12287#primaryimage","inLanguage":"es","url":"https:\/\/www.edugestores.pe\/wp-content\/uploads\/2016\/08\/REUNION-EXTRAORDINARIA-DE-COORDINACION-EN-GESTION-EDUCATIVA-REGIONAL.jpg","contentUrl":"https:\/\/www.edugestores.pe\/wp-content\/uploads\/2016\/08\/REUNION-EXTRAORDINARIA-DE-COORDINACION-EN-GESTION-EDUCATIVA-REGIONAL.jpg","width":470,"height":262},{"@type":"WebPage","@id":"https:\/\/www.edugestores.pe\/?p=12287#webpage","url":"https:\/\/www.edugestores.pe\/?p=12287","name":"Ayacucho: realizan reuni\u00f3n extraordinaria de Coordinaci\u00f3n de Gesti\u00f3n Educativa Regional - Red Peruana de Gestores de la Educaci\u00f3n","isPartOf":{"@id":"https:\/\/www.edugestores.pe\/#website"},"primaryImageOfPage":{"@id":"https:\/\/www.edugestores.pe\/?p=12287#primaryimage"},"datePublished":"2016-08-19T15:22:11+00:00","dateModified":"2016-08-24T17:41:37+00:00","author":{"@id":"https:\/\/www.edugestores.pe\/#\/schema\/person\/30dc82f35f5853289037a64b35c7c7d3"},"breadcrumb":{"@id":"https:\/\/www.edugestores.pe\/?p=12287#breadcrumb"},"inLanguage":"es","potentialAction":[{"@type":"ReadAction","target":["https:\/\/www.edugestores.pe\/?p=12287"]}]},{"@type":"BreadcrumbList","@id":"https:\/\/www.edugestores.pe\/?p=12287#breadcrumb","itemListElement":[{"@type":"ListItem","position":1,"name":"Portada","item":"https:\/\/www.edugestores.pe\/"},{"@type":"ListItem","position":2,"name":"Ayacucho: realizan reuni\u00f3n extraordinaria de Coordinaci\u00f3n de Gesti\u00f3n Educativa Regional"}]},{"@type":"Person","@id":"https:\/\/www.edugestores.pe\/#\/schema\/person\/30dc82f35f5853289037a64b35c7c7d3","name":"Administrador","image":{"@type":"ImageObject","@id":"https:\/\/www.edugestores.pe\/#personlogo","inLanguage":"es","url":"https:\/\/secure.gravatar.com\/avatar\/70960d1239c4d2c778bb3d2786a3c1ae?s=96&d=mm&r=g","contentUrl":"https:\/\/secure.gravatar.com\/avatar\/70960d1239c4d2c778bb3d2786a3c1ae?s=96&d=mm&r=g","caption":"Administrador"},"url":"https:\/\/www.edugestores.pe\/?author=63"}]}},"jetpack_featured_media_url":"https:\/\/www.edugestores.pe\/wp-content\/uploads\/2016\/08\/REUNION-EXTRAORDINARIA-DE-COORDINACION-EN-GESTION-EDUCATIVA-REGIONAL.jpg","_links":{"self":[{"href":"https:\/\/www.edugestores.pe\/index.php?rest_route=\/wp\/v2\/posts\/12287"}],"collection":[{"href":"https:\/\/www.edugestores.pe\/index.php?rest_route=\/wp\/v2\/posts"}],"about":[{"href":"https:\/\/www.edugestores.pe\/index.php?rest_route=\/wp\/v2\/types\/post"}],"author":[{"embeddable":true,"href":"https:\/\/www.edugestores.pe\/index.php?rest_route=\/wp\/v2\/users\/63"}],"replies":[{"embeddable":true,"href":"https:\/\/www.edugestores.pe\/index.php?rest_route=%2Fwp%2Fv2%2Fcomments&post=12287"}],"version-history":[{"count":2,"href":"https:\/\/www.edugestores.pe\/index.php?rest_route=\/wp\/v2\/posts\/12287\/revisions"}],"predecessor-version":[{"id":12290,"href":"https:\/\/www.edugestores.pe\/index.php?rest_route=\/wp\/v2\/posts\/12287\/revisions\/12290"}],"wp:featuredmedia":[{"embeddable":true,"href":"https:\/\/www.edugestores.pe\/index.php?rest_route=\/wp\/v2\/media\/12288"}],"wp:attachment":[{"href":"https:\/\/www.edugestores.pe\/index.php?rest_route=%2Fwp%2Fv2%2Fmedia&parent=12287"}],"wp:term":[{"taxonomy":"category","embeddable":true,"href":"https:\/\/www.edugestores.pe\/index.php?rest_route=%2Fwp%2Fv2%2Fcategories&post=12287"},{"taxonomy":"post_tag","embeddable":true,"href":"https:\/\/www.edugestores.pe\/index.php?rest_route=%2Fwp%2Fv2%2Ftags&post=12287"}],"curies":[{"name":"wp","href":"https:\/\/api.w.org\/{rel}","templated":true}]}}