{"id":12324,"date":"2016-08-22T18:09:04","date_gmt":"2016-08-22T23:09:04","guid":{"rendered":"https:\/\/www.edugestores.pe\/?p=12324"},"modified":"2016-08-31T16:15:20","modified_gmt":"2016-08-31T21:15:20","slug":"politicas-de-revaloracion-docente-implementadas-2011-2016-opiniones-y-sugerencias","status":"publish","type":"post","link":"https:\/\/www.edugestores.pe\/?p=12324","title":{"rendered":"Politicas de revaloraci\u00f3n docente 2011-2016:  Opiniones y aportes de Edugestores"},"content":{"rendered":"<p>Los resultados de la <a href=\"https:\/\/www.edugestores.pe\/docs\/resultados-encuesta-lecciones-aprendidas-en-educacion-2011-2016\/\">Encuesta sobre Lecciones Aprendidas de la Gesti\u00f3n 2011-2016<\/a>, respondida por 181 miembros de la Red Peruana de Gestores de la Educaci\u00f3n, revelan que de un total de diez pol\u00edticas implementadas en el \u00faltimo quinquenio con la finalidad de revalorar la profesi\u00f3n docente, seis deben continuar implement\u00e1ndose con mejoras y cuatro requieren de cambios significativos para ser eficaces. Cuatro de las iniciativas de pol\u00edtica para revalorar la profesi\u00f3n docente recibieron el respaldo de m\u00e1s del 50% de los encuestados: i) el Marco de Buen Desempe\u00f1o Docente, ii) la reforma de la Carrera P\u00fablica Magisterial, iii) la promoci\u00f3n de buenas pr\u00e1cticas docentes y iv) la beca Vocaci\u00f3n de Maestro.<\/p>\n<p>&nbsp;<\/p>\n<p><a href=\"https:\/\/www.edugestores.pe\/wp-content\/uploads\/2016\/08\/Sin-t\u00edtulo-2.jpg\"><img decoding=\"async\" loading=\"lazy\" class=\" size-full wp-image-12326 aligncenter\" src=\"https:\/\/www.edugestores.pe\/wp-content\/uploads\/2016\/08\/Sin-t\u00edtulo-2.jpg\" alt=\"Sin t\u00edtulo-2\" width=\"542\" height=\"326\" srcset=\"https:\/\/www.edugestores.pe\/wp-content\/uploads\/2016\/08\/Sin-t\u00edtulo-2.jpg 542w, https:\/\/www.edugestores.pe\/wp-content\/uploads\/2016\/08\/Sin-t\u00edtulo-2-300x180.jpg 300w, https:\/\/www.edugestores.pe\/wp-content\/uploads\/2016\/08\/Sin-t\u00edtulo-2-100x60.jpg 100w\" sizes=\"(max-width: 542px) 100vw, 542px\" \/><\/a><\/p>\n<p>&nbsp;<\/p>\n<table class=\" aligncenter\" width=\"583\">\n<tbody>\n<tr>\n<td width=\"423\"><strong>MEDIDAS IMPLEMENTADAS 2011-2016<\/strong><\/td>\n<td width=\"80\"><strong>VOTOS<\/strong><\/td>\n<td width=\"102\"><strong>%<\/strong><\/td>\n<\/tr>\n<tr>\n<td>Marco de buen desempe\u00f1o Docente<\/td>\n<td>110<\/td>\n<td>60.77%<\/td>\n<\/tr>\n<tr>\n<td>Carrera p\u00fablica magisterial: concursos, evaluaci\u00f3n y ascensos<\/td>\n<td>109<\/td>\n<td>60.22%<\/td>\n<\/tr>\n<tr>\n<td>Promoci\u00f3n de Buenas Pr\u00e1cticas Docentes<\/td>\n<td>109<\/td>\n<td>60.22%<\/td>\n<\/tr>\n<tr>\n<td>Beca Vocaci\u00f3n de Maestro<\/td>\n<td>102<\/td>\n<td>56.35%<\/td>\n<\/tr>\n<tr>\n<td>Evaluaci\u00f3n docente<\/td>\n<td>86<\/td>\n<td>47.51%<\/td>\n<\/tr>\n<tr>\n<td>Programa de Inducci\u00f3n Docente<\/td>\n<td>78<\/td>\n<td>43.09%<\/td>\n<\/tr>\n<\/tbody>\n<\/table>\n<p>&nbsp;<\/p>\n<p><a href=\"https:\/\/www.edugestores.pe\/wp-content\/uploads\/2016\/08\/politicas-revaloracion-3.jpg\"><img decoding=\"async\" loading=\"lazy\" class=\" size-full wp-image-12331 aligncenter\" src=\"https:\/\/www.edugestores.pe\/wp-content\/uploads\/2016\/08\/politicas-revaloracion-3.jpg\" alt=\"politicas revaloracion 3\" width=\"481\" height=\"289\" srcset=\"https:\/\/www.edugestores.pe\/wp-content\/uploads\/2016\/08\/politicas-revaloracion-3.jpg 481w, https:\/\/www.edugestores.pe\/wp-content\/uploads\/2016\/08\/politicas-revaloracion-3-300x180.jpg 300w, https:\/\/www.edugestores.pe\/wp-content\/uploads\/2016\/08\/politicas-revaloracion-3-100x60.jpg 100w\" sizes=\"(max-width: 481px) 100vw, 481px\" \/><\/a><\/p>\n<table class=\" aligncenter\" style=\"height: 200px;\" width=\"463\">\n<tbody>\n<tr>\n<td style=\"text-align: center;\" width=\"242\"><strong>MEDIDAS IMPLEMENTADAS 2011-2016<\/strong><\/td>\n<td style=\"text-align: center;\" width=\"80\"><strong>VOTOS<\/strong><\/td>\n<td style=\"text-align: center;\" width=\"82\"><strong>%<\/strong><\/td>\n<\/tr>\n<tr>\n<td>Formaci\u00f3n docente inicial<\/td>\n<td style=\"text-align: center;\">105<\/td>\n<td style=\"text-align: center;\">58.01%<\/td>\n<\/tr>\n<tr>\n<td>Formaci\u00f3n docente en servicio<\/td>\n<td style=\"text-align: center;\">95<\/td>\n<td style=\"text-align: center;\">52.48%<\/td>\n<\/tr>\n<tr>\n<td>Pol\u00edtica remunerativa docente<\/td>\n<td style=\"text-align: center;\">90<\/td>\n<td style=\"text-align: center;\">49.72%<\/td>\n<\/tr>\n<tr>\n<td>Evaluaci\u00f3n docente<\/td>\n<td style=\"text-align: center;\">86<\/td>\n<td style=\"text-align: center;\">47.51%<\/td>\n<\/tr>\n<\/tbody>\n<\/table>\n<p>Si agregamos a estos resultados los que indicaron que las pol\u00edticas de formaci\u00f3n docente inicial y formaci\u00f3n en servicio <strong>no llegaron a implementarse<\/strong>,\u00a0 el n\u00famero de <strong>Edugestores<\/strong> que demandan cambios significativos en ambas pol\u00edticas se eleva a 119 (65.74%) y a 100 (55.24%) respectivamente.<\/p>\n<p><strong>APORTES PARA FORTALECER LAS POLITICAS DE REVALORACI\u00d3N DOCENTE <\/strong><\/p>\n<ul>\n<li><strong>Pol\u00edticas de formaci\u00f3n en servicio. <\/strong>El acompa\u00f1amiento pedag\u00f3gico al docente en aula ha contribuido a mejorar &#8211; de manera significativa &#8211; la pr\u00e1ctica pedag\u00f3gica y el desempe\u00f1o docente, \u00a0as\u00ed como mejorar los logros de aprendizaje de los estudiantes.\u00a0 Programas Estrat\u00e9gicos como el de Logros de Aprendizaje, PELA, deben continuar porque son efectivos.\u00a0 Se requiere capacitar a directivos y docentes en el \u00e1rea de Educaci\u00f3n para el Trabajo e implementar talleres en las II.EE. Las iniciativas implementadas son muy interesantes pero no cumplir\u00e1n sus objetivos sino existen docentes calificados para implementarlas desde los cargos que desempe\u00f1an. Se necesita trabajar en el cambio de actitud del educador frente a la reforma curricular. \u00a0A\u00fan no se ha logrado comprometer a los docentes, ni al personal de las UGEL. Sin el monitoreo que realiza el MINEDU no habr\u00edan \u00a0 \u00a0No debemos continuar ofreciendo recetas a los profesores sino hacerlos pensar.<\/li>\n<\/ul>\n<ul>\n<li><strong>Incentivos para los docentes.<\/strong> Estimular a los que logran metas de avance pedag\u00f3gico desde la educaci\u00f3n inicial hasta la educaci\u00f3n secundaria. Destinar parte de los incrementos en el presupuesto del Sector para ofrecer incentivos econ\u00f3micos a los docentes comprometidos con la mejora de los aprendizajes de los estudiantes o con la mejora del desempe\u00f1o de los docentes en el aula como, por ejempo, los acompa\u00f1antes pedag\u00f3gicos. \u00a0Continuar ofreciendo m\u00e1s becas a docentes para estudios de Maestr\u00eda.<\/li>\n<\/ul>\n<ul>\n<li><strong>Las evaluaciones docentes<\/strong>. Los concursos de ingreso y ascenso en la carrera p\u00fablica magisterial y la mejora de los aprendizajes han despertado cada vez mayor inter\u00e9s en los docentes.\u00a0 Tambi\u00e9n existe una expectativa por la implementaci\u00f3n de la evaluaci\u00f3n de desempe\u00f1o docente. Se sugiere realizar evaluaciones psicol\u00f3gicas de los docentes y motivarlos a ejercer un liderazgo personal, profesional y comunitario, abatiendo el conformismo. Se demanda una evaluaci\u00f3n de ascenso de escala magisterial m\u00e1s transparente y libre de corrupci\u00f3n y la participaci\u00f3n de los COPALES en los concursos docentes para evitar que las comisiones de las instancias de gesti\u00f3n descentralizada eval\u00faen en base a intereses particulares o acomodo pol\u00edtico.<\/li>\n<\/ul>\n<ul>\n<li><strong>Remuneraci\u00f3n docente.<\/strong> Mejor remuneraci\u00f3n al maestro para exigirle m\u00e1s. Elevar la remuneraci\u00f3n de la primera escala considerando que ah\u00ed se ubica el 70% de docentes de la carrera. Muchos de ellos, siendo excelentes maestros, no participaron en las evaluaciones por considerar que se cometi\u00f3 una injusticia al bajarlos de nivel y no respetar sus a\u00f1os de servicio. No todos los maestros que ascendieron de escala son los mejores, la verdadera evaluaci\u00f3n se hace en el campo midiendo los logros de aprendizaje de los alumnos y la identidad con su IE.\u00a0 Ofrecer incentivos a los muchos docentes contratados que trabajan en los lugares m\u00e1s pobres y apartados del pa\u00eds para que permanezcan en esos puestos.<\/li>\n<\/ul>\n<ul>\n<li><strong>Dar cuenta p\u00fablica del avance de las pol\u00edticas docentes<\/strong> informando de cambios efectivos en el desempe\u00f1o docente y evitando limitar la cuenta p\u00fablica a cifras (i.e. n\u00famero de docentes capacitados o evaluados). Hacer m\u00e1s evidentes los resultados de la implementaci\u00f3n de la Ley de Reforma Magisterial,<\/li>\n<\/ul>\n<ul>\n<li><strong>Avanzar en meritocracia y autonom\u00eda para el director<\/strong>. Continuar con las mejoras en las pol\u00edtica basadas en el m\u00e9rito profesional y la autonom\u00eda de los directores para elegir al equipo docente de la IE.<\/li>\n<\/ul>\n<p>&nbsp;<\/p>\n","protected":false},"excerpt":{"rendered":"<p>Los resultados de la Encuesta sobre Lecciones Aprendidas de la Gesti\u00f3n 2011-2016, respondida por 181 miembros de la Red Peruana [&hellip;]<\/p>\n","protected":false},"author":63,"featured_media":12328,"comment_status":"open","ping_status":"open","sticky":false,"template":"","format":"standard","meta":{"spay_email":""},"categories":[125],"tags":[],"yoast_head":"<!-- This site is optimized with the Yoast SEO plugin v18.0 - https:\/\/yoast.com\/wordpress\/plugins\/seo\/ -->\n<title>Politicas de revaloraci\u00f3n docente 2011-2016: Opiniones y aportes de Edugestores - Red Peruana de Gestores de la Educaci\u00f3n<\/title>\n<meta name=\"robots\" content=\"index, follow, max-snippet:-1, max-image-preview:large, max-video-preview:-1\" \/>\n<link rel=\"canonical\" href=\"https:\/\/www.edugestores.pe\/?p=12324\" \/>\n<meta property=\"og:locale\" content=\"es_ES\" \/>\n<meta property=\"og:type\" content=\"article\" \/>\n<meta property=\"og:title\" content=\"Politicas de revaloraci\u00f3n docente 2011-2016: Opiniones y aportes de Edugestores - Red Peruana de Gestores de la Educaci\u00f3n\" \/>\n<meta property=\"og:description\" content=\"Los resultados de la Encuesta sobre Lecciones Aprendidas de la Gesti\u00f3n 2011-2016, respondida por 181 miembros de la Red Peruana [&hellip;]\" \/>\n<meta property=\"og:url\" content=\"https:\/\/www.edugestores.pe\/?p=12324\" \/>\n<meta property=\"og:site_name\" content=\"Red Peruana de Gestores de la Educaci\u00f3n\" \/>\n<meta property=\"article:published_time\" content=\"2016-08-22T23:09:04+00:00\" \/>\n<meta property=\"article:modified_time\" content=\"2016-08-31T21:15:20+00:00\" \/>\n<meta property=\"og:image\" content=\"https:\/\/www.edugestores.pe\/wp-content\/uploads\/2016\/08\/038238-foto-dias-laborables-personal-docente.jpg\" \/>\n\t<meta property=\"og:image:width\" content=\"860\" \/>\n\t<meta property=\"og:image:height\" content=\"450\" \/>\n\t<meta property=\"og:image:type\" content=\"image\/jpeg\" \/>\n<meta name=\"twitter:card\" content=\"summary_large_image\" \/>\n<meta name=\"twitter:label1\" content=\"Escrito por\" \/>\n\t<meta name=\"twitter:data1\" content=\"Administrador\" \/>\n\t<meta name=\"twitter:label2\" content=\"Tiempo de lectura\" \/>\n\t<meta name=\"twitter:data2\" content=\"4 minutos\" \/>\n<script type=\"application\/ld+json\" class=\"yoast-schema-graph\">{\"@context\":\"https:\/\/schema.org\",\"@graph\":[{\"@type\":\"WebSite\",\"@id\":\"https:\/\/www.edugestores.pe\/#website\",\"url\":\"https:\/\/www.edugestores.pe\/\",\"name\":\"Red Peruana de Gestores de la Educaci\u00f3n\",\"description\":\"Red Peruana de Gestores de la Educaci\u00f3n\",\"potentialAction\":[{\"@type\":\"SearchAction\",\"target\":{\"@type\":\"EntryPoint\",\"urlTemplate\":\"https:\/\/www.edugestores.pe\/?s={search_term_string}\"},\"query-input\":\"required name=search_term_string\"}],\"inLanguage\":\"es\"},{\"@type\":\"ImageObject\",\"@id\":\"https:\/\/www.edugestores.pe\/?p=12324#primaryimage\",\"inLanguage\":\"es\",\"url\":\"https:\/\/www.edugestores.pe\/wp-content\/uploads\/2016\/08\/038238-foto-dias-laborables-personal-docente.jpg\",\"contentUrl\":\"https:\/\/www.edugestores.pe\/wp-content\/uploads\/2016\/08\/038238-foto-dias-laborables-personal-docente.jpg\",\"width\":860,\"height\":450},{\"@type\":\"WebPage\",\"@id\":\"https:\/\/www.edugestores.pe\/?p=12324#webpage\",\"url\":\"https:\/\/www.edugestores.pe\/?p=12324\",\"name\":\"Politicas de revaloraci\u00f3n docente 2011-2016: Opiniones y aportes de Edugestores - Red Peruana de Gestores de la Educaci\u00f3n\",\"isPartOf\":{\"@id\":\"https:\/\/www.edugestores.pe\/#website\"},\"primaryImageOfPage\":{\"@id\":\"https:\/\/www.edugestores.pe\/?p=12324#primaryimage\"},\"datePublished\":\"2016-08-22T23:09:04+00:00\",\"dateModified\":\"2016-08-31T21:15:20+00:00\",\"author\":{\"@id\":\"https:\/\/www.edugestores.pe\/#\/schema\/person\/30dc82f35f5853289037a64b35c7c7d3\"},\"breadcrumb\":{\"@id\":\"https:\/\/www.edugestores.pe\/?p=12324#breadcrumb\"},\"inLanguage\":\"es\",\"potentialAction\":[{\"@type\":\"ReadAction\",\"target\":[\"https:\/\/www.edugestores.pe\/?p=12324\"]}]},{\"@type\":\"BreadcrumbList\",\"@id\":\"https:\/\/www.edugestores.pe\/?p=12324#breadcrumb\",\"itemListElement\":[{\"@type\":\"ListItem\",\"position\":1,\"name\":\"Portada\",\"item\":\"https:\/\/www.edugestores.pe\/\"},{\"@type\":\"ListItem\",\"position\":2,\"name\":\"Politicas de revaloraci\u00f3n docente 2011-2016: Opiniones y aportes de Edugestores\"}]},{\"@type\":\"Person\",\"@id\":\"https:\/\/www.edugestores.pe\/#\/schema\/person\/30dc82f35f5853289037a64b35c7c7d3\",\"name\":\"Administrador\",\"image\":{\"@type\":\"ImageObject\",\"@id\":\"https:\/\/www.edugestores.pe\/#personlogo\",\"inLanguage\":\"es\",\"url\":\"https:\/\/secure.gravatar.com\/avatar\/70960d1239c4d2c778bb3d2786a3c1ae?s=96&d=mm&r=g\",\"contentUrl\":\"https:\/\/secure.gravatar.com\/avatar\/70960d1239c4d2c778bb3d2786a3c1ae?s=96&d=mm&r=g\",\"caption\":\"Administrador\"},\"url\":\"https:\/\/www.edugestores.pe\/?author=63\"}]}<\/script>\n<!-- \/ Yoast SEO plugin. -->","yoast_head_json":{"title":"Politicas de revaloraci\u00f3n docente 2011-2016: Opiniones y aportes de Edugestores - Red Peruana de Gestores de la Educaci\u00f3n","robots":{"index":"index","follow":"follow","max-snippet":"max-snippet:-1","max-image-preview":"max-image-preview:large","max-video-preview":"max-video-preview:-1"},"canonical":"https:\/\/www.edugestores.pe\/?p=12324","og_locale":"es_ES","og_type":"article","og_title":"Politicas de revaloraci\u00f3n docente 2011-2016: Opiniones y aportes de Edugestores - Red Peruana de Gestores de la Educaci\u00f3n","og_description":"Los resultados de la Encuesta sobre Lecciones Aprendidas de la Gesti\u00f3n 2011-2016, respondida por 181 miembros de la Red Peruana [&hellip;]","og_url":"https:\/\/www.edugestores.pe\/?p=12324","og_site_name":"Red Peruana de Gestores de la Educaci\u00f3n","article_published_time":"2016-08-22T23:09:04+00:00","article_modified_time":"2016-08-31T21:15:20+00:00","og_image":[{"width":860,"height":450,"url":"https:\/\/www.edugestores.pe\/wp-content\/uploads\/2016\/08\/038238-foto-dias-laborables-personal-docente.jpg","type":"image\/jpeg"}],"twitter_card":"summary_large_image","twitter_misc":{"Escrito por":"Administrador","Tiempo de lectura":"4 minutos"},"schema":{"@context":"https:\/\/schema.org","@graph":[{"@type":"WebSite","@id":"https:\/\/www.edugestores.pe\/#website","url":"https:\/\/www.edugestores.pe\/","name":"Red Peruana de Gestores de la Educaci\u00f3n","description":"Red Peruana de Gestores de la Educaci\u00f3n","potentialAction":[{"@type":"SearchAction","target":{"@type":"EntryPoint","urlTemplate":"https:\/\/www.edugestores.pe\/?s={search_term_string}"},"query-input":"required name=search_term_string"}],"inLanguage":"es"},{"@type":"ImageObject","@id":"https:\/\/www.edugestores.pe\/?p=12324#primaryimage","inLanguage":"es","url":"https:\/\/www.edugestores.pe\/wp-content\/uploads\/2016\/08\/038238-foto-dias-laborables-personal-docente.jpg","contentUrl":"https:\/\/www.edugestores.pe\/wp-content\/uploads\/2016\/08\/038238-foto-dias-laborables-personal-docente.jpg","width":860,"height":450},{"@type":"WebPage","@id":"https:\/\/www.edugestores.pe\/?p=12324#webpage","url":"https:\/\/www.edugestores.pe\/?p=12324","name":"Politicas de revaloraci\u00f3n docente 2011-2016: Opiniones y aportes de Edugestores - Red Peruana de Gestores de la Educaci\u00f3n","isPartOf":{"@id":"https:\/\/www.edugestores.pe\/#website"},"primaryImageOfPage":{"@id":"https:\/\/www.edugestores.pe\/?p=12324#primaryimage"},"datePublished":"2016-08-22T23:09:04+00:00","dateModified":"2016-08-31T21:15:20+00:00","author":{"@id":"https:\/\/www.edugestores.pe\/#\/schema\/person\/30dc82f35f5853289037a64b35c7c7d3"},"breadcrumb":{"@id":"https:\/\/www.edugestores.pe\/?p=12324#breadcrumb"},"inLanguage":"es","potentialAction":[{"@type":"ReadAction","target":["https:\/\/www.edugestores.pe\/?p=12324"]}]},{"@type":"BreadcrumbList","@id":"https:\/\/www.edugestores.pe\/?p=12324#breadcrumb","itemListElement":[{"@type":"ListItem","position":1,"name":"Portada","item":"https:\/\/www.edugestores.pe\/"},{"@type":"ListItem","position":2,"name":"Politicas de revaloraci\u00f3n docente 2011-2016: Opiniones y aportes de Edugestores"}]},{"@type":"Person","@id":"https:\/\/www.edugestores.pe\/#\/schema\/person\/30dc82f35f5853289037a64b35c7c7d3","name":"Administrador","image":{"@type":"ImageObject","@id":"https:\/\/www.edugestores.pe\/#personlogo","inLanguage":"es","url":"https:\/\/secure.gravatar.com\/avatar\/70960d1239c4d2c778bb3d2786a3c1ae?s=96&d=mm&r=g","contentUrl":"https:\/\/secure.gravatar.com\/avatar\/70960d1239c4d2c778bb3d2786a3c1ae?s=96&d=mm&r=g","caption":"Administrador"},"url":"https:\/\/www.edugestores.pe\/?author=63"}]}},"jetpack_featured_media_url":"https:\/\/www.edugestores.pe\/wp-content\/uploads\/2016\/08\/038238-foto-dias-laborables-personal-docente.jpg","_links":{"self":[{"href":"https:\/\/www.edugestores.pe\/index.php?rest_route=\/wp\/v2\/posts\/12324"}],"collection":[{"href":"https:\/\/www.edugestores.pe\/index.php?rest_route=\/wp\/v2\/posts"}],"about":[{"href":"https:\/\/www.edugestores.pe\/index.php?rest_route=\/wp\/v2\/types\/post"}],"author":[{"embeddable":true,"href":"https:\/\/www.edugestores.pe\/index.php?rest_route=\/wp\/v2\/users\/63"}],"replies":[{"embeddable":true,"href":"https:\/\/www.edugestores.pe\/index.php?rest_route=%2Fwp%2Fv2%2Fcomments&post=12324"}],"version-history":[{"count":3,"href":"https:\/\/www.edugestores.pe\/index.php?rest_route=\/wp\/v2\/posts\/12324\/revisions"}],"predecessor-version":[{"id":12332,"href":"https:\/\/www.edugestores.pe\/index.php?rest_route=\/wp\/v2\/posts\/12324\/revisions\/12332"}],"wp:featuredmedia":[{"embeddable":true,"href":"https:\/\/www.edugestores.pe\/index.php?rest_route=\/wp\/v2\/media\/12328"}],"wp:attachment":[{"href":"https:\/\/www.edugestores.pe\/index.php?rest_route=%2Fwp%2Fv2%2Fmedia&parent=12324"}],"wp:term":[{"taxonomy":"category","embeddable":true,"href":"https:\/\/www.edugestores.pe\/index.php?rest_route=%2Fwp%2Fv2%2Fcategories&post=12324"},{"taxonomy":"post_tag","embeddable":true,"href":"https:\/\/www.edugestores.pe\/index.php?rest_route=%2Fwp%2Fv2%2Ftags&post=12324"}],"curies":[{"name":"wp","href":"https:\/\/api.w.org\/{rel}","templated":true}]}}