{"id":12375,"date":"2016-08-24T18:03:58","date_gmt":"2016-08-24T23:03:58","guid":{"rendered":"https:\/\/www.edugestores.pe\/?p=12375"},"modified":"2016-08-27T18:30:09","modified_gmt":"2016-08-27T23:30:09","slug":"congreso-convocara-al-ministro-de-educacion-jaime-saavedra-para-explicar-logros","status":"publish","type":"post","link":"https:\/\/www.edugestores.pe\/?p=12375","title":{"rendered":"Congreso convocar\u00e1 al Ministro de Educaci\u00f3n Jaime Saavedra, para explicar logros"},"content":{"rendered":"<p><b>La Comisi\u00f3n de <a href=\"http:\/\/www.educacionenred.pe\/\" target=\"_blank\">Educaci\u00f3n<\/a>, Juventud y Deporte del Congreso acord\u00f3 hoy convocar al titular de este Ministerio, Jaime Saavedra, para explicar los logros alcanzadas durante su pasada gesti\u00f3n y las acciones implementar\u00e1 con el nuevo gobierno<\/b>: La invitaci\u00f3n al ministro se fij\u00f3 para el pr\u00f3ximo lunes 5 de septiembre, seg\u00fan un acuerdo de tomado por este grupo de trabajo que presidente el parlamentario Lucio \u00c1vila Rojas.<\/p>\n<p>Durante la sesi\u00f3n se dio lectura a la carta remitida por el ministro Saavedra, quien manifestaba su voluntad de presentarse ante la comisi\u00f3n el pr\u00f3ximo 29 de agosto, sin embargo, se opt\u00f3 por el 5 de septiembre.<\/p>\n<p>El congresista Javier Vel\u00e1squez Quesqu\u00e9n (Apra) consider\u00f3 que Saavedra debe informar los proyectos a futuro, la situaci\u00f3n de su sector, los logros de su pasada gesti\u00f3n y la nueva Ley Universitaria.\u00a0Por su parte, la congresista Karla Schaefer (FP) pidi\u00f3 que se explique el estado de los colegios emblem\u00e1ticos de Piura y de Sullana y la norma que incrementa las licencias sindicales.\u00a0Vicente Zeballos (PPK), en tanto, propuso citar a la Superintendenta Nacional de Educaci\u00f3n Universitaria (SUNEDU) y Edgard Ochoa (FA), que se explique la recentralizaci\u00f3n educativa en la administraci\u00f3n de m\u00e1s de 50 mil colegios a nivel nacional.<\/p>\n<p>La legisladora Gladys Andrade Salguero (FP) plante\u00f3 invitar a la ministra de Desarrollo e Inclusi\u00f3n Social, Cayetana Aljov\u00edn, aunque no se defini\u00f3 una fecha para ello.<br \/>\nSe acord\u00f3, adem\u00e1s, que en la sesi\u00f3n del 5 de setiembre se pondr\u00e1 a debate las observaciones a la aut\u00f3grafa del proyecto de ley de Institutos y Escuelas de Educaci\u00f3n Superior hechas por el Poder Ejecutivo el pasado 27 de julio.<\/p>\n<p>Fuente: <a href=\"http:\/\/www.educacionenred.pe\/noticia\/?portada=102730&amp;utm_source=feedburner&amp;utm_medium=email&amp;utm_campaign=Feed%3A+educacionenred_noticia+%28EDUCACIONENRED.PE+-+Noticias%29#ixzz4IIH31vls\">Educacionenred.pe\/ <\/a><\/p>\n","protected":false},"excerpt":{"rendered":"<p>La Comisi\u00f3n de Educaci\u00f3n, Juventud y Deporte del Congreso acord\u00f3 hoy convocar al titular de este Ministerio, Jaime Saavedra, para [&hellip;]<\/p>\n","protected":false},"author":63,"featured_media":12376,"comment_status":"open","ping_status":"open","sticky":false,"template":"","format":"standard","meta":{"spay_email":""},"categories":[125],"tags":[],"yoast_head":"<!-- This site is optimized with the Yoast SEO plugin v18.0 - https:\/\/yoast.com\/wordpress\/plugins\/seo\/ -->\n<title>Congreso convocar\u00e1 al Ministro de Educaci\u00f3n Jaime Saavedra, para explicar logros - Red Peruana de Gestores de la Educaci\u00f3n<\/title>\n<meta name=\"robots\" content=\"index, follow, max-snippet:-1, max-image-preview:large, max-video-preview:-1\" \/>\n<link rel=\"canonical\" href=\"https:\/\/www.edugestores.pe\/?p=12375\" \/>\n<meta property=\"og:locale\" content=\"es_ES\" \/>\n<meta property=\"og:type\" content=\"article\" \/>\n<meta property=\"og:title\" content=\"Congreso convocar\u00e1 al Ministro de Educaci\u00f3n Jaime Saavedra, para explicar logros - Red Peruana de Gestores de la Educaci\u00f3n\" \/>\n<meta property=\"og:description\" content=\"La Comisi\u00f3n de Educaci\u00f3n, Juventud y Deporte del Congreso acord\u00f3 hoy convocar al titular de este Ministerio, Jaime Saavedra, para [&hellip;]\" \/>\n<meta property=\"og:url\" content=\"https:\/\/www.edugestores.pe\/?p=12375\" \/>\n<meta property=\"og:site_name\" content=\"Red Peruana de Gestores de la Educaci\u00f3n\" \/>\n<meta property=\"article:published_time\" content=\"2016-08-24T23:03:58+00:00\" \/>\n<meta property=\"article:modified_time\" content=\"2016-08-27T23:30:09+00:00\" \/>\n<meta property=\"og:image\" content=\"https:\/\/www.edugestores.pe\/wp-content\/uploads\/2016\/08\/102730-congreso-convocara-ministro-educacion-jaime-saavedra-explicar-logros.jpg\" \/>\n\t<meta property=\"og:image:width\" content=\"860\" \/>\n\t<meta property=\"og:image:height\" content=\"450\" \/>\n\t<meta property=\"og:image:type\" content=\"image\/jpeg\" \/>\n<meta name=\"twitter:card\" content=\"summary_large_image\" \/>\n<meta name=\"twitter:label1\" content=\"Escrito por\" \/>\n\t<meta name=\"twitter:data1\" content=\"Administrador\" \/>\n\t<meta name=\"twitter:label2\" content=\"Tiempo de lectura\" \/>\n\t<meta name=\"twitter:data2\" content=\"1 minuto\" \/>\n<script type=\"application\/ld+json\" class=\"yoast-schema-graph\">{\"@context\":\"https:\/\/schema.org\",\"@graph\":[{\"@type\":\"WebSite\",\"@id\":\"https:\/\/www.edugestores.pe\/#website\",\"url\":\"https:\/\/www.edugestores.pe\/\",\"name\":\"Red Peruana de Gestores de la Educaci\u00f3n\",\"description\":\"Red Peruana de Gestores de la Educaci\u00f3n\",\"potentialAction\":[{\"@type\":\"SearchAction\",\"target\":{\"@type\":\"EntryPoint\",\"urlTemplate\":\"https:\/\/www.edugestores.pe\/?s={search_term_string}\"},\"query-input\":\"required name=search_term_string\"}],\"inLanguage\":\"es\"},{\"@type\":\"ImageObject\",\"@id\":\"https:\/\/www.edugestores.pe\/?p=12375#primaryimage\",\"inLanguage\":\"es\",\"url\":\"https:\/\/www.edugestores.pe\/wp-content\/uploads\/2016\/08\/102730-congreso-convocara-ministro-educacion-jaime-saavedra-explicar-logros.jpg\",\"contentUrl\":\"https:\/\/www.edugestores.pe\/wp-content\/uploads\/2016\/08\/102730-congreso-convocara-ministro-educacion-jaime-saavedra-explicar-logros.jpg\",\"width\":860,\"height\":450},{\"@type\":\"WebPage\",\"@id\":\"https:\/\/www.edugestores.pe\/?p=12375#webpage\",\"url\":\"https:\/\/www.edugestores.pe\/?p=12375\",\"name\":\"Congreso convocar\u00e1 al Ministro de Educaci\u00f3n Jaime Saavedra, para explicar logros - Red Peruana de Gestores de la Educaci\u00f3n\",\"isPartOf\":{\"@id\":\"https:\/\/www.edugestores.pe\/#website\"},\"primaryImageOfPage\":{\"@id\":\"https:\/\/www.edugestores.pe\/?p=12375#primaryimage\"},\"datePublished\":\"2016-08-24T23:03:58+00:00\",\"dateModified\":\"2016-08-27T23:30:09+00:00\",\"author\":{\"@id\":\"https:\/\/www.edugestores.pe\/#\/schema\/person\/30dc82f35f5853289037a64b35c7c7d3\"},\"breadcrumb\":{\"@id\":\"https:\/\/www.edugestores.pe\/?p=12375#breadcrumb\"},\"inLanguage\":\"es\",\"potentialAction\":[{\"@type\":\"ReadAction\",\"target\":[\"https:\/\/www.edugestores.pe\/?p=12375\"]}]},{\"@type\":\"BreadcrumbList\",\"@id\":\"https:\/\/www.edugestores.pe\/?p=12375#breadcrumb\",\"itemListElement\":[{\"@type\":\"ListItem\",\"position\":1,\"name\":\"Portada\",\"item\":\"https:\/\/www.edugestores.pe\/\"},{\"@type\":\"ListItem\",\"position\":2,\"name\":\"Congreso convocar\u00e1 al Ministro de Educaci\u00f3n Jaime Saavedra, para explicar logros\"}]},{\"@type\":\"Person\",\"@id\":\"https:\/\/www.edugestores.pe\/#\/schema\/person\/30dc82f35f5853289037a64b35c7c7d3\",\"name\":\"Administrador\",\"image\":{\"@type\":\"ImageObject\",\"@id\":\"https:\/\/www.edugestores.pe\/#personlogo\",\"inLanguage\":\"es\",\"url\":\"https:\/\/secure.gravatar.com\/avatar\/70960d1239c4d2c778bb3d2786a3c1ae?s=96&d=mm&r=g\",\"contentUrl\":\"https:\/\/secure.gravatar.com\/avatar\/70960d1239c4d2c778bb3d2786a3c1ae?s=96&d=mm&r=g\",\"caption\":\"Administrador\"},\"url\":\"https:\/\/www.edugestores.pe\/?author=63\"}]}<\/script>\n<!-- \/ Yoast SEO plugin. -->","yoast_head_json":{"title":"Congreso convocar\u00e1 al Ministro de Educaci\u00f3n Jaime Saavedra, para explicar logros - Red Peruana de Gestores de la Educaci\u00f3n","robots":{"index":"index","follow":"follow","max-snippet":"max-snippet:-1","max-image-preview":"max-image-preview:large","max-video-preview":"max-video-preview:-1"},"canonical":"https:\/\/www.edugestores.pe\/?p=12375","og_locale":"es_ES","og_type":"article","og_title":"Congreso convocar\u00e1 al Ministro de Educaci\u00f3n Jaime Saavedra, para explicar logros - Red Peruana de Gestores de la Educaci\u00f3n","og_description":"La Comisi\u00f3n de Educaci\u00f3n, Juventud y Deporte del Congreso acord\u00f3 hoy convocar al titular de este Ministerio, Jaime Saavedra, para [&hellip;]","og_url":"https:\/\/www.edugestores.pe\/?p=12375","og_site_name":"Red Peruana de Gestores de la Educaci\u00f3n","article_published_time":"2016-08-24T23:03:58+00:00","article_modified_time":"2016-08-27T23:30:09+00:00","og_image":[{"width":860,"height":450,"url":"https:\/\/www.edugestores.pe\/wp-content\/uploads\/2016\/08\/102730-congreso-convocara-ministro-educacion-jaime-saavedra-explicar-logros.jpg","type":"image\/jpeg"}],"twitter_card":"summary_large_image","twitter_misc":{"Escrito por":"Administrador","Tiempo de lectura":"1 minuto"},"schema":{"@context":"https:\/\/schema.org","@graph":[{"@type":"WebSite","@id":"https:\/\/www.edugestores.pe\/#website","url":"https:\/\/www.edugestores.pe\/","name":"Red Peruana de Gestores de la Educaci\u00f3n","description":"Red Peruana de Gestores de la Educaci\u00f3n","potentialAction":[{"@type":"SearchAction","target":{"@type":"EntryPoint","urlTemplate":"https:\/\/www.edugestores.pe\/?s={search_term_string}"},"query-input":"required name=search_term_string"}],"inLanguage":"es"},{"@type":"ImageObject","@id":"https:\/\/www.edugestores.pe\/?p=12375#primaryimage","inLanguage":"es","url":"https:\/\/www.edugestores.pe\/wp-content\/uploads\/2016\/08\/102730-congreso-convocara-ministro-educacion-jaime-saavedra-explicar-logros.jpg","contentUrl":"https:\/\/www.edugestores.pe\/wp-content\/uploads\/2016\/08\/102730-congreso-convocara-ministro-educacion-jaime-saavedra-explicar-logros.jpg","width":860,"height":450},{"@type":"WebPage","@id":"https:\/\/www.edugestores.pe\/?p=12375#webpage","url":"https:\/\/www.edugestores.pe\/?p=12375","name":"Congreso convocar\u00e1 al Ministro de Educaci\u00f3n Jaime Saavedra, para explicar logros - Red Peruana de Gestores de la Educaci\u00f3n","isPartOf":{"@id":"https:\/\/www.edugestores.pe\/#website"},"primaryImageOfPage":{"@id":"https:\/\/www.edugestores.pe\/?p=12375#primaryimage"},"datePublished":"2016-08-24T23:03:58+00:00","dateModified":"2016-08-27T23:30:09+00:00","author":{"@id":"https:\/\/www.edugestores.pe\/#\/schema\/person\/30dc82f35f5853289037a64b35c7c7d3"},"breadcrumb":{"@id":"https:\/\/www.edugestores.pe\/?p=12375#breadcrumb"},"inLanguage":"es","potentialAction":[{"@type":"ReadAction","target":["https:\/\/www.edugestores.pe\/?p=12375"]}]},{"@type":"BreadcrumbList","@id":"https:\/\/www.edugestores.pe\/?p=12375#breadcrumb","itemListElement":[{"@type":"ListItem","position":1,"name":"Portada","item":"https:\/\/www.edugestores.pe\/"},{"@type":"ListItem","position":2,"name":"Congreso convocar\u00e1 al Ministro de Educaci\u00f3n Jaime Saavedra, para explicar logros"}]},{"@type":"Person","@id":"https:\/\/www.edugestores.pe\/#\/schema\/person\/30dc82f35f5853289037a64b35c7c7d3","name":"Administrador","image":{"@type":"ImageObject","@id":"https:\/\/www.edugestores.pe\/#personlogo","inLanguage":"es","url":"https:\/\/secure.gravatar.com\/avatar\/70960d1239c4d2c778bb3d2786a3c1ae?s=96&d=mm&r=g","contentUrl":"https:\/\/secure.gravatar.com\/avatar\/70960d1239c4d2c778bb3d2786a3c1ae?s=96&d=mm&r=g","caption":"Administrador"},"url":"https:\/\/www.edugestores.pe\/?author=63"}]}},"jetpack_featured_media_url":"https:\/\/www.edugestores.pe\/wp-content\/uploads\/2016\/08\/102730-congreso-convocara-ministro-educacion-jaime-saavedra-explicar-logros.jpg","_links":{"self":[{"href":"https:\/\/www.edugestores.pe\/index.php?rest_route=\/wp\/v2\/posts\/12375"}],"collection":[{"href":"https:\/\/www.edugestores.pe\/index.php?rest_route=\/wp\/v2\/posts"}],"about":[{"href":"https:\/\/www.edugestores.pe\/index.php?rest_route=\/wp\/v2\/types\/post"}],"author":[{"embeddable":true,"href":"https:\/\/www.edugestores.pe\/index.php?rest_route=\/wp\/v2\/users\/63"}],"replies":[{"embeddable":true,"href":"https:\/\/www.edugestores.pe\/index.php?rest_route=%2Fwp%2Fv2%2Fcomments&post=12375"}],"version-history":[{"count":1,"href":"https:\/\/www.edugestores.pe\/index.php?rest_route=\/wp\/v2\/posts\/12375\/revisions"}],"predecessor-version":[{"id":12377,"href":"https:\/\/www.edugestores.pe\/index.php?rest_route=\/wp\/v2\/posts\/12375\/revisions\/12377"}],"wp:featuredmedia":[{"embeddable":true,"href":"https:\/\/www.edugestores.pe\/index.php?rest_route=\/wp\/v2\/media\/12376"}],"wp:attachment":[{"href":"https:\/\/www.edugestores.pe\/index.php?rest_route=%2Fwp%2Fv2%2Fmedia&parent=12375"}],"wp:term":[{"taxonomy":"category","embeddable":true,"href":"https:\/\/www.edugestores.pe\/index.php?rest_route=%2Fwp%2Fv2%2Fcategories&post=12375"},{"taxonomy":"post_tag","embeddable":true,"href":"https:\/\/www.edugestores.pe\/index.php?rest_route=%2Fwp%2Fv2%2Ftags&post=12375"}],"curies":[{"name":"wp","href":"https:\/\/api.w.org\/{rel}","templated":true}]}}