{"id":12454,"date":"2016-09-02T08:05:57","date_gmt":"2016-09-02T13:05:57","guid":{"rendered":"https:\/\/www.edugestores.pe\/?p=12454"},"modified":"2016-10-14T11:50:02","modified_gmt":"2016-10-14T16:50:02","slug":"ministro-de-educacion-y-gobernadores-regionales-analizan-agenda-educativa-prioritaria","status":"publish","type":"post","link":"https:\/\/www.edugestores.pe\/?p=12454","title":{"rendered":"Ministro de Educaci\u00f3n y gobernadores regionales analizan agenda educativa prioritaria"},"content":{"rendered":"<p>En\u00a0el marco del Primer Encuentro de Gobiernos Regionales y el Poder Ejecutivo (1er GORE), el ministro de Educaci\u00f3n, Jaime Saavedra Chanduv\u00ed se reuni\u00f3 con los gobernadores regionales con el fin de analizar diversas alternativas para solucionar los principales problemas o necesidades de \u00edndole educativo en cada regi\u00f3n del pa\u00eds.<\/p>\n<p>Participaron en las reuniones uno-uno los gobernadores de Madre de Dios, Moquegua, Hu\u00e1nuco, Piura, Ayacucho, Huancavelica, Ucayali. Por la tarde los encuentros fueron con las autoridades de Apur\u00edmac, Lambayeque, Loreto, Pasco, Callao y La Libertad. La agenda de trabajo continuar\u00e1 hoy\u00a0en Palacio de Gobierno.<\/p>\n<p>En la inauguraci\u00f3n de este Primer Gore-Ejecutivo en el Centro de Convenciones de Lima, con la participaci\u00f3n de todos los ministros, el jefe del Gabinete Ministerial Fernando Zavala se\u00f1al\u00f3 que el Estado debe tener presencia en todas las regiones del pa\u00eds, siendo moderno, competitivo y equitativo.<\/p>\n<p>A su turno, el ministro de Econom\u00eda Alfredo Thorne coment\u00f3 al respecto que una de las prioridades del Presupuesto Nacional 2017 es la apuesta por una educaci\u00f3n p\u00fablica de calidad. Por esa raz\u00f3n se le asignar\u00e1n S\/. 26.179 millones y una gran parte de este monto ser\u00e1 destinada a las regiones.<\/p>\n<p><strong>Cerca de las regiones<\/strong><\/p>\n<p>Saavedra recalc\u00f3 que este espacio de escucha y de di\u00e1logo con los l\u00edderes regionales permite tomar nota de las principales preocupaciones y propuestas para poder llegar a soluciones concretas.<\/p>\n<p>De ese modo, se podr\u00e1n perfeccionar las estrategias y acciones vinculadas a los objetivos estrat\u00e9gicos de la reforma educativa, los cuales son la revalorizaci\u00f3n de la carrera docente, la mejora de los aprendizajes, la eficiencia en la gesti\u00f3n y el cierre de la brecha de la infraestructura educativa.<\/p>\n<p>Por su parte, el presidente de la Asamblea Nacional de Gobiernos Regionales, Edwin Licona, expres\u00f3 su satisfacci\u00f3n por el encuentro dado que era esperado desde hace mucho tiempo y afirm\u00f3 que permitir\u00e1 articular adecuadamente las distintas acciones intersectoriales e intergubernamentales.<\/p>\n<p>El gobernador de Piura, Reynaldo Hilbck y el ministro Saavedra dialogaron respecto a la implementaci\u00f3n del Colegio del Alto Rendimiento as\u00ed como tambi\u00e9n sobre el mecanismo de obras por impuestos que se ejecutar\u00e1 para rehabilitar ocho colegios en esa regi\u00f3n norte\u00f1a.<\/p>\n<p>En el caso de Hu\u00e1nuco, el gobernador Rub\u00e9n Alva plante\u00f3 una serie de puntos relacionados al cierre de la brecha de infraestructura educativa y a las mejoras pedag\u00f3gicas que se requieren efectuar en esa regi\u00f3n. Puso especial \u00e9nfasis en el an\u00e1lisis de aspectos vinculados al reforzamiento de la ense\u00f1anza para mejorar la comprensi\u00f3n lectora y el razonamiento matem\u00e1tico.<\/p>\n<p>El Minedu particip\u00f3 tambi\u00e9n en una feria multisectorial donde todos los ministerios exponen los avances de sus carteras. All\u00ed se presentaron los diferentes programas educativos que se ejecutan de manera descentralizada en cada regi\u00f3n del pa\u00eds.<\/p>\n<p>Fuente: <a href=\"http:\/\/www.educacionenred.pe\/noticia\/?portada=103448#ixzz4J6SPC41v\">Educacionenred <\/a><\/p>\n","protected":false},"excerpt":{"rendered":"<p>En\u00a0el marco del Primer Encuentro de Gobiernos Regionales y el Poder Ejecutivo (1er GORE), el ministro de Educaci\u00f3n, Jaime Saavedra [&hellip;]<\/p>\n","protected":false},"author":63,"featured_media":12455,"comment_status":"open","ping_status":"open","sticky":false,"template":"","format":"standard","meta":{"spay_email":""},"categories":[125],"tags":[],"yoast_head":"<!-- This site is optimized with the Yoast SEO plugin v18.0 - https:\/\/yoast.com\/wordpress\/plugins\/seo\/ -->\n<title>Ministro de Educaci\u00f3n y gobernadores regionales analizan agenda educativa prioritaria - Red Peruana de Gestores de la Educaci\u00f3n<\/title>\n<meta name=\"robots\" content=\"index, follow, max-snippet:-1, max-image-preview:large, max-video-preview:-1\" \/>\n<link rel=\"canonical\" href=\"https:\/\/www.edugestores.pe\/?p=12454\" \/>\n<meta property=\"og:locale\" content=\"es_ES\" \/>\n<meta property=\"og:type\" content=\"article\" \/>\n<meta property=\"og:title\" content=\"Ministro de Educaci\u00f3n y gobernadores regionales analizan agenda educativa prioritaria - Red Peruana de Gestores de la Educaci\u00f3n\" \/>\n<meta property=\"og:description\" content=\"En\u00a0el marco del Primer Encuentro de Gobiernos Regionales y el Poder Ejecutivo (1er GORE), el ministro de Educaci\u00f3n, Jaime Saavedra [&hellip;]\" \/>\n<meta property=\"og:url\" content=\"https:\/\/www.edugestores.pe\/?p=12454\" \/>\n<meta property=\"og:site_name\" content=\"Red Peruana de Gestores de la Educaci\u00f3n\" \/>\n<meta property=\"article:published_time\" content=\"2016-09-02T13:05:57+00:00\" \/>\n<meta property=\"article:modified_time\" content=\"2016-10-14T16:50:02+00:00\" \/>\n<meta property=\"og:image\" content=\"https:\/\/www.edugestores.pe\/wp-content\/uploads\/2016\/09\/103448-ministro-educacion-gobernadores-regionales-analizan-agenda-educativa.jpg\" \/>\n\t<meta property=\"og:image:width\" content=\"860\" \/>\n\t<meta property=\"og:image:height\" content=\"450\" \/>\n\t<meta property=\"og:image:type\" content=\"image\/jpeg\" \/>\n<meta name=\"twitter:card\" content=\"summary_large_image\" \/>\n<meta name=\"twitter:label1\" content=\"Escrito por\" \/>\n\t<meta name=\"twitter:data1\" content=\"Administrador\" \/>\n\t<meta name=\"twitter:label2\" content=\"Tiempo de lectura\" \/>\n\t<meta name=\"twitter:data2\" content=\"2 minutos\" \/>\n<script type=\"application\/ld+json\" class=\"yoast-schema-graph\">{\"@context\":\"https:\/\/schema.org\",\"@graph\":[{\"@type\":\"WebSite\",\"@id\":\"https:\/\/www.edugestores.pe\/#website\",\"url\":\"https:\/\/www.edugestores.pe\/\",\"name\":\"Red Peruana de Gestores de la Educaci\u00f3n\",\"description\":\"Red Peruana de Gestores de la Educaci\u00f3n\",\"potentialAction\":[{\"@type\":\"SearchAction\",\"target\":{\"@type\":\"EntryPoint\",\"urlTemplate\":\"https:\/\/www.edugestores.pe\/?s={search_term_string}\"},\"query-input\":\"required name=search_term_string\"}],\"inLanguage\":\"es\"},{\"@type\":\"ImageObject\",\"@id\":\"https:\/\/www.edugestores.pe\/?p=12454#primaryimage\",\"inLanguage\":\"es\",\"url\":\"https:\/\/www.edugestores.pe\/wp-content\/uploads\/2016\/09\/103448-ministro-educacion-gobernadores-regionales-analizan-agenda-educativa.jpg\",\"contentUrl\":\"https:\/\/www.edugestores.pe\/wp-content\/uploads\/2016\/09\/103448-ministro-educacion-gobernadores-regionales-analizan-agenda-educativa.jpg\",\"width\":860,\"height\":450},{\"@type\":\"WebPage\",\"@id\":\"https:\/\/www.edugestores.pe\/?p=12454#webpage\",\"url\":\"https:\/\/www.edugestores.pe\/?p=12454\",\"name\":\"Ministro de Educaci\u00f3n y gobernadores regionales analizan agenda educativa prioritaria - Red Peruana de Gestores de la Educaci\u00f3n\",\"isPartOf\":{\"@id\":\"https:\/\/www.edugestores.pe\/#website\"},\"primaryImageOfPage\":{\"@id\":\"https:\/\/www.edugestores.pe\/?p=12454#primaryimage\"},\"datePublished\":\"2016-09-02T13:05:57+00:00\",\"dateModified\":\"2016-10-14T16:50:02+00:00\",\"author\":{\"@id\":\"https:\/\/www.edugestores.pe\/#\/schema\/person\/30dc82f35f5853289037a64b35c7c7d3\"},\"breadcrumb\":{\"@id\":\"https:\/\/www.edugestores.pe\/?p=12454#breadcrumb\"},\"inLanguage\":\"es\",\"potentialAction\":[{\"@type\":\"ReadAction\",\"target\":[\"https:\/\/www.edugestores.pe\/?p=12454\"]}]},{\"@type\":\"BreadcrumbList\",\"@id\":\"https:\/\/www.edugestores.pe\/?p=12454#breadcrumb\",\"itemListElement\":[{\"@type\":\"ListItem\",\"position\":1,\"name\":\"Portada\",\"item\":\"https:\/\/www.edugestores.pe\/\"},{\"@type\":\"ListItem\",\"position\":2,\"name\":\"Ministro de Educaci\u00f3n y gobernadores regionales analizan agenda educativa prioritaria\"}]},{\"@type\":\"Person\",\"@id\":\"https:\/\/www.edugestores.pe\/#\/schema\/person\/30dc82f35f5853289037a64b35c7c7d3\",\"name\":\"Administrador\",\"image\":{\"@type\":\"ImageObject\",\"@id\":\"https:\/\/www.edugestores.pe\/#personlogo\",\"inLanguage\":\"es\",\"url\":\"https:\/\/secure.gravatar.com\/avatar\/70960d1239c4d2c778bb3d2786a3c1ae?s=96&d=mm&r=g\",\"contentUrl\":\"https:\/\/secure.gravatar.com\/avatar\/70960d1239c4d2c778bb3d2786a3c1ae?s=96&d=mm&r=g\",\"caption\":\"Administrador\"},\"url\":\"https:\/\/www.edugestores.pe\/?author=63\"}]}<\/script>\n<!-- \/ Yoast SEO plugin. -->","yoast_head_json":{"title":"Ministro de Educaci\u00f3n y gobernadores regionales analizan agenda educativa prioritaria - Red Peruana de Gestores de la Educaci\u00f3n","robots":{"index":"index","follow":"follow","max-snippet":"max-snippet:-1","max-image-preview":"max-image-preview:large","max-video-preview":"max-video-preview:-1"},"canonical":"https:\/\/www.edugestores.pe\/?p=12454","og_locale":"es_ES","og_type":"article","og_title":"Ministro de Educaci\u00f3n y gobernadores regionales analizan agenda educativa prioritaria - Red Peruana de Gestores de la Educaci\u00f3n","og_description":"En\u00a0el marco del Primer Encuentro de Gobiernos Regionales y el Poder Ejecutivo (1er GORE), el ministro de Educaci\u00f3n, Jaime Saavedra [&hellip;]","og_url":"https:\/\/www.edugestores.pe\/?p=12454","og_site_name":"Red Peruana de Gestores de la Educaci\u00f3n","article_published_time":"2016-09-02T13:05:57+00:00","article_modified_time":"2016-10-14T16:50:02+00:00","og_image":[{"width":860,"height":450,"url":"https:\/\/www.edugestores.pe\/wp-content\/uploads\/2016\/09\/103448-ministro-educacion-gobernadores-regionales-analizan-agenda-educativa.jpg","type":"image\/jpeg"}],"twitter_card":"summary_large_image","twitter_misc":{"Escrito por":"Administrador","Tiempo de lectura":"2 minutos"},"schema":{"@context":"https:\/\/schema.org","@graph":[{"@type":"WebSite","@id":"https:\/\/www.edugestores.pe\/#website","url":"https:\/\/www.edugestores.pe\/","name":"Red Peruana de Gestores de la Educaci\u00f3n","description":"Red Peruana de Gestores de la Educaci\u00f3n","potentialAction":[{"@type":"SearchAction","target":{"@type":"EntryPoint","urlTemplate":"https:\/\/www.edugestores.pe\/?s={search_term_string}"},"query-input":"required name=search_term_string"}],"inLanguage":"es"},{"@type":"ImageObject","@id":"https:\/\/www.edugestores.pe\/?p=12454#primaryimage","inLanguage":"es","url":"https:\/\/www.edugestores.pe\/wp-content\/uploads\/2016\/09\/103448-ministro-educacion-gobernadores-regionales-analizan-agenda-educativa.jpg","contentUrl":"https:\/\/www.edugestores.pe\/wp-content\/uploads\/2016\/09\/103448-ministro-educacion-gobernadores-regionales-analizan-agenda-educativa.jpg","width":860,"height":450},{"@type":"WebPage","@id":"https:\/\/www.edugestores.pe\/?p=12454#webpage","url":"https:\/\/www.edugestores.pe\/?p=12454","name":"Ministro de Educaci\u00f3n y gobernadores regionales analizan agenda educativa prioritaria - Red Peruana de Gestores de la Educaci\u00f3n","isPartOf":{"@id":"https:\/\/www.edugestores.pe\/#website"},"primaryImageOfPage":{"@id":"https:\/\/www.edugestores.pe\/?p=12454#primaryimage"},"datePublished":"2016-09-02T13:05:57+00:00","dateModified":"2016-10-14T16:50:02+00:00","author":{"@id":"https:\/\/www.edugestores.pe\/#\/schema\/person\/30dc82f35f5853289037a64b35c7c7d3"},"breadcrumb":{"@id":"https:\/\/www.edugestores.pe\/?p=12454#breadcrumb"},"inLanguage":"es","potentialAction":[{"@type":"ReadAction","target":["https:\/\/www.edugestores.pe\/?p=12454"]}]},{"@type":"BreadcrumbList","@id":"https:\/\/www.edugestores.pe\/?p=12454#breadcrumb","itemListElement":[{"@type":"ListItem","position":1,"name":"Portada","item":"https:\/\/www.edugestores.pe\/"},{"@type":"ListItem","position":2,"name":"Ministro de Educaci\u00f3n y gobernadores regionales analizan agenda educativa prioritaria"}]},{"@type":"Person","@id":"https:\/\/www.edugestores.pe\/#\/schema\/person\/30dc82f35f5853289037a64b35c7c7d3","name":"Administrador","image":{"@type":"ImageObject","@id":"https:\/\/www.edugestores.pe\/#personlogo","inLanguage":"es","url":"https:\/\/secure.gravatar.com\/avatar\/70960d1239c4d2c778bb3d2786a3c1ae?s=96&d=mm&r=g","contentUrl":"https:\/\/secure.gravatar.com\/avatar\/70960d1239c4d2c778bb3d2786a3c1ae?s=96&d=mm&r=g","caption":"Administrador"},"url":"https:\/\/www.edugestores.pe\/?author=63"}]}},"jetpack_featured_media_url":"https:\/\/www.edugestores.pe\/wp-content\/uploads\/2016\/09\/103448-ministro-educacion-gobernadores-regionales-analizan-agenda-educativa.jpg","_links":{"self":[{"href":"https:\/\/www.edugestores.pe\/index.php?rest_route=\/wp\/v2\/posts\/12454"}],"collection":[{"href":"https:\/\/www.edugestores.pe\/index.php?rest_route=\/wp\/v2\/posts"}],"about":[{"href":"https:\/\/www.edugestores.pe\/index.php?rest_route=\/wp\/v2\/types\/post"}],"author":[{"embeddable":true,"href":"https:\/\/www.edugestores.pe\/index.php?rest_route=\/wp\/v2\/users\/63"}],"replies":[{"embeddable":true,"href":"https:\/\/www.edugestores.pe\/index.php?rest_route=%2Fwp%2Fv2%2Fcomments&post=12454"}],"version-history":[{"count":3,"href":"https:\/\/www.edugestores.pe\/index.php?rest_route=\/wp\/v2\/posts\/12454\/revisions"}],"predecessor-version":[{"id":12458,"href":"https:\/\/www.edugestores.pe\/index.php?rest_route=\/wp\/v2\/posts\/12454\/revisions\/12458"}],"wp:featuredmedia":[{"embeddable":true,"href":"https:\/\/www.edugestores.pe\/index.php?rest_route=\/wp\/v2\/media\/12455"}],"wp:attachment":[{"href":"https:\/\/www.edugestores.pe\/index.php?rest_route=%2Fwp%2Fv2%2Fmedia&parent=12454"}],"wp:term":[{"taxonomy":"category","embeddable":true,"href":"https:\/\/www.edugestores.pe\/index.php?rest_route=%2Fwp%2Fv2%2Fcategories&post=12454"},{"taxonomy":"post_tag","embeddable":true,"href":"https:\/\/www.edugestores.pe\/index.php?rest_route=%2Fwp%2Fv2%2Ftags&post=12454"}],"curies":[{"name":"wp","href":"https:\/\/api.w.org\/{rel}","templated":true}]}}