{"id":12469,"date":"2016-09-03T12:56:26","date_gmt":"2016-09-03T17:56:26","guid":{"rendered":"https:\/\/www.edugestores.pe\/?p=12469"},"modified":"2016-09-11T07:52:01","modified_gmt":"2016-09-11T12:52:01","slug":"convocatoria-foro-internacional-sobre-curriculo","status":"publish","type":"post","link":"https:\/\/www.edugestores.pe\/?p=12469","title":{"rendered":"Convocatoria: Foro Internacional sobre Curr\u00edculo"},"content":{"rendered":"<p><span class=\"NOTF_texto1\">Los d\u00edas 7, 8 y 9 de septiembre de este a\u00f1o, expertos nacionales e internacionales se reunir\u00e1n en torno a la convocatoria de DM Formaci\u00f3n, nuestra unidad encargada de capacitaci\u00f3n y formaci\u00f3n docente, para analizar y compartir conceptos y experiencias relacionadas al Curr\u00edculo Nacional, a ra\u00edz de los \u00faltimos cambios aprobados por el gobierno.<\/span><\/p>\n<p><span class=\"NOTF_texto1\">Derrama Magisterial organiza este foro internacional titulado El Curr\u00edculo Nacional: An\u00e1lisis y perspectivas de su aplicaci\u00f3n, y convoca a todos los docentes de escuela p\u00fablica, universidad p\u00fablica, investigadores e interesados en el tema de la educaci\u00f3n a inscribirse y participar con su presencia en estas interesantes sesiones acad\u00e9micas, preparadas de manera especial como parte de nuestro compromiso con la capacitaci\u00f3n docente y en el marco de las actividades celebratorias por nuestro 50 aniversario de vida institucional.<\/span><\/p>\n<p><span class=\"NOTF_texto1\">Derrama Magisterial convoca a todas las personas interesadas en el tema educativo: funcionarios del Ministerio de Educaci\u00f3n y las UGEL, directores y profesores de instituciones educativas p\u00fablicas y privadas, integrantes de instituciones relacionadas a la investigaci\u00f3n pedag\u00f3gica y afines, a inscribirse y participar de este foro que se llevar\u00e1 a cabo en nuestro Auditorio ubicado en Av. Gregorio Escobedo 598, Jes\u00fas Mar\u00eda.<\/span><\/p>\n<p><span class=\"NOTF_texto1\">Los objetivos del foro son: Realizar un an\u00e1lisis cr\u00edtico del Curr\u00edculo Nacional\u00a0 de Educaci\u00f3n B\u00e1sica Regular y extraer conclusiones sobre las perspectivas de su aplicaci\u00f3n y la mejora de la calidad de la educaci\u00f3n; intercambiar ideas, cr\u00edticas y propuestas de reconocidos expertos especialistas en curr\u00edculo, dirigentes gremiales y docentes investigadores sobre el documento normativo denominado Curr\u00edculo Nacional; y sistematizar las propuestas de especialistas, dirigentes y docentes sobre el Curr\u00edculo Nacional.\u00a0<\/span>Participar\u00e1n expertos de Bolivia, Ecuador y Per\u00fa, representando a diversas instituciones que estudian el tema curricular y sus alcances.<\/p>\n<p><span class=\"NOTF_texto1\">La participaci\u00f3n del foro es gratuita previa inscripci\u00f3n.\u00a0<\/span>La participaci\u00f3n del foro es gratuita previa inscripci\u00f3n. ea el formulario haciendo click en el siguiente enlace. Env\u00ede sus datos y listo. Para mayores informes, llamar al 461-4658.<\/p>\n<p><span class=\"NOTF_subtitulo1\"><span class=\"NOTF_titulo1\"><a href=\"http:\/\/blog.derrama.org.pe\/formulario-foro-educativo\/\" target=\"_blank\"><strong>Formulario de Inscripci\u00f3n online<\/strong><\/a><\/span><\/span><\/p>\n<p><a href=\"https:\/\/www.derrama.org.pe\/principal\/categoria\/programa-foro-2016\/339\/c-339\" target=\"_self\"><strong>Programaci\u00f3n Acad\u00e9mica (click aqu\u00ed)<\/strong><\/a><\/p>\n<p><a href=\"https:\/\/www.edugestores.pe\/wp-content\/uploads\/2016\/09\/FORO-WEB.png\"><img decoding=\"async\" loading=\"lazy\" class=\" size-full wp-image-12470 aligncenter\" src=\"https:\/\/www.edugestores.pe\/wp-content\/uploads\/2016\/09\/FORO-WEB.png\" alt=\"FORO WEB\" width=\"514\" height=\"731\" srcset=\"https:\/\/www.edugestores.pe\/wp-content\/uploads\/2016\/09\/FORO-WEB.png 514w, https:\/\/www.edugestores.pe\/wp-content\/uploads\/2016\/09\/FORO-WEB-211x300.png 211w, https:\/\/www.edugestores.pe\/wp-content\/uploads\/2016\/09\/FORO-WEB-70x100.png 70w\" sizes=\"(max-width: 514px) 100vw, 514px\" \/><\/a><\/p>\n","protected":false},"excerpt":{"rendered":"<p>Los d\u00edas 7, 8 y 9 de septiembre de este a\u00f1o, expertos nacionales e internacionales se reunir\u00e1n en torno a [&hellip;]<\/p>\n","protected":false},"author":63,"featured_media":12473,"comment_status":"open","ping_status":"open","sticky":false,"template":"","format":"standard","meta":{"spay_email":""},"categories":[125],"tags":[],"yoast_head":"<!-- This site is optimized with the Yoast SEO plugin v18.0 - https:\/\/yoast.com\/wordpress\/plugins\/seo\/ -->\n<title>Convocatoria: Foro Internacional sobre Curr\u00edculo - Red Peruana de Gestores de la Educaci\u00f3n<\/title>\n<meta name=\"robots\" content=\"index, follow, max-snippet:-1, max-image-preview:large, max-video-preview:-1\" \/>\n<link rel=\"canonical\" href=\"https:\/\/www.edugestores.pe\/?p=12469\" \/>\n<meta property=\"og:locale\" content=\"es_ES\" \/>\n<meta property=\"og:type\" content=\"article\" \/>\n<meta property=\"og:title\" content=\"Convocatoria: Foro Internacional sobre Curr\u00edculo - Red Peruana de Gestores de la Educaci\u00f3n\" \/>\n<meta property=\"og:description\" content=\"Los d\u00edas 7, 8 y 9 de septiembre de este a\u00f1o, expertos nacionales e internacionales se reunir\u00e1n en torno a [&hellip;]\" \/>\n<meta property=\"og:url\" content=\"https:\/\/www.edugestores.pe\/?p=12469\" \/>\n<meta property=\"og:site_name\" content=\"Red Peruana de Gestores de la Educaci\u00f3n\" \/>\n<meta property=\"article:published_time\" content=\"2016-09-03T17:56:26+00:00\" \/>\n<meta property=\"article:modified_time\" content=\"2016-09-11T12:52:01+00:00\" \/>\n<meta property=\"og:image\" content=\"https:\/\/www.edugestores.pe\/wp-content\/uploads\/2016\/09\/FORO-WEB-2.png\" \/>\n\t<meta property=\"og:image:width\" content=\"468\" \/>\n\t<meta property=\"og:image:height\" content=\"207\" \/>\n\t<meta property=\"og:image:type\" content=\"image\/png\" \/>\n<meta name=\"twitter:card\" content=\"summary_large_image\" \/>\n<meta name=\"twitter:label1\" content=\"Escrito por\" \/>\n\t<meta name=\"twitter:data1\" content=\"Administrador\" \/>\n\t<meta name=\"twitter:label2\" content=\"Tiempo de lectura\" \/>\n\t<meta name=\"twitter:data2\" content=\"2 minutos\" \/>\n<script type=\"application\/ld+json\" class=\"yoast-schema-graph\">{\"@context\":\"https:\/\/schema.org\",\"@graph\":[{\"@type\":\"WebSite\",\"@id\":\"https:\/\/www.edugestores.pe\/#website\",\"url\":\"https:\/\/www.edugestores.pe\/\",\"name\":\"Red Peruana de Gestores de la Educaci\u00f3n\",\"description\":\"Red Peruana de Gestores de la Educaci\u00f3n\",\"potentialAction\":[{\"@type\":\"SearchAction\",\"target\":{\"@type\":\"EntryPoint\",\"urlTemplate\":\"https:\/\/www.edugestores.pe\/?s={search_term_string}\"},\"query-input\":\"required name=search_term_string\"}],\"inLanguage\":\"es\"},{\"@type\":\"ImageObject\",\"@id\":\"https:\/\/www.edugestores.pe\/?p=12469#primaryimage\",\"inLanguage\":\"es\",\"url\":\"https:\/\/www.edugestores.pe\/wp-content\/uploads\/2016\/09\/FORO-WEB-2.png\",\"contentUrl\":\"https:\/\/www.edugestores.pe\/wp-content\/uploads\/2016\/09\/FORO-WEB-2.png\",\"width\":468,\"height\":207},{\"@type\":\"WebPage\",\"@id\":\"https:\/\/www.edugestores.pe\/?p=12469#webpage\",\"url\":\"https:\/\/www.edugestores.pe\/?p=12469\",\"name\":\"Convocatoria: Foro Internacional sobre Curr\u00edculo - Red Peruana de Gestores de la Educaci\u00f3n\",\"isPartOf\":{\"@id\":\"https:\/\/www.edugestores.pe\/#website\"},\"primaryImageOfPage\":{\"@id\":\"https:\/\/www.edugestores.pe\/?p=12469#primaryimage\"},\"datePublished\":\"2016-09-03T17:56:26+00:00\",\"dateModified\":\"2016-09-11T12:52:01+00:00\",\"author\":{\"@id\":\"https:\/\/www.edugestores.pe\/#\/schema\/person\/30dc82f35f5853289037a64b35c7c7d3\"},\"breadcrumb\":{\"@id\":\"https:\/\/www.edugestores.pe\/?p=12469#breadcrumb\"},\"inLanguage\":\"es\",\"potentialAction\":[{\"@type\":\"ReadAction\",\"target\":[\"https:\/\/www.edugestores.pe\/?p=12469\"]}]},{\"@type\":\"BreadcrumbList\",\"@id\":\"https:\/\/www.edugestores.pe\/?p=12469#breadcrumb\",\"itemListElement\":[{\"@type\":\"ListItem\",\"position\":1,\"name\":\"Portada\",\"item\":\"https:\/\/www.edugestores.pe\/\"},{\"@type\":\"ListItem\",\"position\":2,\"name\":\"Convocatoria: Foro Internacional sobre Curr\u00edculo\"}]},{\"@type\":\"Person\",\"@id\":\"https:\/\/www.edugestores.pe\/#\/schema\/person\/30dc82f35f5853289037a64b35c7c7d3\",\"name\":\"Administrador\",\"image\":{\"@type\":\"ImageObject\",\"@id\":\"https:\/\/www.edugestores.pe\/#personlogo\",\"inLanguage\":\"es\",\"url\":\"https:\/\/secure.gravatar.com\/avatar\/70960d1239c4d2c778bb3d2786a3c1ae?s=96&d=mm&r=g\",\"contentUrl\":\"https:\/\/secure.gravatar.com\/avatar\/70960d1239c4d2c778bb3d2786a3c1ae?s=96&d=mm&r=g\",\"caption\":\"Administrador\"},\"url\":\"https:\/\/www.edugestores.pe\/?author=63\"}]}<\/script>\n<!-- \/ Yoast SEO plugin. -->","yoast_head_json":{"title":"Convocatoria: Foro Internacional sobre Curr\u00edculo - Red Peruana de Gestores de la Educaci\u00f3n","robots":{"index":"index","follow":"follow","max-snippet":"max-snippet:-1","max-image-preview":"max-image-preview:large","max-video-preview":"max-video-preview:-1"},"canonical":"https:\/\/www.edugestores.pe\/?p=12469","og_locale":"es_ES","og_type":"article","og_title":"Convocatoria: Foro Internacional sobre Curr\u00edculo - Red Peruana de Gestores de la Educaci\u00f3n","og_description":"Los d\u00edas 7, 8 y 9 de septiembre de este a\u00f1o, expertos nacionales e internacionales se reunir\u00e1n en torno a [&hellip;]","og_url":"https:\/\/www.edugestores.pe\/?p=12469","og_site_name":"Red Peruana de Gestores de la Educaci\u00f3n","article_published_time":"2016-09-03T17:56:26+00:00","article_modified_time":"2016-09-11T12:52:01+00:00","og_image":[{"width":468,"height":207,"url":"https:\/\/www.edugestores.pe\/wp-content\/uploads\/2016\/09\/FORO-WEB-2.png","type":"image\/png"}],"twitter_card":"summary_large_image","twitter_misc":{"Escrito por":"Administrador","Tiempo de lectura":"2 minutos"},"schema":{"@context":"https:\/\/schema.org","@graph":[{"@type":"WebSite","@id":"https:\/\/www.edugestores.pe\/#website","url":"https:\/\/www.edugestores.pe\/","name":"Red Peruana de Gestores de la Educaci\u00f3n","description":"Red Peruana de Gestores de la Educaci\u00f3n","potentialAction":[{"@type":"SearchAction","target":{"@type":"EntryPoint","urlTemplate":"https:\/\/www.edugestores.pe\/?s={search_term_string}"},"query-input":"required name=search_term_string"}],"inLanguage":"es"},{"@type":"ImageObject","@id":"https:\/\/www.edugestores.pe\/?p=12469#primaryimage","inLanguage":"es","url":"https:\/\/www.edugestores.pe\/wp-content\/uploads\/2016\/09\/FORO-WEB-2.png","contentUrl":"https:\/\/www.edugestores.pe\/wp-content\/uploads\/2016\/09\/FORO-WEB-2.png","width":468,"height":207},{"@type":"WebPage","@id":"https:\/\/www.edugestores.pe\/?p=12469#webpage","url":"https:\/\/www.edugestores.pe\/?p=12469","name":"Convocatoria: Foro Internacional sobre Curr\u00edculo - Red Peruana de Gestores de la Educaci\u00f3n","isPartOf":{"@id":"https:\/\/www.edugestores.pe\/#website"},"primaryImageOfPage":{"@id":"https:\/\/www.edugestores.pe\/?p=12469#primaryimage"},"datePublished":"2016-09-03T17:56:26+00:00","dateModified":"2016-09-11T12:52:01+00:00","author":{"@id":"https:\/\/www.edugestores.pe\/#\/schema\/person\/30dc82f35f5853289037a64b35c7c7d3"},"breadcrumb":{"@id":"https:\/\/www.edugestores.pe\/?p=12469#breadcrumb"},"inLanguage":"es","potentialAction":[{"@type":"ReadAction","target":["https:\/\/www.edugestores.pe\/?p=12469"]}]},{"@type":"BreadcrumbList","@id":"https:\/\/www.edugestores.pe\/?p=12469#breadcrumb","itemListElement":[{"@type":"ListItem","position":1,"name":"Portada","item":"https:\/\/www.edugestores.pe\/"},{"@type":"ListItem","position":2,"name":"Convocatoria: Foro Internacional sobre Curr\u00edculo"}]},{"@type":"Person","@id":"https:\/\/www.edugestores.pe\/#\/schema\/person\/30dc82f35f5853289037a64b35c7c7d3","name":"Administrador","image":{"@type":"ImageObject","@id":"https:\/\/www.edugestores.pe\/#personlogo","inLanguage":"es","url":"https:\/\/secure.gravatar.com\/avatar\/70960d1239c4d2c778bb3d2786a3c1ae?s=96&d=mm&r=g","contentUrl":"https:\/\/secure.gravatar.com\/avatar\/70960d1239c4d2c778bb3d2786a3c1ae?s=96&d=mm&r=g","caption":"Administrador"},"url":"https:\/\/www.edugestores.pe\/?author=63"}]}},"jetpack_featured_media_url":"https:\/\/www.edugestores.pe\/wp-content\/uploads\/2016\/09\/FORO-WEB-2.png","_links":{"self":[{"href":"https:\/\/www.edugestores.pe\/index.php?rest_route=\/wp\/v2\/posts\/12469"}],"collection":[{"href":"https:\/\/www.edugestores.pe\/index.php?rest_route=\/wp\/v2\/posts"}],"about":[{"href":"https:\/\/www.edugestores.pe\/index.php?rest_route=\/wp\/v2\/types\/post"}],"author":[{"embeddable":true,"href":"https:\/\/www.edugestores.pe\/index.php?rest_route=\/wp\/v2\/users\/63"}],"replies":[{"embeddable":true,"href":"https:\/\/www.edugestores.pe\/index.php?rest_route=%2Fwp%2Fv2%2Fcomments&post=12469"}],"version-history":[{"count":3,"href":"https:\/\/www.edugestores.pe\/index.php?rest_route=\/wp\/v2\/posts\/12469\/revisions"}],"predecessor-version":[{"id":12474,"href":"https:\/\/www.edugestores.pe\/index.php?rest_route=\/wp\/v2\/posts\/12469\/revisions\/12474"}],"wp:featuredmedia":[{"embeddable":true,"href":"https:\/\/www.edugestores.pe\/index.php?rest_route=\/wp\/v2\/media\/12473"}],"wp:attachment":[{"href":"https:\/\/www.edugestores.pe\/index.php?rest_route=%2Fwp%2Fv2%2Fmedia&parent=12469"}],"wp:term":[{"taxonomy":"category","embeddable":true,"href":"https:\/\/www.edugestores.pe\/index.php?rest_route=%2Fwp%2Fv2%2Fcategories&post=12469"},{"taxonomy":"post_tag","embeddable":true,"href":"https:\/\/www.edugestores.pe\/index.php?rest_route=%2Fwp%2Fv2%2Ftags&post=12469"}],"curies":[{"name":"wp","href":"https:\/\/api.w.org\/{rel}","templated":true}]}}