{"id":12488,"date":"2016-09-05T11:38:04","date_gmt":"2016-09-05T16:38:04","guid":{"rendered":"https:\/\/www.edugestores.pe\/?p=12488"},"modified":"2016-09-11T07:52:11","modified_gmt":"2016-09-11T12:52:11","slug":"ugel-chiclayo-promovera-interculturalidad-en-sector-educativo-para-lograr-integracion-y-aprendizajes-gre-lambayeque","status":"publish","type":"post","link":"https:\/\/www.edugestores.pe\/?p=12488","title":{"rendered":"UGEL Chiclayo promover\u00e1 interculturalidad en sector educativo para lograr integraci\u00f3n y aprendizajes &#8211; GRE Lambayeque"},"content":{"rendered":"<p><b>Tambi\u00e9n impulsar\u00e1n lectura y uso responsable de medios de comunicaci\u00f3n<\/b>: El director de la Unidad de Gesti\u00f3n Educativa Local (<a href=\"http:\/\/www.educacionenred.pe\/directorio-minedu-dre-gre-ugel\/\" target=\"_blank\">UGEL<\/a>) de Chiclayo, Dar\u00edo Balc\u00e1zar Quintana, propuso difundir la historia y costumbres de los pueblos de la regi\u00f3n Lambayeque, como un medio eficaz para facilitar la convivencia entre estudiantes de diversos grupos \u00e9tnicos y ampliar los horizontes culturales que permitan obtener mejores logros en los aprendizajes.<\/p>\n<p>El funcionario hizo este planteamiento durante la ceremonia de inauguraci\u00f3n de la vig\u00e9simo primera reuni\u00f3n de la Comisi\u00f3n Nacional de Educaci\u00f3n Intercultural Biling\u00fce (CONEIB), que esta vez se realiza en el distrito chiclayano de Za\u00f1a, con la participaci\u00f3n de los representantes \u00e9tnicos de diversas regiones del interior del Per\u00fa.<\/p>\n<p>&#8220;Cuando se conoce se ama, se admira y se respeta&#8221;, expres\u00f3 Balc\u00e1zar Quintana en su discurso en el que adem\u00e1s apel\u00f3 a un hecho anecd\u00f3tico que ocurri\u00f3 hace poco en una instituci\u00f3n educativa. &#8220;Una maestra, sabiendo lo que ocurrir\u00eda si no lo hac\u00eda, decidi\u00f3 mostrarles a sus alumnos las maravillas y riquezas que guardaba aquel lugar de donde proven\u00eda una nueva estudiante, de tal manera que cuando lleg\u00f3 el momento de presentar a la alumna, \u00e9sta fue recibida y aceptada en el grupo con mucho respeto y cari\u00f1o&#8221;, puntualiz\u00f3.<\/p>\n<p>En ese sentido, el funcionario propuso difundir la historia y costumbres de los pueblos de la regi\u00f3n, a trav\u00e9s de reportajes audiovisuales y ediciones impresas. Estos recursos educativos ser\u00e1n desarrollados en armon\u00eda con el Plan Nacional de Estudios, afirm\u00f3.<\/p>\n<p>&#8220;Para el caso espec\u00edfico de Za\u00f1a, inicialmente nos hemos propuesto producir un reportaje audiovisual, el cual desde un enfoque netamente educativo plantear\u00e1 una perspectiva que coadyuve a fortalecer la identidad, promueva la interculturalidad y conlleve a obtener mejores logros en los aprendizajes&#8221;, enfatiz\u00f3.<\/p>\n<p>El titular de la UGEL Chiclayo tambi\u00e9n aprovech\u00f3 la ocasi\u00f3n para adelantar que se pondr\u00e1 en marcha un plan para el uso responsable de los medios de comunicaci\u00f3n masivos y los beneficios de la lectura.<\/p>\n<p>&#8220;Trabajaremos con los tres actores de la comunidad educativa: estudiantes, profesores y padres de familia. Estoy seguro que en el mediano y corto plazo tendremos resultados m\u00e1s que satisfactorios&#8221;, anot\u00f3.<\/p>\n<p>Anunci\u00f3 que la primera charla se desarrollar\u00e1 el pr\u00f3ximo mi\u00e9rcoles en la I.E N\u00b0 003 &#8220;Los Pastorcitos de la Virgen de F\u00e1tima&#8221;, de Chiclayo.<\/p>\n<p>Fuente: <a href=\"http:\/\/www.educacionenred.pe\/noticia\/?portada=103587#ixzz4JOrSaEZx\">Educacionenred.pe<\/a><\/p>\n","protected":false},"excerpt":{"rendered":"<p>Tambi\u00e9n impulsar\u00e1n lectura y uso responsable de medios de comunicaci\u00f3n: El director de la Unidad de Gesti\u00f3n Educativa Local (UGEL) [&hellip;]<\/p>\n","protected":false},"author":63,"featured_media":12489,"comment_status":"open","ping_status":"open","sticky":false,"template":"","format":"standard","meta":{"spay_email":""},"categories":[125],"tags":[],"yoast_head":"<!-- This site is optimized with the Yoast SEO plugin v18.0 - https:\/\/yoast.com\/wordpress\/plugins\/seo\/ -->\n<title>UGEL Chiclayo promover\u00e1 interculturalidad en sector educativo para lograr integraci\u00f3n y aprendizajes - GRE Lambayeque - Red Peruana de Gestores de la Educaci\u00f3n<\/title>\n<meta name=\"robots\" content=\"index, follow, max-snippet:-1, max-image-preview:large, max-video-preview:-1\" \/>\n<link rel=\"canonical\" href=\"https:\/\/www.edugestores.pe\/?p=12488\" \/>\n<meta property=\"og:locale\" content=\"es_ES\" \/>\n<meta property=\"og:type\" content=\"article\" \/>\n<meta property=\"og:title\" content=\"UGEL Chiclayo promover\u00e1 interculturalidad en sector educativo para lograr integraci\u00f3n y aprendizajes - GRE Lambayeque - Red Peruana de Gestores de la Educaci\u00f3n\" \/>\n<meta property=\"og:description\" content=\"Tambi\u00e9n impulsar\u00e1n lectura y uso responsable de medios de comunicaci\u00f3n: El director de la Unidad de Gesti\u00f3n Educativa Local (UGEL) [&hellip;]\" \/>\n<meta property=\"og:url\" content=\"https:\/\/www.edugestores.pe\/?p=12488\" \/>\n<meta property=\"og:site_name\" content=\"Red Peruana de Gestores de la Educaci\u00f3n\" \/>\n<meta property=\"article:published_time\" content=\"2016-09-05T16:38:04+00:00\" \/>\n<meta property=\"article:modified_time\" content=\"2016-09-11T12:52:11+00:00\" \/>\n<meta property=\"og:image\" content=\"https:\/\/www.edugestores.pe\/wp-content\/uploads\/2016\/09\/103587-ugel-chiclayo-promovera-interculturalidad-sector-educativo-lograr-integracion.jpg\" \/>\n\t<meta property=\"og:image:width\" content=\"860\" \/>\n\t<meta property=\"og:image:height\" content=\"450\" \/>\n\t<meta property=\"og:image:type\" content=\"image\/jpeg\" \/>\n<meta name=\"twitter:card\" content=\"summary_large_image\" \/>\n<meta name=\"twitter:label1\" content=\"Escrito por\" \/>\n\t<meta name=\"twitter:data1\" content=\"Administrador\" \/>\n\t<meta name=\"twitter:label2\" content=\"Tiempo de lectura\" \/>\n\t<meta name=\"twitter:data2\" content=\"2 minutos\" \/>\n<script type=\"application\/ld+json\" class=\"yoast-schema-graph\">{\"@context\":\"https:\/\/schema.org\",\"@graph\":[{\"@type\":\"WebSite\",\"@id\":\"https:\/\/www.edugestores.pe\/#website\",\"url\":\"https:\/\/www.edugestores.pe\/\",\"name\":\"Red Peruana de Gestores de la Educaci\u00f3n\",\"description\":\"Red Peruana de Gestores de la Educaci\u00f3n\",\"potentialAction\":[{\"@type\":\"SearchAction\",\"target\":{\"@type\":\"EntryPoint\",\"urlTemplate\":\"https:\/\/www.edugestores.pe\/?s={search_term_string}\"},\"query-input\":\"required name=search_term_string\"}],\"inLanguage\":\"es\"},{\"@type\":\"ImageObject\",\"@id\":\"https:\/\/www.edugestores.pe\/?p=12488#primaryimage\",\"inLanguage\":\"es\",\"url\":\"https:\/\/www.edugestores.pe\/wp-content\/uploads\/2016\/09\/103587-ugel-chiclayo-promovera-interculturalidad-sector-educativo-lograr-integracion.jpg\",\"contentUrl\":\"https:\/\/www.edugestores.pe\/wp-content\/uploads\/2016\/09\/103587-ugel-chiclayo-promovera-interculturalidad-sector-educativo-lograr-integracion.jpg\",\"width\":860,\"height\":450},{\"@type\":\"WebPage\",\"@id\":\"https:\/\/www.edugestores.pe\/?p=12488#webpage\",\"url\":\"https:\/\/www.edugestores.pe\/?p=12488\",\"name\":\"UGEL Chiclayo promover\u00e1 interculturalidad en sector educativo para lograr integraci\u00f3n y aprendizajes - GRE Lambayeque - Red Peruana de Gestores de la Educaci\u00f3n\",\"isPartOf\":{\"@id\":\"https:\/\/www.edugestores.pe\/#website\"},\"primaryImageOfPage\":{\"@id\":\"https:\/\/www.edugestores.pe\/?p=12488#primaryimage\"},\"datePublished\":\"2016-09-05T16:38:04+00:00\",\"dateModified\":\"2016-09-11T12:52:11+00:00\",\"author\":{\"@id\":\"https:\/\/www.edugestores.pe\/#\/schema\/person\/30dc82f35f5853289037a64b35c7c7d3\"},\"breadcrumb\":{\"@id\":\"https:\/\/www.edugestores.pe\/?p=12488#breadcrumb\"},\"inLanguage\":\"es\",\"potentialAction\":[{\"@type\":\"ReadAction\",\"target\":[\"https:\/\/www.edugestores.pe\/?p=12488\"]}]},{\"@type\":\"BreadcrumbList\",\"@id\":\"https:\/\/www.edugestores.pe\/?p=12488#breadcrumb\",\"itemListElement\":[{\"@type\":\"ListItem\",\"position\":1,\"name\":\"Portada\",\"item\":\"https:\/\/www.edugestores.pe\/\"},{\"@type\":\"ListItem\",\"position\":2,\"name\":\"UGEL Chiclayo promover\u00e1 interculturalidad en sector educativo para lograr integraci\u00f3n y aprendizajes &#8211; GRE Lambayeque\"}]},{\"@type\":\"Person\",\"@id\":\"https:\/\/www.edugestores.pe\/#\/schema\/person\/30dc82f35f5853289037a64b35c7c7d3\",\"name\":\"Administrador\",\"image\":{\"@type\":\"ImageObject\",\"@id\":\"https:\/\/www.edugestores.pe\/#personlogo\",\"inLanguage\":\"es\",\"url\":\"https:\/\/secure.gravatar.com\/avatar\/70960d1239c4d2c778bb3d2786a3c1ae?s=96&d=mm&r=g\",\"contentUrl\":\"https:\/\/secure.gravatar.com\/avatar\/70960d1239c4d2c778bb3d2786a3c1ae?s=96&d=mm&r=g\",\"caption\":\"Administrador\"},\"url\":\"https:\/\/www.edugestores.pe\/?author=63\"}]}<\/script>\n<!-- \/ Yoast SEO plugin. -->","yoast_head_json":{"title":"UGEL Chiclayo promover\u00e1 interculturalidad en sector educativo para lograr integraci\u00f3n y aprendizajes - GRE Lambayeque - Red Peruana de Gestores de la Educaci\u00f3n","robots":{"index":"index","follow":"follow","max-snippet":"max-snippet:-1","max-image-preview":"max-image-preview:large","max-video-preview":"max-video-preview:-1"},"canonical":"https:\/\/www.edugestores.pe\/?p=12488","og_locale":"es_ES","og_type":"article","og_title":"UGEL Chiclayo promover\u00e1 interculturalidad en sector educativo para lograr integraci\u00f3n y aprendizajes - GRE Lambayeque - Red Peruana de Gestores de la Educaci\u00f3n","og_description":"Tambi\u00e9n impulsar\u00e1n lectura y uso responsable de medios de comunicaci\u00f3n: El director de la Unidad de Gesti\u00f3n Educativa Local (UGEL) [&hellip;]","og_url":"https:\/\/www.edugestores.pe\/?p=12488","og_site_name":"Red Peruana de Gestores de la Educaci\u00f3n","article_published_time":"2016-09-05T16:38:04+00:00","article_modified_time":"2016-09-11T12:52:11+00:00","og_image":[{"width":860,"height":450,"url":"https:\/\/www.edugestores.pe\/wp-content\/uploads\/2016\/09\/103587-ugel-chiclayo-promovera-interculturalidad-sector-educativo-lograr-integracion.jpg","type":"image\/jpeg"}],"twitter_card":"summary_large_image","twitter_misc":{"Escrito por":"Administrador","Tiempo de lectura":"2 minutos"},"schema":{"@context":"https:\/\/schema.org","@graph":[{"@type":"WebSite","@id":"https:\/\/www.edugestores.pe\/#website","url":"https:\/\/www.edugestores.pe\/","name":"Red Peruana de Gestores de la Educaci\u00f3n","description":"Red Peruana de Gestores de la Educaci\u00f3n","potentialAction":[{"@type":"SearchAction","target":{"@type":"EntryPoint","urlTemplate":"https:\/\/www.edugestores.pe\/?s={search_term_string}"},"query-input":"required name=search_term_string"}],"inLanguage":"es"},{"@type":"ImageObject","@id":"https:\/\/www.edugestores.pe\/?p=12488#primaryimage","inLanguage":"es","url":"https:\/\/www.edugestores.pe\/wp-content\/uploads\/2016\/09\/103587-ugel-chiclayo-promovera-interculturalidad-sector-educativo-lograr-integracion.jpg","contentUrl":"https:\/\/www.edugestores.pe\/wp-content\/uploads\/2016\/09\/103587-ugel-chiclayo-promovera-interculturalidad-sector-educativo-lograr-integracion.jpg","width":860,"height":450},{"@type":"WebPage","@id":"https:\/\/www.edugestores.pe\/?p=12488#webpage","url":"https:\/\/www.edugestores.pe\/?p=12488","name":"UGEL Chiclayo promover\u00e1 interculturalidad en sector educativo para lograr integraci\u00f3n y aprendizajes - GRE Lambayeque - Red Peruana de Gestores de la Educaci\u00f3n","isPartOf":{"@id":"https:\/\/www.edugestores.pe\/#website"},"primaryImageOfPage":{"@id":"https:\/\/www.edugestores.pe\/?p=12488#primaryimage"},"datePublished":"2016-09-05T16:38:04+00:00","dateModified":"2016-09-11T12:52:11+00:00","author":{"@id":"https:\/\/www.edugestores.pe\/#\/schema\/person\/30dc82f35f5853289037a64b35c7c7d3"},"breadcrumb":{"@id":"https:\/\/www.edugestores.pe\/?p=12488#breadcrumb"},"inLanguage":"es","potentialAction":[{"@type":"ReadAction","target":["https:\/\/www.edugestores.pe\/?p=12488"]}]},{"@type":"BreadcrumbList","@id":"https:\/\/www.edugestores.pe\/?p=12488#breadcrumb","itemListElement":[{"@type":"ListItem","position":1,"name":"Portada","item":"https:\/\/www.edugestores.pe\/"},{"@type":"ListItem","position":2,"name":"UGEL Chiclayo promover\u00e1 interculturalidad en sector educativo para lograr integraci\u00f3n y aprendizajes &#8211; GRE Lambayeque"}]},{"@type":"Person","@id":"https:\/\/www.edugestores.pe\/#\/schema\/person\/30dc82f35f5853289037a64b35c7c7d3","name":"Administrador","image":{"@type":"ImageObject","@id":"https:\/\/www.edugestores.pe\/#personlogo","inLanguage":"es","url":"https:\/\/secure.gravatar.com\/avatar\/70960d1239c4d2c778bb3d2786a3c1ae?s=96&d=mm&r=g","contentUrl":"https:\/\/secure.gravatar.com\/avatar\/70960d1239c4d2c778bb3d2786a3c1ae?s=96&d=mm&r=g","caption":"Administrador"},"url":"https:\/\/www.edugestores.pe\/?author=63"}]}},"jetpack_featured_media_url":"https:\/\/www.edugestores.pe\/wp-content\/uploads\/2016\/09\/103587-ugel-chiclayo-promovera-interculturalidad-sector-educativo-lograr-integracion.jpg","_links":{"self":[{"href":"https:\/\/www.edugestores.pe\/index.php?rest_route=\/wp\/v2\/posts\/12488"}],"collection":[{"href":"https:\/\/www.edugestores.pe\/index.php?rest_route=\/wp\/v2\/posts"}],"about":[{"href":"https:\/\/www.edugestores.pe\/index.php?rest_route=\/wp\/v2\/types\/post"}],"author":[{"embeddable":true,"href":"https:\/\/www.edugestores.pe\/index.php?rest_route=\/wp\/v2\/users\/63"}],"replies":[{"embeddable":true,"href":"https:\/\/www.edugestores.pe\/index.php?rest_route=%2Fwp%2Fv2%2Fcomments&post=12488"}],"version-history":[{"count":1,"href":"https:\/\/www.edugestores.pe\/index.php?rest_route=\/wp\/v2\/posts\/12488\/revisions"}],"predecessor-version":[{"id":12490,"href":"https:\/\/www.edugestores.pe\/index.php?rest_route=\/wp\/v2\/posts\/12488\/revisions\/12490"}],"wp:featuredmedia":[{"embeddable":true,"href":"https:\/\/www.edugestores.pe\/index.php?rest_route=\/wp\/v2\/media\/12489"}],"wp:attachment":[{"href":"https:\/\/www.edugestores.pe\/index.php?rest_route=%2Fwp%2Fv2%2Fmedia&parent=12488"}],"wp:term":[{"taxonomy":"category","embeddable":true,"href":"https:\/\/www.edugestores.pe\/index.php?rest_route=%2Fwp%2Fv2%2Fcategories&post=12488"},{"taxonomy":"post_tag","embeddable":true,"href":"https:\/\/www.edugestores.pe\/index.php?rest_route=%2Fwp%2Fv2%2Ftags&post=12488"}],"curies":[{"name":"wp","href":"https:\/\/api.w.org\/{rel}","templated":true}]}}