{"id":12516,"date":"2016-09-07T12:07:36","date_gmt":"2016-09-07T17:07:36","guid":{"rendered":"https:\/\/www.edugestores.pe\/?p=12516"},"modified":"2016-09-13T11:07:30","modified_gmt":"2016-09-13T16:07:30","slug":"14-temas-clave-en-la-presentacion-del-ministro-de-educacion-ante-la-comision-de-educacion-del-congreso-de-la-republica-50916","status":"publish","type":"post","link":"https:\/\/www.edugestores.pe\/?p=12516","title":{"rendered":"14 temas clave en la presentaci\u00f3n del Ministro de Educaci\u00f3n ante la Comisi\u00f3n de Educaci\u00f3n del Congreso de la Rep\u00fablica (5\/09\/16)"},"content":{"rendered":"<ol>\n<li>La presentaci\u00f3n del Ministro de Educaci\u00f3n ante la Comisi\u00f3n de Educaci\u00f3n del Congreso trat\u00f3 cuatro aspectos: (i)Avances realizados y pol\u00edticas adoptadas durante la gesti\u00f3n anterior, (ii) Acciones y l\u00edneas de trabajo para resolver la problem\u00e1tica de la educaci\u00f3n (Inicial, EBR y Superior) en la gesti\u00f3n del nuevo gobierno (iii) Plan de trabajo para los pr\u00f3ximos Juegos Panamericanos 2019, (iv)Informe sobre otros programas<\/li>\n<li>Docentes: Evoluci\u00f3n de la remuneraci\u00f3n docente muestra que despu\u00e9s de 7 a\u00f1os de salarios congelados a partir de la aprobaci\u00f3n de la ley de reforma magisterial el 2012 empieza una recuperaci\u00f3n de los ingresos de los profesores (Diapositiva\u00a07).<\/li>\n<li>En el \u00faltimo quinquenio ocurre un salto en la inversi\u00f3n en infraestructura, 56% dedicada a \u00e1reas rurales siendo el 2013 el a\u00f1o de mayor inversi\u00f3n (Diapositiva\u00a010)<\/li>\n<li>Presupuesto: se aprecia la ca\u00edda de participaci\u00f3n de educaci\u00f3n en el presupuesto hasta el 2011 y recuperaci\u00f3n paulatina hasta el 2016 (Diapositiva\u00a012)<\/li>\n<li>Evaluaci\u00f3n docente: presenta el plan tentativo de evaluaci\u00f3n docentes hasta el 2021 (Diapositiva\u00a021)<\/li>\n<li>Pol\u00edtica de educaci\u00f3n inicial tiene como meta llegar a 95% de cobertura en educaci\u00f3n inicial al 2021 con 50% de PRONEI reconvertidos (Diapositiva\u00a029)<\/li>\n<li>Pol\u00edtica de educaci\u00f3n secundaria llegar\u00e1 a 4,500 colegios en jornada completa al 2021 (Diapositiva\u00a030)<\/li>\n<li>Pol\u00edtica de Educaci\u00f3n Biling\u00fce Intercultural (Diapositiva\u00a034)<\/li>\n<li>Pol\u00edtica de educaci\u00f3n rural (Diapositiva\u00a037)<\/li>\n<li>Mejoras en UGEL (Diapositiva\u00a042)<\/li>\n<li>Mejoras en regiones (Diapositiva\u00a044)<\/li>\n<li>Plan Nacional de Infraestructura a ser presentado en los primeros 100 d\u00edas de gobierno (Diapositiva\u00a051)<\/li>\n<li>Reforma universitaria (Diapositiva\u00a053)<\/li>\n<li>Proyecto de ley para educaci\u00f3n superior t\u00e9cnica y pedag\u00f3gica. (Diapositiva\u00a055)<\/li>\n<\/ol>\n<p>Se adjunta <a href=\"https:\/\/www.edugestores.pe\/docs\/14-temas-clave-en-la-presentacion-del-ministro-de-educacion-ante-la-comision-de-educacion-del-congreso-de-la-republica-50916\/\">ppt <\/a>y puede ver los videos a continuaci\u00f3n:<\/p>\n<p>Presentaci\u00f3n del ministro Jaime Saavedra en la Comisi\u00f3n de Educaci\u00f3n del Congreso (1da parte)<\/p>\n<p><iframe loading=\"lazy\" src=\"https:\/\/www.youtube.com\/embed\/rvbdCZz1lrY\" width=\"853\" height=\"480\" frameborder=\"0\" allowfullscreen=\"allowfullscreen\"><\/iframe><\/p>\n<p>Presentaci\u00f3n del ministro Jaime Saavedra en la Comisi\u00f3n de Educaci\u00f3n del Congreso (2da parte)<\/p>\n<p><iframe loading=\"lazy\" src=\"https:\/\/www.youtube.com\/embed\/fQcQjdQxF5E\" width=\"853\" height=\"480\" frameborder=\"0\" allowfullscreen=\"allowfullscreen\"><\/iframe><\/p>\n","protected":false},"excerpt":{"rendered":"<p>La presentaci\u00f3n del Ministro de Educaci\u00f3n ante la Comisi\u00f3n de Educaci\u00f3n del Congreso trat\u00f3 cuatro aspectos: (i)Avances realizados y pol\u00edticas [&hellip;]<\/p>\n","protected":false},"author":63,"featured_media":12518,"comment_status":"open","ping_status":"open","sticky":false,"template":"","format":"standard","meta":{"spay_email":""},"categories":[125],"tags":[],"yoast_head":"<!-- This site is optimized with the Yoast SEO plugin v18.0 - https:\/\/yoast.com\/wordpress\/plugins\/seo\/ -->\n<title>14 temas clave en la presentaci\u00f3n del Ministro de Educaci\u00f3n ante la Comisi\u00f3n de Educaci\u00f3n del Congreso de la Rep\u00fablica (5\/09\/16) - Red Peruana de Gestores de la Educaci\u00f3n<\/title>\n<meta name=\"robots\" content=\"index, follow, max-snippet:-1, max-image-preview:large, max-video-preview:-1\" \/>\n<link rel=\"canonical\" href=\"https:\/\/www.edugestores.pe\/?p=12516\" \/>\n<meta property=\"og:locale\" content=\"es_ES\" \/>\n<meta property=\"og:type\" content=\"article\" \/>\n<meta property=\"og:title\" content=\"14 temas clave en la presentaci\u00f3n del Ministro de Educaci\u00f3n ante la Comisi\u00f3n de Educaci\u00f3n del Congreso de la Rep\u00fablica (5\/09\/16) - Red Peruana de Gestores de la Educaci\u00f3n\" \/>\n<meta property=\"og:description\" content=\"La presentaci\u00f3n del Ministro de Educaci\u00f3n ante la Comisi\u00f3n de Educaci\u00f3n del Congreso trat\u00f3 cuatro aspectos: (i)Avances realizados y pol\u00edticas [&hellip;]\" \/>\n<meta property=\"og:url\" content=\"https:\/\/www.edugestores.pe\/?p=12516\" \/>\n<meta property=\"og:site_name\" content=\"Red Peruana de Gestores de la Educaci\u00f3n\" \/>\n<meta property=\"article:published_time\" content=\"2016-09-07T17:07:36+00:00\" \/>\n<meta property=\"article:modified_time\" content=\"2016-09-13T16:07:30+00:00\" \/>\n<meta property=\"og:image\" content=\"https:\/\/www.edugestores.pe\/wp-content\/uploads\/2016\/09\/ministro-congreso.png\" \/>\n\t<meta property=\"og:image:width\" content=\"625\" \/>\n\t<meta property=\"og:image:height\" content=\"339\" \/>\n\t<meta property=\"og:image:type\" content=\"image\/png\" \/>\n<meta name=\"twitter:card\" content=\"summary_large_image\" \/>\n<meta name=\"twitter:label1\" content=\"Escrito por\" \/>\n\t<meta name=\"twitter:data1\" content=\"Administrador\" \/>\n\t<meta name=\"twitter:label2\" content=\"Tiempo de lectura\" \/>\n\t<meta name=\"twitter:data2\" content=\"2 minutos\" \/>\n<script type=\"application\/ld+json\" class=\"yoast-schema-graph\">{\"@context\":\"https:\/\/schema.org\",\"@graph\":[{\"@type\":\"WebSite\",\"@id\":\"https:\/\/www.edugestores.pe\/#website\",\"url\":\"https:\/\/www.edugestores.pe\/\",\"name\":\"Red Peruana de Gestores de la Educaci\u00f3n\",\"description\":\"Red Peruana de Gestores de la Educaci\u00f3n\",\"potentialAction\":[{\"@type\":\"SearchAction\",\"target\":{\"@type\":\"EntryPoint\",\"urlTemplate\":\"https:\/\/www.edugestores.pe\/?s={search_term_string}\"},\"query-input\":\"required name=search_term_string\"}],\"inLanguage\":\"es\"},{\"@type\":\"ImageObject\",\"@id\":\"https:\/\/www.edugestores.pe\/?p=12516#primaryimage\",\"inLanguage\":\"es\",\"url\":\"https:\/\/www.edugestores.pe\/wp-content\/uploads\/2016\/09\/ministro-congreso.png\",\"contentUrl\":\"https:\/\/www.edugestores.pe\/wp-content\/uploads\/2016\/09\/ministro-congreso.png\",\"width\":625,\"height\":339},{\"@type\":\"WebPage\",\"@id\":\"https:\/\/www.edugestores.pe\/?p=12516#webpage\",\"url\":\"https:\/\/www.edugestores.pe\/?p=12516\",\"name\":\"14 temas clave en la presentaci\u00f3n del Ministro de Educaci\u00f3n ante la Comisi\u00f3n de Educaci\u00f3n del Congreso de la Rep\u00fablica (5\/09\/16) - Red Peruana de Gestores de la Educaci\u00f3n\",\"isPartOf\":{\"@id\":\"https:\/\/www.edugestores.pe\/#website\"},\"primaryImageOfPage\":{\"@id\":\"https:\/\/www.edugestores.pe\/?p=12516#primaryimage\"},\"datePublished\":\"2016-09-07T17:07:36+00:00\",\"dateModified\":\"2016-09-13T16:07:30+00:00\",\"author\":{\"@id\":\"https:\/\/www.edugestores.pe\/#\/schema\/person\/30dc82f35f5853289037a64b35c7c7d3\"},\"breadcrumb\":{\"@id\":\"https:\/\/www.edugestores.pe\/?p=12516#breadcrumb\"},\"inLanguage\":\"es\",\"potentialAction\":[{\"@type\":\"ReadAction\",\"target\":[\"https:\/\/www.edugestores.pe\/?p=12516\"]}]},{\"@type\":\"BreadcrumbList\",\"@id\":\"https:\/\/www.edugestores.pe\/?p=12516#breadcrumb\",\"itemListElement\":[{\"@type\":\"ListItem\",\"position\":1,\"name\":\"Portada\",\"item\":\"https:\/\/www.edugestores.pe\/\"},{\"@type\":\"ListItem\",\"position\":2,\"name\":\"14 temas clave en la presentaci\u00f3n del Ministro de Educaci\u00f3n ante la Comisi\u00f3n de Educaci\u00f3n del Congreso de la Rep\u00fablica (5\/09\/16)\"}]},{\"@type\":\"Person\",\"@id\":\"https:\/\/www.edugestores.pe\/#\/schema\/person\/30dc82f35f5853289037a64b35c7c7d3\",\"name\":\"Administrador\",\"image\":{\"@type\":\"ImageObject\",\"@id\":\"https:\/\/www.edugestores.pe\/#personlogo\",\"inLanguage\":\"es\",\"url\":\"https:\/\/secure.gravatar.com\/avatar\/70960d1239c4d2c778bb3d2786a3c1ae?s=96&d=mm&r=g\",\"contentUrl\":\"https:\/\/secure.gravatar.com\/avatar\/70960d1239c4d2c778bb3d2786a3c1ae?s=96&d=mm&r=g\",\"caption\":\"Administrador\"},\"url\":\"https:\/\/www.edugestores.pe\/?author=63\"}]}<\/script>\n<!-- \/ Yoast SEO plugin. -->","yoast_head_json":{"title":"14 temas clave en la presentaci\u00f3n del Ministro de Educaci\u00f3n ante la Comisi\u00f3n de Educaci\u00f3n del Congreso de la Rep\u00fablica (5\/09\/16) - Red Peruana de Gestores de la Educaci\u00f3n","robots":{"index":"index","follow":"follow","max-snippet":"max-snippet:-1","max-image-preview":"max-image-preview:large","max-video-preview":"max-video-preview:-1"},"canonical":"https:\/\/www.edugestores.pe\/?p=12516","og_locale":"es_ES","og_type":"article","og_title":"14 temas clave en la presentaci\u00f3n del Ministro de Educaci\u00f3n ante la Comisi\u00f3n de Educaci\u00f3n del Congreso de la Rep\u00fablica (5\/09\/16) - Red Peruana de Gestores de la Educaci\u00f3n","og_description":"La presentaci\u00f3n del Ministro de Educaci\u00f3n ante la Comisi\u00f3n de Educaci\u00f3n del Congreso trat\u00f3 cuatro aspectos: (i)Avances realizados y pol\u00edticas [&hellip;]","og_url":"https:\/\/www.edugestores.pe\/?p=12516","og_site_name":"Red Peruana de Gestores de la Educaci\u00f3n","article_published_time":"2016-09-07T17:07:36+00:00","article_modified_time":"2016-09-13T16:07:30+00:00","og_image":[{"width":625,"height":339,"url":"https:\/\/www.edugestores.pe\/wp-content\/uploads\/2016\/09\/ministro-congreso.png","type":"image\/png"}],"twitter_card":"summary_large_image","twitter_misc":{"Escrito por":"Administrador","Tiempo de lectura":"2 minutos"},"schema":{"@context":"https:\/\/schema.org","@graph":[{"@type":"WebSite","@id":"https:\/\/www.edugestores.pe\/#website","url":"https:\/\/www.edugestores.pe\/","name":"Red Peruana de Gestores de la Educaci\u00f3n","description":"Red Peruana de Gestores de la Educaci\u00f3n","potentialAction":[{"@type":"SearchAction","target":{"@type":"EntryPoint","urlTemplate":"https:\/\/www.edugestores.pe\/?s={search_term_string}"},"query-input":"required name=search_term_string"}],"inLanguage":"es"},{"@type":"ImageObject","@id":"https:\/\/www.edugestores.pe\/?p=12516#primaryimage","inLanguage":"es","url":"https:\/\/www.edugestores.pe\/wp-content\/uploads\/2016\/09\/ministro-congreso.png","contentUrl":"https:\/\/www.edugestores.pe\/wp-content\/uploads\/2016\/09\/ministro-congreso.png","width":625,"height":339},{"@type":"WebPage","@id":"https:\/\/www.edugestores.pe\/?p=12516#webpage","url":"https:\/\/www.edugestores.pe\/?p=12516","name":"14 temas clave en la presentaci\u00f3n del Ministro de Educaci\u00f3n ante la Comisi\u00f3n de Educaci\u00f3n del Congreso de la Rep\u00fablica (5\/09\/16) - Red Peruana de Gestores de la Educaci\u00f3n","isPartOf":{"@id":"https:\/\/www.edugestores.pe\/#website"},"primaryImageOfPage":{"@id":"https:\/\/www.edugestores.pe\/?p=12516#primaryimage"},"datePublished":"2016-09-07T17:07:36+00:00","dateModified":"2016-09-13T16:07:30+00:00","author":{"@id":"https:\/\/www.edugestores.pe\/#\/schema\/person\/30dc82f35f5853289037a64b35c7c7d3"},"breadcrumb":{"@id":"https:\/\/www.edugestores.pe\/?p=12516#breadcrumb"},"inLanguage":"es","potentialAction":[{"@type":"ReadAction","target":["https:\/\/www.edugestores.pe\/?p=12516"]}]},{"@type":"BreadcrumbList","@id":"https:\/\/www.edugestores.pe\/?p=12516#breadcrumb","itemListElement":[{"@type":"ListItem","position":1,"name":"Portada","item":"https:\/\/www.edugestores.pe\/"},{"@type":"ListItem","position":2,"name":"14 temas clave en la presentaci\u00f3n del Ministro de Educaci\u00f3n ante la Comisi\u00f3n de Educaci\u00f3n del Congreso de la Rep\u00fablica (5\/09\/16)"}]},{"@type":"Person","@id":"https:\/\/www.edugestores.pe\/#\/schema\/person\/30dc82f35f5853289037a64b35c7c7d3","name":"Administrador","image":{"@type":"ImageObject","@id":"https:\/\/www.edugestores.pe\/#personlogo","inLanguage":"es","url":"https:\/\/secure.gravatar.com\/avatar\/70960d1239c4d2c778bb3d2786a3c1ae?s=96&d=mm&r=g","contentUrl":"https:\/\/secure.gravatar.com\/avatar\/70960d1239c4d2c778bb3d2786a3c1ae?s=96&d=mm&r=g","caption":"Administrador"},"url":"https:\/\/www.edugestores.pe\/?author=63"}]}},"jetpack_featured_media_url":"https:\/\/www.edugestores.pe\/wp-content\/uploads\/2016\/09\/ministro-congreso.png","_links":{"self":[{"href":"https:\/\/www.edugestores.pe\/index.php?rest_route=\/wp\/v2\/posts\/12516"}],"collection":[{"href":"https:\/\/www.edugestores.pe\/index.php?rest_route=\/wp\/v2\/posts"}],"about":[{"href":"https:\/\/www.edugestores.pe\/index.php?rest_route=\/wp\/v2\/types\/post"}],"author":[{"embeddable":true,"href":"https:\/\/www.edugestores.pe\/index.php?rest_route=\/wp\/v2\/users\/63"}],"replies":[{"embeddable":true,"href":"https:\/\/www.edugestores.pe\/index.php?rest_route=%2Fwp%2Fv2%2Fcomments&post=12516"}],"version-history":[{"count":4,"href":"https:\/\/www.edugestores.pe\/index.php?rest_route=\/wp\/v2\/posts\/12516\/revisions"}],"predecessor-version":[{"id":12522,"href":"https:\/\/www.edugestores.pe\/index.php?rest_route=\/wp\/v2\/posts\/12516\/revisions\/12522"}],"wp:featuredmedia":[{"embeddable":true,"href":"https:\/\/www.edugestores.pe\/index.php?rest_route=\/wp\/v2\/media\/12518"}],"wp:attachment":[{"href":"https:\/\/www.edugestores.pe\/index.php?rest_route=%2Fwp%2Fv2%2Fmedia&parent=12516"}],"wp:term":[{"taxonomy":"category","embeddable":true,"href":"https:\/\/www.edugestores.pe\/index.php?rest_route=%2Fwp%2Fv2%2Fcategories&post=12516"},{"taxonomy":"post_tag","embeddable":true,"href":"https:\/\/www.edugestores.pe\/index.php?rest_route=%2Fwp%2Fv2%2Ftags&post=12516"}],"curies":[{"name":"wp","href":"https:\/\/api.w.org\/{rel}","templated":true}]}}