{"id":12534,"date":"2016-09-08T11:30:03","date_gmt":"2016-09-08T16:30:03","guid":{"rendered":"https:\/\/www.edugestores.pe\/?p=12534"},"modified":"2016-09-13T11:07:40","modified_gmt":"2016-09-13T16:07:40","slug":"edugestores-entrevista-doris-valdivia-directora-de-la-ugel-huamanga-ayacucho","status":"publish","type":"post","link":"https:\/\/www.edugestores.pe\/?p=12534","title":{"rendered":"Edugestores Entrevista: Doris Valdivia, Directora de la UGEL Huamanga &#8211; Ayacucho"},"content":{"rendered":"<p>En el marco del curso del curso \u2013 programa de Alta Gerencia para Directores de UGEL y Directores Pedag\u00f3gicos de Direcciones Regionales de Educaci\u00f3n organizado por la Escuela Nacional de Administraci\u00f3n P\u00fablica y el Ministerio de Educaci\u00f3n, <strong>Edugestores<\/strong> entrevist\u00f3 a seis Directores de UGEL reci\u00e9n electos. A ellos les consultamos por sus objetivos en su futura gesti\u00f3n, entre otros. En esta segunda\u00a0entrega,\u00a0entrevistamos a\u00a0<strong>Doris Valdivia, Directora de la UGEL Huamanga &#8211; Ayacucho<\/strong><\/p>\n<p>&nbsp;<\/p>\n<p><iframe loading=\"lazy\" src=\"https:\/\/www.youtube.com\/embed\/Mk3TEypDyd4\" width=\"853\" height=\"480\" frameborder=\"0\" allowfullscreen=\"allowfullscreen\"><\/iframe><\/p>\n","protected":false},"excerpt":{"rendered":"<p>En el marco del curso del curso \u2013 programa de Alta Gerencia para Directores de UGEL y Directores Pedag\u00f3gicos de [&hellip;]<\/p>\n","protected":false},"author":63,"featured_media":12535,"comment_status":"open","ping_status":"open","sticky":false,"template":"","format":"standard","meta":{"spay_email":""},"categories":[344,125],"tags":[],"yoast_head":"<!-- This site is optimized with the Yoast SEO plugin v18.0 - https:\/\/yoast.com\/wordpress\/plugins\/seo\/ -->\n<title>Edugestores Entrevista: Doris Valdivia, Directora de la UGEL Huamanga - Ayacucho - Red Peruana de Gestores de la Educaci\u00f3n<\/title>\n<meta name=\"robots\" content=\"index, follow, max-snippet:-1, max-image-preview:large, max-video-preview:-1\" \/>\n<link rel=\"canonical\" href=\"https:\/\/www.edugestores.pe\/?p=12534\" \/>\n<meta property=\"og:locale\" content=\"es_ES\" \/>\n<meta property=\"og:type\" content=\"article\" \/>\n<meta property=\"og:title\" content=\"Edugestores Entrevista: Doris Valdivia, Directora de la UGEL Huamanga - Ayacucho - Red Peruana de Gestores de la Educaci\u00f3n\" \/>\n<meta property=\"og:description\" content=\"En el marco del curso del curso \u2013 programa de Alta Gerencia para Directores de UGEL y Directores Pedag\u00f3gicos de [&hellip;]\" \/>\n<meta property=\"og:url\" content=\"https:\/\/www.edugestores.pe\/?p=12534\" \/>\n<meta property=\"og:site_name\" content=\"Red Peruana de Gestores de la Educaci\u00f3n\" \/>\n<meta property=\"article:published_time\" content=\"2016-09-08T16:30:03+00:00\" \/>\n<meta property=\"article:modified_time\" content=\"2016-09-13T16:07:40+00:00\" \/>\n<meta property=\"og:image\" content=\"https:\/\/www.edugestores.pe\/wp-content\/uploads\/2016\/09\/Entrevista-a-la-Directora-de-la-UGEL-de-Huamanga-Ayacucho-YouTube.png\" \/>\n\t<meta property=\"og:image:width\" content=\"564\" \/>\n\t<meta property=\"og:image:height\" content=\"354\" \/>\n\t<meta property=\"og:image:type\" content=\"image\/png\" \/>\n<meta name=\"twitter:card\" content=\"summary_large_image\" \/>\n<meta name=\"twitter:label1\" content=\"Escrito por\" \/>\n\t<meta name=\"twitter:data1\" content=\"Administrador\" \/>\n<script type=\"application\/ld+json\" class=\"yoast-schema-graph\">{\"@context\":\"https:\/\/schema.org\",\"@graph\":[{\"@type\":\"WebSite\",\"@id\":\"https:\/\/www.edugestores.pe\/#website\",\"url\":\"https:\/\/www.edugestores.pe\/\",\"name\":\"Red Peruana de Gestores de la Educaci\u00f3n\",\"description\":\"Red Peruana de Gestores de la Educaci\u00f3n\",\"potentialAction\":[{\"@type\":\"SearchAction\",\"target\":{\"@type\":\"EntryPoint\",\"urlTemplate\":\"https:\/\/www.edugestores.pe\/?s={search_term_string}\"},\"query-input\":\"required name=search_term_string\"}],\"inLanguage\":\"es\"},{\"@type\":\"ImageObject\",\"@id\":\"https:\/\/www.edugestores.pe\/?p=12534#primaryimage\",\"inLanguage\":\"es\",\"url\":\"https:\/\/www.edugestores.pe\/wp-content\/uploads\/2016\/09\/Entrevista-a-la-Directora-de-la-UGEL-de-Huamanga-Ayacucho-YouTube.png\",\"contentUrl\":\"https:\/\/www.edugestores.pe\/wp-content\/uploads\/2016\/09\/Entrevista-a-la-Directora-de-la-UGEL-de-Huamanga-Ayacucho-YouTube.png\",\"width\":564,\"height\":354},{\"@type\":\"WebPage\",\"@id\":\"https:\/\/www.edugestores.pe\/?p=12534#webpage\",\"url\":\"https:\/\/www.edugestores.pe\/?p=12534\",\"name\":\"Edugestores Entrevista: Doris Valdivia, Directora de la UGEL Huamanga - Ayacucho - Red Peruana de Gestores de la Educaci\u00f3n\",\"isPartOf\":{\"@id\":\"https:\/\/www.edugestores.pe\/#website\"},\"primaryImageOfPage\":{\"@id\":\"https:\/\/www.edugestores.pe\/?p=12534#primaryimage\"},\"datePublished\":\"2016-09-08T16:30:03+00:00\",\"dateModified\":\"2016-09-13T16:07:40+00:00\",\"author\":{\"@id\":\"https:\/\/www.edugestores.pe\/#\/schema\/person\/30dc82f35f5853289037a64b35c7c7d3\"},\"breadcrumb\":{\"@id\":\"https:\/\/www.edugestores.pe\/?p=12534#breadcrumb\"},\"inLanguage\":\"es\",\"potentialAction\":[{\"@type\":\"ReadAction\",\"target\":[\"https:\/\/www.edugestores.pe\/?p=12534\"]}]},{\"@type\":\"BreadcrumbList\",\"@id\":\"https:\/\/www.edugestores.pe\/?p=12534#breadcrumb\",\"itemListElement\":[{\"@type\":\"ListItem\",\"position\":1,\"name\":\"Portada\",\"item\":\"https:\/\/www.edugestores.pe\/\"},{\"@type\":\"ListItem\",\"position\":2,\"name\":\"Edugestores Entrevista: Doris Valdivia, Directora de la UGEL Huamanga &#8211; Ayacucho\"}]},{\"@type\":\"Person\",\"@id\":\"https:\/\/www.edugestores.pe\/#\/schema\/person\/30dc82f35f5853289037a64b35c7c7d3\",\"name\":\"Administrador\",\"image\":{\"@type\":\"ImageObject\",\"@id\":\"https:\/\/www.edugestores.pe\/#personlogo\",\"inLanguage\":\"es\",\"url\":\"https:\/\/secure.gravatar.com\/avatar\/70960d1239c4d2c778bb3d2786a3c1ae?s=96&d=mm&r=g\",\"contentUrl\":\"https:\/\/secure.gravatar.com\/avatar\/70960d1239c4d2c778bb3d2786a3c1ae?s=96&d=mm&r=g\",\"caption\":\"Administrador\"},\"url\":\"https:\/\/www.edugestores.pe\/?author=63\"}]}<\/script>\n<!-- \/ Yoast SEO plugin. -->","yoast_head_json":{"title":"Edugestores Entrevista: Doris Valdivia, Directora de la UGEL Huamanga - Ayacucho - Red Peruana de Gestores de la Educaci\u00f3n","robots":{"index":"index","follow":"follow","max-snippet":"max-snippet:-1","max-image-preview":"max-image-preview:large","max-video-preview":"max-video-preview:-1"},"canonical":"https:\/\/www.edugestores.pe\/?p=12534","og_locale":"es_ES","og_type":"article","og_title":"Edugestores Entrevista: Doris Valdivia, Directora de la UGEL Huamanga - Ayacucho - Red Peruana de Gestores de la Educaci\u00f3n","og_description":"En el marco del curso del curso \u2013 programa de Alta Gerencia para Directores de UGEL y Directores Pedag\u00f3gicos de [&hellip;]","og_url":"https:\/\/www.edugestores.pe\/?p=12534","og_site_name":"Red Peruana de Gestores de la Educaci\u00f3n","article_published_time":"2016-09-08T16:30:03+00:00","article_modified_time":"2016-09-13T16:07:40+00:00","og_image":[{"width":564,"height":354,"url":"https:\/\/www.edugestores.pe\/wp-content\/uploads\/2016\/09\/Entrevista-a-la-Directora-de-la-UGEL-de-Huamanga-Ayacucho-YouTube.png","type":"image\/png"}],"twitter_card":"summary_large_image","twitter_misc":{"Escrito por":"Administrador"},"schema":{"@context":"https:\/\/schema.org","@graph":[{"@type":"WebSite","@id":"https:\/\/www.edugestores.pe\/#website","url":"https:\/\/www.edugestores.pe\/","name":"Red Peruana de Gestores de la Educaci\u00f3n","description":"Red Peruana de Gestores de la Educaci\u00f3n","potentialAction":[{"@type":"SearchAction","target":{"@type":"EntryPoint","urlTemplate":"https:\/\/www.edugestores.pe\/?s={search_term_string}"},"query-input":"required name=search_term_string"}],"inLanguage":"es"},{"@type":"ImageObject","@id":"https:\/\/www.edugestores.pe\/?p=12534#primaryimage","inLanguage":"es","url":"https:\/\/www.edugestores.pe\/wp-content\/uploads\/2016\/09\/Entrevista-a-la-Directora-de-la-UGEL-de-Huamanga-Ayacucho-YouTube.png","contentUrl":"https:\/\/www.edugestores.pe\/wp-content\/uploads\/2016\/09\/Entrevista-a-la-Directora-de-la-UGEL-de-Huamanga-Ayacucho-YouTube.png","width":564,"height":354},{"@type":"WebPage","@id":"https:\/\/www.edugestores.pe\/?p=12534#webpage","url":"https:\/\/www.edugestores.pe\/?p=12534","name":"Edugestores Entrevista: Doris Valdivia, Directora de la UGEL Huamanga - Ayacucho - Red Peruana de Gestores de la Educaci\u00f3n","isPartOf":{"@id":"https:\/\/www.edugestores.pe\/#website"},"primaryImageOfPage":{"@id":"https:\/\/www.edugestores.pe\/?p=12534#primaryimage"},"datePublished":"2016-09-08T16:30:03+00:00","dateModified":"2016-09-13T16:07:40+00:00","author":{"@id":"https:\/\/www.edugestores.pe\/#\/schema\/person\/30dc82f35f5853289037a64b35c7c7d3"},"breadcrumb":{"@id":"https:\/\/www.edugestores.pe\/?p=12534#breadcrumb"},"inLanguage":"es","potentialAction":[{"@type":"ReadAction","target":["https:\/\/www.edugestores.pe\/?p=12534"]}]},{"@type":"BreadcrumbList","@id":"https:\/\/www.edugestores.pe\/?p=12534#breadcrumb","itemListElement":[{"@type":"ListItem","position":1,"name":"Portada","item":"https:\/\/www.edugestores.pe\/"},{"@type":"ListItem","position":2,"name":"Edugestores Entrevista: Doris Valdivia, Directora de la UGEL Huamanga &#8211; Ayacucho"}]},{"@type":"Person","@id":"https:\/\/www.edugestores.pe\/#\/schema\/person\/30dc82f35f5853289037a64b35c7c7d3","name":"Administrador","image":{"@type":"ImageObject","@id":"https:\/\/www.edugestores.pe\/#personlogo","inLanguage":"es","url":"https:\/\/secure.gravatar.com\/avatar\/70960d1239c4d2c778bb3d2786a3c1ae?s=96&d=mm&r=g","contentUrl":"https:\/\/secure.gravatar.com\/avatar\/70960d1239c4d2c778bb3d2786a3c1ae?s=96&d=mm&r=g","caption":"Administrador"},"url":"https:\/\/www.edugestores.pe\/?author=63"}]}},"jetpack_featured_media_url":"https:\/\/www.edugestores.pe\/wp-content\/uploads\/2016\/09\/Entrevista-a-la-Directora-de-la-UGEL-de-Huamanga-Ayacucho-YouTube.png","_links":{"self":[{"href":"https:\/\/www.edugestores.pe\/index.php?rest_route=\/wp\/v2\/posts\/12534"}],"collection":[{"href":"https:\/\/www.edugestores.pe\/index.php?rest_route=\/wp\/v2\/posts"}],"about":[{"href":"https:\/\/www.edugestores.pe\/index.php?rest_route=\/wp\/v2\/types\/post"}],"author":[{"embeddable":true,"href":"https:\/\/www.edugestores.pe\/index.php?rest_route=\/wp\/v2\/users\/63"}],"replies":[{"embeddable":true,"href":"https:\/\/www.edugestores.pe\/index.php?rest_route=%2Fwp%2Fv2%2Fcomments&post=12534"}],"version-history":[{"count":1,"href":"https:\/\/www.edugestores.pe\/index.php?rest_route=\/wp\/v2\/posts\/12534\/revisions"}],"predecessor-version":[{"id":12536,"href":"https:\/\/www.edugestores.pe\/index.php?rest_route=\/wp\/v2\/posts\/12534\/revisions\/12536"}],"wp:featuredmedia":[{"embeddable":true,"href":"https:\/\/www.edugestores.pe\/index.php?rest_route=\/wp\/v2\/media\/12535"}],"wp:attachment":[{"href":"https:\/\/www.edugestores.pe\/index.php?rest_route=%2Fwp%2Fv2%2Fmedia&parent=12534"}],"wp:term":[{"taxonomy":"category","embeddable":true,"href":"https:\/\/www.edugestores.pe\/index.php?rest_route=%2Fwp%2Fv2%2Fcategories&post=12534"},{"taxonomy":"post_tag","embeddable":true,"href":"https:\/\/www.edugestores.pe\/index.php?rest_route=%2Fwp%2Fv2%2Ftags&post=12534"}],"curies":[{"name":"wp","href":"https:\/\/api.w.org\/{rel}","templated":true}]}}