{"id":12542,"date":"2016-09-09T11:02:59","date_gmt":"2016-09-09T16:02:59","guid":{"rendered":"https:\/\/www.edugestores.pe\/?p=12542"},"modified":"2016-09-12T10:51:23","modified_gmt":"2016-09-12T15:51:23","slug":"dialogos-ciudadanos-por-la-educacion-2016","status":"publish","type":"post","link":"https:\/\/www.edugestores.pe\/?p=12542","title":{"rendered":"Di\u00e1logos Ciudadanos por la Educaci\u00f3n 2016"},"content":{"rendered":"<div>\n<h2>Los &#8220;Di\u00e1logos ciudadanos por la educaci\u00f3n&#8221; son una iniciativa del proyecto FORGE, implementado por GRADE con apoyo t\u00e9cnico y financiero del Gobierno de Canad\u00e1, que en las regiones se ejecutan de la mano con organizaciones de sociedad civil.<\/h2>\n<p>Los DCE tienen como\u00a0finalidad fortalecer las capacidades de la sociedad civil para participar en el debate p\u00fablico sobre educaci\u00f3n de manera informada y ejercer vigilancia sobre la implementaci\u00f3n de las pol\u00edticas educativas.<\/p>\n<p>Los DCE aportan al fortalecimiento del ejercicio ciudadano de la participaci\u00f3n y deliberaci\u00f3n sobre un tema educativo de relevancia regional, donde se discute reconociendo los saberes particulares de los participantes y motivando al dise\u00f1o colectivo de propuestas de soluci\u00f3n que contribuyan a la incidencia a nivel regional en la toma de decisiones de pol\u00edtica educativa.<\/p>\n<p>En el 2016, los DCE se vienen desarrollando en Ayacucho y Loreto, de la mano con Tarea y Asociaci\u00f3n La Restinga, dos organizaciones con amplia trayectoria y donde se viene dando continuidad al proceso emprendido el a\u00f1o pasado para profundizar temas \u00e1lgidos para estas regiones.<\/p>\n<p>En el caso de Ayacucho, el tema de los DCE este a\u00f1o es la implementaci\u00f3n de la pol\u00edtica EIB, con \u00e9nfasis en la formaci\u00f3n docente, donde ya se vienen teniendo reuniones muy significativas, generando alianzas y compromisos de parte de diversas instancias de los 3 niveles de gobierno adem\u00e1s de organizaciones de sociedad civil de la regi\u00f3n. Estas alianzas le brindan al proceso de DCE institucionalidad, legitimidad y posibilidad de incidir en la pol\u00edtica educativa regional, con la finalidad de fortalecer la implementaci\u00f3n de la recientemente aprobada Pol\u00edtica Sectorial de Educaci\u00f3n Intercultural y Educaci\u00f3n Intercultural Biling\u00fce en una regi\u00f3n como Ayacucho, donde m\u00e1s del 60% de escuelas imparten la EIB y donde uno de los retos m\u00e1s grandes es contar con los suficientes docentes formados en EIB para esta cantidad de escuelas.<\/p>\n<p>Un hito importante en esta edici\u00f3n de los Di\u00e1logos Ciudadanos por la Educaci\u00f3n, ocurrido esta semana, es la institucionalizaci\u00f3n de los DCE con la <a href=\"http:\/\/www.grade.org.pe\/forge\/descargas\/Directiva%2018%20DRE%20Ayacucho%20para%20los%20DCE.pdf\" target=\"_blank\">DIRECTIVA N\u00b0 18 <\/a>de la DRE denominada \u201cLineamientos y orientaciones para fortalecer la implementaci\u00f3n de la pol\u00edtica EIB en la regi\u00f3n Ayacucho\u201d que busca unir esfuerzos entre el Gobierno regional, la DRE, la Digeibira-Minedu, la Mesa de Concertaci\u00f3n de Lucha contra la Pobreza, el Copare, Tarea y Forge, con la finalidad de garantizar la participaci\u00f3n de autoridades, gestores especialistas de la DRE y UGELES, docentes en formaci\u00f3n, comunidad educativa de las IIEE, organizaciones de sociedad civil y medios de comunicaci\u00f3n, en los DCE 2016 y asegurar el cumplimiento de los compromisos y las propuestas desarrolladas durante este proceso. El inicio formal de las actividades de DCE en Ayacucho se dar\u00e1 el pr\u00f3ximo mi\u00e9rcoles 14 de setiembre con el di\u00e1logo entre directores de IIEE y gestores especialistas de la DRE y UGELES.<\/p>\n<p>Para escuchar la entrevista del proyecto Forge sobre los Di\u00e1logos Ciudadanos por la Educaci\u00f3n 2016 en Ayacucho en el programa radial &#8220;Compartiendo Saberes&#8221; en radio Wari hacer click <a href=\"https:\/\/youtu.be\/Yl4RbX8Avng\">aqu\u00ed<\/a>.<\/p>\n<p>Por otro lado, para la regi\u00f3n Loreto el tema elegido es la gesti\u00f3n de la convivencia democr\u00e1tica en la escuela con enfoque de g\u00e9nero, tema de vital importancia debido a los altos \u00edndices de violencia que hay en la regi\u00f3n y en el pa\u00eds. La literatura expresa y fundamenta que la convivencia democr\u00e1tica, la cultura de paz, el buen trato a las ni\u00f1as, ni\u00f1os y adolescentes, influye directamente en los logros de aprendizaje de los estudiantes y promueven el desarrollo de seres humanos plenos. Por tal motivo, Asociaci\u00f3n La Restinga emprende una nueva edici\u00f3n de los DCE que involucre a las autoridades, comunidad educativa, gestores especialistas de la DRE y UGELES, organizaciones de sociedad civil y medios de comunicaci\u00f3n para dialogar sobre este importante tema y ya vienen realizando reuniones con la Mesa de Concertaci\u00f3n de Lucha contra la Pobreza Loreto, \u00a0la DREL, Unicef, entre otros.<\/p>\n<div>Para acceder al documental de los DCE en su edici\u00f3n 2015 hacer click <a href=\"https:\/\/youtu.be\/qnw_8GPK4Ss\">aqu\u00ed<\/a><\/div>\n<div><\/div>\n<div><\/div>\n<\/div>\n<div id=\"bt-galeria\" class=\"link-gallery\"><\/div>\n","protected":false},"excerpt":{"rendered":"<p>Los &#8220;Di\u00e1logos ciudadanos por la educaci\u00f3n&#8221; son una iniciativa del proyecto FORGE, implementado por GRADE con apoyo t\u00e9cnico y financiero [&hellip;]<\/p>\n","protected":false},"author":63,"featured_media":12543,"comment_status":"open","ping_status":"open","sticky":false,"template":"","format":"standard","meta":{"spay_email":""},"categories":[125],"tags":[],"yoast_head":"<!-- This site is optimized with the Yoast SEO plugin v18.0 - https:\/\/yoast.com\/wordpress\/plugins\/seo\/ -->\n<title>Di\u00e1logos Ciudadanos por la Educaci\u00f3n 2016 - Red Peruana de Gestores de la Educaci\u00f3n<\/title>\n<meta name=\"robots\" content=\"index, follow, max-snippet:-1, max-image-preview:large, max-video-preview:-1\" \/>\n<link rel=\"canonical\" href=\"https:\/\/www.edugestores.pe\/?p=12542\" \/>\n<meta property=\"og:locale\" content=\"es_ES\" \/>\n<meta property=\"og:type\" content=\"article\" \/>\n<meta property=\"og:title\" content=\"Di\u00e1logos Ciudadanos por la Educaci\u00f3n 2016 - Red Peruana de Gestores de la Educaci\u00f3n\" \/>\n<meta property=\"og:description\" content=\"Los &#8220;Di\u00e1logos ciudadanos por la educaci\u00f3n&#8221; son una iniciativa del proyecto FORGE, implementado por GRADE con apoyo t\u00e9cnico y financiero [&hellip;]\" \/>\n<meta property=\"og:url\" content=\"https:\/\/www.edugestores.pe\/?p=12542\" \/>\n<meta property=\"og:site_name\" content=\"Red Peruana de Gestores de la Educaci\u00f3n\" \/>\n<meta property=\"article:published_time\" content=\"2016-09-09T16:02:59+00:00\" \/>\n<meta property=\"article:modified_time\" content=\"2016-09-12T15:51:23+00:00\" \/>\n<meta property=\"og:image\" content=\"https:\/\/www.edugestores.pe\/wp-content\/uploads\/2016\/09\/galerias_7221337570808828.jpg\" \/>\n\t<meta property=\"og:image:width\" content=\"1145\" \/>\n\t<meta property=\"og:image:height\" content=\"637\" \/>\n\t<meta property=\"og:image:type\" content=\"image\/jpeg\" \/>\n<meta name=\"twitter:card\" content=\"summary_large_image\" \/>\n<meta name=\"twitter:label1\" content=\"Escrito por\" \/>\n\t<meta name=\"twitter:data1\" content=\"Administrador\" \/>\n\t<meta name=\"twitter:label2\" content=\"Tiempo de lectura\" \/>\n\t<meta name=\"twitter:data2\" content=\"3 minutos\" \/>\n<script type=\"application\/ld+json\" class=\"yoast-schema-graph\">{\"@context\":\"https:\/\/schema.org\",\"@graph\":[{\"@type\":\"WebSite\",\"@id\":\"https:\/\/www.edugestores.pe\/#website\",\"url\":\"https:\/\/www.edugestores.pe\/\",\"name\":\"Red Peruana de Gestores de la Educaci\u00f3n\",\"description\":\"Red Peruana de Gestores de la Educaci\u00f3n\",\"potentialAction\":[{\"@type\":\"SearchAction\",\"target\":{\"@type\":\"EntryPoint\",\"urlTemplate\":\"https:\/\/www.edugestores.pe\/?s={search_term_string}\"},\"query-input\":\"required name=search_term_string\"}],\"inLanguage\":\"es\"},{\"@type\":\"ImageObject\",\"@id\":\"https:\/\/www.edugestores.pe\/?p=12542#primaryimage\",\"inLanguage\":\"es\",\"url\":\"https:\/\/www.edugestores.pe\/wp-content\/uploads\/2016\/09\/galerias_7221337570808828.jpg\",\"contentUrl\":\"https:\/\/www.edugestores.pe\/wp-content\/uploads\/2016\/09\/galerias_7221337570808828.jpg\",\"width\":1145,\"height\":637},{\"@type\":\"WebPage\",\"@id\":\"https:\/\/www.edugestores.pe\/?p=12542#webpage\",\"url\":\"https:\/\/www.edugestores.pe\/?p=12542\",\"name\":\"Di\u00e1logos Ciudadanos por la Educaci\u00f3n 2016 - Red Peruana de Gestores de la Educaci\u00f3n\",\"isPartOf\":{\"@id\":\"https:\/\/www.edugestores.pe\/#website\"},\"primaryImageOfPage\":{\"@id\":\"https:\/\/www.edugestores.pe\/?p=12542#primaryimage\"},\"datePublished\":\"2016-09-09T16:02:59+00:00\",\"dateModified\":\"2016-09-12T15:51:23+00:00\",\"author\":{\"@id\":\"https:\/\/www.edugestores.pe\/#\/schema\/person\/30dc82f35f5853289037a64b35c7c7d3\"},\"breadcrumb\":{\"@id\":\"https:\/\/www.edugestores.pe\/?p=12542#breadcrumb\"},\"inLanguage\":\"es\",\"potentialAction\":[{\"@type\":\"ReadAction\",\"target\":[\"https:\/\/www.edugestores.pe\/?p=12542\"]}]},{\"@type\":\"BreadcrumbList\",\"@id\":\"https:\/\/www.edugestores.pe\/?p=12542#breadcrumb\",\"itemListElement\":[{\"@type\":\"ListItem\",\"position\":1,\"name\":\"Portada\",\"item\":\"https:\/\/www.edugestores.pe\/\"},{\"@type\":\"ListItem\",\"position\":2,\"name\":\"Di\u00e1logos Ciudadanos por la Educaci\u00f3n 2016\"}]},{\"@type\":\"Person\",\"@id\":\"https:\/\/www.edugestores.pe\/#\/schema\/person\/30dc82f35f5853289037a64b35c7c7d3\",\"name\":\"Administrador\",\"image\":{\"@type\":\"ImageObject\",\"@id\":\"https:\/\/www.edugestores.pe\/#personlogo\",\"inLanguage\":\"es\",\"url\":\"https:\/\/secure.gravatar.com\/avatar\/70960d1239c4d2c778bb3d2786a3c1ae?s=96&d=mm&r=g\",\"contentUrl\":\"https:\/\/secure.gravatar.com\/avatar\/70960d1239c4d2c778bb3d2786a3c1ae?s=96&d=mm&r=g\",\"caption\":\"Administrador\"},\"url\":\"https:\/\/www.edugestores.pe\/?author=63\"}]}<\/script>\n<!-- \/ Yoast SEO plugin. -->","yoast_head_json":{"title":"Di\u00e1logos Ciudadanos por la Educaci\u00f3n 2016 - Red Peruana de Gestores de la Educaci\u00f3n","robots":{"index":"index","follow":"follow","max-snippet":"max-snippet:-1","max-image-preview":"max-image-preview:large","max-video-preview":"max-video-preview:-1"},"canonical":"https:\/\/www.edugestores.pe\/?p=12542","og_locale":"es_ES","og_type":"article","og_title":"Di\u00e1logos Ciudadanos por la Educaci\u00f3n 2016 - Red Peruana de Gestores de la Educaci\u00f3n","og_description":"Los &#8220;Di\u00e1logos ciudadanos por la educaci\u00f3n&#8221; son una iniciativa del proyecto FORGE, implementado por GRADE con apoyo t\u00e9cnico y financiero [&hellip;]","og_url":"https:\/\/www.edugestores.pe\/?p=12542","og_site_name":"Red Peruana de Gestores de la Educaci\u00f3n","article_published_time":"2016-09-09T16:02:59+00:00","article_modified_time":"2016-09-12T15:51:23+00:00","og_image":[{"width":1145,"height":637,"url":"https:\/\/www.edugestores.pe\/wp-content\/uploads\/2016\/09\/galerias_7221337570808828.jpg","type":"image\/jpeg"}],"twitter_card":"summary_large_image","twitter_misc":{"Escrito por":"Administrador","Tiempo de lectura":"3 minutos"},"schema":{"@context":"https:\/\/schema.org","@graph":[{"@type":"WebSite","@id":"https:\/\/www.edugestores.pe\/#website","url":"https:\/\/www.edugestores.pe\/","name":"Red Peruana de Gestores de la Educaci\u00f3n","description":"Red Peruana de Gestores de la Educaci\u00f3n","potentialAction":[{"@type":"SearchAction","target":{"@type":"EntryPoint","urlTemplate":"https:\/\/www.edugestores.pe\/?s={search_term_string}"},"query-input":"required name=search_term_string"}],"inLanguage":"es"},{"@type":"ImageObject","@id":"https:\/\/www.edugestores.pe\/?p=12542#primaryimage","inLanguage":"es","url":"https:\/\/www.edugestores.pe\/wp-content\/uploads\/2016\/09\/galerias_7221337570808828.jpg","contentUrl":"https:\/\/www.edugestores.pe\/wp-content\/uploads\/2016\/09\/galerias_7221337570808828.jpg","width":1145,"height":637},{"@type":"WebPage","@id":"https:\/\/www.edugestores.pe\/?p=12542#webpage","url":"https:\/\/www.edugestores.pe\/?p=12542","name":"Di\u00e1logos Ciudadanos por la Educaci\u00f3n 2016 - Red Peruana de Gestores de la Educaci\u00f3n","isPartOf":{"@id":"https:\/\/www.edugestores.pe\/#website"},"primaryImageOfPage":{"@id":"https:\/\/www.edugestores.pe\/?p=12542#primaryimage"},"datePublished":"2016-09-09T16:02:59+00:00","dateModified":"2016-09-12T15:51:23+00:00","author":{"@id":"https:\/\/www.edugestores.pe\/#\/schema\/person\/30dc82f35f5853289037a64b35c7c7d3"},"breadcrumb":{"@id":"https:\/\/www.edugestores.pe\/?p=12542#breadcrumb"},"inLanguage":"es","potentialAction":[{"@type":"ReadAction","target":["https:\/\/www.edugestores.pe\/?p=12542"]}]},{"@type":"BreadcrumbList","@id":"https:\/\/www.edugestores.pe\/?p=12542#breadcrumb","itemListElement":[{"@type":"ListItem","position":1,"name":"Portada","item":"https:\/\/www.edugestores.pe\/"},{"@type":"ListItem","position":2,"name":"Di\u00e1logos Ciudadanos por la Educaci\u00f3n 2016"}]},{"@type":"Person","@id":"https:\/\/www.edugestores.pe\/#\/schema\/person\/30dc82f35f5853289037a64b35c7c7d3","name":"Administrador","image":{"@type":"ImageObject","@id":"https:\/\/www.edugestores.pe\/#personlogo","inLanguage":"es","url":"https:\/\/secure.gravatar.com\/avatar\/70960d1239c4d2c778bb3d2786a3c1ae?s=96&d=mm&r=g","contentUrl":"https:\/\/secure.gravatar.com\/avatar\/70960d1239c4d2c778bb3d2786a3c1ae?s=96&d=mm&r=g","caption":"Administrador"},"url":"https:\/\/www.edugestores.pe\/?author=63"}]}},"jetpack_featured_media_url":"https:\/\/www.edugestores.pe\/wp-content\/uploads\/2016\/09\/galerias_7221337570808828.jpg","_links":{"self":[{"href":"https:\/\/www.edugestores.pe\/index.php?rest_route=\/wp\/v2\/posts\/12542"}],"collection":[{"href":"https:\/\/www.edugestores.pe\/index.php?rest_route=\/wp\/v2\/posts"}],"about":[{"href":"https:\/\/www.edugestores.pe\/index.php?rest_route=\/wp\/v2\/types\/post"}],"author":[{"embeddable":true,"href":"https:\/\/www.edugestores.pe\/index.php?rest_route=\/wp\/v2\/users\/63"}],"replies":[{"embeddable":true,"href":"https:\/\/www.edugestores.pe\/index.php?rest_route=%2Fwp%2Fv2%2Fcomments&post=12542"}],"version-history":[{"count":1,"href":"https:\/\/www.edugestores.pe\/index.php?rest_route=\/wp\/v2\/posts\/12542\/revisions"}],"predecessor-version":[{"id":12544,"href":"https:\/\/www.edugestores.pe\/index.php?rest_route=\/wp\/v2\/posts\/12542\/revisions\/12544"}],"wp:featuredmedia":[{"embeddable":true,"href":"https:\/\/www.edugestores.pe\/index.php?rest_route=\/wp\/v2\/media\/12543"}],"wp:attachment":[{"href":"https:\/\/www.edugestores.pe\/index.php?rest_route=%2Fwp%2Fv2%2Fmedia&parent=12542"}],"wp:term":[{"taxonomy":"category","embeddable":true,"href":"https:\/\/www.edugestores.pe\/index.php?rest_route=%2Fwp%2Fv2%2Fcategories&post=12542"},{"taxonomy":"post_tag","embeddable":true,"href":"https:\/\/www.edugestores.pe\/index.php?rest_route=%2Fwp%2Fv2%2Ftags&post=12542"}],"curies":[{"name":"wp","href":"https:\/\/api.w.org\/{rel}","templated":true}]}}