{"id":12572,"date":"2016-09-11T08:22:09","date_gmt":"2016-09-11T13:22:09","guid":{"rendered":"https:\/\/www.edugestores.pe\/?p=12572"},"modified":"2016-10-11T14:34:50","modified_gmt":"2016-10-11T19:34:50","slug":"destacados-edugestores-setiembre-n1","status":"publish","type":"post","link":"https:\/\/www.edugestores.pe\/?p=12572","title":{"rendered":"Destacados Edugestores  Setiembre N\u00b01"},"content":{"rendered":"<h1 style=\"text-align: center;\">\u00a1Somos 426<strong>\u00a0<\/strong><strong>miembros<\/strong> en\u00a0<em>Edugestores<\/em>!<\/h1>\n<hr \/>\n<p style=\"text-align: center;\"><strong>DESTACADOS EDUGESTORES\u00a0<\/strong><\/p>\n<hr \/>\n<p><strong>\u00a1Somos 426 miembros!<\/strong>\u00a0Mes a mes en Edugestores\u00a0realizamos\u00a0un reconocimiento de todos los miembros de nuestra comunidad habiendo identificado en el mes de Setiembre\u00a0a\u00a0<strong>426<\/strong>\u00a0<strong>miembros activos<\/strong>.<\/p>\n<p>\u00a1Agradecemos y felicitamos a todos los miembros activos de nuestra plataforma!<\/p>\n<hr \/>\n<p><strong>EDUGESTORES:\u00a0Se realiz\u00f3 el Primer Encuentro Nacional de la Red Peruana de Gestores de la Educaci\u00f3n<\/strong><\/p>\n<hr \/>\n<p>El 22 y 23 de setiembre se realiz\u00f3 el <strong><a href=\"https:\/\/www.edugestores.pe\/edugestores-se-realizo-el-primer-encuentro-nacional-de-la-red-peruana-de-gestores-de-la-educacion\/\">Primer Encuentro Nacional de la Red Peruana de Gestores de la Educaci\u00f3n<\/a><\/strong>, Edugestores, en la ciudad de Lima.<\/p>\n<p>En dicho espacio se present\u00f3 la evoluci\u00f3n y logros de la Red en cuanto a su composici\u00f3n, \u00a0servicios y productos de conocimiento \u00a0\u00a0en su primer a\u00f1o de gesti\u00f3n. Asimismo 20 gestores de las regiones de Amazonas, Ancash, Apur\u00edmac, Arequipa, Ayacucho, Lima, Piura, San Mart\u00edn y Ucayali, y diferentes expertos en gesti\u00f3n de pol\u00edticas educativas y sociales, compartieron su experiencia y conocimientos. En el siguiente <a href=\"https:\/\/www.edugestores.pe\/edugestores-se-realizo-el-primer-encuentro-nacional-de-la-red-peruana-de-gestores-de-la-educacion\/\">enlace<\/a> encontrar\u00e1 mayor informaci\u00f3n sobre el evento.<\/p>\n<hr \/>\n<p><strong>MIEMBROS DESTACADOS &#8211; \u00a1Felicidades!<\/strong><\/p>\n<hr \/>\n<p>Conoce a nuestros miembros destacados y sus aportes a <em>Edugestores<\/em> para\u00a0el periodo del 21\u00a0de Agosto\u00a0al 19\u00a0de Setiembre.<\/p>\n<hr \/>\n<p><strong><a href=\"https:\/\/www.edugestores.pe\/wp-content\/uploads\/2016\/08\/MIRIAN-ELVIRA-Edugestores.png\"><img decoding=\"async\" loading=\"lazy\" class=\" size-full wp-image-12415 alignleft\" src=\"https:\/\/www.edugestores.pe\/wp-content\/uploads\/2016\/08\/MIRIAN-ELVIRA-Edugestores.png\" alt=\"MIRIAN ELVIRA   Edugestores\" width=\"166\" height=\"162\" srcset=\"https:\/\/www.edugestores.pe\/wp-content\/uploads\/2016\/08\/MIRIAN-ELVIRA-Edugestores.png 166w, https:\/\/www.edugestores.pe\/wp-content\/uploads\/2016\/08\/MIRIAN-ELVIRA-Edugestores-100x98.png 100w\" sizes=\"(max-width: 166px) 100vw, 166px\" \/><\/a>Mirian Elvira Pic\u00f3n Gonz\u00e1les<\/strong>, Coordinadora Regional de EIB en Lima Provincias,\u00a0 por compartir las actividades de recopilaci\u00f3n que realizan ni\u00f1os y ni\u00f1os de informaci\u00f3n sobre juguetes y juegos en di\u00e1logo con los sabios y sabias, familiares y amigos de su comunidad, as\u00ed como sobre los talleres de inducci\u00f3n en la Pol\u00edtica EIB para los nuevos funcionarios de las UGEL\u00a0 y las DRE con el prop\u00f3sito de colocar en la agenda regional y local esta pol\u00edtica.<\/p>\n<p>&nbsp;<\/p>\n<hr \/>\n<p><strong><a href=\"https:\/\/www.edugestores.pe\/wp-content\/uploads\/2016\/09\/eulalio-melanio.png\"><img decoding=\"async\" loading=\"lazy\" class=\" size-full wp-image-12796 alignleft\" src=\"https:\/\/www.edugestores.pe\/wp-content\/uploads\/2016\/09\/eulalio-melanio.png\" alt=\"eulalio melanio\" width=\"166\" height=\"155\" srcset=\"https:\/\/www.edugestores.pe\/wp-content\/uploads\/2016\/09\/eulalio-melanio.png 166w, https:\/\/www.edugestores.pe\/wp-content\/uploads\/2016\/09\/eulalio-melanio-100x93.png 100w\" sizes=\"(max-width: 166px) 100vw, 166px\" \/><\/a>Eulalio Mej\u00eda Yauri<\/strong>, Coordinador Regional de EIB en Ancash,\u00a0 por dar cuenta de las acciones que desarrolla la UGEL Pomabamba, en coordinaci\u00f3n con la Municipalidad Provincial, en vistas al I Encuentro de Ni\u00f1os, Ni\u00f1as y Padres de Familia de II.EE. de las Redes Educativas Rurales focalizadas, con el objetivo de promover el fortalecimiento, reconocimiento y valoraci\u00f3n de su cultura y lengua a trav\u00e9s de la recuperaci\u00f3n, uso y valoraci\u00f3n de los juegos y juguetes tradicionales que existen en sus comunidades.<\/p>\n<hr \/>\n<p><strong><br \/>\n<a href=\"https:\/\/www.edugestores.pe\/wp-content\/uploads\/2016\/09\/Luis-Alberto-Edugestores.png\"><img decoding=\"async\" loading=\"lazy\" class=\"  wp-image-12792 alignleft\" src=\"https:\/\/www.edugestores.pe\/wp-content\/uploads\/2016\/09\/Luis-Alberto-Edugestores.png\" alt=\"Luis Alberto   Edugestores\" width=\"153\" height=\"155\" srcset=\"https:\/\/www.edugestores.pe\/wp-content\/uploads\/2016\/09\/Luis-Alberto-Edugestores.png 163w, https:\/\/www.edugestores.pe\/wp-content\/uploads\/2016\/09\/Luis-Alberto-Edugestores-100x100.png 100w\" sizes=\"(max-width: 153px) 100vw, 153px\" \/><\/a>Luis Alberto Caira Huanca<\/strong>, Coordinador Regional de EIB en Puno, por ponernos al tanto del proceso de evaluaci\u00f3n\u00a0 de la pertinencia, sostenibilidad, \u00a0grado de avance y costos de la implementaci\u00f3n del PER, iniciado en la Regi\u00f3n Puno con el objetivo de repensar luego\u00a0 la visi\u00f3n, misi\u00f3n, objetivos estrat\u00e9gicos y actividades y priorizar la implementaci\u00f3n de pol\u00edticas educativas.<\/p>\n<p>&nbsp;<\/p>\n<hr \/>\n<p><strong><a href=\"https:\/\/www.edugestores.pe\/wp-content\/uploads\/2016\/09\/Edhgar-Edugestores.png\"><img decoding=\"async\" loading=\"lazy\" class=\" size-full wp-image-12794 alignleft\" src=\"https:\/\/www.edugestores.pe\/wp-content\/uploads\/2016\/09\/Edhgar-Edugestores.png\" alt=\"Edhgar   Edugestores\" width=\"166\" height=\"159\" srcset=\"https:\/\/www.edugestores.pe\/wp-content\/uploads\/2016\/09\/Edhgar-Edugestores.png 166w, https:\/\/www.edugestores.pe\/wp-content\/uploads\/2016\/09\/Edhgar-Edugestores-100x96.png 100w\" sizes=\"(max-width: 166px) 100vw, 166px\" \/><\/a><\/strong><\/p>\n<p><strong>Edhgar Valencia Aguilar,<\/strong> Coordinador Regional de EIB en Ayacucho \u00a0por compartir con la Red\u00a0 la experiencia de gesti\u00f3n participativa de la EIB que vienen desarroll\u00e1ndose en la regi\u00f3n Ayacucho con participaci\u00f3n activa y decidida del COPARE, TAREA, la DRE, Di\u00e1logos Ciudadanos por la Educaci\u00f3n y la Coordinaci\u00f3n Regional de Gesti\u00f3n de la EIB.<\/p>\n<p>&nbsp;<\/p>\n<p>&nbsp;<\/p>\n<hr \/>\n<p><strong><a href=\"https:\/\/www.edugestores.pe\/wp-content\/uploads\/2016\/09\/Edgar-Edugestores.png\"><img decoding=\"async\" loading=\"lazy\" class=\" size-full wp-image-12793 alignleft\" src=\"https:\/\/www.edugestores.pe\/wp-content\/uploads\/2016\/09\/Edgar-Edugestores.png\" alt=\"Edgar   Edugestores\" width=\"146\" height=\"143\" srcset=\"https:\/\/www.edugestores.pe\/wp-content\/uploads\/2016\/09\/Edgar-Edugestores.png 146w, https:\/\/www.edugestores.pe\/wp-content\/uploads\/2016\/09\/Edgar-Edugestores-100x98.png 100w\" sizes=\"(max-width: 146px) 100vw, 146px\" \/><\/a><\/strong><\/p>\n<p><strong>Edgar Vilca Figueredo<\/strong>, especialista del PIP GED Rural del MINEDU, por informar sobre los avances logrados en la identificaci\u00f3n de buenas pr\u00e1cticas de gesti\u00f3n personal y la nueva Directora de la UGEL Acomayo, en la regi\u00f3n Cusco,\u00a0 pr\u00e1cticas como el cumplimiento oportuno del censo escolar para la toma de decisiones, la regularizaci\u00f3n de documentos, el Programa de Informaci\u00f3n Oportuna PIO, entre otras.<\/p>\n<p>&nbsp;<\/p>\n<hr \/>\n<p><strong>EDUGESTORES PROPONE N\u00b08<\/strong><\/p>\n<hr \/>\n<p>Compartimos las conclusiones del \u00faltimo debate en nuestra publicaci\u00f3n <a href=\"https:\/\/www.edugestores.pe\/edugestores-propone-n8-politicas-educativas-2011-2016-cuales-continuar-y-cuales-cambiar\/\"><strong>Edugestores Propone N\u00b08: Pol\u00edticas educativas 2011-2016 \u00bfCu\u00e1les continuar y cu\u00e1les cambiar?<\/strong> <\/a><br \/>\nA trav\u00e9s de una encuesta en l\u00ednea se solicit\u00f3 a los miembros de la Red valorar un total de 40 iniciativas de pol\u00edtica puestas en marcha durante la gesti\u00f3n de los Ministros de Educaci\u00f3n Patricia Salas y Jaime Saavedra.<br \/>\nEn <a href=\"https:\/\/www.edugestores.pe\/edugestores-propone-n8-politicas-educativas-2011-2016-cuales-continuar-y-cuales-cambiar\/\">Edugestores Propone N\u00b08<\/a> hacemos un an\u00e1lisis de la encuesta respondida por 181 miembros de Edugestores y planteamos que pol\u00edticas deben continuar y cu\u00e1les cambiar.<\/p>\n<hr \/>\n<div>\n<p><strong>EDUGESTORES ENTREVISTA &#8211; VIDEOS<\/strong><\/p>\n<\/div>\n<div>\n<hr \/>\n<\/div>\n<div>En el marco del curso del curso \u2013 programa de Alta Gerencia para Directores de UGEL y Directores Pedag\u00f3gicos de Direcciones Regionales de Educaci\u00f3n organizado por la Escuela Nacional de Administraci\u00f3n P\u00fablica y el Ministerio de Educaci\u00f3n, <strong>Edugestores\u00a0<\/strong>entrevist\u00f3 a seis Directores de UGEL reci\u00e9n electos. A ellos les consultamos por sus objetivos en su futura gesti\u00f3n, entre otros:<\/div>\n<ul>\n<li><a href=\"https:\/\/www.edugestores.pe\/edugestores-entrevista-ramiro-sierra-director-de-la-ugel-abancay-apurimac\/\">Edugestores Entrevista a Ramiro Sierra, Director de la UGEL Abancay \u2013 Apur\u00edmac<\/a><\/li>\n<li><a href=\"https:\/\/www.edugestores.pe\/edugestores-entrevista-doris-valdivia-directora-de-la-ugel-huamanga-ayacucho\/\">Edugestores Entrevista a Doris Valdivia, Directora de la UGEL Huamanga \u2013 Ayacucho<\/a><\/li>\n<li><a href=\"https:\/\/www.edugestores.pe\/edugestores-entrevista-alain-solis-director-de-la-ugel-barranca-lima\/\">Edugestores Entrevista a\u00a0Ala\u00edn Sol\u00eds, Director de la UGEL Barranca \u2013 Lima.\u00a0<\/a><\/li>\n<\/ul>\n<hr \/>\n<p><b>NOTICIAS M\u00c1S VISTAS<\/b><\/p>\n<hr \/>\n<ul>\n<li><a href=\"https:\/\/www.edugestores.pe\/contrato-docente-2017-d-s-n-011-2016-minedu-que-modifica-articulos-y-disposiciones-para-la-contratacion-de-maestros-y-auxiliares-de-educacion-minedu\/\">CONTRATO DOCENTE 2017: D. S. N\u00b0 011-2016-MINEDU que Modifica art\u00edculos y disposiciones para la Contrataci\u00f3n de Maestros y Auxiliares de Educaci\u00f3n \u2013 MINEDU<\/a>\u00a0&#8211; 1826 visitas<\/li>\n<li><a href=\"https:\/\/www.edugestores.pe\/luis-rivera-ganador-de-la-beca-para-el-v-seminario-nacional-de-investigacion-educativa\/\">Luis Rivera, ganador de la beca para el V Seminario Nacional de Investigaci\u00f3n Educativa<\/a>\u00a0&#8211; 918 visitas<\/li>\n<li><a href=\"https:\/\/www.edugestores.pe\/contrato-docente-2017-d-s-n-011-2016-minedu-que-modifica-articulos-y-disposiciones-para-la-contratacion-de-maestros-y-auxiliares-de-educacion-minedu\/\">MINEDU: Convocatoria CAS SEPTIEMBRE 2016\u00a0&#8211; <\/a>910 vistas<\/li>\n<li><a href=\"https:\/\/www.edugestores.pe\/norma-tecnica-de-evaluacion-a-directivos-de-ugel-y-dre\/\">Norma t\u00e9cnica de evaluaci\u00f3n a directivos de UGEL y DRE<\/a>\u00a0&#8211; 590 visitas<\/li>\n<li><a href=\"https:\/\/www.edugestores.pe\/edugestores-entrevista-ramiro-sierra-director-de-la-ugel-abancay-apurimac\/\">Edugestores Entrevista: Ramiro Sierra, Director de la UGEL Abancay \u2013 Apur\u00edmac<\/a><strong>\u00a0&#8211; <\/strong>576 visitas<\/li>\n<\/ul>\n<hr \/>\n<p><strong>DOCUMENTOS EN EL REPOSITORIO\u00a0<\/strong><\/p>\n<hr \/>\n<ul>\n<li><a href=\"https:\/\/www.edugestores.pe\/docs\/\">Presentaciones del Primer Encuentro Nacional de la Red Peruana de Educaci\u00f3n<\/a><\/li>\n<li><a href=\"https:\/\/www.edugestores.pe\/docs\/edugestores-propone-n8-politicas-educativas-2011-2016-cuales-continuar-y-cuales-cambiar\/\">Edugestores Propone N\u00b08: Pol\u00edticas Educativas 2011-2016: \u00bfCu\u00e1les continuar y cu\u00e1les cambiar?<\/a><\/li>\n<li><a href=\"https:\/\/www.edugestores.pe\/docs\/proyecto-de-presupuesto-2017\/\">Proyecto de Presupuesto 2017<\/a><\/li>\n<li><a href=\"https:\/\/www.edugestores.pe\/docs\/entre-la-generacion-de-alianzas-y-el-trabajo-con-las-personas-la-experiencia-de-articulacion-institucional-de-la-ugel-islay-2011-2014\/\">Entre la generaci\u00f3n de alianzas y el trabajo con las personas: La experiencia de articulaci\u00f3n institucional de la UGEL Islay (2011-2014)<\/a><\/li>\n<li><a href=\"https:\/\/www.edugestores.pe\/docs\/informe-anual-sobre-el-estado-del-proceso-de-descentralizacion-2016\/\">Informe Anual sobre el estado del proceso de Descentralizaci\u00f3n 2016<\/a><\/li>\n<li><a href=\"https:\/\/www.edugestores.pe\/docs\/14-temas-clave-en-la-presentacion-del-ministro-de-educacion-ante-la-comision-de-educacion-del-congreso-de-la-republica-50916\/\">14 temas clave en la presentaci\u00f3n del Ministro de Educaci\u00f3n ante la Comisi\u00f3n de Educaci\u00f3n del Congreso de la Rep\u00fablica<\/a><\/li>\n<\/ul>\n","protected":false},"excerpt":{"rendered":"<p>\u00a1Somos 426\u00a0miembros en\u00a0Edugestores! DESTACADOS EDUGESTORES\u00a0 \u00a1Somos 426 miembros!\u00a0Mes a mes en Edugestores\u00a0realizamos\u00a0un reconocimiento de todos los miembros de nuestra comunidad [&hellip;]<\/p>\n","protected":false},"author":63,"featured_media":12822,"comment_status":"open","ping_status":"open","sticky":false,"template":"","format":"standard","meta":{"spay_email":""},"categories":[299,125],"tags":[],"yoast_head":"<!-- This site is optimized with the Yoast SEO plugin v18.0 - https:\/\/yoast.com\/wordpress\/plugins\/seo\/ -->\n<title>Destacados Edugestores Setiembre N\u00b01 - Red Peruana de Gestores de la Educaci\u00f3n<\/title>\n<meta name=\"robots\" content=\"index, follow, max-snippet:-1, max-image-preview:large, max-video-preview:-1\" \/>\n<link rel=\"canonical\" href=\"https:\/\/www.edugestores.pe\/?p=12572\" \/>\n<meta property=\"og:locale\" content=\"es_ES\" \/>\n<meta property=\"og:type\" content=\"article\" \/>\n<meta property=\"og:title\" content=\"Destacados Edugestores Setiembre N\u00b01 - Red Peruana de Gestores de la Educaci\u00f3n\" \/>\n<meta property=\"og:description\" content=\"\u00a1Somos 426\u00a0miembros en\u00a0Edugestores! DESTACADOS EDUGESTORES\u00a0 \u00a1Somos 426 miembros!\u00a0Mes a mes en Edugestores\u00a0realizamos\u00a0un reconocimiento de todos los miembros de nuestra comunidad [&hellip;]\" \/>\n<meta property=\"og:url\" content=\"https:\/\/www.edugestores.pe\/?p=12572\" \/>\n<meta property=\"og:site_name\" content=\"Red Peruana de Gestores de la Educaci\u00f3n\" \/>\n<meta property=\"article:published_time\" content=\"2016-09-11T13:22:09+00:00\" \/>\n<meta property=\"article:modified_time\" content=\"2016-10-11T19:34:50+00:00\" \/>\n<meta property=\"og:image\" content=\"https:\/\/www.edugestores.pe\/wp-content\/uploads\/2016\/09\/CABECERA-EDU-REPORTA-SETIEMBRE.jpg\" \/>\n\t<meta property=\"og:image:width\" content=\"700\" \/>\n\t<meta property=\"og:image:height\" content=\"100\" \/>\n\t<meta property=\"og:image:type\" content=\"image\/jpeg\" \/>\n<meta name=\"twitter:card\" content=\"summary_large_image\" \/>\n<meta name=\"twitter:label1\" content=\"Escrito por\" \/>\n\t<meta name=\"twitter:data1\" content=\"Administrador\" \/>\n\t<meta name=\"twitter:label2\" content=\"Tiempo de lectura\" \/>\n\t<meta name=\"twitter:data2\" content=\"5 minutos\" \/>\n<script type=\"application\/ld+json\" class=\"yoast-schema-graph\">{\"@context\":\"https:\/\/schema.org\",\"@graph\":[{\"@type\":\"WebSite\",\"@id\":\"https:\/\/www.edugestores.pe\/#website\",\"url\":\"https:\/\/www.edugestores.pe\/\",\"name\":\"Red Peruana de Gestores de la Educaci\u00f3n\",\"description\":\"Red Peruana de Gestores de la Educaci\u00f3n\",\"potentialAction\":[{\"@type\":\"SearchAction\",\"target\":{\"@type\":\"EntryPoint\",\"urlTemplate\":\"https:\/\/www.edugestores.pe\/?s={search_term_string}\"},\"query-input\":\"required name=search_term_string\"}],\"inLanguage\":\"es\"},{\"@type\":\"ImageObject\",\"@id\":\"https:\/\/www.edugestores.pe\/?p=12572#primaryimage\",\"inLanguage\":\"es\",\"url\":\"https:\/\/www.edugestores.pe\/wp-content\/uploads\/2016\/09\/CABECERA-EDU-REPORTA-SETIEMBRE.jpg\",\"contentUrl\":\"https:\/\/www.edugestores.pe\/wp-content\/uploads\/2016\/09\/CABECERA-EDU-REPORTA-SETIEMBRE.jpg\",\"width\":700,\"height\":100},{\"@type\":\"WebPage\",\"@id\":\"https:\/\/www.edugestores.pe\/?p=12572#webpage\",\"url\":\"https:\/\/www.edugestores.pe\/?p=12572\",\"name\":\"Destacados Edugestores Setiembre N\u00b01 - Red Peruana de Gestores de la Educaci\u00f3n\",\"isPartOf\":{\"@id\":\"https:\/\/www.edugestores.pe\/#website\"},\"primaryImageOfPage\":{\"@id\":\"https:\/\/www.edugestores.pe\/?p=12572#primaryimage\"},\"datePublished\":\"2016-09-11T13:22:09+00:00\",\"dateModified\":\"2016-10-11T19:34:50+00:00\",\"author\":{\"@id\":\"https:\/\/www.edugestores.pe\/#\/schema\/person\/30dc82f35f5853289037a64b35c7c7d3\"},\"breadcrumb\":{\"@id\":\"https:\/\/www.edugestores.pe\/?p=12572#breadcrumb\"},\"inLanguage\":\"es\",\"potentialAction\":[{\"@type\":\"ReadAction\",\"target\":[\"https:\/\/www.edugestores.pe\/?p=12572\"]}]},{\"@type\":\"BreadcrumbList\",\"@id\":\"https:\/\/www.edugestores.pe\/?p=12572#breadcrumb\",\"itemListElement\":[{\"@type\":\"ListItem\",\"position\":1,\"name\":\"Portada\",\"item\":\"https:\/\/www.edugestores.pe\/\"},{\"@type\":\"ListItem\",\"position\":2,\"name\":\"Destacados Edugestores Setiembre N\u00b01\"}]},{\"@type\":\"Person\",\"@id\":\"https:\/\/www.edugestores.pe\/#\/schema\/person\/30dc82f35f5853289037a64b35c7c7d3\",\"name\":\"Administrador\",\"image\":{\"@type\":\"ImageObject\",\"@id\":\"https:\/\/www.edugestores.pe\/#personlogo\",\"inLanguage\":\"es\",\"url\":\"https:\/\/secure.gravatar.com\/avatar\/70960d1239c4d2c778bb3d2786a3c1ae?s=96&d=mm&r=g\",\"contentUrl\":\"https:\/\/secure.gravatar.com\/avatar\/70960d1239c4d2c778bb3d2786a3c1ae?s=96&d=mm&r=g\",\"caption\":\"Administrador\"},\"url\":\"https:\/\/www.edugestores.pe\/?author=63\"}]}<\/script>\n<!-- \/ Yoast SEO plugin. -->","yoast_head_json":{"title":"Destacados Edugestores Setiembre N\u00b01 - Red Peruana de Gestores de la Educaci\u00f3n","robots":{"index":"index","follow":"follow","max-snippet":"max-snippet:-1","max-image-preview":"max-image-preview:large","max-video-preview":"max-video-preview:-1"},"canonical":"https:\/\/www.edugestores.pe\/?p=12572","og_locale":"es_ES","og_type":"article","og_title":"Destacados Edugestores Setiembre N\u00b01 - Red Peruana de Gestores de la Educaci\u00f3n","og_description":"\u00a1Somos 426\u00a0miembros en\u00a0Edugestores! DESTACADOS EDUGESTORES\u00a0 \u00a1Somos 426 miembros!\u00a0Mes a mes en Edugestores\u00a0realizamos\u00a0un reconocimiento de todos los miembros de nuestra comunidad [&hellip;]","og_url":"https:\/\/www.edugestores.pe\/?p=12572","og_site_name":"Red Peruana de Gestores de la Educaci\u00f3n","article_published_time":"2016-09-11T13:22:09+00:00","article_modified_time":"2016-10-11T19:34:50+00:00","og_image":[{"width":700,"height":100,"url":"https:\/\/www.edugestores.pe\/wp-content\/uploads\/2016\/09\/CABECERA-EDU-REPORTA-SETIEMBRE.jpg","type":"image\/jpeg"}],"twitter_card":"summary_large_image","twitter_misc":{"Escrito por":"Administrador","Tiempo de lectura":"5 minutos"},"schema":{"@context":"https:\/\/schema.org","@graph":[{"@type":"WebSite","@id":"https:\/\/www.edugestores.pe\/#website","url":"https:\/\/www.edugestores.pe\/","name":"Red Peruana de Gestores de la Educaci\u00f3n","description":"Red Peruana de Gestores de la Educaci\u00f3n","potentialAction":[{"@type":"SearchAction","target":{"@type":"EntryPoint","urlTemplate":"https:\/\/www.edugestores.pe\/?s={search_term_string}"},"query-input":"required name=search_term_string"}],"inLanguage":"es"},{"@type":"ImageObject","@id":"https:\/\/www.edugestores.pe\/?p=12572#primaryimage","inLanguage":"es","url":"https:\/\/www.edugestores.pe\/wp-content\/uploads\/2016\/09\/CABECERA-EDU-REPORTA-SETIEMBRE.jpg","contentUrl":"https:\/\/www.edugestores.pe\/wp-content\/uploads\/2016\/09\/CABECERA-EDU-REPORTA-SETIEMBRE.jpg","width":700,"height":100},{"@type":"WebPage","@id":"https:\/\/www.edugestores.pe\/?p=12572#webpage","url":"https:\/\/www.edugestores.pe\/?p=12572","name":"Destacados Edugestores Setiembre N\u00b01 - Red Peruana de Gestores de la Educaci\u00f3n","isPartOf":{"@id":"https:\/\/www.edugestores.pe\/#website"},"primaryImageOfPage":{"@id":"https:\/\/www.edugestores.pe\/?p=12572#primaryimage"},"datePublished":"2016-09-11T13:22:09+00:00","dateModified":"2016-10-11T19:34:50+00:00","author":{"@id":"https:\/\/www.edugestores.pe\/#\/schema\/person\/30dc82f35f5853289037a64b35c7c7d3"},"breadcrumb":{"@id":"https:\/\/www.edugestores.pe\/?p=12572#breadcrumb"},"inLanguage":"es","potentialAction":[{"@type":"ReadAction","target":["https:\/\/www.edugestores.pe\/?p=12572"]}]},{"@type":"BreadcrumbList","@id":"https:\/\/www.edugestores.pe\/?p=12572#breadcrumb","itemListElement":[{"@type":"ListItem","position":1,"name":"Portada","item":"https:\/\/www.edugestores.pe\/"},{"@type":"ListItem","position":2,"name":"Destacados Edugestores Setiembre N\u00b01"}]},{"@type":"Person","@id":"https:\/\/www.edugestores.pe\/#\/schema\/person\/30dc82f35f5853289037a64b35c7c7d3","name":"Administrador","image":{"@type":"ImageObject","@id":"https:\/\/www.edugestores.pe\/#personlogo","inLanguage":"es","url":"https:\/\/secure.gravatar.com\/avatar\/70960d1239c4d2c778bb3d2786a3c1ae?s=96&d=mm&r=g","contentUrl":"https:\/\/secure.gravatar.com\/avatar\/70960d1239c4d2c778bb3d2786a3c1ae?s=96&d=mm&r=g","caption":"Administrador"},"url":"https:\/\/www.edugestores.pe\/?author=63"}]}},"jetpack_featured_media_url":"https:\/\/www.edugestores.pe\/wp-content\/uploads\/2016\/09\/CABECERA-EDU-REPORTA-SETIEMBRE.jpg","_links":{"self":[{"href":"https:\/\/www.edugestores.pe\/index.php?rest_route=\/wp\/v2\/posts\/12572"}],"collection":[{"href":"https:\/\/www.edugestores.pe\/index.php?rest_route=\/wp\/v2\/posts"}],"about":[{"href":"https:\/\/www.edugestores.pe\/index.php?rest_route=\/wp\/v2\/types\/post"}],"author":[{"embeddable":true,"href":"https:\/\/www.edugestores.pe\/index.php?rest_route=\/wp\/v2\/users\/63"}],"replies":[{"embeddable":true,"href":"https:\/\/www.edugestores.pe\/index.php?rest_route=%2Fwp%2Fv2%2Fcomments&post=12572"}],"version-history":[{"count":13,"href":"https:\/\/www.edugestores.pe\/index.php?rest_route=\/wp\/v2\/posts\/12572\/revisions"}],"predecessor-version":[{"id":12821,"href":"https:\/\/www.edugestores.pe\/index.php?rest_route=\/wp\/v2\/posts\/12572\/revisions\/12821"}],"wp:featuredmedia":[{"embeddable":true,"href":"https:\/\/www.edugestores.pe\/index.php?rest_route=\/wp\/v2\/media\/12822"}],"wp:attachment":[{"href":"https:\/\/www.edugestores.pe\/index.php?rest_route=%2Fwp%2Fv2%2Fmedia&parent=12572"}],"wp:term":[{"taxonomy":"category","embeddable":true,"href":"https:\/\/www.edugestores.pe\/index.php?rest_route=%2Fwp%2Fv2%2Fcategories&post=12572"},{"taxonomy":"post_tag","embeddable":true,"href":"https:\/\/www.edugestores.pe\/index.php?rest_route=%2Fwp%2Fv2%2Ftags&post=12572"}],"curies":[{"name":"wp","href":"https:\/\/api.w.org\/{rel}","templated":true}]}}