{"id":12592,"date":"2016-09-12T07:05:30","date_gmt":"2016-09-12T12:05:30","guid":{"rendered":"https:\/\/www.edugestores.pe\/?p=12592"},"modified":"2016-09-21T14:16:23","modified_gmt":"2016-09-21T19:16:23","slug":"amplian-a-30-horas-la-jornada-laboral-de-profesores-de-secundaria-hugo-diaz","status":"publish","type":"post","link":"https:\/\/www.edugestores.pe\/?p=12592","title":{"rendered":"Ampl\u00edan a 30 horas la jornada laboral de profesores de secundaria (Hugo Diaz)"},"content":{"rendered":"<p>La\u00a0<a href=\"http:\/\/www.educacionenred.pe\/noticia\/ley-de-reforma-magisterial\/\" target=\"_blank\">Ley de Reforma Magisterial<\/a>dispuso una progresiva elevaci\u00f3n de la jornada laboral e los profesores de educaci\u00f3n secundaria con el objeto de nivelar sus remuneraciones a lo que percibe sus similares en la educaci\u00f3n inicial y primaria.<\/p>\n<p>En el transcurso de los a\u00f1os recientes, se han venido expidiendo normas que permitieron ampliar la jornada de 24 a 26, luego a 28 horas y ahora, mediante Oficio M\u00faltiple N\u00ba 064-2016-MINEDU\/VMGP-DIGDDO-DITEN, del 4 de agosto del 2016, hasta 30 horas.<\/p>\n<p>La extensi\u00f3n de la jornada laboral hasta 30 horas ser\u00e1 vigente a partir del a\u00f1o escolar 2017 y tendr\u00e1 como referentes para su establecimiento la distribuci\u00f3n siguiente: 26 horas para el desarrollo de sesiones de aprendizaje (dictado de clases de 24 a 26 horas), dos horas para el reforzamiento y nivelaci\u00f3n de los aprendizajes y dos horas para las actividades para la atenci\u00f3n a padres de familia y otras actividades determinadas por el Director.<\/p>\n<p>Adicionalmente, la Direcci\u00f3n de Educaci\u00f3n Secundaria ha establecido los siguientes criterios de distribuci\u00f3n:<\/p>\n<p>El informe No 326-2016-MINEDU\/VMGP\/DIGEBR-CP, sugiere reestructurar para el presente a\u00f1o 2016 las actividades que realizar\u00e1 el docente en las horas de permanencia en la instituci\u00f3n educativa de acuerdo al siguiente detalle:<\/p>\n<p>\u2022 Dos (2) horas para tareas de dise\u00f1o, programaci\u00f3n, implementaci\u00f3n, ejecuci\u00f3n y evaluaci\u00f3n de actividades de reforzamiento, nivelaci\u00f3n y recuperaci\u00f3n de los aprendizajes de los estudiantes que van quedando rezagados en el desempe\u00f1o de sus competencias y capacidades en el marco del principio de equidad educativa. La jornada laboral de estas dos horas se realizar\u00e1 durante el horario escolar.<\/p>\n<p>\u2022 Dos horas para brindar atenci\u00f3n a la familia del estudiante, concertando para ello entrevistas que permitan recoger informaci\u00f3n relevante, as\u00ed como ofrecer orientaciones a dichas familias a fin de que ellos contribuyan en la mejora de los aprendizajes de sus hijos, y pautas de su intervenci\u00f3n.<\/p>\n<p>\u2022 Dos horas para las siguientes actividades, determinadas por el Director, en funci\u00f3n a las demandas espec\u00edficas de la IIEE; entre ellas,:<\/p>\n<p>\u00bb Elaborar los instrumentos de gesti\u00f3n pedag\u00f3gica para implementar el Curr\u00edculo Nacional el a\u00f1o 2017 (proyecto curricular institucional y programaciones curriculares) en reuniones colegiadas.<\/p>\n<p>\u00bb Realizar asesor\u00eda personalizada a los estudiantes en el \u00e1rea de su competencia.<\/p>\n<p>\u00bb Apoyar al equipo directivo en el monitoreo y acompa\u00f1amiento a sus pares en el aula.<\/p>\n<p>\u00bb Participar en procesos de planificaci\u00f3n, organizaci\u00f3n, ejecuci\u00f3n y evaluaci\u00f3n de actividades institucionales que fortalezcan y consoliden las relaciones entre la IE y la comunidad.<\/p>\n<p>\u00bb Realizar investigaci\u00f3n diagnostica de la realidad de los estudiantes a nivel cognitivo, emocional y social.<\/p>\n<p>Corresponde a las<a href=\"http:\/\/www.educacionenred.pe\/directorio-minedu-dre-gre-ugel\/\" target=\"_blank\">DRE<\/a>y<a href=\"http:\/\/www.educacionenred.pe\/directorio-minedu-dre-gre-ugel\/\" target=\"_blank\">UGEL<\/a>organizar la informaci\u00f3n correspondiente para llevar adelante esta norma.<\/p>\n<p><b>&#8211;<a href=\"http:\/\/wwe.educacionenred.pe\/?i=http:\/\/educared.fundacion.telefonica.com.pe\/desafioseducacion\/wp-content\/uploads\/sites\/2\/2016\/09\/Oficio-Multiple-098-2016.pdf\" target=\"_blank\">Descargar Oficio Multiple 098-2016 (.PDF)<\/a><\/b><\/p>\n<p>Fuente: <a href=\"http:\/\/www.educacionenred.pe\/noticia\/?portada=104039&amp;utm_source=feedburner&amp;utm_medium=email&amp;utm_campaign=Feed%3A+educacionenred_noticia+%28EDUCACIONENRED.PE+-+Noticias%29#ixzz4K2hJVNsX\">Educacionenred.pe <\/a><\/p>\n","protected":false},"excerpt":{"rendered":"<p>La\u00a0Ley de Reforma Magisterialdispuso una progresiva elevaci\u00f3n de la jornada laboral e los profesores de educaci\u00f3n secundaria con el objeto [&hellip;]<\/p>\n","protected":false},"author":63,"featured_media":12593,"comment_status":"open","ping_status":"open","sticky":false,"template":"","format":"standard","meta":{"spay_email":""},"categories":[125],"tags":[],"yoast_head":"<!-- This site is optimized with the Yoast SEO plugin v18.0 - https:\/\/yoast.com\/wordpress\/plugins\/seo\/ -->\n<title>Ampl\u00edan a 30 horas la jornada laboral de profesores de secundaria (Hugo Diaz) - Red Peruana de Gestores de la Educaci\u00f3n<\/title>\n<meta name=\"robots\" content=\"index, follow, max-snippet:-1, max-image-preview:large, max-video-preview:-1\" \/>\n<link rel=\"canonical\" href=\"https:\/\/www.edugestores.pe\/?p=12592\" \/>\n<meta property=\"og:locale\" content=\"es_ES\" \/>\n<meta property=\"og:type\" content=\"article\" \/>\n<meta property=\"og:title\" content=\"Ampl\u00edan a 30 horas la jornada laboral de profesores de secundaria (Hugo Diaz) - Red Peruana de Gestores de la Educaci\u00f3n\" \/>\n<meta property=\"og:description\" content=\"La\u00a0Ley de Reforma Magisterialdispuso una progresiva elevaci\u00f3n de la jornada laboral e los profesores de educaci\u00f3n secundaria con el objeto [&hellip;]\" \/>\n<meta property=\"og:url\" content=\"https:\/\/www.edugestores.pe\/?p=12592\" \/>\n<meta property=\"og:site_name\" content=\"Red Peruana de Gestores de la Educaci\u00f3n\" \/>\n<meta property=\"article:published_time\" content=\"2016-09-12T12:05:30+00:00\" \/>\n<meta property=\"article:modified_time\" content=\"2016-09-21T19:16:23+00:00\" \/>\n<meta property=\"og:image\" content=\"https:\/\/www.edugestores.pe\/wp-content\/uploads\/2016\/09\/104039-amplian-30-horas-jornada-laboral-profesores-secundaria-hugo-diaz.jpg\" \/>\n\t<meta property=\"og:image:width\" content=\"860\" \/>\n\t<meta property=\"og:image:height\" content=\"450\" \/>\n\t<meta property=\"og:image:type\" content=\"image\/jpeg\" \/>\n<meta name=\"twitter:card\" content=\"summary_large_image\" \/>\n<meta name=\"twitter:label1\" content=\"Escrito por\" \/>\n\t<meta name=\"twitter:data1\" content=\"Administrador\" \/>\n\t<meta name=\"twitter:label2\" content=\"Tiempo de lectura\" \/>\n\t<meta name=\"twitter:data2\" content=\"2 minutos\" \/>\n<script type=\"application\/ld+json\" class=\"yoast-schema-graph\">{\"@context\":\"https:\/\/schema.org\",\"@graph\":[{\"@type\":\"WebSite\",\"@id\":\"https:\/\/www.edugestores.pe\/#website\",\"url\":\"https:\/\/www.edugestores.pe\/\",\"name\":\"Red Peruana de Gestores de la Educaci\u00f3n\",\"description\":\"Red Peruana de Gestores de la Educaci\u00f3n\",\"potentialAction\":[{\"@type\":\"SearchAction\",\"target\":{\"@type\":\"EntryPoint\",\"urlTemplate\":\"https:\/\/www.edugestores.pe\/?s={search_term_string}\"},\"query-input\":\"required name=search_term_string\"}],\"inLanguage\":\"es\"},{\"@type\":\"ImageObject\",\"@id\":\"https:\/\/www.edugestores.pe\/?p=12592#primaryimage\",\"inLanguage\":\"es\",\"url\":\"https:\/\/www.edugestores.pe\/wp-content\/uploads\/2016\/09\/104039-amplian-30-horas-jornada-laboral-profesores-secundaria-hugo-diaz.jpg\",\"contentUrl\":\"https:\/\/www.edugestores.pe\/wp-content\/uploads\/2016\/09\/104039-amplian-30-horas-jornada-laboral-profesores-secundaria-hugo-diaz.jpg\",\"width\":860,\"height\":450},{\"@type\":\"WebPage\",\"@id\":\"https:\/\/www.edugestores.pe\/?p=12592#webpage\",\"url\":\"https:\/\/www.edugestores.pe\/?p=12592\",\"name\":\"Ampl\u00edan a 30 horas la jornada laboral de profesores de secundaria (Hugo Diaz) - Red Peruana de Gestores de la Educaci\u00f3n\",\"isPartOf\":{\"@id\":\"https:\/\/www.edugestores.pe\/#website\"},\"primaryImageOfPage\":{\"@id\":\"https:\/\/www.edugestores.pe\/?p=12592#primaryimage\"},\"datePublished\":\"2016-09-12T12:05:30+00:00\",\"dateModified\":\"2016-09-21T19:16:23+00:00\",\"author\":{\"@id\":\"https:\/\/www.edugestores.pe\/#\/schema\/person\/30dc82f35f5853289037a64b35c7c7d3\"},\"breadcrumb\":{\"@id\":\"https:\/\/www.edugestores.pe\/?p=12592#breadcrumb\"},\"inLanguage\":\"es\",\"potentialAction\":[{\"@type\":\"ReadAction\",\"target\":[\"https:\/\/www.edugestores.pe\/?p=12592\"]}]},{\"@type\":\"BreadcrumbList\",\"@id\":\"https:\/\/www.edugestores.pe\/?p=12592#breadcrumb\",\"itemListElement\":[{\"@type\":\"ListItem\",\"position\":1,\"name\":\"Portada\",\"item\":\"https:\/\/www.edugestores.pe\/\"},{\"@type\":\"ListItem\",\"position\":2,\"name\":\"Ampl\u00edan a 30 horas la jornada laboral de profesores de secundaria (Hugo Diaz)\"}]},{\"@type\":\"Person\",\"@id\":\"https:\/\/www.edugestores.pe\/#\/schema\/person\/30dc82f35f5853289037a64b35c7c7d3\",\"name\":\"Administrador\",\"image\":{\"@type\":\"ImageObject\",\"@id\":\"https:\/\/www.edugestores.pe\/#personlogo\",\"inLanguage\":\"es\",\"url\":\"https:\/\/secure.gravatar.com\/avatar\/70960d1239c4d2c778bb3d2786a3c1ae?s=96&d=mm&r=g\",\"contentUrl\":\"https:\/\/secure.gravatar.com\/avatar\/70960d1239c4d2c778bb3d2786a3c1ae?s=96&d=mm&r=g\",\"caption\":\"Administrador\"},\"url\":\"https:\/\/www.edugestores.pe\/?author=63\"}]}<\/script>\n<!-- \/ Yoast SEO plugin. -->","yoast_head_json":{"title":"Ampl\u00edan a 30 horas la jornada laboral de profesores de secundaria (Hugo Diaz) - Red Peruana de Gestores de la Educaci\u00f3n","robots":{"index":"index","follow":"follow","max-snippet":"max-snippet:-1","max-image-preview":"max-image-preview:large","max-video-preview":"max-video-preview:-1"},"canonical":"https:\/\/www.edugestores.pe\/?p=12592","og_locale":"es_ES","og_type":"article","og_title":"Ampl\u00edan a 30 horas la jornada laboral de profesores de secundaria (Hugo Diaz) - Red Peruana de Gestores de la Educaci\u00f3n","og_description":"La\u00a0Ley de Reforma Magisterialdispuso una progresiva elevaci\u00f3n de la jornada laboral e los profesores de educaci\u00f3n secundaria con el objeto [&hellip;]","og_url":"https:\/\/www.edugestores.pe\/?p=12592","og_site_name":"Red Peruana de Gestores de la Educaci\u00f3n","article_published_time":"2016-09-12T12:05:30+00:00","article_modified_time":"2016-09-21T19:16:23+00:00","og_image":[{"width":860,"height":450,"url":"https:\/\/www.edugestores.pe\/wp-content\/uploads\/2016\/09\/104039-amplian-30-horas-jornada-laboral-profesores-secundaria-hugo-diaz.jpg","type":"image\/jpeg"}],"twitter_card":"summary_large_image","twitter_misc":{"Escrito por":"Administrador","Tiempo de lectura":"2 minutos"},"schema":{"@context":"https:\/\/schema.org","@graph":[{"@type":"WebSite","@id":"https:\/\/www.edugestores.pe\/#website","url":"https:\/\/www.edugestores.pe\/","name":"Red Peruana de Gestores de la Educaci\u00f3n","description":"Red Peruana de Gestores de la Educaci\u00f3n","potentialAction":[{"@type":"SearchAction","target":{"@type":"EntryPoint","urlTemplate":"https:\/\/www.edugestores.pe\/?s={search_term_string}"},"query-input":"required name=search_term_string"}],"inLanguage":"es"},{"@type":"ImageObject","@id":"https:\/\/www.edugestores.pe\/?p=12592#primaryimage","inLanguage":"es","url":"https:\/\/www.edugestores.pe\/wp-content\/uploads\/2016\/09\/104039-amplian-30-horas-jornada-laboral-profesores-secundaria-hugo-diaz.jpg","contentUrl":"https:\/\/www.edugestores.pe\/wp-content\/uploads\/2016\/09\/104039-amplian-30-horas-jornada-laboral-profesores-secundaria-hugo-diaz.jpg","width":860,"height":450},{"@type":"WebPage","@id":"https:\/\/www.edugestores.pe\/?p=12592#webpage","url":"https:\/\/www.edugestores.pe\/?p=12592","name":"Ampl\u00edan a 30 horas la jornada laboral de profesores de secundaria (Hugo Diaz) - Red Peruana de Gestores de la Educaci\u00f3n","isPartOf":{"@id":"https:\/\/www.edugestores.pe\/#website"},"primaryImageOfPage":{"@id":"https:\/\/www.edugestores.pe\/?p=12592#primaryimage"},"datePublished":"2016-09-12T12:05:30+00:00","dateModified":"2016-09-21T19:16:23+00:00","author":{"@id":"https:\/\/www.edugestores.pe\/#\/schema\/person\/30dc82f35f5853289037a64b35c7c7d3"},"breadcrumb":{"@id":"https:\/\/www.edugestores.pe\/?p=12592#breadcrumb"},"inLanguage":"es","potentialAction":[{"@type":"ReadAction","target":["https:\/\/www.edugestores.pe\/?p=12592"]}]},{"@type":"BreadcrumbList","@id":"https:\/\/www.edugestores.pe\/?p=12592#breadcrumb","itemListElement":[{"@type":"ListItem","position":1,"name":"Portada","item":"https:\/\/www.edugestores.pe\/"},{"@type":"ListItem","position":2,"name":"Ampl\u00edan a 30 horas la jornada laboral de profesores de secundaria (Hugo Diaz)"}]},{"@type":"Person","@id":"https:\/\/www.edugestores.pe\/#\/schema\/person\/30dc82f35f5853289037a64b35c7c7d3","name":"Administrador","image":{"@type":"ImageObject","@id":"https:\/\/www.edugestores.pe\/#personlogo","inLanguage":"es","url":"https:\/\/secure.gravatar.com\/avatar\/70960d1239c4d2c778bb3d2786a3c1ae?s=96&d=mm&r=g","contentUrl":"https:\/\/secure.gravatar.com\/avatar\/70960d1239c4d2c778bb3d2786a3c1ae?s=96&d=mm&r=g","caption":"Administrador"},"url":"https:\/\/www.edugestores.pe\/?author=63"}]}},"jetpack_featured_media_url":"https:\/\/www.edugestores.pe\/wp-content\/uploads\/2016\/09\/104039-amplian-30-horas-jornada-laboral-profesores-secundaria-hugo-diaz.jpg","_links":{"self":[{"href":"https:\/\/www.edugestores.pe\/index.php?rest_route=\/wp\/v2\/posts\/12592"}],"collection":[{"href":"https:\/\/www.edugestores.pe\/index.php?rest_route=\/wp\/v2\/posts"}],"about":[{"href":"https:\/\/www.edugestores.pe\/index.php?rest_route=\/wp\/v2\/types\/post"}],"author":[{"embeddable":true,"href":"https:\/\/www.edugestores.pe\/index.php?rest_route=\/wp\/v2\/users\/63"}],"replies":[{"embeddable":true,"href":"https:\/\/www.edugestores.pe\/index.php?rest_route=%2Fwp%2Fv2%2Fcomments&post=12592"}],"version-history":[{"count":1,"href":"https:\/\/www.edugestores.pe\/index.php?rest_route=\/wp\/v2\/posts\/12592\/revisions"}],"predecessor-version":[{"id":12594,"href":"https:\/\/www.edugestores.pe\/index.php?rest_route=\/wp\/v2\/posts\/12592\/revisions\/12594"}],"wp:featuredmedia":[{"embeddable":true,"href":"https:\/\/www.edugestores.pe\/index.php?rest_route=\/wp\/v2\/media\/12593"}],"wp:attachment":[{"href":"https:\/\/www.edugestores.pe\/index.php?rest_route=%2Fwp%2Fv2%2Fmedia&parent=12592"}],"wp:term":[{"taxonomy":"category","embeddable":true,"href":"https:\/\/www.edugestores.pe\/index.php?rest_route=%2Fwp%2Fv2%2Fcategories&post=12592"},{"taxonomy":"post_tag","embeddable":true,"href":"https:\/\/www.edugestores.pe\/index.php?rest_route=%2Fwp%2Fv2%2Ftags&post=12592"}],"curies":[{"name":"wp","href":"https:\/\/api.w.org\/{rel}","templated":true}]}}