{"id":16740,"date":"2017-07-09T13:24:44","date_gmt":"2017-07-09T18:24:44","guid":{"rendered":"https:\/\/www.edugestores.pe\/?p=16740"},"modified":"2017-07-14T11:29:26","modified_gmt":"2017-07-14T16:29:26","slug":"ayacucho-regiones-dialogaran-sobre-proyectos-educativos-y-sobre-politicas-en-zonas-rurales","status":"publish","type":"post","link":"https:\/\/www.edugestores.pe\/?p=16740","title":{"rendered":"Ayacucho: regiones dialogar\u00e1n sobre proyectos educativos y sobre pol\u00edticas en zonas rurales"},"content":{"rendered":"<p style=\"text-align: justify;\">Autoridades del sector educaci\u00f3n y miembros de la sociedad civil de trece regiones se dar\u00e1n cita este lunes 10 y martes 11 de julio en \u00a0Ayacucho para intercambiar propuestas\u00a0sobre la vigencia y \u00a0eimplementaci\u00f3n de los proyectos educativos regionales con miras a la construcci\u00f3n del nuevo Proyecto Educativo Nacional (PEN) al 2036.<\/p>\n<p style=\"text-align: justify;\">El Taller Interregional \u201cProyectos Educativos Regionales y Educaci\u00f3n Rural\u201d, que organiza el Consejo Nacional de Educaci\u00f3n (CNE) conjuntamente con el Sistema Nacional de Educaci\u00f3n, Acreditaci\u00f3n y Certificaci\u00f3n de la Calidad Educativa (Sineace) y el Fondo de las Naciones Unidas para la Infancia (Unicef), busca recoger aportes y experiencias para la construcci\u00f3n de una pol\u00edtica de educaci\u00f3n rural\u00a0en el Per\u00fa.<\/p>\n<p style=\"text-align: justify;\">Este taller comenzar\u00e1 con la exposici\u00f3n sobre el rol del PEN en el desarrollo educativo y el gobierno de la educaci\u00f3n, a cargo del presidente del CNE, C\u00e9sar Guadalupe Mendiz\u00e1bal, y la metodolog\u00eda y las pol\u00edticas prioritarias del Plan Estrat\u00e9gico Sectorial Multianual (Pesem), ser\u00e1n expuestas por la jefa de la Oficina de Planificaci\u00f3n Estrat\u00e9gica y Presupuesto del Ministerio de Educaci\u00f3n (Minedu), Mar\u00eda Antonieta Alva.<\/p>\n<p style=\"text-align: justify;\">El segundo d\u00eda habr\u00e1 un panel de exposiciones en el que se disertar\u00e1 sobre los avances de la propuesta de la pol\u00edtica educativa rural, que conducir\u00e1 la directora de Evaluaci\u00f3n y Gesti\u00f3n del Conocimiento del Sineace, Ver\u00f3nica Alvarado Bonhote. Cabe indicar que las autoridades que participar\u00e1n provienen de las regiones de\u00a0Amazonas, Apur\u00edmac, Arequipa, Ayacucho, Cusco, Huancavelica, Loreto, Moquegua, Piura, Puno, San Mart\u00edn, Tacna y Ucayali.<\/p>\n<p style=\"text-align: justify;\">El Taller Interregional se realizar\u00e1 en el auditorio del Hotel Plaza (DM Hoteles Ayacucho), ubicado en el jir\u00f3n 9 de Diciembre N.\u00b0 184.<\/p>\n<p style=\"text-align: justify;\">Fuente: CNE\/Andina Foto: Referencial.<\/p>\n","protected":false},"excerpt":{"rendered":"<p>Autoridades del sector educaci\u00f3n y miembros de la sociedad civil de trece regiones se dar\u00e1n cita este lunes 10 y [&hellip;]<\/p>\n","protected":false},"author":63,"featured_media":16741,"comment_status":"open","ping_status":"open","sticky":false,"template":"","format":"standard","meta":{"spay_email":""},"categories":[125],"tags":[],"yoast_head":"<!-- This site is optimized with the Yoast SEO plugin v18.0 - https:\/\/yoast.com\/wordpress\/plugins\/seo\/ -->\n<title>Ayacucho: regiones dialogar\u00e1n sobre proyectos educativos y sobre pol\u00edticas en zonas rurales - Red Peruana de Gestores de la Educaci\u00f3n<\/title>\n<meta name=\"robots\" content=\"index, follow, max-snippet:-1, max-image-preview:large, max-video-preview:-1\" \/>\n<link rel=\"canonical\" href=\"https:\/\/www.edugestores.pe\/?p=16740\" \/>\n<meta property=\"og:locale\" content=\"es_ES\" \/>\n<meta property=\"og:type\" content=\"article\" \/>\n<meta property=\"og:title\" content=\"Ayacucho: regiones dialogar\u00e1n sobre proyectos educativos y sobre pol\u00edticas en zonas rurales - Red Peruana de Gestores de la Educaci\u00f3n\" \/>\n<meta property=\"og:description\" content=\"Autoridades del sector educaci\u00f3n y miembros de la sociedad civil de trece regiones se dar\u00e1n cita este lunes 10 y [&hellip;]\" \/>\n<meta property=\"og:url\" content=\"https:\/\/www.edugestores.pe\/?p=16740\" \/>\n<meta property=\"og:site_name\" content=\"Red Peruana de Gestores de la Educaci\u00f3n\" \/>\n<meta property=\"article:published_time\" content=\"2017-07-09T18:24:44+00:00\" \/>\n<meta property=\"article:modified_time\" content=\"2017-07-14T16:29:26+00:00\" \/>\n<meta property=\"og:image\" content=\"https:\/\/www.edugestores.pe\/wp-content\/uploads\/2017\/07\/vera-educacion-9424.jpg\" \/>\n\t<meta property=\"og:image:width\" content=\"599\" \/>\n\t<meta property=\"og:image:height\" content=\"250\" \/>\n\t<meta property=\"og:image:type\" content=\"image\/jpeg\" \/>\n<meta name=\"twitter:card\" content=\"summary_large_image\" \/>\n<meta name=\"twitter:label1\" content=\"Escrito por\" \/>\n\t<meta name=\"twitter:data1\" content=\"Administrador\" \/>\n\t<meta name=\"twitter:label2\" content=\"Tiempo de lectura\" \/>\n\t<meta name=\"twitter:data2\" content=\"1 minuto\" \/>\n<script type=\"application\/ld+json\" class=\"yoast-schema-graph\">{\"@context\":\"https:\/\/schema.org\",\"@graph\":[{\"@type\":\"WebSite\",\"@id\":\"https:\/\/www.edugestores.pe\/#website\",\"url\":\"https:\/\/www.edugestores.pe\/\",\"name\":\"Red Peruana de Gestores de la Educaci\u00f3n\",\"description\":\"Red Peruana de Gestores de la Educaci\u00f3n\",\"potentialAction\":[{\"@type\":\"SearchAction\",\"target\":{\"@type\":\"EntryPoint\",\"urlTemplate\":\"https:\/\/www.edugestores.pe\/?s={search_term_string}\"},\"query-input\":\"required name=search_term_string\"}],\"inLanguage\":\"es\"},{\"@type\":\"ImageObject\",\"@id\":\"https:\/\/www.edugestores.pe\/?p=16740#primaryimage\",\"inLanguage\":\"es\",\"url\":\"https:\/\/www.edugestores.pe\/wp-content\/uploads\/2017\/07\/vera-educacion-9424.jpg\",\"contentUrl\":\"https:\/\/www.edugestores.pe\/wp-content\/uploads\/2017\/07\/vera-educacion-9424.jpg\",\"width\":599,\"height\":250},{\"@type\":\"WebPage\",\"@id\":\"https:\/\/www.edugestores.pe\/?p=16740#webpage\",\"url\":\"https:\/\/www.edugestores.pe\/?p=16740\",\"name\":\"Ayacucho: regiones dialogar\u00e1n sobre proyectos educativos y sobre pol\u00edticas en zonas rurales - Red Peruana de Gestores de la Educaci\u00f3n\",\"isPartOf\":{\"@id\":\"https:\/\/www.edugestores.pe\/#website\"},\"primaryImageOfPage\":{\"@id\":\"https:\/\/www.edugestores.pe\/?p=16740#primaryimage\"},\"datePublished\":\"2017-07-09T18:24:44+00:00\",\"dateModified\":\"2017-07-14T16:29:26+00:00\",\"author\":{\"@id\":\"https:\/\/www.edugestores.pe\/#\/schema\/person\/30dc82f35f5853289037a64b35c7c7d3\"},\"breadcrumb\":{\"@id\":\"https:\/\/www.edugestores.pe\/?p=16740#breadcrumb\"},\"inLanguage\":\"es\",\"potentialAction\":[{\"@type\":\"ReadAction\",\"target\":[\"https:\/\/www.edugestores.pe\/?p=16740\"]}]},{\"@type\":\"BreadcrumbList\",\"@id\":\"https:\/\/www.edugestores.pe\/?p=16740#breadcrumb\",\"itemListElement\":[{\"@type\":\"ListItem\",\"position\":1,\"name\":\"Portada\",\"item\":\"https:\/\/www.edugestores.pe\/\"},{\"@type\":\"ListItem\",\"position\":2,\"name\":\"Ayacucho: regiones dialogar\u00e1n sobre proyectos educativos y sobre pol\u00edticas en zonas rurales\"}]},{\"@type\":\"Person\",\"@id\":\"https:\/\/www.edugestores.pe\/#\/schema\/person\/30dc82f35f5853289037a64b35c7c7d3\",\"name\":\"Administrador\",\"image\":{\"@type\":\"ImageObject\",\"@id\":\"https:\/\/www.edugestores.pe\/#personlogo\",\"inLanguage\":\"es\",\"url\":\"https:\/\/secure.gravatar.com\/avatar\/70960d1239c4d2c778bb3d2786a3c1ae?s=96&d=mm&r=g\",\"contentUrl\":\"https:\/\/secure.gravatar.com\/avatar\/70960d1239c4d2c778bb3d2786a3c1ae?s=96&d=mm&r=g\",\"caption\":\"Administrador\"},\"url\":\"https:\/\/www.edugestores.pe\/?author=63\"}]}<\/script>\n<!-- \/ Yoast SEO plugin. -->","yoast_head_json":{"title":"Ayacucho: regiones dialogar\u00e1n sobre proyectos educativos y sobre pol\u00edticas en zonas rurales - Red Peruana de Gestores de la Educaci\u00f3n","robots":{"index":"index","follow":"follow","max-snippet":"max-snippet:-1","max-image-preview":"max-image-preview:large","max-video-preview":"max-video-preview:-1"},"canonical":"https:\/\/www.edugestores.pe\/?p=16740","og_locale":"es_ES","og_type":"article","og_title":"Ayacucho: regiones dialogar\u00e1n sobre proyectos educativos y sobre pol\u00edticas en zonas rurales - Red Peruana de Gestores de la Educaci\u00f3n","og_description":"Autoridades del sector educaci\u00f3n y miembros de la sociedad civil de trece regiones se dar\u00e1n cita este lunes 10 y [&hellip;]","og_url":"https:\/\/www.edugestores.pe\/?p=16740","og_site_name":"Red Peruana de Gestores de la Educaci\u00f3n","article_published_time":"2017-07-09T18:24:44+00:00","article_modified_time":"2017-07-14T16:29:26+00:00","og_image":[{"width":599,"height":250,"url":"https:\/\/www.edugestores.pe\/wp-content\/uploads\/2017\/07\/vera-educacion-9424.jpg","type":"image\/jpeg"}],"twitter_card":"summary_large_image","twitter_misc":{"Escrito por":"Administrador","Tiempo de lectura":"1 minuto"},"schema":{"@context":"https:\/\/schema.org","@graph":[{"@type":"WebSite","@id":"https:\/\/www.edugestores.pe\/#website","url":"https:\/\/www.edugestores.pe\/","name":"Red Peruana de Gestores de la Educaci\u00f3n","description":"Red Peruana de Gestores de la Educaci\u00f3n","potentialAction":[{"@type":"SearchAction","target":{"@type":"EntryPoint","urlTemplate":"https:\/\/www.edugestores.pe\/?s={search_term_string}"},"query-input":"required name=search_term_string"}],"inLanguage":"es"},{"@type":"ImageObject","@id":"https:\/\/www.edugestores.pe\/?p=16740#primaryimage","inLanguage":"es","url":"https:\/\/www.edugestores.pe\/wp-content\/uploads\/2017\/07\/vera-educacion-9424.jpg","contentUrl":"https:\/\/www.edugestores.pe\/wp-content\/uploads\/2017\/07\/vera-educacion-9424.jpg","width":599,"height":250},{"@type":"WebPage","@id":"https:\/\/www.edugestores.pe\/?p=16740#webpage","url":"https:\/\/www.edugestores.pe\/?p=16740","name":"Ayacucho: regiones dialogar\u00e1n sobre proyectos educativos y sobre pol\u00edticas en zonas rurales - Red Peruana de Gestores de la Educaci\u00f3n","isPartOf":{"@id":"https:\/\/www.edugestores.pe\/#website"},"primaryImageOfPage":{"@id":"https:\/\/www.edugestores.pe\/?p=16740#primaryimage"},"datePublished":"2017-07-09T18:24:44+00:00","dateModified":"2017-07-14T16:29:26+00:00","author":{"@id":"https:\/\/www.edugestores.pe\/#\/schema\/person\/30dc82f35f5853289037a64b35c7c7d3"},"breadcrumb":{"@id":"https:\/\/www.edugestores.pe\/?p=16740#breadcrumb"},"inLanguage":"es","potentialAction":[{"@type":"ReadAction","target":["https:\/\/www.edugestores.pe\/?p=16740"]}]},{"@type":"BreadcrumbList","@id":"https:\/\/www.edugestores.pe\/?p=16740#breadcrumb","itemListElement":[{"@type":"ListItem","position":1,"name":"Portada","item":"https:\/\/www.edugestores.pe\/"},{"@type":"ListItem","position":2,"name":"Ayacucho: regiones dialogar\u00e1n sobre proyectos educativos y sobre pol\u00edticas en zonas rurales"}]},{"@type":"Person","@id":"https:\/\/www.edugestores.pe\/#\/schema\/person\/30dc82f35f5853289037a64b35c7c7d3","name":"Administrador","image":{"@type":"ImageObject","@id":"https:\/\/www.edugestores.pe\/#personlogo","inLanguage":"es","url":"https:\/\/secure.gravatar.com\/avatar\/70960d1239c4d2c778bb3d2786a3c1ae?s=96&d=mm&r=g","contentUrl":"https:\/\/secure.gravatar.com\/avatar\/70960d1239c4d2c778bb3d2786a3c1ae?s=96&d=mm&r=g","caption":"Administrador"},"url":"https:\/\/www.edugestores.pe\/?author=63"}]}},"jetpack_featured_media_url":"https:\/\/www.edugestores.pe\/wp-content\/uploads\/2017\/07\/vera-educacion-9424.jpg","_links":{"self":[{"href":"https:\/\/www.edugestores.pe\/index.php?rest_route=\/wp\/v2\/posts\/16740"}],"collection":[{"href":"https:\/\/www.edugestores.pe\/index.php?rest_route=\/wp\/v2\/posts"}],"about":[{"href":"https:\/\/www.edugestores.pe\/index.php?rest_route=\/wp\/v2\/types\/post"}],"author":[{"embeddable":true,"href":"https:\/\/www.edugestores.pe\/index.php?rest_route=\/wp\/v2\/users\/63"}],"replies":[{"embeddable":true,"href":"https:\/\/www.edugestores.pe\/index.php?rest_route=%2Fwp%2Fv2%2Fcomments&post=16740"}],"version-history":[{"count":3,"href":"https:\/\/www.edugestores.pe\/index.php?rest_route=\/wp\/v2\/posts\/16740\/revisions"}],"predecessor-version":[{"id":16744,"href":"https:\/\/www.edugestores.pe\/index.php?rest_route=\/wp\/v2\/posts\/16740\/revisions\/16744"}],"wp:featuredmedia":[{"embeddable":true,"href":"https:\/\/www.edugestores.pe\/index.php?rest_route=\/wp\/v2\/media\/16741"}],"wp:attachment":[{"href":"https:\/\/www.edugestores.pe\/index.php?rest_route=%2Fwp%2Fv2%2Fmedia&parent=16740"}],"wp:term":[{"taxonomy":"category","embeddable":true,"href":"https:\/\/www.edugestores.pe\/index.php?rest_route=%2Fwp%2Fv2%2Fcategories&post=16740"},{"taxonomy":"post_tag","embeddable":true,"href":"https:\/\/www.edugestores.pe\/index.php?rest_route=%2Fwp%2Fv2%2Ftags&post=16740"}],"curies":[{"name":"wp","href":"https:\/\/api.w.org\/{rel}","templated":true}]}}