{"id":16750,"date":"2017-07-10T10:34:54","date_gmt":"2017-07-10T15:34:54","guid":{"rendered":"https:\/\/www.edugestores.pe\/?p=16750"},"modified":"2017-07-12T13:25:54","modified_gmt":"2017-07-12T18:25:54","slug":"es-viable-aumentar-los-sueldos-de-los-profesores-del-sector-publico","status":"publish","type":"post","link":"https:\/\/www.edugestores.pe\/?p=16750","title":{"rendered":"\u00bfEs viable aumentar los sueldos de los profesores del sector p\u00fablico?"},"content":{"rendered":"<p id=\"p440831-m267-2-268\" class=\"parrafo first-parrafo\" style=\"text-align: justify;\">La huelga de docentes en Cusco ya suma 23 d\u00edas y, el viernes, el Sindicato \u00danico de Trabajadores de Educaci\u00f3n del Per\u00fa (Sutep) anunci\u00f3 que el 13 de julio suspender\u00e1n las clases por 24 horas. Los docentes exigen al Gobierno elevar el piso salarial a S\/4.050, lo que representa casi el triple del sueldo m\u00ednimo en la escala de remuneraciones actual (S\/1.424). El Ministerio de Educaci\u00f3n ya ten\u00eda programado que el piso salarial suba de S\/1.781 y a S\/2.000 en mayo del pr\u00f3ximo a\u00f1o, como prometi\u00f3 el presidente Pedro Pablo Kuczynski durante la campa\u00f1a.<\/p>\n<p id=\"p440831-m277-3-278\" class=\"parrafo first-parrafo\" style=\"text-align: justify;\">Actualmente, el sueldo promedio de los 300 mil profesores del sector p\u00fablico se encuentra en alrededor de S\/1.800. Comparado con los sueldos \u2013en general\u2013 en el Per\u00fa, este monto se ubica en el cuadrante inferior (percentil 25). De llegarse a la meta \u2013que se fij\u00f3 en la gesti\u00f3n del entonces ministro Jaime Saavedra\u2013 de un sueldo promedio de S\/3.600 en el 2021, la remuneraci\u00f3n de los docentes se acercar\u00eda a la mediana (en la escala de los sueldos en el pa\u00eds), lo usual de acuerdo a la experiencia internacional.<\/p>\n<p id=\"p440831-m282-4-283\" class=\"parrafo first-parrafo\" style=\"text-align: justify;\">Para llegar a este objetivo, ser\u00eda necesario sumar al presupuesto estatal entre 1 y 2 puntos porcentuales del PBI adicionales al 3,8% que se destina actualmente al sector educaci\u00f3n, se\u00f1ala Hugo \u00d1opo, investigador principal del Grupo de An\u00e1lisis para el Desarrollo (Grade). \u201cEntonces, \u00bfa qu\u00e9 sector le quitar\u00edan recursos en el presupuesto para cumplir con las demandas actuales?\u201d, reflexiona el especialista.<\/p>\n<p id=\"p440831-m287-5-288\" class=\"parrafo first-parrafo\" style=\"text-align: justify;\">\u00d1opo subraya que los incrementos de sueldo a los profesores deben, necesariamente, estar asociados a resultados de evaluaci\u00f3n para resguardar la meritocracia en la carrera docente.<\/p>\n<p class=\"parrafo first-parrafo\" style=\"text-align: justify;\"><strong>Entre la espada y la pared.<\/strong> Este pedido del sector educaci\u00f3n, como lo es tambi\u00e9n en el sector m\u00e9dico, no es menor,\u00a0sobre todo frente a la d\u00e9bil situaci\u00f3n fiscal actual en la que se encuentra el pa\u00eds. Y es que no solo se ha desacelerado la econom\u00eda (que de acuerdo al consenso crecer\u00eda entre 2% y 2,5% este a\u00f1o), sino que esto ha venido acompa\u00f1ado por una fuerte ca\u00edda en los ingresos del Estado medidos como porcentaje del PBI.<\/p>\n<p id=\"p440831-m317-11-318\" class=\"parrafo first-parrafo\" style=\"text-align: justify;\">Esta tendencia se debe a la desaceleraci\u00f3n de la econom\u00eda en el PBI no primario, el menor precio de los commodities que exportamos y el costo fiscal permanente de la reforma tributaria que ha puesto en marcha el gobierno, detalla el economista y ex jefe de la Sunat Luis Alberto Arias.<\/p>\n<p id=\"p440831-m322-12-323\" class=\"parrafo first-parrafo\" style=\"text-align: justify;\">El especialista sostiene que, para revertir la menor presi\u00f3n fiscal, ser\u00eda necesario lograr un consenso pol\u00edtico para revisar las exoneraciones de impuestos y eliminar el nuevo r\u00e9gimen mype tributario. \u201cPero hay que tomar en cuenta que la ca\u00edda de los ingresos es mucho m\u00e1s r\u00e1pida que su recuperaci\u00f3n\u201d, enfatiza Arias.<\/p>\n<p id=\"p440831-m327-13-328\" class=\"parrafo first-parrafo\" style=\"text-align: justify;\">En este contexto, el escenario para un incremento en el gasto corriente (remuneraciones y gastos administrativos) del sector p\u00fablico resulta aun m\u00e1s sombr\u00edo cuando se toman en cuenta las reglas de gasto que propuso el MEF el a\u00f1o pasado, en las que se prev\u00e9 que el gasto corriente crezca menos y se reduzca como porcentaje del PBI y, por el contrario, que el gasto de capital (inversi\u00f3n p\u00fablica) crezca. Tambi\u00e9n, es importante destacar que solo la ley que iguala las pensiones de las Fuerzas Armadas y la Polic\u00eda Nacional del Per\u00fa con personal en actividad (aprobada por el Congreso y observada por el Ejecutivo) representa 15% de lo que podr\u00eda crecer el gasto corriente seg\u00fan la regla.<\/p>\n<p id=\"p440831-m332-14-333\" class=\"parrafo first-parrafo\" style=\"text-align: justify;\">Pero el incremento de remuneraciones tambi\u00e9n pondr\u00eda en jaque la situaci\u00f3n fiscal dado que incrementa la rigidez del presupuesto p\u00fablico, advierte Carlos Montoro, director de Estudios Macrofiscales del Consejo Fiscal. Seg\u00fan el \u00faltimo reporte de dicha instituci\u00f3n, el aumento de gasto menos flexible en el presupuesto, que en el \u00faltimo quinquenio ha representado casi tres cuartos de todo el gasto corriente, podr\u00eda poner en riesgo las metas de d\u00e9ficit trazadas por el MEF.<\/p>\n<p class=\"parrafo first-parrafo\" style=\"text-align: justify;\">Fuente: El Comercio. Foto: Correo.<\/p>\n","protected":false},"excerpt":{"rendered":"<p>La huelga de docentes en Cusco ya suma 23 d\u00edas y, el viernes, el Sindicato \u00danico de Trabajadores de Educaci\u00f3n [&hellip;]<\/p>\n","protected":false},"author":63,"featured_media":16751,"comment_status":"open","ping_status":"open","sticky":false,"template":"","format":"standard","meta":{"spay_email":""},"categories":[125],"tags":[],"yoast_head":"<!-- This site is optimized with the Yoast SEO plugin v18.0 - https:\/\/yoast.com\/wordpress\/plugins\/seo\/ -->\n<title>\u00bfEs viable aumentar los sueldos de los profesores del sector p\u00fablico? - Red Peruana de Gestores de la Educaci\u00f3n<\/title>\n<meta name=\"robots\" content=\"index, follow, max-snippet:-1, max-image-preview:large, max-video-preview:-1\" \/>\n<link rel=\"canonical\" href=\"https:\/\/www.edugestores.pe\/?p=16750\" \/>\n<meta property=\"og:locale\" content=\"es_ES\" \/>\n<meta property=\"og:type\" content=\"article\" \/>\n<meta property=\"og:title\" content=\"\u00bfEs viable aumentar los sueldos de los profesores del sector p\u00fablico? - Red Peruana de Gestores de la Educaci\u00f3n\" \/>\n<meta property=\"og:description\" content=\"La huelga de docentes en Cusco ya suma 23 d\u00edas y, el viernes, el Sindicato \u00danico de Trabajadores de Educaci\u00f3n [&hellip;]\" \/>\n<meta property=\"og:url\" content=\"https:\/\/www.edugestores.pe\/?p=16750\" \/>\n<meta property=\"og:site_name\" content=\"Red Peruana de Gestores de la Educaci\u00f3n\" \/>\n<meta property=\"article:published_time\" content=\"2017-07-10T15:34:54+00:00\" \/>\n<meta property=\"article:modified_time\" content=\"2017-07-12T18:25:54+00:00\" \/>\n<meta property=\"og:image\" content=\"https:\/\/www.edugestores.pe\/wp-content\/uploads\/2017\/07\/p22n2_marcha_sutep_-_la_republica.jpg\" \/>\n\t<meta property=\"og:image:width\" content=\"620\" \/>\n\t<meta property=\"og:image:height\" content=\"369\" \/>\n\t<meta property=\"og:image:type\" content=\"image\/jpeg\" \/>\n<meta name=\"twitter:card\" content=\"summary_large_image\" \/>\n<meta name=\"twitter:label1\" content=\"Escrito por\" \/>\n\t<meta name=\"twitter:data1\" content=\"Administrador\" \/>\n\t<meta name=\"twitter:label2\" content=\"Tiempo de lectura\" \/>\n\t<meta name=\"twitter:data2\" content=\"3 minutos\" \/>\n<script type=\"application\/ld+json\" class=\"yoast-schema-graph\">{\"@context\":\"https:\/\/schema.org\",\"@graph\":[{\"@type\":\"WebSite\",\"@id\":\"https:\/\/www.edugestores.pe\/#website\",\"url\":\"https:\/\/www.edugestores.pe\/\",\"name\":\"Red Peruana de Gestores de la Educaci\u00f3n\",\"description\":\"Red Peruana de Gestores de la Educaci\u00f3n\",\"potentialAction\":[{\"@type\":\"SearchAction\",\"target\":{\"@type\":\"EntryPoint\",\"urlTemplate\":\"https:\/\/www.edugestores.pe\/?s={search_term_string}\"},\"query-input\":\"required name=search_term_string\"}],\"inLanguage\":\"es\"},{\"@type\":\"ImageObject\",\"@id\":\"https:\/\/www.edugestores.pe\/?p=16750#primaryimage\",\"inLanguage\":\"es\",\"url\":\"https:\/\/www.edugestores.pe\/wp-content\/uploads\/2017\/07\/p22n2_marcha_sutep_-_la_republica.jpg\",\"contentUrl\":\"https:\/\/www.edugestores.pe\/wp-content\/uploads\/2017\/07\/p22n2_marcha_sutep_-_la_republica.jpg\",\"width\":620,\"height\":369},{\"@type\":\"WebPage\",\"@id\":\"https:\/\/www.edugestores.pe\/?p=16750#webpage\",\"url\":\"https:\/\/www.edugestores.pe\/?p=16750\",\"name\":\"\u00bfEs viable aumentar los sueldos de los profesores del sector p\u00fablico? - Red Peruana de Gestores de la Educaci\u00f3n\",\"isPartOf\":{\"@id\":\"https:\/\/www.edugestores.pe\/#website\"},\"primaryImageOfPage\":{\"@id\":\"https:\/\/www.edugestores.pe\/?p=16750#primaryimage\"},\"datePublished\":\"2017-07-10T15:34:54+00:00\",\"dateModified\":\"2017-07-12T18:25:54+00:00\",\"author\":{\"@id\":\"https:\/\/www.edugestores.pe\/#\/schema\/person\/30dc82f35f5853289037a64b35c7c7d3\"},\"breadcrumb\":{\"@id\":\"https:\/\/www.edugestores.pe\/?p=16750#breadcrumb\"},\"inLanguage\":\"es\",\"potentialAction\":[{\"@type\":\"ReadAction\",\"target\":[\"https:\/\/www.edugestores.pe\/?p=16750\"]}]},{\"@type\":\"BreadcrumbList\",\"@id\":\"https:\/\/www.edugestores.pe\/?p=16750#breadcrumb\",\"itemListElement\":[{\"@type\":\"ListItem\",\"position\":1,\"name\":\"Portada\",\"item\":\"https:\/\/www.edugestores.pe\/\"},{\"@type\":\"ListItem\",\"position\":2,\"name\":\"\u00bfEs viable aumentar los sueldos de los profesores del sector p\u00fablico?\"}]},{\"@type\":\"Person\",\"@id\":\"https:\/\/www.edugestores.pe\/#\/schema\/person\/30dc82f35f5853289037a64b35c7c7d3\",\"name\":\"Administrador\",\"image\":{\"@type\":\"ImageObject\",\"@id\":\"https:\/\/www.edugestores.pe\/#personlogo\",\"inLanguage\":\"es\",\"url\":\"https:\/\/secure.gravatar.com\/avatar\/70960d1239c4d2c778bb3d2786a3c1ae?s=96&d=mm&r=g\",\"contentUrl\":\"https:\/\/secure.gravatar.com\/avatar\/70960d1239c4d2c778bb3d2786a3c1ae?s=96&d=mm&r=g\",\"caption\":\"Administrador\"},\"url\":\"https:\/\/www.edugestores.pe\/?author=63\"}]}<\/script>\n<!-- \/ Yoast SEO plugin. -->","yoast_head_json":{"title":"\u00bfEs viable aumentar los sueldos de los profesores del sector p\u00fablico? - Red Peruana de Gestores de la Educaci\u00f3n","robots":{"index":"index","follow":"follow","max-snippet":"max-snippet:-1","max-image-preview":"max-image-preview:large","max-video-preview":"max-video-preview:-1"},"canonical":"https:\/\/www.edugestores.pe\/?p=16750","og_locale":"es_ES","og_type":"article","og_title":"\u00bfEs viable aumentar los sueldos de los profesores del sector p\u00fablico? - Red Peruana de Gestores de la Educaci\u00f3n","og_description":"La huelga de docentes en Cusco ya suma 23 d\u00edas y, el viernes, el Sindicato \u00danico de Trabajadores de Educaci\u00f3n [&hellip;]","og_url":"https:\/\/www.edugestores.pe\/?p=16750","og_site_name":"Red Peruana de Gestores de la Educaci\u00f3n","article_published_time":"2017-07-10T15:34:54+00:00","article_modified_time":"2017-07-12T18:25:54+00:00","og_image":[{"width":620,"height":369,"url":"https:\/\/www.edugestores.pe\/wp-content\/uploads\/2017\/07\/p22n2_marcha_sutep_-_la_republica.jpg","type":"image\/jpeg"}],"twitter_card":"summary_large_image","twitter_misc":{"Escrito por":"Administrador","Tiempo de lectura":"3 minutos"},"schema":{"@context":"https:\/\/schema.org","@graph":[{"@type":"WebSite","@id":"https:\/\/www.edugestores.pe\/#website","url":"https:\/\/www.edugestores.pe\/","name":"Red Peruana de Gestores de la Educaci\u00f3n","description":"Red Peruana de Gestores de la Educaci\u00f3n","potentialAction":[{"@type":"SearchAction","target":{"@type":"EntryPoint","urlTemplate":"https:\/\/www.edugestores.pe\/?s={search_term_string}"},"query-input":"required name=search_term_string"}],"inLanguage":"es"},{"@type":"ImageObject","@id":"https:\/\/www.edugestores.pe\/?p=16750#primaryimage","inLanguage":"es","url":"https:\/\/www.edugestores.pe\/wp-content\/uploads\/2017\/07\/p22n2_marcha_sutep_-_la_republica.jpg","contentUrl":"https:\/\/www.edugestores.pe\/wp-content\/uploads\/2017\/07\/p22n2_marcha_sutep_-_la_republica.jpg","width":620,"height":369},{"@type":"WebPage","@id":"https:\/\/www.edugestores.pe\/?p=16750#webpage","url":"https:\/\/www.edugestores.pe\/?p=16750","name":"\u00bfEs viable aumentar los sueldos de los profesores del sector p\u00fablico? - Red Peruana de Gestores de la Educaci\u00f3n","isPartOf":{"@id":"https:\/\/www.edugestores.pe\/#website"},"primaryImageOfPage":{"@id":"https:\/\/www.edugestores.pe\/?p=16750#primaryimage"},"datePublished":"2017-07-10T15:34:54+00:00","dateModified":"2017-07-12T18:25:54+00:00","author":{"@id":"https:\/\/www.edugestores.pe\/#\/schema\/person\/30dc82f35f5853289037a64b35c7c7d3"},"breadcrumb":{"@id":"https:\/\/www.edugestores.pe\/?p=16750#breadcrumb"},"inLanguage":"es","potentialAction":[{"@type":"ReadAction","target":["https:\/\/www.edugestores.pe\/?p=16750"]}]},{"@type":"BreadcrumbList","@id":"https:\/\/www.edugestores.pe\/?p=16750#breadcrumb","itemListElement":[{"@type":"ListItem","position":1,"name":"Portada","item":"https:\/\/www.edugestores.pe\/"},{"@type":"ListItem","position":2,"name":"\u00bfEs viable aumentar los sueldos de los profesores del sector p\u00fablico?"}]},{"@type":"Person","@id":"https:\/\/www.edugestores.pe\/#\/schema\/person\/30dc82f35f5853289037a64b35c7c7d3","name":"Administrador","image":{"@type":"ImageObject","@id":"https:\/\/www.edugestores.pe\/#personlogo","inLanguage":"es","url":"https:\/\/secure.gravatar.com\/avatar\/70960d1239c4d2c778bb3d2786a3c1ae?s=96&d=mm&r=g","contentUrl":"https:\/\/secure.gravatar.com\/avatar\/70960d1239c4d2c778bb3d2786a3c1ae?s=96&d=mm&r=g","caption":"Administrador"},"url":"https:\/\/www.edugestores.pe\/?author=63"}]}},"jetpack_featured_media_url":"https:\/\/www.edugestores.pe\/wp-content\/uploads\/2017\/07\/p22n2_marcha_sutep_-_la_republica.jpg","_links":{"self":[{"href":"https:\/\/www.edugestores.pe\/index.php?rest_route=\/wp\/v2\/posts\/16750"}],"collection":[{"href":"https:\/\/www.edugestores.pe\/index.php?rest_route=\/wp\/v2\/posts"}],"about":[{"href":"https:\/\/www.edugestores.pe\/index.php?rest_route=\/wp\/v2\/types\/post"}],"author":[{"embeddable":true,"href":"https:\/\/www.edugestores.pe\/index.php?rest_route=\/wp\/v2\/users\/63"}],"replies":[{"embeddable":true,"href":"https:\/\/www.edugestores.pe\/index.php?rest_route=%2Fwp%2Fv2%2Fcomments&post=16750"}],"version-history":[{"count":2,"href":"https:\/\/www.edugestores.pe\/index.php?rest_route=\/wp\/v2\/posts\/16750\/revisions"}],"predecessor-version":[{"id":16753,"href":"https:\/\/www.edugestores.pe\/index.php?rest_route=\/wp\/v2\/posts\/16750\/revisions\/16753"}],"wp:featuredmedia":[{"embeddable":true,"href":"https:\/\/www.edugestores.pe\/index.php?rest_route=\/wp\/v2\/media\/16751"}],"wp:attachment":[{"href":"https:\/\/www.edugestores.pe\/index.php?rest_route=%2Fwp%2Fv2%2Fmedia&parent=16750"}],"wp:term":[{"taxonomy":"category","embeddable":true,"href":"https:\/\/www.edugestores.pe\/index.php?rest_route=%2Fwp%2Fv2%2Fcategories&post=16750"},{"taxonomy":"post_tag","embeddable":true,"href":"https:\/\/www.edugestores.pe\/index.php?rest_route=%2Fwp%2Fv2%2Ftags&post=16750"}],"curies":[{"name":"wp","href":"https:\/\/api.w.org\/{rel}","templated":true}]}}