{"id":16778,"date":"2017-07-11T20:35:46","date_gmt":"2017-07-12T01:35:46","guid":{"rendered":"https:\/\/www.edugestores.pe\/?p=16778"},"modified":"2017-07-19T15:05:19","modified_gmt":"2017-07-19T20:05:19","slug":"educacion-rural-como-eje-en-segundo-dia-de-taller-interregional-organizado-por-el-cne","status":"publish","type":"post","link":"https:\/\/www.edugestores.pe\/?p=16778","title":{"rendered":"Educaci\u00f3n rural como eje en segundo d\u00eda de taller interregional organizado por el CNE"},"content":{"rendered":"<p style=\"text-align: justify;\">El segundo d\u00eda de exposiciones del \u00a0Taller Interregional \u201cProyectos Educativos Regionales y Educaci\u00f3n Rural\u201d, se concentr\u00f3 en mostrar la problem\u00e1tica y algunas experiencias exitosas en la mejora de la educaci\u00f3n en el \u00e1mbito rural. La mesa se inici\u00f3 con exposiciones Amazonas, Ucayali y Lima.<\/p>\n<p style=\"text-align: justify;\">El director regional de Amazonas, Edgar Julca, expuso sobre la experiencia de atenci\u00f3n de ni\u00f1os de 0 a 5 a\u00f1os en zona dispersa en la provincia de Condorcanqui, en Imaza, territorio de los pueblos awajun y wampis. Indic\u00f3 que el proceso de ampliaci\u00f3n de cobertura se hizo a partir de un estudio de oferta y demanda.\u00a0Cuando la edad de los\u00a0ni\u00f1os es menor a 5 a\u00f1os y no son m\u00e1s de siste ni\u00f1os matriculados se implementa la estrategia de un programa no escolarizado de entorno familiar , con\u00a0promotoras comunitarias, que\u00a0est\u00e1n siendo formadas como profesoras mediante un programa de formaci\u00f3n profesional EIB.\u00a0Se ha atendido a 230 ni\u00f1os de 12 comunidades. Se trata tambi\u00e9n de una estrategia de acompa\u00f1amiento a la familia y una vez por semana los ni\u00f1os y pap\u00e1s acuden a un local donde trabajan con una docente.<\/p>\n<p style=\"text-align: justify;\">La directora de educaci\u00f3n de Ucayali,\u00a0Angela Rodriguez, present\u00f3 la experiencia de escuelas integrales de primaria en EIB en\u00a0Ucayali. Indic\u00f3 que esto implica la visi\u00f3n de una escuela integral: inclusion, g\u00e9nero, aprendizajes, salud, nutrici\u00f3n, protecci\u00f3n y participaci\u00f3n, propuesta pedag\u00f3gica EIB con soporte de equipo multisectorial. Indic\u00f3 que se han organizado redes educativas y se ha fimado acuerdos con la comunidad. Inform\u00f3 tambi\u00e9n que se hacen estrategias productivas como el repoblamiento de\u00a0las tortugas taricaya desde las escuelas y con el impulso de docentes y estudiantes.<\/p>\n<p style=\"text-align: justify;\">Sobre la asistencia a clases, Rodr\u00edguez se\u00f1al\u00f3 que la comunidad hace un trabajo de vigilancia para detectar cu\u00e1ndo y porqu\u00e9 un estudiante no asiste a clases. Agreg\u00f3 que una parte importante del curr\u00edculo est\u00e1 en temas de salud desarrollando h\u00e1bitos de higiene, uso de ba\u00f1os ecol\u00f3gicos diferenciados para ni\u00f1os y ni\u00f1as. Y hay un acompa\u00f1amiento comunitario que hace que madres, padres, l\u00edderes comunales participen en la ense\u00f1anza a los estudiantes. Finaliz\u00f3 a\u00f1adiendo que es un reto que el enfoque de escuela integral se incorpore al acompa\u00f1amiento pedag\u00f3gico y a la formaci\u00f3n en servicio para atenuar los problemas de la rotaci\u00f3n de profesores.<\/p>\n<p style=\"text-align: justify;\">La especialista docente Irma Mari\u00f1o cont\u00f3 sobre la experiencia de redes rurales de Fe y Alegr\u00eda, donde se ha incorporando el trabajo productivo, mejorando aprendizajes en la Evaluaci\u00f3n Censal de Estudiantes. Estas redes\u00a0tienen cinco l\u00edneas de trabajo, tr\u00e8s procesos y tres ejes transversales.<\/p>\n<p style=\"text-align: justify;\">Luego en la jornada de trabajo, el consejero, Mart\u00edn Vegas, present\u00f3 un planteamiento del Consejo Nacional de Educaci\u00f3n, de diez puntos, sobre la mejora de la pol\u00edtica de educaci\u00f3n rural:<br \/>\n1. La pol\u00edtica debe tener un enfoque de cierre de brechas, con una atenci\u00f3n prioritaria a las \u00e1reas m\u00e1s rurales.<br \/>\n2. La finalidad de la educaci\u00f3n rural es que los estudiantes se desarrollen integralmente y puedan optar por quedarse en su \u00e1mbito o migrar.<br \/>\n3. Atender aspectos b\u00e1sicos de condiciones, no negociables. All\u00ed es inadmisible tener escuelas unidocentes.<br \/>\n4. Adecuar diferentes servicios a la diversidad de los contextos. Considerar veinte d\u00edas seguidos de trabajo por diez de descanso.<br \/>\n5. La propuesta pedag\u00f3gica debe vincularse a la cultura, a las din\u00e1micas socio culturales y lograr el desarrollo de competencias.<br \/>\n6. La gesti\u00f3n de la escuela no debe desvincular lo pedag\u00f3gico de lo institucional. El trabajo en redes debe potenciar el\u00a0interaprendizaje y mejora educativa.<br \/>\n7. Los roles de los gobiernos regionales, las DRE y UGEL son claves: hay que dimensionar necesidades para hacer que cumplan un rol de apoyo efectivo.<br \/>\n8. Plantear mecanismos de atracci\u00f3n a docentes a \u00e1reas rurales. Necesitamos que los maestros permanezcan y no vayan solo por un a\u00f1o.<br \/>\n9. Hacer expl\u00edcito en la pol\u00edtica de educaci\u00f3n rural el enfoque de desarrollo humano, de igualdad de g\u00e9nero, de inclusi\u00f3n e interculturalidad.<br \/>\n10. Recuperar las lecciones aprendidas de lo que funcion\u00f3 o no para no partir de cero. #Educaci\u00f3nRural<\/p>\n<p style=\"text-align: justify;\">Por la tarde, Elena Burga, directora general\u00a0Educaci\u00f3n B\u00e1sica Alternativa, Intercultural Biling\u00fce y de Servicios Educativos en el \u00c1mbito Rural del Ministerio de Educaci\u00f3n, present\u00f3 avances de la propuesta de educaci\u00f3n rural, que tiene como finalidad el desarrollo de ni\u00f1os, ni\u00f1as, adolescentes y j\u00f3venes, quienes fortalecen su identidad y desarrollan su competencia, de modo y pertinente.<\/p>\n<p style=\"text-align: justify;\">El taller fue organizado por el Consejo Nacional de Educaci\u00f3n (CNE) y coorganizado por el Sistema Nacional de Educaci\u00f3n, Acreditaci\u00f3n y Certificaci\u00f3n de la Calidad Educativa (Sineace) y UNICEF.<\/p>\n<p style=\"text-align: justify;\">De esta segunda jornada compartimos los siguientes ppt de tres exposiciones, y accesible para los usuarios registrados en Edugestores. Si a\u00fan no eres parte de Edugestores inscr\u00edbete en nuestra plataforma edugestores.pe:<\/p>\n<p>&#8211;<a href=\"https:\/\/www.edugestores.pe\/docs\/politica-de-atencion-educativa-para-poblacion-del-ambito-rural-exposicion-de-elena-burga\/\">Pol\u00edtica de atenci\u00f3n educativa para poblaci\u00f3n del \u00e1mbito rural.<\/a> Exposici\u00f3n de Elena Burga, directora general\u00a0Digeibira del Minedu.<\/p>\n<p>&#8211;<a href=\"https:\/\/www.edugestores.pe\/docs\/redes-educativas-rurales-exposicion-de-irma-marino-de-fe-y-alegria\/\">Redes Educativas Rurales. Exposici\u00f3n de Irma Mari\u00f1o <\/a>de Fe y Alegr\u00eda.<\/p>\n<p>&#8211;<a href=\"https:\/\/www.edugestores.pe\/docs\/consideraciones-a-la-elaboracion-de-los-lineamientos-de-la-politica-de-atencion-educativa-para-la-poblacion-del-ambito-rural-del-minedu-exposicion-del-consejero-martin-vegas\/\">Consideraciones a la elaboraci\u00f3n de los Lineamientos de la Pol\u00edtica de Atenci\u00f3n Educativa para la Poblaci\u00f3n del \u00c1mbito Rural del Minedu<\/a>. Exposici\u00f3n del consejero Mart\u00edn Vegas, de la\u00a0Comisi\u00f3n de Gesti\u00f3n Descentralizada y Equidad del CNE.<\/p>\n","protected":false},"excerpt":{"rendered":"<p>El segundo d\u00eda de exposiciones del \u00a0Taller Interregional \u201cProyectos Educativos Regionales y Educaci\u00f3n Rural\u201d, se concentr\u00f3 en mostrar la problem\u00e1tica [&hellip;]<\/p>\n","protected":false},"author":63,"featured_media":16787,"comment_status":"open","ping_status":"open","sticky":false,"template":"","format":"standard","meta":{"spay_email":""},"categories":[125],"tags":[],"yoast_head":"<!-- This site is optimized with the Yoast SEO plugin v18.0 - https:\/\/yoast.com\/wordpress\/plugins\/seo\/ -->\n<title>Educaci\u00f3n rural como eje en segundo d\u00eda de taller interregional organizado por el CNE - Red Peruana de Gestores de la Educaci\u00f3n<\/title>\n<meta name=\"robots\" content=\"index, follow, max-snippet:-1, max-image-preview:large, max-video-preview:-1\" \/>\n<link rel=\"canonical\" href=\"https:\/\/www.edugestores.pe\/?p=16778\" \/>\n<meta property=\"og:locale\" content=\"es_ES\" \/>\n<meta property=\"og:type\" content=\"article\" \/>\n<meta property=\"og:title\" content=\"Educaci\u00f3n rural como eje en segundo d\u00eda de taller interregional organizado por el CNE - Red Peruana de Gestores de la Educaci\u00f3n\" \/>\n<meta property=\"og:description\" content=\"El segundo d\u00eda de exposiciones del \u00a0Taller Interregional \u201cProyectos Educativos Regionales y Educaci\u00f3n Rural\u201d, se concentr\u00f3 en mostrar la problem\u00e1tica [&hellip;]\" \/>\n<meta property=\"og:url\" content=\"https:\/\/www.edugestores.pe\/?p=16778\" \/>\n<meta property=\"og:site_name\" content=\"Red Peruana de Gestores de la Educaci\u00f3n\" \/>\n<meta property=\"article:published_time\" content=\"2017-07-12T01:35:46+00:00\" \/>\n<meta property=\"article:modified_time\" content=\"2017-07-19T20:05:19+00:00\" \/>\n<meta property=\"og:image\" content=\"https:\/\/www.edugestores.pe\/wp-content\/uploads\/2017\/07\/WhatsApp-Image-2017-07-11-at-10.08.00-AM.jpeg\" \/>\n\t<meta property=\"og:image:width\" content=\"719\" \/>\n\t<meta property=\"og:image:height\" content=\"427\" \/>\n\t<meta property=\"og:image:type\" content=\"image\/jpeg\" \/>\n<meta name=\"twitter:card\" content=\"summary_large_image\" \/>\n<meta name=\"twitter:label1\" content=\"Escrito por\" \/>\n\t<meta name=\"twitter:data1\" content=\"Administrador\" \/>\n\t<meta name=\"twitter:label2\" content=\"Tiempo de lectura\" \/>\n\t<meta name=\"twitter:data2\" content=\"5 minutos\" \/>\n<script type=\"application\/ld+json\" class=\"yoast-schema-graph\">{\"@context\":\"https:\/\/schema.org\",\"@graph\":[{\"@type\":\"WebSite\",\"@id\":\"https:\/\/www.edugestores.pe\/#website\",\"url\":\"https:\/\/www.edugestores.pe\/\",\"name\":\"Red Peruana de Gestores de la Educaci\u00f3n\",\"description\":\"Red Peruana de Gestores de la Educaci\u00f3n\",\"potentialAction\":[{\"@type\":\"SearchAction\",\"target\":{\"@type\":\"EntryPoint\",\"urlTemplate\":\"https:\/\/www.edugestores.pe\/?s={search_term_string}\"},\"query-input\":\"required name=search_term_string\"}],\"inLanguage\":\"es\"},{\"@type\":\"ImageObject\",\"@id\":\"https:\/\/www.edugestores.pe\/?p=16778#primaryimage\",\"inLanguage\":\"es\",\"url\":\"https:\/\/www.edugestores.pe\/wp-content\/uploads\/2017\/07\/WhatsApp-Image-2017-07-11-at-10.08.00-AM.jpeg\",\"contentUrl\":\"https:\/\/www.edugestores.pe\/wp-content\/uploads\/2017\/07\/WhatsApp-Image-2017-07-11-at-10.08.00-AM.jpeg\",\"width\":719,\"height\":427},{\"@type\":\"WebPage\",\"@id\":\"https:\/\/www.edugestores.pe\/?p=16778#webpage\",\"url\":\"https:\/\/www.edugestores.pe\/?p=16778\",\"name\":\"Educaci\u00f3n rural como eje en segundo d\u00eda de taller interregional organizado por el CNE - Red Peruana de Gestores de la Educaci\u00f3n\",\"isPartOf\":{\"@id\":\"https:\/\/www.edugestores.pe\/#website\"},\"primaryImageOfPage\":{\"@id\":\"https:\/\/www.edugestores.pe\/?p=16778#primaryimage\"},\"datePublished\":\"2017-07-12T01:35:46+00:00\",\"dateModified\":\"2017-07-19T20:05:19+00:00\",\"author\":{\"@id\":\"https:\/\/www.edugestores.pe\/#\/schema\/person\/30dc82f35f5853289037a64b35c7c7d3\"},\"breadcrumb\":{\"@id\":\"https:\/\/www.edugestores.pe\/?p=16778#breadcrumb\"},\"inLanguage\":\"es\",\"potentialAction\":[{\"@type\":\"ReadAction\",\"target\":[\"https:\/\/www.edugestores.pe\/?p=16778\"]}]},{\"@type\":\"BreadcrumbList\",\"@id\":\"https:\/\/www.edugestores.pe\/?p=16778#breadcrumb\",\"itemListElement\":[{\"@type\":\"ListItem\",\"position\":1,\"name\":\"Portada\",\"item\":\"https:\/\/www.edugestores.pe\/\"},{\"@type\":\"ListItem\",\"position\":2,\"name\":\"Educaci\u00f3n rural como eje en segundo d\u00eda de taller interregional organizado por el CNE\"}]},{\"@type\":\"Person\",\"@id\":\"https:\/\/www.edugestores.pe\/#\/schema\/person\/30dc82f35f5853289037a64b35c7c7d3\",\"name\":\"Administrador\",\"image\":{\"@type\":\"ImageObject\",\"@id\":\"https:\/\/www.edugestores.pe\/#personlogo\",\"inLanguage\":\"es\",\"url\":\"https:\/\/secure.gravatar.com\/avatar\/70960d1239c4d2c778bb3d2786a3c1ae?s=96&d=mm&r=g\",\"contentUrl\":\"https:\/\/secure.gravatar.com\/avatar\/70960d1239c4d2c778bb3d2786a3c1ae?s=96&d=mm&r=g\",\"caption\":\"Administrador\"},\"url\":\"https:\/\/www.edugestores.pe\/?author=63\"}]}<\/script>\n<!-- \/ Yoast SEO plugin. -->","yoast_head_json":{"title":"Educaci\u00f3n rural como eje en segundo d\u00eda de taller interregional organizado por el CNE - Red Peruana de Gestores de la Educaci\u00f3n","robots":{"index":"index","follow":"follow","max-snippet":"max-snippet:-1","max-image-preview":"max-image-preview:large","max-video-preview":"max-video-preview:-1"},"canonical":"https:\/\/www.edugestores.pe\/?p=16778","og_locale":"es_ES","og_type":"article","og_title":"Educaci\u00f3n rural como eje en segundo d\u00eda de taller interregional organizado por el CNE - Red Peruana de Gestores de la Educaci\u00f3n","og_description":"El segundo d\u00eda de exposiciones del \u00a0Taller Interregional \u201cProyectos Educativos Regionales y Educaci\u00f3n Rural\u201d, se concentr\u00f3 en mostrar la problem\u00e1tica [&hellip;]","og_url":"https:\/\/www.edugestores.pe\/?p=16778","og_site_name":"Red Peruana de Gestores de la Educaci\u00f3n","article_published_time":"2017-07-12T01:35:46+00:00","article_modified_time":"2017-07-19T20:05:19+00:00","og_image":[{"width":719,"height":427,"url":"https:\/\/www.edugestores.pe\/wp-content\/uploads\/2017\/07\/WhatsApp-Image-2017-07-11-at-10.08.00-AM.jpeg","type":"image\/jpeg"}],"twitter_card":"summary_large_image","twitter_misc":{"Escrito por":"Administrador","Tiempo de lectura":"5 minutos"},"schema":{"@context":"https:\/\/schema.org","@graph":[{"@type":"WebSite","@id":"https:\/\/www.edugestores.pe\/#website","url":"https:\/\/www.edugestores.pe\/","name":"Red Peruana de Gestores de la Educaci\u00f3n","description":"Red Peruana de Gestores de la Educaci\u00f3n","potentialAction":[{"@type":"SearchAction","target":{"@type":"EntryPoint","urlTemplate":"https:\/\/www.edugestores.pe\/?s={search_term_string}"},"query-input":"required name=search_term_string"}],"inLanguage":"es"},{"@type":"ImageObject","@id":"https:\/\/www.edugestores.pe\/?p=16778#primaryimage","inLanguage":"es","url":"https:\/\/www.edugestores.pe\/wp-content\/uploads\/2017\/07\/WhatsApp-Image-2017-07-11-at-10.08.00-AM.jpeg","contentUrl":"https:\/\/www.edugestores.pe\/wp-content\/uploads\/2017\/07\/WhatsApp-Image-2017-07-11-at-10.08.00-AM.jpeg","width":719,"height":427},{"@type":"WebPage","@id":"https:\/\/www.edugestores.pe\/?p=16778#webpage","url":"https:\/\/www.edugestores.pe\/?p=16778","name":"Educaci\u00f3n rural como eje en segundo d\u00eda de taller interregional organizado por el CNE - Red Peruana de Gestores de la Educaci\u00f3n","isPartOf":{"@id":"https:\/\/www.edugestores.pe\/#website"},"primaryImageOfPage":{"@id":"https:\/\/www.edugestores.pe\/?p=16778#primaryimage"},"datePublished":"2017-07-12T01:35:46+00:00","dateModified":"2017-07-19T20:05:19+00:00","author":{"@id":"https:\/\/www.edugestores.pe\/#\/schema\/person\/30dc82f35f5853289037a64b35c7c7d3"},"breadcrumb":{"@id":"https:\/\/www.edugestores.pe\/?p=16778#breadcrumb"},"inLanguage":"es","potentialAction":[{"@type":"ReadAction","target":["https:\/\/www.edugestores.pe\/?p=16778"]}]},{"@type":"BreadcrumbList","@id":"https:\/\/www.edugestores.pe\/?p=16778#breadcrumb","itemListElement":[{"@type":"ListItem","position":1,"name":"Portada","item":"https:\/\/www.edugestores.pe\/"},{"@type":"ListItem","position":2,"name":"Educaci\u00f3n rural como eje en segundo d\u00eda de taller interregional organizado por el CNE"}]},{"@type":"Person","@id":"https:\/\/www.edugestores.pe\/#\/schema\/person\/30dc82f35f5853289037a64b35c7c7d3","name":"Administrador","image":{"@type":"ImageObject","@id":"https:\/\/www.edugestores.pe\/#personlogo","inLanguage":"es","url":"https:\/\/secure.gravatar.com\/avatar\/70960d1239c4d2c778bb3d2786a3c1ae?s=96&d=mm&r=g","contentUrl":"https:\/\/secure.gravatar.com\/avatar\/70960d1239c4d2c778bb3d2786a3c1ae?s=96&d=mm&r=g","caption":"Administrador"},"url":"https:\/\/www.edugestores.pe\/?author=63"}]}},"jetpack_featured_media_url":"https:\/\/www.edugestores.pe\/wp-content\/uploads\/2017\/07\/WhatsApp-Image-2017-07-11-at-10.08.00-AM.jpeg","_links":{"self":[{"href":"https:\/\/www.edugestores.pe\/index.php?rest_route=\/wp\/v2\/posts\/16778"}],"collection":[{"href":"https:\/\/www.edugestores.pe\/index.php?rest_route=\/wp\/v2\/posts"}],"about":[{"href":"https:\/\/www.edugestores.pe\/index.php?rest_route=\/wp\/v2\/types\/post"}],"author":[{"embeddable":true,"href":"https:\/\/www.edugestores.pe\/index.php?rest_route=\/wp\/v2\/users\/63"}],"replies":[{"embeddable":true,"href":"https:\/\/www.edugestores.pe\/index.php?rest_route=%2Fwp%2Fv2%2Fcomments&post=16778"}],"version-history":[{"count":1,"href":"https:\/\/www.edugestores.pe\/index.php?rest_route=\/wp\/v2\/posts\/16778\/revisions"}],"predecessor-version":[{"id":16788,"href":"https:\/\/www.edugestores.pe\/index.php?rest_route=\/wp\/v2\/posts\/16778\/revisions\/16788"}],"wp:featuredmedia":[{"embeddable":true,"href":"https:\/\/www.edugestores.pe\/index.php?rest_route=\/wp\/v2\/media\/16787"}],"wp:attachment":[{"href":"https:\/\/www.edugestores.pe\/index.php?rest_route=%2Fwp%2Fv2%2Fmedia&parent=16778"}],"wp:term":[{"taxonomy":"category","embeddable":true,"href":"https:\/\/www.edugestores.pe\/index.php?rest_route=%2Fwp%2Fv2%2Fcategories&post=16778"},{"taxonomy":"post_tag","embeddable":true,"href":"https:\/\/www.edugestores.pe\/index.php?rest_route=%2Fwp%2Fv2%2Ftags&post=16778"}],"curies":[{"name":"wp","href":"https:\/\/api.w.org\/{rel}","templated":true}]}}