{"id":16790,"date":"2017-07-12T13:23:51","date_gmt":"2017-07-12T18:23:51","guid":{"rendered":"https:\/\/www.edugestores.pe\/?p=16790"},"modified":"2017-07-19T15:04:47","modified_gmt":"2017-07-19T20:04:47","slug":"edugestores-de-la-semana-del-12-al-19-de-julio-2017","status":"publish","type":"post","link":"https:\/\/www.edugestores.pe\/?p=16790","title":{"rendered":"Edugestores de la Semana: del 12 al 19 de julio 2017"},"content":{"rendered":"<p style=\"text-align: justify;\">Esta es la informaci\u00f3n y an\u00e1lisis que tenemos en Edugestores para nuestros usuarios en esta semana:<\/p>\n<p style=\"text-align: justify;\"><a href=\"https:\/\/www.edugestores.pe\/ugel-lamas-finalista-en-concurso-de-buenas-practicas-en-gestion-educativa\/\">\u00bfEn qu\u00e9 consiste cada buena pr\u00e1ctica finalista en gesti\u00f3n educativa en concurso del Minedu?<\/a><\/p>\n<p style=\"text-align: justify;\"><a href=\"https:\/\/www.edugestores.pe\/seis-ugel-destacan-por-sus-buenas-practicas-de-gestion-educativa\/\">Seis unidades de gesti\u00f3n educativa local<\/a> (UGEL) de las regiones San Mart\u00edn, Arequipa, Hu\u00e1nuco, Loreto, Ayacucho y Lima quedaron finalistas en el proceso de selecci\u00f3n del Reconocimiento Buenas Pr\u00e1cticas de Gesti\u00f3n Educativa organizado por el Ministerio de Educaci\u00f3n (Minedu). En Edugestores detallamos en qu\u00e9 consiste la estrategia \u201cVigilancia colaborativa para la mejora de la presentaci\u00f3n del servicio de distribuci\u00f3n de materiales educativos 2016 y 2017\u2033 de la UGEL Lamas y estamos preparando una nota sobre una de las pr\u00e1cticas finalistas de la UGEL 06 de Lima Metropolitana.<\/p>\n<p style=\"text-align: justify;\"><a href=\"https:\/\/www.edugestores.pe\/edugestores-publica-aportes-del-primer-encuentro-nacional-de-la-red-peruana-de-gestores-de-la-educacion-2016\/\">Conoce m\u00e1s sobre los aportes surgidos en nuestro primer encuentro de gestores de la educaci\u00f3n<\/a><\/p>\n<p style=\"text-align: justify;\">Publicaremos algunas exposiciones destacadas que mantienen vigencia y que nos ayudan a tener un diagn\u00f3stico m\u00e1s claro sobre la gesti\u00f3n educativa descentralizada. Adem\u00e1s, ya contamos con una versi\u00f3n online de la publicaci\u00f3n que pueden consultar en nuestra plataforma.<\/p>\n<p style=\"text-align: justify;\"><a href=\"https:\/\/www.edugestores.pe\/educacion-rural-como-eje-en-segundo-dia-de-taller-interregional-organizado-por-el-cne\/\">M\u00e1s sobre el taller interregional Proyecto Educativo Regional y Educaci\u00f3n Rural<\/a><\/p>\n<p style=\"text-align: justify;\">Este encuentro donde participaron representantes de trece regiones busca poner en agenda de decisores algunas propuestas de pol\u00edtica para la mejora de la calidad educativa en el \u00e1mbito rural. En Edugestores estuvimos atentos y realizamos dos reportes sobre cada d\u00eda de la jornada, donde se expuso sobre <a href=\"https:\/\/www.edugestores.pe\/sepa-lo-que-paso-en-la-primera-jornada-del-taller-proyecto-educativo-regional-y-educacion-rural\/\">experiencias exitosas en gesti\u00f3n<\/a> y otras en<a href=\"https:\/\/www.edugestores.pe\/educacion-rural-como-eje-en-segundo-dia-de-taller-interregional-organizado-por-el-cne\/\"> la mejora de la educaci\u00f3n rura<\/a>l. Seguiremos compartiendo informaci\u00f3n sobre este tema.<\/p>\n<p class=\"page-title\" style=\"text-align: justify;\"><a href=\"https:\/\/www.edugestores.pe\/edugestores-debate-n-11-propuestas-para-la-revaloracion-del-docente-en-el-ambito-rural-2\/\">Participa en nuestro Debate N\u00b0 11: Propuestas para la revaloraci\u00f3n del docente en el \u00e1mbito rural<\/a><\/p>\n<p class=\"page-title\" style=\"text-align: justify;\">\u00bfC\u00f3mo atraer, apoyar y retener \u00a0a docentes competentes en el \u00e1mbito rural?\u00a0El Minedu ha propuesto una formulaci\u00f3n de la pol\u00edtica nacional de educaci\u00f3n rural. Edugestores quiere contribuir, mediante este nuevo\u00a0<strong>debate<\/strong>\u00a0<strong>N\u00b0 11 Propuestas para la revalorizaci\u00f3n del docente en el \u00e1mbito rural<\/strong>, con\u00a0alternativas para uno de los actores clave de la educaci\u00f3n rural: el docente. Participa en nuestra plataforma.<\/p>\n","protected":false},"excerpt":{"rendered":"<p>Esta es la informaci\u00f3n y an\u00e1lisis que tenemos en Edugestores para nuestros usuarios en esta semana: \u00bfEn qu\u00e9 consiste cada [&hellip;]<\/p>\n","protected":false},"author":63,"featured_media":16792,"comment_status":"open","ping_status":"open","sticky":false,"template":"","format":"standard","meta":{"spay_email":""},"categories":[227,125],"tags":[],"yoast_head":"<!-- This site is optimized with the Yoast SEO plugin v18.0 - https:\/\/yoast.com\/wordpress\/plugins\/seo\/ -->\n<title>Edugestores de la Semana: del 12 al 19 de julio 2017 - Red Peruana de Gestores de la Educaci\u00f3n<\/title>\n<meta name=\"robots\" content=\"index, follow, max-snippet:-1, max-image-preview:large, max-video-preview:-1\" \/>\n<link rel=\"canonical\" href=\"https:\/\/www.edugestores.pe\/?p=16790\" \/>\n<meta property=\"og:locale\" content=\"es_ES\" \/>\n<meta property=\"og:type\" content=\"article\" \/>\n<meta property=\"og:title\" content=\"Edugestores de la Semana: del 12 al 19 de julio 2017 - Red Peruana de Gestores de la Educaci\u00f3n\" \/>\n<meta property=\"og:description\" content=\"Esta es la informaci\u00f3n y an\u00e1lisis que tenemos en Edugestores para nuestros usuarios en esta semana: \u00bfEn qu\u00e9 consiste cada [&hellip;]\" \/>\n<meta property=\"og:url\" content=\"https:\/\/www.edugestores.pe\/?p=16790\" \/>\n<meta property=\"og:site_name\" content=\"Red Peruana de Gestores de la Educaci\u00f3n\" \/>\n<meta property=\"article:published_time\" content=\"2017-07-12T18:23:51+00:00\" \/>\n<meta property=\"article:modified_time\" content=\"2017-07-19T20:04:47+00:00\" \/>\n<meta property=\"og:image\" content=\"https:\/\/www.edugestores.pe\/wp-content\/uploads\/2017\/07\/julio-semana.png\" \/>\n\t<meta property=\"og:image:width\" content=\"600\" \/>\n\t<meta property=\"og:image:height\" content=\"200\" \/>\n\t<meta property=\"og:image:type\" content=\"image\/png\" \/>\n<meta name=\"twitter:card\" content=\"summary_large_image\" \/>\n<meta name=\"twitter:label1\" content=\"Escrito por\" \/>\n\t<meta name=\"twitter:data1\" content=\"Administrador\" \/>\n\t<meta name=\"twitter:label2\" content=\"Tiempo de lectura\" \/>\n\t<meta name=\"twitter:data2\" content=\"2 minutos\" \/>\n<script type=\"application\/ld+json\" class=\"yoast-schema-graph\">{\"@context\":\"https:\/\/schema.org\",\"@graph\":[{\"@type\":\"WebSite\",\"@id\":\"https:\/\/www.edugestores.pe\/#website\",\"url\":\"https:\/\/www.edugestores.pe\/\",\"name\":\"Red Peruana de Gestores de la Educaci\u00f3n\",\"description\":\"Red Peruana de Gestores de la Educaci\u00f3n\",\"potentialAction\":[{\"@type\":\"SearchAction\",\"target\":{\"@type\":\"EntryPoint\",\"urlTemplate\":\"https:\/\/www.edugestores.pe\/?s={search_term_string}\"},\"query-input\":\"required name=search_term_string\"}],\"inLanguage\":\"es\"},{\"@type\":\"ImageObject\",\"@id\":\"https:\/\/www.edugestores.pe\/?p=16790#primaryimage\",\"inLanguage\":\"es\",\"url\":\"https:\/\/www.edugestores.pe\/wp-content\/uploads\/2017\/07\/julio-semana.png\",\"contentUrl\":\"https:\/\/www.edugestores.pe\/wp-content\/uploads\/2017\/07\/julio-semana.png\",\"width\":600,\"height\":200},{\"@type\":\"WebPage\",\"@id\":\"https:\/\/www.edugestores.pe\/?p=16790#webpage\",\"url\":\"https:\/\/www.edugestores.pe\/?p=16790\",\"name\":\"Edugestores de la Semana: del 12 al 19 de julio 2017 - Red Peruana de Gestores de la Educaci\u00f3n\",\"isPartOf\":{\"@id\":\"https:\/\/www.edugestores.pe\/#website\"},\"primaryImageOfPage\":{\"@id\":\"https:\/\/www.edugestores.pe\/?p=16790#primaryimage\"},\"datePublished\":\"2017-07-12T18:23:51+00:00\",\"dateModified\":\"2017-07-19T20:04:47+00:00\",\"author\":{\"@id\":\"https:\/\/www.edugestores.pe\/#\/schema\/person\/30dc82f35f5853289037a64b35c7c7d3\"},\"breadcrumb\":{\"@id\":\"https:\/\/www.edugestores.pe\/?p=16790#breadcrumb\"},\"inLanguage\":\"es\",\"potentialAction\":[{\"@type\":\"ReadAction\",\"target\":[\"https:\/\/www.edugestores.pe\/?p=16790\"]}]},{\"@type\":\"BreadcrumbList\",\"@id\":\"https:\/\/www.edugestores.pe\/?p=16790#breadcrumb\",\"itemListElement\":[{\"@type\":\"ListItem\",\"position\":1,\"name\":\"Portada\",\"item\":\"https:\/\/www.edugestores.pe\/\"},{\"@type\":\"ListItem\",\"position\":2,\"name\":\"Edugestores de la Semana: del 12 al 19 de julio 2017\"}]},{\"@type\":\"Person\",\"@id\":\"https:\/\/www.edugestores.pe\/#\/schema\/person\/30dc82f35f5853289037a64b35c7c7d3\",\"name\":\"Administrador\",\"image\":{\"@type\":\"ImageObject\",\"@id\":\"https:\/\/www.edugestores.pe\/#personlogo\",\"inLanguage\":\"es\",\"url\":\"https:\/\/secure.gravatar.com\/avatar\/70960d1239c4d2c778bb3d2786a3c1ae?s=96&d=mm&r=g\",\"contentUrl\":\"https:\/\/secure.gravatar.com\/avatar\/70960d1239c4d2c778bb3d2786a3c1ae?s=96&d=mm&r=g\",\"caption\":\"Administrador\"},\"url\":\"https:\/\/www.edugestores.pe\/?author=63\"}]}<\/script>\n<!-- \/ Yoast SEO plugin. -->","yoast_head_json":{"title":"Edugestores de la Semana: del 12 al 19 de julio 2017 - Red Peruana de Gestores de la Educaci\u00f3n","robots":{"index":"index","follow":"follow","max-snippet":"max-snippet:-1","max-image-preview":"max-image-preview:large","max-video-preview":"max-video-preview:-1"},"canonical":"https:\/\/www.edugestores.pe\/?p=16790","og_locale":"es_ES","og_type":"article","og_title":"Edugestores de la Semana: del 12 al 19 de julio 2017 - Red Peruana de Gestores de la Educaci\u00f3n","og_description":"Esta es la informaci\u00f3n y an\u00e1lisis que tenemos en Edugestores para nuestros usuarios en esta semana: \u00bfEn qu\u00e9 consiste cada [&hellip;]","og_url":"https:\/\/www.edugestores.pe\/?p=16790","og_site_name":"Red Peruana de Gestores de la Educaci\u00f3n","article_published_time":"2017-07-12T18:23:51+00:00","article_modified_time":"2017-07-19T20:04:47+00:00","og_image":[{"width":600,"height":200,"url":"https:\/\/www.edugestores.pe\/wp-content\/uploads\/2017\/07\/julio-semana.png","type":"image\/png"}],"twitter_card":"summary_large_image","twitter_misc":{"Escrito por":"Administrador","Tiempo de lectura":"2 minutos"},"schema":{"@context":"https:\/\/schema.org","@graph":[{"@type":"WebSite","@id":"https:\/\/www.edugestores.pe\/#website","url":"https:\/\/www.edugestores.pe\/","name":"Red Peruana de Gestores de la Educaci\u00f3n","description":"Red Peruana de Gestores de la Educaci\u00f3n","potentialAction":[{"@type":"SearchAction","target":{"@type":"EntryPoint","urlTemplate":"https:\/\/www.edugestores.pe\/?s={search_term_string}"},"query-input":"required name=search_term_string"}],"inLanguage":"es"},{"@type":"ImageObject","@id":"https:\/\/www.edugestores.pe\/?p=16790#primaryimage","inLanguage":"es","url":"https:\/\/www.edugestores.pe\/wp-content\/uploads\/2017\/07\/julio-semana.png","contentUrl":"https:\/\/www.edugestores.pe\/wp-content\/uploads\/2017\/07\/julio-semana.png","width":600,"height":200},{"@type":"WebPage","@id":"https:\/\/www.edugestores.pe\/?p=16790#webpage","url":"https:\/\/www.edugestores.pe\/?p=16790","name":"Edugestores de la Semana: del 12 al 19 de julio 2017 - Red Peruana de Gestores de la Educaci\u00f3n","isPartOf":{"@id":"https:\/\/www.edugestores.pe\/#website"},"primaryImageOfPage":{"@id":"https:\/\/www.edugestores.pe\/?p=16790#primaryimage"},"datePublished":"2017-07-12T18:23:51+00:00","dateModified":"2017-07-19T20:04:47+00:00","author":{"@id":"https:\/\/www.edugestores.pe\/#\/schema\/person\/30dc82f35f5853289037a64b35c7c7d3"},"breadcrumb":{"@id":"https:\/\/www.edugestores.pe\/?p=16790#breadcrumb"},"inLanguage":"es","potentialAction":[{"@type":"ReadAction","target":["https:\/\/www.edugestores.pe\/?p=16790"]}]},{"@type":"BreadcrumbList","@id":"https:\/\/www.edugestores.pe\/?p=16790#breadcrumb","itemListElement":[{"@type":"ListItem","position":1,"name":"Portada","item":"https:\/\/www.edugestores.pe\/"},{"@type":"ListItem","position":2,"name":"Edugestores de la Semana: del 12 al 19 de julio 2017"}]},{"@type":"Person","@id":"https:\/\/www.edugestores.pe\/#\/schema\/person\/30dc82f35f5853289037a64b35c7c7d3","name":"Administrador","image":{"@type":"ImageObject","@id":"https:\/\/www.edugestores.pe\/#personlogo","inLanguage":"es","url":"https:\/\/secure.gravatar.com\/avatar\/70960d1239c4d2c778bb3d2786a3c1ae?s=96&d=mm&r=g","contentUrl":"https:\/\/secure.gravatar.com\/avatar\/70960d1239c4d2c778bb3d2786a3c1ae?s=96&d=mm&r=g","caption":"Administrador"},"url":"https:\/\/www.edugestores.pe\/?author=63"}]}},"jetpack_featured_media_url":"https:\/\/www.edugestores.pe\/wp-content\/uploads\/2017\/07\/julio-semana.png","_links":{"self":[{"href":"https:\/\/www.edugestores.pe\/index.php?rest_route=\/wp\/v2\/posts\/16790"}],"collection":[{"href":"https:\/\/www.edugestores.pe\/index.php?rest_route=\/wp\/v2\/posts"}],"about":[{"href":"https:\/\/www.edugestores.pe\/index.php?rest_route=\/wp\/v2\/types\/post"}],"author":[{"embeddable":true,"href":"https:\/\/www.edugestores.pe\/index.php?rest_route=\/wp\/v2\/users\/63"}],"replies":[{"embeddable":true,"href":"https:\/\/www.edugestores.pe\/index.php?rest_route=%2Fwp%2Fv2%2Fcomments&post=16790"}],"version-history":[{"count":1,"href":"https:\/\/www.edugestores.pe\/index.php?rest_route=\/wp\/v2\/posts\/16790\/revisions"}],"predecessor-version":[{"id":16793,"href":"https:\/\/www.edugestores.pe\/index.php?rest_route=\/wp\/v2\/posts\/16790\/revisions\/16793"}],"wp:featuredmedia":[{"embeddable":true,"href":"https:\/\/www.edugestores.pe\/index.php?rest_route=\/wp\/v2\/media\/16792"}],"wp:attachment":[{"href":"https:\/\/www.edugestores.pe\/index.php?rest_route=%2Fwp%2Fv2%2Fmedia&parent=16790"}],"wp:term":[{"taxonomy":"category","embeddable":true,"href":"https:\/\/www.edugestores.pe\/index.php?rest_route=%2Fwp%2Fv2%2Fcategories&post=16790"},{"taxonomy":"post_tag","embeddable":true,"href":"https:\/\/www.edugestores.pe\/index.php?rest_route=%2Fwp%2Fv2%2Ftags&post=16790"}],"curies":[{"name":"wp","href":"https:\/\/api.w.org\/{rel}","templated":true}]}}