{"id":16799,"date":"2017-07-12T17:10:25","date_gmt":"2017-07-12T22:10:25","guid":{"rendered":"https:\/\/www.edugestores.pe\/?p=16799"},"modified":"2017-07-14T11:29:03","modified_gmt":"2017-07-14T16:29:03","slug":"continua-ronda-de-comisiones-de-gestion-intergubernamental-entre-minedu-dre-y-ugel","status":"publish","type":"post","link":"https:\/\/www.edugestores.pe\/?p=16799","title":{"rendered":"Contin\u00faa ronda de comisiones de gesti\u00f3n intergubernamental entre Minedu, DRE y UGEL"},"content":{"rendered":"<p style=\"text-align: justify;\">El Ministerio de Educaci\u00f3n (Minedu) viene efectuando entre el\u00a03 de julio y 11 de agosto la segunda ronda de sesiones de la Comisi\u00f3n de Gesti\u00f3n Intergubernamental en Educaci\u00f3n (CGIE), reuniones con las direcciones regionales de educaci\u00f3n (DRE) y las unidades de gesti\u00f3n educativa local (UGEL) para revisar el avance de las estrategias dirigidas a mejorar la gesti\u00f3n educativa a favor de miles de estudiantes, especialmente de las zonas rurales del pa\u00eds.<\/p>\n<p>Desde el marco de este mecanismo de di\u00e1logo, funcionarios del ministerio brindan mayores alcances a los directores regionales para asegurar la correcta implementaci\u00f3n de iniciativas como \u201cEscritorio Limpio\u201d, estrategia que apunta a disminuir los tr\u00e1mites administrativos para que las escuelas tengan m\u00e1s tiempo para desarrollar actividades de liderazgo pedag\u00f3gico.<\/p>\n<p>El Minedu tambi\u00e9n coordina con las DRE y UGEL la implementaci\u00f3n de la herramienta de gesti\u00f3n y monitoreo \u201cRapinfo\u201d, que servir\u00e1 para mejorar la distribuci\u00f3n de materiales con la finalidad de que lleguen oportunamente a los colegios desde inicios del a\u00f1o escolar.<\/p>\n<p>Estos encuentros est\u00e1n en l\u00ednea con la decisi\u00f3n de la ministra de Educaci\u00f3n, Maril\u00fa Martens, de dar prioridad al recorte de brechas educativas en el \u00e1mbito rural, as\u00ed como mejorar el acceso a la educaci\u00f3n inicial y reforzar los aprendizajes en primaria y secundaria, destac\u00f3 David Vera-Tudela, director general de Gesti\u00f3n Descentralizada del Minedu.<\/p>\n<p>Vera-Tudela indic\u00f3 que con algunas regiones priorizadas se suman esfuerzos para realizar acciones espec\u00edficas destinadas a prevenir y disminuir la incidencia de casos de anemia en los estudiantes, considerando que la nutrici\u00f3n es clave para un buen desarrollo f\u00edsico e intelectual de los ni\u00f1os y adolescentes. \u00a0Adem\u00e1s, se revisan los avances de las medidas adoptadas para reducir el impacto de las heladas en las zonas altoandinas afectadas.<\/p>\n<p>Estos encuentros, que comenzaron en Piura, se desarrollar\u00e1n en todas las regiones del pa\u00eds y concluir\u00e1n en agosto en Huancavelica.<\/p>\n","protected":false},"excerpt":{"rendered":"<p>El Ministerio de Educaci\u00f3n (Minedu) viene efectuando entre el\u00a03 de julio y 11 de agosto la segunda ronda de sesiones [&hellip;]<\/p>\n","protected":false},"author":63,"featured_media":16800,"comment_status":"open","ping_status":"open","sticky":false,"template":"","format":"standard","meta":{"spay_email":""},"categories":[125],"tags":[],"yoast_head":"<!-- This site is optimized with the Yoast SEO plugin v18.0 - https:\/\/yoast.com\/wordpress\/plugins\/seo\/ -->\n<title>Contin\u00faa ronda de comisiones de gesti\u00f3n intergubernamental entre Minedu, DRE y UGEL - Red Peruana de Gestores de la Educaci\u00f3n<\/title>\n<meta name=\"robots\" content=\"index, follow, max-snippet:-1, max-image-preview:large, max-video-preview:-1\" \/>\n<link rel=\"canonical\" href=\"https:\/\/www.edugestores.pe\/?p=16799\" \/>\n<meta property=\"og:locale\" content=\"es_ES\" \/>\n<meta property=\"og:type\" content=\"article\" \/>\n<meta property=\"og:title\" content=\"Contin\u00faa ronda de comisiones de gesti\u00f3n intergubernamental entre Minedu, DRE y UGEL - Red Peruana de Gestores de la Educaci\u00f3n\" \/>\n<meta property=\"og:description\" content=\"El Ministerio de Educaci\u00f3n (Minedu) viene efectuando entre el\u00a03 de julio y 11 de agosto la segunda ronda de sesiones [&hellip;]\" \/>\n<meta property=\"og:url\" content=\"https:\/\/www.edugestores.pe\/?p=16799\" \/>\n<meta property=\"og:site_name\" content=\"Red Peruana de Gestores de la Educaci\u00f3n\" \/>\n<meta property=\"article:published_time\" content=\"2017-07-12T22:10:25+00:00\" \/>\n<meta property=\"article:modified_time\" content=\"2017-07-14T16:29:03+00:00\" \/>\n<meta property=\"og:image\" content=\"https:\/\/www.edugestores.pe\/wp-content\/uploads\/2017\/07\/minedurealizareunionesbilaterales855643236411.jpg\" \/>\n\t<meta property=\"og:image:width\" content=\"480\" \/>\n\t<meta property=\"og:image:height\" content=\"190\" \/>\n\t<meta property=\"og:image:type\" content=\"image\/jpeg\" \/>\n<meta name=\"twitter:card\" content=\"summary_large_image\" \/>\n<meta name=\"twitter:label1\" content=\"Escrito por\" \/>\n\t<meta name=\"twitter:data1\" content=\"Administrador\" \/>\n\t<meta name=\"twitter:label2\" content=\"Tiempo de lectura\" \/>\n\t<meta name=\"twitter:data2\" content=\"2 minutos\" \/>\n<script type=\"application\/ld+json\" class=\"yoast-schema-graph\">{\"@context\":\"https:\/\/schema.org\",\"@graph\":[{\"@type\":\"WebSite\",\"@id\":\"https:\/\/www.edugestores.pe\/#website\",\"url\":\"https:\/\/www.edugestores.pe\/\",\"name\":\"Red Peruana de Gestores de la Educaci\u00f3n\",\"description\":\"Red Peruana de Gestores de la Educaci\u00f3n\",\"potentialAction\":[{\"@type\":\"SearchAction\",\"target\":{\"@type\":\"EntryPoint\",\"urlTemplate\":\"https:\/\/www.edugestores.pe\/?s={search_term_string}\"},\"query-input\":\"required name=search_term_string\"}],\"inLanguage\":\"es\"},{\"@type\":\"ImageObject\",\"@id\":\"https:\/\/www.edugestores.pe\/?p=16799#primaryimage\",\"inLanguage\":\"es\",\"url\":\"https:\/\/www.edugestores.pe\/wp-content\/uploads\/2017\/07\/minedurealizareunionesbilaterales855643236411.jpg\",\"contentUrl\":\"https:\/\/www.edugestores.pe\/wp-content\/uploads\/2017\/07\/minedurealizareunionesbilaterales855643236411.jpg\",\"width\":480,\"height\":190},{\"@type\":\"WebPage\",\"@id\":\"https:\/\/www.edugestores.pe\/?p=16799#webpage\",\"url\":\"https:\/\/www.edugestores.pe\/?p=16799\",\"name\":\"Contin\u00faa ronda de comisiones de gesti\u00f3n intergubernamental entre Minedu, DRE y UGEL - Red Peruana de Gestores de la Educaci\u00f3n\",\"isPartOf\":{\"@id\":\"https:\/\/www.edugestores.pe\/#website\"},\"primaryImageOfPage\":{\"@id\":\"https:\/\/www.edugestores.pe\/?p=16799#primaryimage\"},\"datePublished\":\"2017-07-12T22:10:25+00:00\",\"dateModified\":\"2017-07-14T16:29:03+00:00\",\"author\":{\"@id\":\"https:\/\/www.edugestores.pe\/#\/schema\/person\/30dc82f35f5853289037a64b35c7c7d3\"},\"breadcrumb\":{\"@id\":\"https:\/\/www.edugestores.pe\/?p=16799#breadcrumb\"},\"inLanguage\":\"es\",\"potentialAction\":[{\"@type\":\"ReadAction\",\"target\":[\"https:\/\/www.edugestores.pe\/?p=16799\"]}]},{\"@type\":\"BreadcrumbList\",\"@id\":\"https:\/\/www.edugestores.pe\/?p=16799#breadcrumb\",\"itemListElement\":[{\"@type\":\"ListItem\",\"position\":1,\"name\":\"Portada\",\"item\":\"https:\/\/www.edugestores.pe\/\"},{\"@type\":\"ListItem\",\"position\":2,\"name\":\"Contin\u00faa ronda de comisiones de gesti\u00f3n intergubernamental entre Minedu, DRE y UGEL\"}]},{\"@type\":\"Person\",\"@id\":\"https:\/\/www.edugestores.pe\/#\/schema\/person\/30dc82f35f5853289037a64b35c7c7d3\",\"name\":\"Administrador\",\"image\":{\"@type\":\"ImageObject\",\"@id\":\"https:\/\/www.edugestores.pe\/#personlogo\",\"inLanguage\":\"es\",\"url\":\"https:\/\/secure.gravatar.com\/avatar\/70960d1239c4d2c778bb3d2786a3c1ae?s=96&d=mm&r=g\",\"contentUrl\":\"https:\/\/secure.gravatar.com\/avatar\/70960d1239c4d2c778bb3d2786a3c1ae?s=96&d=mm&r=g\",\"caption\":\"Administrador\"},\"url\":\"https:\/\/www.edugestores.pe\/?author=63\"}]}<\/script>\n<!-- \/ Yoast SEO plugin. -->","yoast_head_json":{"title":"Contin\u00faa ronda de comisiones de gesti\u00f3n intergubernamental entre Minedu, DRE y UGEL - Red Peruana de Gestores de la Educaci\u00f3n","robots":{"index":"index","follow":"follow","max-snippet":"max-snippet:-1","max-image-preview":"max-image-preview:large","max-video-preview":"max-video-preview:-1"},"canonical":"https:\/\/www.edugestores.pe\/?p=16799","og_locale":"es_ES","og_type":"article","og_title":"Contin\u00faa ronda de comisiones de gesti\u00f3n intergubernamental entre Minedu, DRE y UGEL - Red Peruana de Gestores de la Educaci\u00f3n","og_description":"El Ministerio de Educaci\u00f3n (Minedu) viene efectuando entre el\u00a03 de julio y 11 de agosto la segunda ronda de sesiones [&hellip;]","og_url":"https:\/\/www.edugestores.pe\/?p=16799","og_site_name":"Red Peruana de Gestores de la Educaci\u00f3n","article_published_time":"2017-07-12T22:10:25+00:00","article_modified_time":"2017-07-14T16:29:03+00:00","og_image":[{"width":480,"height":190,"url":"https:\/\/www.edugestores.pe\/wp-content\/uploads\/2017\/07\/minedurealizareunionesbilaterales855643236411.jpg","type":"image\/jpeg"}],"twitter_card":"summary_large_image","twitter_misc":{"Escrito por":"Administrador","Tiempo de lectura":"2 minutos"},"schema":{"@context":"https:\/\/schema.org","@graph":[{"@type":"WebSite","@id":"https:\/\/www.edugestores.pe\/#website","url":"https:\/\/www.edugestores.pe\/","name":"Red Peruana de Gestores de la Educaci\u00f3n","description":"Red Peruana de Gestores de la Educaci\u00f3n","potentialAction":[{"@type":"SearchAction","target":{"@type":"EntryPoint","urlTemplate":"https:\/\/www.edugestores.pe\/?s={search_term_string}"},"query-input":"required name=search_term_string"}],"inLanguage":"es"},{"@type":"ImageObject","@id":"https:\/\/www.edugestores.pe\/?p=16799#primaryimage","inLanguage":"es","url":"https:\/\/www.edugestores.pe\/wp-content\/uploads\/2017\/07\/minedurealizareunionesbilaterales855643236411.jpg","contentUrl":"https:\/\/www.edugestores.pe\/wp-content\/uploads\/2017\/07\/minedurealizareunionesbilaterales855643236411.jpg","width":480,"height":190},{"@type":"WebPage","@id":"https:\/\/www.edugestores.pe\/?p=16799#webpage","url":"https:\/\/www.edugestores.pe\/?p=16799","name":"Contin\u00faa ronda de comisiones de gesti\u00f3n intergubernamental entre Minedu, DRE y UGEL - Red Peruana de Gestores de la Educaci\u00f3n","isPartOf":{"@id":"https:\/\/www.edugestores.pe\/#website"},"primaryImageOfPage":{"@id":"https:\/\/www.edugestores.pe\/?p=16799#primaryimage"},"datePublished":"2017-07-12T22:10:25+00:00","dateModified":"2017-07-14T16:29:03+00:00","author":{"@id":"https:\/\/www.edugestores.pe\/#\/schema\/person\/30dc82f35f5853289037a64b35c7c7d3"},"breadcrumb":{"@id":"https:\/\/www.edugestores.pe\/?p=16799#breadcrumb"},"inLanguage":"es","potentialAction":[{"@type":"ReadAction","target":["https:\/\/www.edugestores.pe\/?p=16799"]}]},{"@type":"BreadcrumbList","@id":"https:\/\/www.edugestores.pe\/?p=16799#breadcrumb","itemListElement":[{"@type":"ListItem","position":1,"name":"Portada","item":"https:\/\/www.edugestores.pe\/"},{"@type":"ListItem","position":2,"name":"Contin\u00faa ronda de comisiones de gesti\u00f3n intergubernamental entre Minedu, DRE y UGEL"}]},{"@type":"Person","@id":"https:\/\/www.edugestores.pe\/#\/schema\/person\/30dc82f35f5853289037a64b35c7c7d3","name":"Administrador","image":{"@type":"ImageObject","@id":"https:\/\/www.edugestores.pe\/#personlogo","inLanguage":"es","url":"https:\/\/secure.gravatar.com\/avatar\/70960d1239c4d2c778bb3d2786a3c1ae?s=96&d=mm&r=g","contentUrl":"https:\/\/secure.gravatar.com\/avatar\/70960d1239c4d2c778bb3d2786a3c1ae?s=96&d=mm&r=g","caption":"Administrador"},"url":"https:\/\/www.edugestores.pe\/?author=63"}]}},"jetpack_featured_media_url":"https:\/\/www.edugestores.pe\/wp-content\/uploads\/2017\/07\/minedurealizareunionesbilaterales855643236411.jpg","_links":{"self":[{"href":"https:\/\/www.edugestores.pe\/index.php?rest_route=\/wp\/v2\/posts\/16799"}],"collection":[{"href":"https:\/\/www.edugestores.pe\/index.php?rest_route=\/wp\/v2\/posts"}],"about":[{"href":"https:\/\/www.edugestores.pe\/index.php?rest_route=\/wp\/v2\/types\/post"}],"author":[{"embeddable":true,"href":"https:\/\/www.edugestores.pe\/index.php?rest_route=\/wp\/v2\/users\/63"}],"replies":[{"embeddable":true,"href":"https:\/\/www.edugestores.pe\/index.php?rest_route=%2Fwp%2Fv2%2Fcomments&post=16799"}],"version-history":[{"count":1,"href":"https:\/\/www.edugestores.pe\/index.php?rest_route=\/wp\/v2\/posts\/16799\/revisions"}],"predecessor-version":[{"id":16801,"href":"https:\/\/www.edugestores.pe\/index.php?rest_route=\/wp\/v2\/posts\/16799\/revisions\/16801"}],"wp:featuredmedia":[{"embeddable":true,"href":"https:\/\/www.edugestores.pe\/index.php?rest_route=\/wp\/v2\/media\/16800"}],"wp:attachment":[{"href":"https:\/\/www.edugestores.pe\/index.php?rest_route=%2Fwp%2Fv2%2Fmedia&parent=16799"}],"wp:term":[{"taxonomy":"category","embeddable":true,"href":"https:\/\/www.edugestores.pe\/index.php?rest_route=%2Fwp%2Fv2%2Fcategories&post=16799"},{"taxonomy":"post_tag","embeddable":true,"href":"https:\/\/www.edugestores.pe\/index.php?rest_route=%2Fwp%2Fv2%2Ftags&post=16799"}],"curies":[{"name":"wp","href":"https:\/\/api.w.org\/{rel}","templated":true}]}}