{"id":16802,"date":"2017-07-13T13:15:16","date_gmt":"2017-07-13T18:15:16","guid":{"rendered":"https:\/\/www.edugestores.pe\/?p=16802"},"modified":"2017-07-19T15:05:33","modified_gmt":"2017-07-19T20:05:33","slug":"fernando-caceres-es-el-nuevo-viceministro-de-gestion-institucional-del-minedu","status":"publish","type":"post","link":"https:\/\/www.edugestores.pe\/?p=16802","title":{"rendered":"Fernando C\u00e1ceres es el nuevo viceministro de Gesti\u00f3n Institucional del Minedu"},"content":{"rendered":"<p style=\"text-align: justify;\">Esta ma\u00f1ana el Ministerio de Educaci\u00f3n anunci\u00f3 a Fernando C\u00e1ceres Freyre como el nuevo\u00a0viceministro de Gesti\u00f3n Institucional, mediante la Resoluci\u00f3n Suprema N\u00ba 004-2017-MINEDU, publicada hoy en el diario oficial El Peruano.\u00a0C\u00e1ceres Freyre ingresa al Minedu tras la salida de\u00a0Jack Zilberman Fleishman, quien estuvo en el cargo seis meses.<\/p>\n<p style=\"text-align: justify;\">C\u00e1ceres Freyre es abogado de profesi\u00f3n\u00a0con maestr\u00eda en Derecho por la Universidad de Virginia (Estados Unidos) y posgrado en Comunicaci\u00f3n Corporativa de la Universidad ESAN.\u00a0Es presidente ejecutivo fundador de la Asociaci\u00f3n Contribuyentes por Respeto (CpR) y director del Centro de Desarrollo Educativo Integral (CENDEIT), donde particip\u00f3 en el programa de becas universitarias para j\u00f3venes de zonas rurales. En una entrevista dada a Per\u00fa 21, en marzo de 2016, C\u00e1ceres Freyre defini\u00f3 a CpR como &#8220;un centro de investigaci\u00f3n con recursos propios que busca tener una mirada de las pol\u00edticas p\u00fablicas basadas en el aporte que da el contribuyente al Estado\u201d. Asimismo, indic\u00f3 que\u00a0\u00a0\u201cTodos esperamos que el Estado ofrezca servicios de calidad. Con Contribuyentes por Respeto, que fund\u00e9 con Mario Z\u00fa\u00f1iga en 2012, queremos tener una legitimidad ante el Estado para exigir que cumpla con su parte en una sociedad democr\u00e1tica\u201d.<\/p>\n<p style=\"text-align: justify;\">En CpR lider\u00f3 los programas de infraestructura de uso p\u00fablico y regulaci\u00f3n de la actividad privada, as\u00ed como las relaciones p\u00fablicas y comunicaciones institucionales. Ha sido tambi\u00e9n comisionado de Libre Competencia del INDECOPI, investigador del Instituto Libertad y Democracia, investigador del International Development Research Centre (Canad\u00e1), asesor legal en la Presidencia del Consejo de Ministros y abogado en Garc\u00eda Say\u00e1n Abogados. Se\u00f1al\u00f3 en la entrevista dada a Per\u00fa 21 que &#8220;La libertad es un valor fundamental en las pol\u00edticas p\u00fablicas y en la movilidad social ascendente. Trabajo por un Estado que promueva la competencia, que sea de derecho y que permita cumplir con todas las normas y leyes que lo conforman\u201d.<\/p>\n<p style=\"text-align: justify;\">Con informaci\u00f3n del Ministerio de Educaci\u00f3n y Per\u00fa 21.<\/p>\n<p style=\"text-align: justify;\">\n","protected":false},"excerpt":{"rendered":"<p>Esta ma\u00f1ana el Ministerio de Educaci\u00f3n anunci\u00f3 a Fernando C\u00e1ceres Freyre como el nuevo\u00a0viceministro de Gesti\u00f3n Institucional, mediante la Resoluci\u00f3n [&hellip;]<\/p>\n","protected":false},"author":63,"featured_media":16803,"comment_status":"open","ping_status":"open","sticky":false,"template":"","format":"standard","meta":{"spay_email":""},"categories":[125],"tags":[],"yoast_head":"<!-- This site is optimized with the Yoast SEO plugin v18.0 - https:\/\/yoast.com\/wordpress\/plugins\/seo\/ -->\n<title>Fernando C\u00e1ceres es el nuevo viceministro de Gesti\u00f3n Institucional del Minedu - Red Peruana de Gestores de la Educaci\u00f3n<\/title>\n<meta name=\"robots\" content=\"index, follow, max-snippet:-1, max-image-preview:large, max-video-preview:-1\" \/>\n<link rel=\"canonical\" href=\"https:\/\/www.edugestores.pe\/?p=16802\" \/>\n<meta property=\"og:locale\" content=\"es_ES\" \/>\n<meta property=\"og:type\" content=\"article\" \/>\n<meta property=\"og:title\" content=\"Fernando C\u00e1ceres es el nuevo viceministro de Gesti\u00f3n Institucional del Minedu - Red Peruana de Gestores de la Educaci\u00f3n\" \/>\n<meta property=\"og:description\" content=\"Esta ma\u00f1ana el Ministerio de Educaci\u00f3n anunci\u00f3 a Fernando C\u00e1ceres Freyre como el nuevo\u00a0viceministro de Gesti\u00f3n Institucional, mediante la Resoluci\u00f3n [&hellip;]\" \/>\n<meta property=\"og:url\" content=\"https:\/\/www.edugestores.pe\/?p=16802\" \/>\n<meta property=\"og:site_name\" content=\"Red Peruana de Gestores de la Educaci\u00f3n\" \/>\n<meta property=\"article:published_time\" content=\"2017-07-13T18:15:16+00:00\" \/>\n<meta property=\"article:modified_time\" content=\"2017-07-19T20:05:33+00:00\" \/>\n<meta property=\"og:image\" content=\"https:\/\/www.edugestores.pe\/wp-content\/uploads\/2017\/07\/Fernandocecereseselnuevoviceministrodestgioninstitucionademinedu130717.jpg\" \/>\n\t<meta property=\"og:image:width\" content=\"476\" \/>\n\t<meta property=\"og:image:height\" content=\"213\" \/>\n\t<meta property=\"og:image:type\" content=\"image\/jpeg\" \/>\n<meta name=\"twitter:card\" content=\"summary_large_image\" \/>\n<meta name=\"twitter:label1\" content=\"Escrito por\" \/>\n\t<meta name=\"twitter:data1\" content=\"Administrador\" \/>\n\t<meta name=\"twitter:label2\" content=\"Tiempo de lectura\" \/>\n\t<meta name=\"twitter:data2\" content=\"2 minutos\" \/>\n<script type=\"application\/ld+json\" class=\"yoast-schema-graph\">{\"@context\":\"https:\/\/schema.org\",\"@graph\":[{\"@type\":\"WebSite\",\"@id\":\"https:\/\/www.edugestores.pe\/#website\",\"url\":\"https:\/\/www.edugestores.pe\/\",\"name\":\"Red Peruana de Gestores de la Educaci\u00f3n\",\"description\":\"Red Peruana de Gestores de la Educaci\u00f3n\",\"potentialAction\":[{\"@type\":\"SearchAction\",\"target\":{\"@type\":\"EntryPoint\",\"urlTemplate\":\"https:\/\/www.edugestores.pe\/?s={search_term_string}\"},\"query-input\":\"required name=search_term_string\"}],\"inLanguage\":\"es\"},{\"@type\":\"ImageObject\",\"@id\":\"https:\/\/www.edugestores.pe\/?p=16802#primaryimage\",\"inLanguage\":\"es\",\"url\":\"https:\/\/www.edugestores.pe\/wp-content\/uploads\/2017\/07\/Fernandocecereseselnuevoviceministrodestgioninstitucionademinedu130717.jpg\",\"contentUrl\":\"https:\/\/www.edugestores.pe\/wp-content\/uploads\/2017\/07\/Fernandocecereseselnuevoviceministrodestgioninstitucionademinedu130717.jpg\",\"width\":476,\"height\":213},{\"@type\":\"WebPage\",\"@id\":\"https:\/\/www.edugestores.pe\/?p=16802#webpage\",\"url\":\"https:\/\/www.edugestores.pe\/?p=16802\",\"name\":\"Fernando C\u00e1ceres es el nuevo viceministro de Gesti\u00f3n Institucional del Minedu - Red Peruana de Gestores de la Educaci\u00f3n\",\"isPartOf\":{\"@id\":\"https:\/\/www.edugestores.pe\/#website\"},\"primaryImageOfPage\":{\"@id\":\"https:\/\/www.edugestores.pe\/?p=16802#primaryimage\"},\"datePublished\":\"2017-07-13T18:15:16+00:00\",\"dateModified\":\"2017-07-19T20:05:33+00:00\",\"author\":{\"@id\":\"https:\/\/www.edugestores.pe\/#\/schema\/person\/30dc82f35f5853289037a64b35c7c7d3\"},\"breadcrumb\":{\"@id\":\"https:\/\/www.edugestores.pe\/?p=16802#breadcrumb\"},\"inLanguage\":\"es\",\"potentialAction\":[{\"@type\":\"ReadAction\",\"target\":[\"https:\/\/www.edugestores.pe\/?p=16802\"]}]},{\"@type\":\"BreadcrumbList\",\"@id\":\"https:\/\/www.edugestores.pe\/?p=16802#breadcrumb\",\"itemListElement\":[{\"@type\":\"ListItem\",\"position\":1,\"name\":\"Portada\",\"item\":\"https:\/\/www.edugestores.pe\/\"},{\"@type\":\"ListItem\",\"position\":2,\"name\":\"Fernando C\u00e1ceres es el nuevo viceministro de Gesti\u00f3n Institucional del Minedu\"}]},{\"@type\":\"Person\",\"@id\":\"https:\/\/www.edugestores.pe\/#\/schema\/person\/30dc82f35f5853289037a64b35c7c7d3\",\"name\":\"Administrador\",\"image\":{\"@type\":\"ImageObject\",\"@id\":\"https:\/\/www.edugestores.pe\/#personlogo\",\"inLanguage\":\"es\",\"url\":\"https:\/\/secure.gravatar.com\/avatar\/70960d1239c4d2c778bb3d2786a3c1ae?s=96&d=mm&r=g\",\"contentUrl\":\"https:\/\/secure.gravatar.com\/avatar\/70960d1239c4d2c778bb3d2786a3c1ae?s=96&d=mm&r=g\",\"caption\":\"Administrador\"},\"url\":\"https:\/\/www.edugestores.pe\/?author=63\"}]}<\/script>\n<!-- \/ Yoast SEO plugin. -->","yoast_head_json":{"title":"Fernando C\u00e1ceres es el nuevo viceministro de Gesti\u00f3n Institucional del Minedu - Red Peruana de Gestores de la Educaci\u00f3n","robots":{"index":"index","follow":"follow","max-snippet":"max-snippet:-1","max-image-preview":"max-image-preview:large","max-video-preview":"max-video-preview:-1"},"canonical":"https:\/\/www.edugestores.pe\/?p=16802","og_locale":"es_ES","og_type":"article","og_title":"Fernando C\u00e1ceres es el nuevo viceministro de Gesti\u00f3n Institucional del Minedu - Red Peruana de Gestores de la Educaci\u00f3n","og_description":"Esta ma\u00f1ana el Ministerio de Educaci\u00f3n anunci\u00f3 a Fernando C\u00e1ceres Freyre como el nuevo\u00a0viceministro de Gesti\u00f3n Institucional, mediante la Resoluci\u00f3n [&hellip;]","og_url":"https:\/\/www.edugestores.pe\/?p=16802","og_site_name":"Red Peruana de Gestores de la Educaci\u00f3n","article_published_time":"2017-07-13T18:15:16+00:00","article_modified_time":"2017-07-19T20:05:33+00:00","og_image":[{"width":476,"height":213,"url":"https:\/\/www.edugestores.pe\/wp-content\/uploads\/2017\/07\/Fernandocecereseselnuevoviceministrodestgioninstitucionademinedu130717.jpg","type":"image\/jpeg"}],"twitter_card":"summary_large_image","twitter_misc":{"Escrito por":"Administrador","Tiempo de lectura":"2 minutos"},"schema":{"@context":"https:\/\/schema.org","@graph":[{"@type":"WebSite","@id":"https:\/\/www.edugestores.pe\/#website","url":"https:\/\/www.edugestores.pe\/","name":"Red Peruana de Gestores de la Educaci\u00f3n","description":"Red Peruana de Gestores de la Educaci\u00f3n","potentialAction":[{"@type":"SearchAction","target":{"@type":"EntryPoint","urlTemplate":"https:\/\/www.edugestores.pe\/?s={search_term_string}"},"query-input":"required name=search_term_string"}],"inLanguage":"es"},{"@type":"ImageObject","@id":"https:\/\/www.edugestores.pe\/?p=16802#primaryimage","inLanguage":"es","url":"https:\/\/www.edugestores.pe\/wp-content\/uploads\/2017\/07\/Fernandocecereseselnuevoviceministrodestgioninstitucionademinedu130717.jpg","contentUrl":"https:\/\/www.edugestores.pe\/wp-content\/uploads\/2017\/07\/Fernandocecereseselnuevoviceministrodestgioninstitucionademinedu130717.jpg","width":476,"height":213},{"@type":"WebPage","@id":"https:\/\/www.edugestores.pe\/?p=16802#webpage","url":"https:\/\/www.edugestores.pe\/?p=16802","name":"Fernando C\u00e1ceres es el nuevo viceministro de Gesti\u00f3n Institucional del Minedu - Red Peruana de Gestores de la Educaci\u00f3n","isPartOf":{"@id":"https:\/\/www.edugestores.pe\/#website"},"primaryImageOfPage":{"@id":"https:\/\/www.edugestores.pe\/?p=16802#primaryimage"},"datePublished":"2017-07-13T18:15:16+00:00","dateModified":"2017-07-19T20:05:33+00:00","author":{"@id":"https:\/\/www.edugestores.pe\/#\/schema\/person\/30dc82f35f5853289037a64b35c7c7d3"},"breadcrumb":{"@id":"https:\/\/www.edugestores.pe\/?p=16802#breadcrumb"},"inLanguage":"es","potentialAction":[{"@type":"ReadAction","target":["https:\/\/www.edugestores.pe\/?p=16802"]}]},{"@type":"BreadcrumbList","@id":"https:\/\/www.edugestores.pe\/?p=16802#breadcrumb","itemListElement":[{"@type":"ListItem","position":1,"name":"Portada","item":"https:\/\/www.edugestores.pe\/"},{"@type":"ListItem","position":2,"name":"Fernando C\u00e1ceres es el nuevo viceministro de Gesti\u00f3n Institucional del Minedu"}]},{"@type":"Person","@id":"https:\/\/www.edugestores.pe\/#\/schema\/person\/30dc82f35f5853289037a64b35c7c7d3","name":"Administrador","image":{"@type":"ImageObject","@id":"https:\/\/www.edugestores.pe\/#personlogo","inLanguage":"es","url":"https:\/\/secure.gravatar.com\/avatar\/70960d1239c4d2c778bb3d2786a3c1ae?s=96&d=mm&r=g","contentUrl":"https:\/\/secure.gravatar.com\/avatar\/70960d1239c4d2c778bb3d2786a3c1ae?s=96&d=mm&r=g","caption":"Administrador"},"url":"https:\/\/www.edugestores.pe\/?author=63"}]}},"jetpack_featured_media_url":"https:\/\/www.edugestores.pe\/wp-content\/uploads\/2017\/07\/Fernandocecereseselnuevoviceministrodestgioninstitucionademinedu130717.jpg","_links":{"self":[{"href":"https:\/\/www.edugestores.pe\/index.php?rest_route=\/wp\/v2\/posts\/16802"}],"collection":[{"href":"https:\/\/www.edugestores.pe\/index.php?rest_route=\/wp\/v2\/posts"}],"about":[{"href":"https:\/\/www.edugestores.pe\/index.php?rest_route=\/wp\/v2\/types\/post"}],"author":[{"embeddable":true,"href":"https:\/\/www.edugestores.pe\/index.php?rest_route=\/wp\/v2\/users\/63"}],"replies":[{"embeddable":true,"href":"https:\/\/www.edugestores.pe\/index.php?rest_route=%2Fwp%2Fv2%2Fcomments&post=16802"}],"version-history":[{"count":3,"href":"https:\/\/www.edugestores.pe\/index.php?rest_route=\/wp\/v2\/posts\/16802\/revisions"}],"predecessor-version":[{"id":16806,"href":"https:\/\/www.edugestores.pe\/index.php?rest_route=\/wp\/v2\/posts\/16802\/revisions\/16806"}],"wp:featuredmedia":[{"embeddable":true,"href":"https:\/\/www.edugestores.pe\/index.php?rest_route=\/wp\/v2\/media\/16803"}],"wp:attachment":[{"href":"https:\/\/www.edugestores.pe\/index.php?rest_route=%2Fwp%2Fv2%2Fmedia&parent=16802"}],"wp:term":[{"taxonomy":"category","embeddable":true,"href":"https:\/\/www.edugestores.pe\/index.php?rest_route=%2Fwp%2Fv2%2Fcategories&post=16802"},{"taxonomy":"post_tag","embeddable":true,"href":"https:\/\/www.edugestores.pe\/index.php?rest_route=%2Fwp%2Fv2%2Ftags&post=16802"}],"curies":[{"name":"wp","href":"https:\/\/api.w.org\/{rel}","templated":true}]}}