{"id":16807,"date":"2017-07-13T14:32:12","date_gmt":"2017-07-13T19:32:12","guid":{"rendered":"https:\/\/www.edugestores.pe\/?p=16807"},"modified":"2017-07-22T20:39:27","modified_gmt":"2017-07-23T01:39:27","slug":"edugestores-reportan-cual-es-el-estado-del-paro-docente-en-las-regiones-del-pais","status":"publish","type":"post","link":"https:\/\/www.edugestores.pe\/?p=16807","title":{"rendered":"Edugestores reportan: \u00bfCu\u00e1l es el estado del paro docente en las regiones del pa\u00eds?"},"content":{"rendered":"<p style=\"text-align: justify;\">Los maestros de instituciones educativas p\u00fablicas\u00a0de diversas regiones del pa\u00eds acatan hoy un\u00a0paro nacional, en algunas zonas de manera parcial, y en otras de modo total,\u00a0con el objetivo de exigir al Gobierno cumplir los compromisos suscritos\u00a0el a\u00f1o 2016 en beneficio del magisterio.<\/p>\n<p style=\"text-align: justify;\">En nota del diario Correo, el secretario general del Sindicato Unitario de Trabajadores en la Educaci\u00f3n del Per\u00fa (Sutep), Alfredo Vel\u00e1squez, se\u00f1al\u00f3 que una de las demandas es la postergaci\u00f3n del sistema de evaluaci\u00f3n de desempe\u00f1o docente hasta 2018, ya que no se ha cumplido con los requisitos b\u00e1sicos para obtener resultados \u00f3ptimos en el proceso. Asimismo, indic\u00f3 que el Sutep\u00a0pide que incrementen la remuneraci\u00f3n de los docentes contratados y que el sueldo suba a S\/ 2000\u00a0sin que aumenten las horas de trabajo.<\/p>\n<div id=\"sas_51143\" style=\"text-align: justify;\">Vel\u00e1squez estim\u00f3 que\u00a0unos 250 mil maestros han paralizado sus labores hoy.\u00a0&#8220;Esperamos establecer di\u00e1logo con el Ministerio de Educaci\u00f3n (Minedu), de lo contrario evaluaremos una huelga indefinida&#8221;, agreg\u00f3.<\/div>\n<div style=\"text-align: justify;\"><\/div>\n<div style=\"text-align: justify;\">Seg\u00fan informe de La Rep\u00fablica edici\u00f3n Sur, despu\u00e9s de 28 d\u00edas de huelga de los profesores cusque\u00f1os, las acciones de fuerza se expandieron en el magisterio de Puno y Tacna. En ambas regiones, los maestros efectuaron acciones de protesta. En Moquegua, pocos salieron a marchar y solo cumplir\u00e1n un paro de 48 horas que culmina hoy. En Arequipa, paralizan por 24 horas los agremiados al Sutep Regional, aunque hay facciones minoritarias que quieren irse a la protesta indefinida. A continuaci\u00f3n un reporte seg\u00fan informaci\u00f3n de edugestores en las regiones y de medios de comunicaci\u00f3n.<\/div>\n<div style=\"text-align: justify;\"><\/div>\n<div style=\"text-align: justify;\"><strong>\u00c1ncash.<\/strong> Al menos cinco mil docentes de la provincia del Santa se sumaron al paro nacional, inform\u00f3 hoy El Comercio. Edugestor en la regi\u00f3n indica que en Sihuas, Corongo y Pallasca se ha actado el paro de modo parcial. El secretario general del Sutep en la regi\u00f3n, F\u00e9lix Figueroa Cruz, estim\u00f3, en declaraciones a El Comercio, que el 70 \u2105 de los profesores ha paralizado sus labores. Advirti\u00f3 que si no son escuchados por el Minedu\u00a0acatar\u00e1n una huelga.\u00a0En este momento, los maestros realizan una movilizaci\u00f3n pac\u00edfica en las principales calles de Chimbote.<\/div>\n<div style=\"text-align: justify;\"><\/div>\n<div style=\"text-align: justify;\"><strong>Apur\u00edmac.<\/strong>\u00a0Edugestor informa que en la Provincia de Cotabambas, en segundo d\u00eda de huelga indefinida ha paralizado \u00a0el 95% de docentes.<\/div>\n<div style=\"text-align: justify;\"><\/div>\n<div style=\"text-align: justify;\"><strong>Arequipa.<\/strong>\u00a0Seg\u00fan informaci\u00f3n de edugestores en la regi\u00f3n, el paro ha sido acatado casi de modo total con participaci\u00f3n de unos 2 mil docentes, y se han suspendido las clases en casi todas las escuelas p\u00fablicas.<\/div>\n<div style=\"text-align: justify;\"><\/div>\n<div style=\"text-align: justify;\"><strong>Ayacucho.<\/strong> Seg\u00fan edugestores de la regi\u00f3n, el paro ha sido acatado de modo parcial. Se inform\u00f3 que ayer inici\u00f3 la huelga el grupo de Conare en la regi\u00f3n, y que hoy se percibe un ligero aumento de los participantes docentes del grupo del CEN a trav\u00e9s del paro. Se observa m\u00e1s participaci\u00f3n de docentes del \u00e1rea urbano y no del \u00e1rea rural.<\/div>\n<div style=\"text-align: justify;\"><\/div>\n<div style=\"text-align: justify;\"><strong>Cusco.<\/strong> Sigue el paro desde hace m\u00e1s de veinte d\u00edas. Seg\u00fan reporte de edugestores en la zona, en Carabaya y Sicuani el respaldo al paro es total.<\/div>\n<div style=\"text-align: justify;\"><\/div>\n<div style=\"text-align: justify;\"><strong>Ica.<\/strong> Seg\u00fan informaci\u00f3n de edugestor en la regi\u00f3n, la participaci\u00f3n de los docentes en\u00a0Ica es m\u00ednima. La Direcci\u00f3n Regional de Educaci\u00f3n ha se\u00f1alado que han\u00a0trabajado con cada instituci\u00f3n educativa un plan de contingencia para hacer frente a este paro y huelga de docentes, con el fin de que los estudiantes no pierdan sus actividades acad\u00e9micas.<\/div>\n<div style=\"text-align: justify;\"><\/div>\n<div style=\"text-align: justify;\"><strong>Loreto. <\/strong>En reporte de El Comercio, se informa que cientos de maestros marcharon por las principales calles de Iquitos, y se congregaron en el frontis del Gobierno Regional de Loreto, para exigir sus derechos, como: pago de beneficios sociales, pol\u00edticas educativas, acceso, cobertura y derecho a la educaci\u00f3n, infraestructura y mobiliario, y derechos magisteriales.<\/div>\n<div style=\"text-align: justify;\"><\/div>\n<div style=\"text-align: justify;\"><strong>Piura.<\/strong> En informe de El Comercio de hoy, indican que en Piura, unos 3 mil profesores se concentraron en el Parque Infantil y luego marcharon hacia la sede del gobierno regional. La secretaria del Sutep en la regi\u00f3n, Silvia Valderrama, dijo que sus demandas incluyen la cancelaci\u00f3n del 30% de preparaci\u00f3n de clases, pagos por sepelio y luto a los docentes contratados y la postergaci\u00f3n del examen de desempe\u00f1o de profesores de educaci\u00f3n inicial en esta regi\u00f3n.\u00a0Los docentes que han acatado el paro son de las ocho provincias de Piura.<\/div>\n<div style=\"text-align: justify;\"><\/div>\n<div style=\"text-align: justify;\"><strong>Puno.<\/strong> Seg\u00fan informaci\u00f3n de Am\u00e9rica Noticias, profesores\u00a0del\u00a0Sutep\u00a0bloquearon ayer la v\u00eda\u00a0Puno-Juliaca por m\u00e1s de dos horas exigiendo el aumento de sus sueldos, entre otros. Adem\u00e1s, se movilizaron por la v\u00eda impidiendo el tr\u00e1nsito de gran cantidad de veh\u00edculos que circulan por la carretera. Por otro lado, en nota publicada en la p\u00e1gina web de radio Onda Azul,\u00a0el secretario Regional del Conare Sutep Puno, C\u00e9sar Hugo Tito Rojas, se\u00f1al\u00f3 que la prolongaci\u00f3n o cese de la huelga nacional indefinida, depender\u00e1 de la voluntad del gobierno nacional, en resolver los pedidos de los maestros. Mencion\u00f3 que con el af\u00e1n de intimidar al magisterio, recientemente el Minedu declar\u00f3 ilegal la huelga convocada.\u00a0\u201cPor ello el viernes haremos una concentraci\u00f3n general en la ciudad de Puno, este d\u00eda se instalar\u00e1 una mesa de di\u00e1logo con la presencia de las autoridades educativas de la regi\u00f3n\u201d, declar\u00f3.<br \/>\nLas demandas de los docentes en Puno son: la reasignaci\u00f3n de los maestros de forma igualitaria, adquisici\u00f3n de laptop, el no condicionamiento de las constancias de EIB para el contrato docente, entre otros.<\/div>\n<div style=\"text-align: justify;\"><\/div>\n<div style=\"text-align: justify;\"><strong>Tacna.<\/strong> Los docentes marcharon por diversas calles de la ciudad y bloquearon los accesos del norte y sur, posteriormente fueron dispersados por efectivos policiales, seg\u00fan reporte de El Comercio. Las clases no fueron suspendidas en la regi\u00f3n. Voceros de la Direcci\u00f3n Regional de Educaci\u00f3n de Tacna anunciaron que se les descontar\u00e1 parte de su sueldo a los maestros que no asistan a sus clases.<\/div>\n<div style=\"text-align: justify;\"><\/div>\n<div style=\"text-align: justify;\">Fuentes mencionadas: Correo, Onda Azul, El Comercio, La Rep\u00fablica, Am\u00e9rica TV, y edugestores en diversas regiones.<\/div>\n","protected":false},"excerpt":{"rendered":"<p>Los maestros de instituciones educativas p\u00fablicas\u00a0de diversas regiones del pa\u00eds acatan hoy un\u00a0paro nacional, en algunas zonas de manera parcial, [&hellip;]<\/p>\n","protected":false},"author":63,"featured_media":16808,"comment_status":"open","ping_status":"open","sticky":false,"template":"","format":"standard","meta":{"spay_email":""},"categories":[299,125],"tags":[],"yoast_head":"<!-- This site is optimized with the Yoast SEO plugin v18.0 - https:\/\/yoast.com\/wordpress\/plugins\/seo\/ -->\n<title>Edugestores reportan: \u00bfCu\u00e1l es el estado del paro docente en las regiones del pa\u00eds? - Red Peruana de Gestores de la Educaci\u00f3n<\/title>\n<meta name=\"robots\" content=\"index, follow, max-snippet:-1, max-image-preview:large, max-video-preview:-1\" \/>\n<link rel=\"canonical\" href=\"https:\/\/www.edugestores.pe\/?p=16807\" \/>\n<meta property=\"og:locale\" content=\"es_ES\" \/>\n<meta property=\"og:type\" content=\"article\" \/>\n<meta property=\"og:title\" content=\"Edugestores reportan: \u00bfCu\u00e1l es el estado del paro docente en las regiones del pa\u00eds? - Red Peruana de Gestores de la Educaci\u00f3n\" \/>\n<meta property=\"og:description\" content=\"Los maestros de instituciones educativas p\u00fablicas\u00a0de diversas regiones del pa\u00eds acatan hoy un\u00a0paro nacional, en algunas zonas de manera parcial, [&hellip;]\" \/>\n<meta property=\"og:url\" content=\"https:\/\/www.edugestores.pe\/?p=16807\" \/>\n<meta property=\"og:site_name\" content=\"Red Peruana de Gestores de la Educaci\u00f3n\" \/>\n<meta property=\"article:published_time\" content=\"2017-07-13T19:32:12+00:00\" \/>\n<meta property=\"article:modified_time\" content=\"2017-07-23T01:39:27+00:00\" \/>\n<meta property=\"og:image\" content=\"https:\/\/www.edugestores.pe\/wp-content\/uploads\/2017\/07\/5967b5da9997b.jpeg\" \/>\n\t<meta property=\"og:image:width\" content=\"1168\" \/>\n\t<meta property=\"og:image:height\" content=\"491\" \/>\n\t<meta property=\"og:image:type\" content=\"image\/jpeg\" \/>\n<meta name=\"twitter:card\" content=\"summary_large_image\" \/>\n<meta name=\"twitter:label1\" content=\"Escrito por\" \/>\n\t<meta name=\"twitter:data1\" content=\"Administrador\" \/>\n\t<meta name=\"twitter:label2\" content=\"Tiempo de lectura\" \/>\n\t<meta name=\"twitter:data2\" content=\"5 minutos\" \/>\n<script type=\"application\/ld+json\" class=\"yoast-schema-graph\">{\"@context\":\"https:\/\/schema.org\",\"@graph\":[{\"@type\":\"WebSite\",\"@id\":\"https:\/\/www.edugestores.pe\/#website\",\"url\":\"https:\/\/www.edugestores.pe\/\",\"name\":\"Red Peruana de Gestores de la Educaci\u00f3n\",\"description\":\"Red Peruana de Gestores de la Educaci\u00f3n\",\"potentialAction\":[{\"@type\":\"SearchAction\",\"target\":{\"@type\":\"EntryPoint\",\"urlTemplate\":\"https:\/\/www.edugestores.pe\/?s={search_term_string}\"},\"query-input\":\"required name=search_term_string\"}],\"inLanguage\":\"es\"},{\"@type\":\"ImageObject\",\"@id\":\"https:\/\/www.edugestores.pe\/?p=16807#primaryimage\",\"inLanguage\":\"es\",\"url\":\"https:\/\/www.edugestores.pe\/wp-content\/uploads\/2017\/07\/5967b5da9997b.jpeg\",\"contentUrl\":\"https:\/\/www.edugestores.pe\/wp-content\/uploads\/2017\/07\/5967b5da9997b.jpeg\",\"width\":1168,\"height\":491},{\"@type\":\"WebPage\",\"@id\":\"https:\/\/www.edugestores.pe\/?p=16807#webpage\",\"url\":\"https:\/\/www.edugestores.pe\/?p=16807\",\"name\":\"Edugestores reportan: \u00bfCu\u00e1l es el estado del paro docente en las regiones del pa\u00eds? - Red Peruana de Gestores de la Educaci\u00f3n\",\"isPartOf\":{\"@id\":\"https:\/\/www.edugestores.pe\/#website\"},\"primaryImageOfPage\":{\"@id\":\"https:\/\/www.edugestores.pe\/?p=16807#primaryimage\"},\"datePublished\":\"2017-07-13T19:32:12+00:00\",\"dateModified\":\"2017-07-23T01:39:27+00:00\",\"author\":{\"@id\":\"https:\/\/www.edugestores.pe\/#\/schema\/person\/30dc82f35f5853289037a64b35c7c7d3\"},\"breadcrumb\":{\"@id\":\"https:\/\/www.edugestores.pe\/?p=16807#breadcrumb\"},\"inLanguage\":\"es\",\"potentialAction\":[{\"@type\":\"ReadAction\",\"target\":[\"https:\/\/www.edugestores.pe\/?p=16807\"]}]},{\"@type\":\"BreadcrumbList\",\"@id\":\"https:\/\/www.edugestores.pe\/?p=16807#breadcrumb\",\"itemListElement\":[{\"@type\":\"ListItem\",\"position\":1,\"name\":\"Portada\",\"item\":\"https:\/\/www.edugestores.pe\/\"},{\"@type\":\"ListItem\",\"position\":2,\"name\":\"Edugestores reportan: \u00bfCu\u00e1l es el estado del paro docente en las regiones del pa\u00eds?\"}]},{\"@type\":\"Person\",\"@id\":\"https:\/\/www.edugestores.pe\/#\/schema\/person\/30dc82f35f5853289037a64b35c7c7d3\",\"name\":\"Administrador\",\"image\":{\"@type\":\"ImageObject\",\"@id\":\"https:\/\/www.edugestores.pe\/#personlogo\",\"inLanguage\":\"es\",\"url\":\"https:\/\/secure.gravatar.com\/avatar\/70960d1239c4d2c778bb3d2786a3c1ae?s=96&d=mm&r=g\",\"contentUrl\":\"https:\/\/secure.gravatar.com\/avatar\/70960d1239c4d2c778bb3d2786a3c1ae?s=96&d=mm&r=g\",\"caption\":\"Administrador\"},\"url\":\"https:\/\/www.edugestores.pe\/?author=63\"}]}<\/script>\n<!-- \/ Yoast SEO plugin. -->","yoast_head_json":{"title":"Edugestores reportan: \u00bfCu\u00e1l es el estado del paro docente en las regiones del pa\u00eds? - Red Peruana de Gestores de la Educaci\u00f3n","robots":{"index":"index","follow":"follow","max-snippet":"max-snippet:-1","max-image-preview":"max-image-preview:large","max-video-preview":"max-video-preview:-1"},"canonical":"https:\/\/www.edugestores.pe\/?p=16807","og_locale":"es_ES","og_type":"article","og_title":"Edugestores reportan: \u00bfCu\u00e1l es el estado del paro docente en las regiones del pa\u00eds? - Red Peruana de Gestores de la Educaci\u00f3n","og_description":"Los maestros de instituciones educativas p\u00fablicas\u00a0de diversas regiones del pa\u00eds acatan hoy un\u00a0paro nacional, en algunas zonas de manera parcial, [&hellip;]","og_url":"https:\/\/www.edugestores.pe\/?p=16807","og_site_name":"Red Peruana de Gestores de la Educaci\u00f3n","article_published_time":"2017-07-13T19:32:12+00:00","article_modified_time":"2017-07-23T01:39:27+00:00","og_image":[{"width":1168,"height":491,"url":"https:\/\/www.edugestores.pe\/wp-content\/uploads\/2017\/07\/5967b5da9997b.jpeg","type":"image\/jpeg"}],"twitter_card":"summary_large_image","twitter_misc":{"Escrito por":"Administrador","Tiempo de lectura":"5 minutos"},"schema":{"@context":"https:\/\/schema.org","@graph":[{"@type":"WebSite","@id":"https:\/\/www.edugestores.pe\/#website","url":"https:\/\/www.edugestores.pe\/","name":"Red Peruana de Gestores de la Educaci\u00f3n","description":"Red Peruana de Gestores de la Educaci\u00f3n","potentialAction":[{"@type":"SearchAction","target":{"@type":"EntryPoint","urlTemplate":"https:\/\/www.edugestores.pe\/?s={search_term_string}"},"query-input":"required name=search_term_string"}],"inLanguage":"es"},{"@type":"ImageObject","@id":"https:\/\/www.edugestores.pe\/?p=16807#primaryimage","inLanguage":"es","url":"https:\/\/www.edugestores.pe\/wp-content\/uploads\/2017\/07\/5967b5da9997b.jpeg","contentUrl":"https:\/\/www.edugestores.pe\/wp-content\/uploads\/2017\/07\/5967b5da9997b.jpeg","width":1168,"height":491},{"@type":"WebPage","@id":"https:\/\/www.edugestores.pe\/?p=16807#webpage","url":"https:\/\/www.edugestores.pe\/?p=16807","name":"Edugestores reportan: \u00bfCu\u00e1l es el estado del paro docente en las regiones del pa\u00eds? - Red Peruana de Gestores de la Educaci\u00f3n","isPartOf":{"@id":"https:\/\/www.edugestores.pe\/#website"},"primaryImageOfPage":{"@id":"https:\/\/www.edugestores.pe\/?p=16807#primaryimage"},"datePublished":"2017-07-13T19:32:12+00:00","dateModified":"2017-07-23T01:39:27+00:00","author":{"@id":"https:\/\/www.edugestores.pe\/#\/schema\/person\/30dc82f35f5853289037a64b35c7c7d3"},"breadcrumb":{"@id":"https:\/\/www.edugestores.pe\/?p=16807#breadcrumb"},"inLanguage":"es","potentialAction":[{"@type":"ReadAction","target":["https:\/\/www.edugestores.pe\/?p=16807"]}]},{"@type":"BreadcrumbList","@id":"https:\/\/www.edugestores.pe\/?p=16807#breadcrumb","itemListElement":[{"@type":"ListItem","position":1,"name":"Portada","item":"https:\/\/www.edugestores.pe\/"},{"@type":"ListItem","position":2,"name":"Edugestores reportan: \u00bfCu\u00e1l es el estado del paro docente en las regiones del pa\u00eds?"}]},{"@type":"Person","@id":"https:\/\/www.edugestores.pe\/#\/schema\/person\/30dc82f35f5853289037a64b35c7c7d3","name":"Administrador","image":{"@type":"ImageObject","@id":"https:\/\/www.edugestores.pe\/#personlogo","inLanguage":"es","url":"https:\/\/secure.gravatar.com\/avatar\/70960d1239c4d2c778bb3d2786a3c1ae?s=96&d=mm&r=g","contentUrl":"https:\/\/secure.gravatar.com\/avatar\/70960d1239c4d2c778bb3d2786a3c1ae?s=96&d=mm&r=g","caption":"Administrador"},"url":"https:\/\/www.edugestores.pe\/?author=63"}]}},"jetpack_featured_media_url":"https:\/\/www.edugestores.pe\/wp-content\/uploads\/2017\/07\/5967b5da9997b.jpeg","_links":{"self":[{"href":"https:\/\/www.edugestores.pe\/index.php?rest_route=\/wp\/v2\/posts\/16807"}],"collection":[{"href":"https:\/\/www.edugestores.pe\/index.php?rest_route=\/wp\/v2\/posts"}],"about":[{"href":"https:\/\/www.edugestores.pe\/index.php?rest_route=\/wp\/v2\/types\/post"}],"author":[{"embeddable":true,"href":"https:\/\/www.edugestores.pe\/index.php?rest_route=\/wp\/v2\/users\/63"}],"replies":[{"embeddable":true,"href":"https:\/\/www.edugestores.pe\/index.php?rest_route=%2Fwp%2Fv2%2Fcomments&post=16807"}],"version-history":[{"count":1,"href":"https:\/\/www.edugestores.pe\/index.php?rest_route=\/wp\/v2\/posts\/16807\/revisions"}],"predecessor-version":[{"id":16809,"href":"https:\/\/www.edugestores.pe\/index.php?rest_route=\/wp\/v2\/posts\/16807\/revisions\/16809"}],"wp:featuredmedia":[{"embeddable":true,"href":"https:\/\/www.edugestores.pe\/index.php?rest_route=\/wp\/v2\/media\/16808"}],"wp:attachment":[{"href":"https:\/\/www.edugestores.pe\/index.php?rest_route=%2Fwp%2Fv2%2Fmedia&parent=16807"}],"wp:term":[{"taxonomy":"category","embeddable":true,"href":"https:\/\/www.edugestores.pe\/index.php?rest_route=%2Fwp%2Fv2%2Fcategories&post=16807"},{"taxonomy":"post_tag","embeddable":true,"href":"https:\/\/www.edugestores.pe\/index.php?rest_route=%2Fwp%2Fv2%2Ftags&post=16807"}],"curies":[{"name":"wp","href":"https:\/\/api.w.org\/{rel}","templated":true}]}}