{"id":17941,"date":"2017-10-19T10:25:20","date_gmt":"2017-10-19T15:25:20","guid":{"rendered":"https:\/\/www.edugestores.pe\/?p=17941"},"modified":"2017-10-26T23:07:15","modified_gmt":"2017-10-27T04:07:15","slug":"hoy-comenzo-el-xii-encuentro-nacional-de-regiones-del-cne","status":"publish","type":"post","link":"https:\/\/www.edugestores.pe\/?p=17941","title":{"rendered":"Hoy comenz\u00f3 el XII Encuentro Nacional de Regiones del CNE"},"content":{"rendered":"<p style=\"text-align: justify;\">Con el t\u00edtulo \u201cHacia una pol\u00edtica integral de desarrollo y gesti\u00f3n de la docencia\u201d, el Consejo Nacional de Educaci\u00f3n (CNE) dio inicio esta ma\u00f1ana al XII \u00a0Encuentro Nacional de Regiones (ENR), que se desarrolla en las instalaciones del Colegio Bel\u00e9n en San Isidro. Este evento est\u00e1 dirigido a autoridades de los gobiernos regionales (DRE y UGEL) as\u00ed como a especialistas y expertos en el tema educativo y a docentes.<\/p>\n<p style=\"text-align: justify;\">En la inauguraci\u00f3n\u00a0el ministro de Educaci\u00f3n, Idel Vexler, indic\u00f3 que &#8220;La educaci\u00f3n no es s\u00f3lo curr\u00edculo, gesti\u00f3n o infraestructura. En primer lugar es asumir la Educaci\u00f3n como derecho, lo que\u00a0 significa formar personas saludables, buenos ciudadanos con valores, personas productivas en todos los campos del desarrollo. Desde all\u00ed planteamos pol\u00edticas de continuidad y cambio&#8221;.<\/p>\n<p style=\"text-align: justify;\">Se\u00f1al\u00f3 en su exposici\u00f3n que &#8220;Uno de los ejes de nuestra pol\u00edtica es tener mejores maestros para tener mejores estudiantes. Esta unidad permite reconocer que la docencia tiene que estar presente en las pol\u00edticas educativas. El maestro es una persona y cuando est\u00e1 en contacto con los estudiantes pone en juego toda su persona&#8221;.<\/p>\n<p style=\"text-align: justify;\">Para finalizar su discurso, el ministro indic\u00f3 que &#8220;el Minedu est\u00e1 abierto a trabajar con los maestros y no contra los maestros. He recibido a los maestros representantes legales de los docentes, pero tambi\u00e9n a quienes son dirigentes leg\u00edtimos, m\u00e1s all\u00e1 de las diferencias que se pueda tener en algunos puntos de vista&#8221;.<\/p>\n<p style=\"text-align: justify;\">En su saludo de bienvenida, el presidente del Consejo Nacional de Educaci\u00f3n,\u00a0C\u00e9sar Guadalupe, se\u00f1al\u00f3 que\u00a0 &#8220;No se puede hacer pol\u00edtica educativa ignorando al maestro, de espaldas a \u00e9l, y\u00a0 mucho menos contra \u00e9l. Sostuvo que el\u00a0programa del evento ha identificado ejes en la pol\u00edtica del desarrollo docente: formaci\u00f3n, carrera, bienestar, gesti\u00f3n y planificaci\u00f3n, con la finalidad de brindar aportes tanto par la construcci\u00f3n del Proyecto Educativo Nacional al 2036 como para decisiones de pol\u00edticas a corto plazo.<\/p>\n<p style=\"text-align: justify;\">Por otro lado, el primer panel del d\u00eda \u201cEstado actual de las pol\u00edticas de desarrollo y gesti\u00f3n de la docencia\u201d, conducido por el consejero Grover Pango, cont\u00f3 con las exposiciones del viceministro de Gesti\u00f3n Pedag\u00f3gica del Minedu, Guillermo Molinari, y de los consejeros Lea Sulmont y Jorge Jaime.<\/p>\n<p style=\"text-align: justify;\">La educadora Lea Sulmont sostuvo que &#8220;el docente tiene que creer profundamente que todos sus estudiantes pueden aprender. Encuentra oportunidades para la iniciativa. Inspira. Educa desde el cari\u00f1o&#8221;. Agreg\u00f3 que &#8220;en el Per\u00fa tenemos una ruta bien avanzada en la definici\u00f3n del docente que queremos, que est\u00e1 en el marco del buen desempe\u00f1o docente. Pero si el docente no cree en sus alumnos esos desempe\u00f1os no tienen sentido&#8221;. &#8220;El marco del buen desempe\u00f1o necesita una imagen renovada del docente&#8221;, finaliz\u00f3.<\/p>\n<p style=\"text-align: justify;\">Por su parte, el consejero Jorge Jaime describi\u00f3 algunas propuestas para la mejora de la Carrera P\u00fablica Magisterial elaboradas por el CNE, como reducir el n\u00famero de las escalas, ya que permitir\u00eda menos evaluaciones y m\u00e1s fondos para los salarios.<\/p>\n<p style=\"text-align: justify;\">En Edugestores seguiremos publicando notas sobre los otros paneles que se desarrollar\u00e1n en este evento tanto hoy 19 como ma\u00f1ana 20 de octubre.<\/p>\n","protected":false},"excerpt":{"rendered":"<p>Con el t\u00edtulo \u201cHacia una pol\u00edtica integral de desarrollo y gesti\u00f3n de la docencia\u201d, el Consejo Nacional de Educaci\u00f3n (CNE) [&hellip;]<\/p>\n","protected":false},"author":63,"featured_media":17942,"comment_status":"open","ping_status":"open","sticky":false,"template":"","format":"standard","meta":{"spay_email":""},"categories":[125],"tags":[],"yoast_head":"<!-- This site is optimized with the Yoast SEO plugin v18.0 - https:\/\/yoast.com\/wordpress\/plugins\/seo\/ -->\n<title>Hoy comenz\u00f3 el XII Encuentro Nacional de Regiones del CNE - Red Peruana de Gestores de la Educaci\u00f3n<\/title>\n<meta name=\"robots\" content=\"index, follow, max-snippet:-1, max-image-preview:large, max-video-preview:-1\" \/>\n<link rel=\"canonical\" href=\"https:\/\/www.edugestores.pe\/?p=17941\" \/>\n<meta property=\"og:locale\" content=\"es_ES\" \/>\n<meta property=\"og:type\" content=\"article\" \/>\n<meta property=\"og:title\" content=\"Hoy comenz\u00f3 el XII Encuentro Nacional de Regiones del CNE - Red Peruana de Gestores de la Educaci\u00f3n\" \/>\n<meta property=\"og:description\" content=\"Con el t\u00edtulo \u201cHacia una pol\u00edtica integral de desarrollo y gesti\u00f3n de la docencia\u201d, el Consejo Nacional de Educaci\u00f3n (CNE) [&hellip;]\" \/>\n<meta property=\"og:url\" content=\"https:\/\/www.edugestores.pe\/?p=17941\" \/>\n<meta property=\"og:site_name\" content=\"Red Peruana de Gestores de la Educaci\u00f3n\" \/>\n<meta property=\"article:published_time\" content=\"2017-10-19T15:25:20+00:00\" \/>\n<meta property=\"article:modified_time\" content=\"2017-10-27T04:07:15+00:00\" \/>\n<meta property=\"og:image\" content=\"https:\/\/www.edugestores.pe\/wp-content\/uploads\/2017\/10\/Captura-de-pantalla-2017-10-19-09.50.25.png\" \/>\n\t<meta property=\"og:image:width\" content=\"844\" \/>\n\t<meta property=\"og:image:height\" content=\"422\" \/>\n\t<meta property=\"og:image:type\" content=\"image\/png\" \/>\n<meta name=\"twitter:card\" content=\"summary_large_image\" \/>\n<meta name=\"twitter:label1\" content=\"Escrito por\" \/>\n\t<meta name=\"twitter:data1\" content=\"Administrador\" \/>\n\t<meta name=\"twitter:label2\" content=\"Tiempo de lectura\" \/>\n\t<meta name=\"twitter:data2\" content=\"3 minutos\" \/>\n<script type=\"application\/ld+json\" class=\"yoast-schema-graph\">{\"@context\":\"https:\/\/schema.org\",\"@graph\":[{\"@type\":\"WebSite\",\"@id\":\"https:\/\/www.edugestores.pe\/#website\",\"url\":\"https:\/\/www.edugestores.pe\/\",\"name\":\"Red Peruana de Gestores de la Educaci\u00f3n\",\"description\":\"Red Peruana de Gestores de la Educaci\u00f3n\",\"potentialAction\":[{\"@type\":\"SearchAction\",\"target\":{\"@type\":\"EntryPoint\",\"urlTemplate\":\"https:\/\/www.edugestores.pe\/?s={search_term_string}\"},\"query-input\":\"required name=search_term_string\"}],\"inLanguage\":\"es\"},{\"@type\":\"ImageObject\",\"@id\":\"https:\/\/www.edugestores.pe\/?p=17941#primaryimage\",\"inLanguage\":\"es\",\"url\":\"https:\/\/www.edugestores.pe\/wp-content\/uploads\/2017\/10\/Captura-de-pantalla-2017-10-19-09.50.25.png\",\"contentUrl\":\"https:\/\/www.edugestores.pe\/wp-content\/uploads\/2017\/10\/Captura-de-pantalla-2017-10-19-09.50.25.png\",\"width\":844,\"height\":422},{\"@type\":\"WebPage\",\"@id\":\"https:\/\/www.edugestores.pe\/?p=17941#webpage\",\"url\":\"https:\/\/www.edugestores.pe\/?p=17941\",\"name\":\"Hoy comenz\u00f3 el XII Encuentro Nacional de Regiones del CNE - Red Peruana de Gestores de la Educaci\u00f3n\",\"isPartOf\":{\"@id\":\"https:\/\/www.edugestores.pe\/#website\"},\"primaryImageOfPage\":{\"@id\":\"https:\/\/www.edugestores.pe\/?p=17941#primaryimage\"},\"datePublished\":\"2017-10-19T15:25:20+00:00\",\"dateModified\":\"2017-10-27T04:07:15+00:00\",\"author\":{\"@id\":\"https:\/\/www.edugestores.pe\/#\/schema\/person\/30dc82f35f5853289037a64b35c7c7d3\"},\"breadcrumb\":{\"@id\":\"https:\/\/www.edugestores.pe\/?p=17941#breadcrumb\"},\"inLanguage\":\"es\",\"potentialAction\":[{\"@type\":\"ReadAction\",\"target\":[\"https:\/\/www.edugestores.pe\/?p=17941\"]}]},{\"@type\":\"BreadcrumbList\",\"@id\":\"https:\/\/www.edugestores.pe\/?p=17941#breadcrumb\",\"itemListElement\":[{\"@type\":\"ListItem\",\"position\":1,\"name\":\"Portada\",\"item\":\"https:\/\/www.edugestores.pe\/\"},{\"@type\":\"ListItem\",\"position\":2,\"name\":\"Hoy comenz\u00f3 el XII Encuentro Nacional de Regiones del CNE\"}]},{\"@type\":\"Person\",\"@id\":\"https:\/\/www.edugestores.pe\/#\/schema\/person\/30dc82f35f5853289037a64b35c7c7d3\",\"name\":\"Administrador\",\"image\":{\"@type\":\"ImageObject\",\"@id\":\"https:\/\/www.edugestores.pe\/#personlogo\",\"inLanguage\":\"es\",\"url\":\"https:\/\/secure.gravatar.com\/avatar\/70960d1239c4d2c778bb3d2786a3c1ae?s=96&d=mm&r=g\",\"contentUrl\":\"https:\/\/secure.gravatar.com\/avatar\/70960d1239c4d2c778bb3d2786a3c1ae?s=96&d=mm&r=g\",\"caption\":\"Administrador\"},\"url\":\"https:\/\/www.edugestores.pe\/?author=63\"}]}<\/script>\n<!-- \/ Yoast SEO plugin. -->","yoast_head_json":{"title":"Hoy comenz\u00f3 el XII Encuentro Nacional de Regiones del CNE - Red Peruana de Gestores de la Educaci\u00f3n","robots":{"index":"index","follow":"follow","max-snippet":"max-snippet:-1","max-image-preview":"max-image-preview:large","max-video-preview":"max-video-preview:-1"},"canonical":"https:\/\/www.edugestores.pe\/?p=17941","og_locale":"es_ES","og_type":"article","og_title":"Hoy comenz\u00f3 el XII Encuentro Nacional de Regiones del CNE - Red Peruana de Gestores de la Educaci\u00f3n","og_description":"Con el t\u00edtulo \u201cHacia una pol\u00edtica integral de desarrollo y gesti\u00f3n de la docencia\u201d, el Consejo Nacional de Educaci\u00f3n (CNE) [&hellip;]","og_url":"https:\/\/www.edugestores.pe\/?p=17941","og_site_name":"Red Peruana de Gestores de la Educaci\u00f3n","article_published_time":"2017-10-19T15:25:20+00:00","article_modified_time":"2017-10-27T04:07:15+00:00","og_image":[{"width":844,"height":422,"url":"https:\/\/www.edugestores.pe\/wp-content\/uploads\/2017\/10\/Captura-de-pantalla-2017-10-19-09.50.25.png","type":"image\/png"}],"twitter_card":"summary_large_image","twitter_misc":{"Escrito por":"Administrador","Tiempo de lectura":"3 minutos"},"schema":{"@context":"https:\/\/schema.org","@graph":[{"@type":"WebSite","@id":"https:\/\/www.edugestores.pe\/#website","url":"https:\/\/www.edugestores.pe\/","name":"Red Peruana de Gestores de la Educaci\u00f3n","description":"Red Peruana de Gestores de la Educaci\u00f3n","potentialAction":[{"@type":"SearchAction","target":{"@type":"EntryPoint","urlTemplate":"https:\/\/www.edugestores.pe\/?s={search_term_string}"},"query-input":"required name=search_term_string"}],"inLanguage":"es"},{"@type":"ImageObject","@id":"https:\/\/www.edugestores.pe\/?p=17941#primaryimage","inLanguage":"es","url":"https:\/\/www.edugestores.pe\/wp-content\/uploads\/2017\/10\/Captura-de-pantalla-2017-10-19-09.50.25.png","contentUrl":"https:\/\/www.edugestores.pe\/wp-content\/uploads\/2017\/10\/Captura-de-pantalla-2017-10-19-09.50.25.png","width":844,"height":422},{"@type":"WebPage","@id":"https:\/\/www.edugestores.pe\/?p=17941#webpage","url":"https:\/\/www.edugestores.pe\/?p=17941","name":"Hoy comenz\u00f3 el XII Encuentro Nacional de Regiones del CNE - Red Peruana de Gestores de la Educaci\u00f3n","isPartOf":{"@id":"https:\/\/www.edugestores.pe\/#website"},"primaryImageOfPage":{"@id":"https:\/\/www.edugestores.pe\/?p=17941#primaryimage"},"datePublished":"2017-10-19T15:25:20+00:00","dateModified":"2017-10-27T04:07:15+00:00","author":{"@id":"https:\/\/www.edugestores.pe\/#\/schema\/person\/30dc82f35f5853289037a64b35c7c7d3"},"breadcrumb":{"@id":"https:\/\/www.edugestores.pe\/?p=17941#breadcrumb"},"inLanguage":"es","potentialAction":[{"@type":"ReadAction","target":["https:\/\/www.edugestores.pe\/?p=17941"]}]},{"@type":"BreadcrumbList","@id":"https:\/\/www.edugestores.pe\/?p=17941#breadcrumb","itemListElement":[{"@type":"ListItem","position":1,"name":"Portada","item":"https:\/\/www.edugestores.pe\/"},{"@type":"ListItem","position":2,"name":"Hoy comenz\u00f3 el XII Encuentro Nacional de Regiones del CNE"}]},{"@type":"Person","@id":"https:\/\/www.edugestores.pe\/#\/schema\/person\/30dc82f35f5853289037a64b35c7c7d3","name":"Administrador","image":{"@type":"ImageObject","@id":"https:\/\/www.edugestores.pe\/#personlogo","inLanguage":"es","url":"https:\/\/secure.gravatar.com\/avatar\/70960d1239c4d2c778bb3d2786a3c1ae?s=96&d=mm&r=g","contentUrl":"https:\/\/secure.gravatar.com\/avatar\/70960d1239c4d2c778bb3d2786a3c1ae?s=96&d=mm&r=g","caption":"Administrador"},"url":"https:\/\/www.edugestores.pe\/?author=63"}]}},"jetpack_featured_media_url":"https:\/\/www.edugestores.pe\/wp-content\/uploads\/2017\/10\/Captura-de-pantalla-2017-10-19-09.50.25.png","_links":{"self":[{"href":"https:\/\/www.edugestores.pe\/index.php?rest_route=\/wp\/v2\/posts\/17941"}],"collection":[{"href":"https:\/\/www.edugestores.pe\/index.php?rest_route=\/wp\/v2\/posts"}],"about":[{"href":"https:\/\/www.edugestores.pe\/index.php?rest_route=\/wp\/v2\/types\/post"}],"author":[{"embeddable":true,"href":"https:\/\/www.edugestores.pe\/index.php?rest_route=\/wp\/v2\/users\/63"}],"replies":[{"embeddable":true,"href":"https:\/\/www.edugestores.pe\/index.php?rest_route=%2Fwp%2Fv2%2Fcomments&post=17941"}],"version-history":[{"count":1,"href":"https:\/\/www.edugestores.pe\/index.php?rest_route=\/wp\/v2\/posts\/17941\/revisions"}],"predecessor-version":[{"id":17943,"href":"https:\/\/www.edugestores.pe\/index.php?rest_route=\/wp\/v2\/posts\/17941\/revisions\/17943"}],"wp:featuredmedia":[{"embeddable":true,"href":"https:\/\/www.edugestores.pe\/index.php?rest_route=\/wp\/v2\/media\/17942"}],"wp:attachment":[{"href":"https:\/\/www.edugestores.pe\/index.php?rest_route=%2Fwp%2Fv2%2Fmedia&parent=17941"}],"wp:term":[{"taxonomy":"category","embeddable":true,"href":"https:\/\/www.edugestores.pe\/index.php?rest_route=%2Fwp%2Fv2%2Fcategories&post=17941"},{"taxonomy":"post_tag","embeddable":true,"href":"https:\/\/www.edugestores.pe\/index.php?rest_route=%2Fwp%2Fv2%2Ftags&post=17941"}],"curies":[{"name":"wp","href":"https:\/\/api.w.org\/{rel}","templated":true}]}}