{"id":17996,"date":"2017-10-25T00:05:56","date_gmt":"2017-10-25T05:05:56","guid":{"rendered":"https:\/\/www.edugestores.pe\/?p=17996"},"modified":"2017-11-11T22:29:20","modified_gmt":"2017-11-12T03:29:20","slug":"edugestores-reporta-destacados-setiembre-2017","status":"publish","type":"post","link":"https:\/\/www.edugestores.pe\/?p=17996","title":{"rendered":"Edugestores Reporta: Destacados setiembre 2017"},"content":{"rendered":"<h1 style=\"text-align: center;\">\u00bfCu\u00e1les son las regiones que m\u00e1s participan en\u00a0<em>Edugestores?<\/em><\/h1>\n<hr \/>\n<p style=\"text-align: center;\"><b>Tambi\u00e9n conoce cu\u00e1ntos usuarios estuvieron activos en la red en\u00a0setiembre<\/b><\/p>\n<hr \/>\n<p style=\"text-align: justify;\">En Edugestores hemos llegado a ser m\u00e1s de 600 usuarios activos, entre especialistas, docentes, coordinadores regionales, gerentes y directores de DRE y directores UGEL, en nuestra plataforma. Poco a poco nos vamos afirmando como una comunidad de gesti\u00f3n de conocimiento pero tambi\u00e9n de intercambio de experiencias y pr\u00e1cticas para la mejora de las capacidades en la gesti\u00f3n educativa.<\/p>\n<p style=\"text-align: justify;\">En setiembre, Cusco, Lambayeque, \u00c1ncash y Arequipa, seguidas de Puno, han sido las regiones con mayores representantes en nuestra plataforma. Saludamos el esfuerzo por participar y a su vez invitamos a las dem\u00e1s regiones a seguir comentando, brindando aportes, y a seguir compartiendo sus lecciones y experiencias en la gesti\u00f3n descentralizada.<\/p>\n<p style=\"text-align: justify;\">En ese mes los temas que m\u00e1s captaron la atenci\u00f3n fueron inevitablemente el de la huelga magisterial y los asuntos ministeriales, tras la renuncia del gabinete del premier Fernando Zavala.\u00a0Tambi\u00e9n destacamos que el grupo m\u00e1s activo durante el mes fue el de la\u00a0Gesti\u00f3n Estrat\u00e9gica de la EIB, sobre todo debido a algunos eventos realizados en la capital y a la sistematizaci\u00f3n de algunos aportes sobre el tema.<\/p>\n<hr \/>\n<p><strong>CONOCE A LOS EDUGESTORES DESTACADOS DE SETIEMBRE 2017\u00a0<\/strong><\/p>\n<hr \/>\n<p><img decoding=\"async\" loading=\"lazy\" class=\" wp-image-13831 alignright\" src=\"https:\/\/www.edugestores.pe\/wp-content\/uploads\/2017\/02\/medalla-edugestores-204x300.jpg\" alt=\"medalla edugestores\" width=\"105\" height=\"155\" srcset=\"https:\/\/www.edugestores.pe\/wp-content\/uploads\/2017\/02\/medalla-edugestores-204x300.jpg 204w, https:\/\/www.edugestores.pe\/wp-content\/uploads\/2017\/02\/medalla-edugestores-68x100.jpg 68w, https:\/\/www.edugestores.pe\/wp-content\/uploads\/2017\/02\/medalla-edugestores.jpg 435w\" sizes=\"(max-width: 105px) 100vw, 105px\" \/><\/p>\n<p>Durante setiembre, tres miembros de nuestra comunidad destacaron por su activa participaci\u00f3n en Edugestores.\u00a0Los aportes se dieron tanto dentro del Grupo de Inter\u00e9s\u00a0<em>Gesti\u00f3n Estrat\u00e9gica de la EIB,\u00a0c<\/em>omo en el debate sobre el conflicto docente.\u00a0A raiz de este debate, surgieron importantes aportes que nos ayudaron a elaborar un an\u00e1lisis y recomendaciones, condensados en nuestro Edugestores Propone N\u00b0 12. Gracias a Salvador, Luis Enrique y Elva Mar\u00eda por sus aportes.<\/p>\n<p>&nbsp;<\/p>\n<hr \/>\n<p><a href=\"https:\/\/www.edugestores.pe\/wp-content\/uploads\/2017\/10\/foto.jpg\"><img decoding=\"async\" loading=\"lazy\" class=\" size-thumbnail wp-image-17998 alignleft\" src=\"https:\/\/www.edugestores.pe\/wp-content\/uploads\/2017\/10\/foto-150x150.jpg\" alt=\"foto\" width=\"150\" height=\"150\" \/><\/a><\/p>\n<p style=\"text-align: justify;\">\u00a0<strong>SALVADOR BECERRA:<\/strong>\u00a0Es docente y formador. Es especialista\u00a0de la regi\u00f3n Lambayeque.\u00a0 Salvador se uni\u00f3 a Edugestores hace algunos meses y ya es un miembro muy activo, teniendo\u00a0 \u00a0trece participaciones en la red, sobre todo en torno a la situaci\u00f3n actual del magisterio tras la\u00a0 \u00a0huelga y sobre la evaluaci\u00f3n del desempe\u00f1o. Sobre el conflicto magisterial, indic\u00f3 que &#8220;la\u00a0 \u00a0huelga es la \u00fanica herramienta del trabajador, y que a trav\u00e9s de ella puede arrancar algo a los\u00a0 \u00a0gobiernos intransigentes de turno. En esta oportunidad casi nada se ha obtenido, pero se ha\u00a0 \u00a0demostrado el poder del maestro para mover las masas, no solamente de los colegas indecisos, sino tambi\u00e9n de padres de familia, estudiantes y pueblo en general. En cuanto a la normatividad, siempre se ha hecho en escritorio sin consulta y, por ende, est\u00e1 en contra de los intereses del maestro, por tanto debe derogarse y elaborarse normas previa consulta a las bases. La evaluaci\u00f3n es\u00a0 necesaria pero no de la forma que quieren realizarlo, pues su \u00fanico objetivo es privatizar la educaci\u00f3n&#8221;. Gracias, Salvador, por tus aportes.<\/p>\n<hr \/>\n<p style=\"text-align: justify;\"><strong><a href=\"https:\/\/www.edugestores.pe\/wp-content\/uploads\/2017\/10\/c6f6d12a95a09db028a77e915ef36582-bpfull.jpg\"><img decoding=\"async\" loading=\"lazy\" class=\"size-full wp-image-17999 alignright\" src=\"https:\/\/www.edugestores.pe\/wp-content\/uploads\/2017\/10\/c6f6d12a95a09db028a77e915ef36582-bpfull.jpg\" alt=\"c6f6d12a95a09db028a77e915ef36582-bpfull\" width=\"150\" height=\"150\" srcset=\"https:\/\/www.edugestores.pe\/wp-content\/uploads\/2017\/10\/c6f6d12a95a09db028a77e915ef36582-bpfull.jpg 150w, https:\/\/www.edugestores.pe\/wp-content\/uploads\/2017\/10\/c6f6d12a95a09db028a77e915ef36582-bpfull-100x100.jpg 100w\" sizes=\"(max-width: 150px) 100vw, 150px\" \/><\/a>LUIS ENRIQUE TINEO QUISPE:<\/strong>\u00a0 Es consultor e investigador en temas educativos y vive\u00a0 en Lima. Ha realizado labores como coordinador de Actividades de Est\u00edmulos Docentes y\u00a0 Reforma Magisterial en el Ministerio de Educaci\u00f3n del Per\u00fa. En setiembre particip\u00f3\u00a0 activamente en el debate sobre qu\u00e9 lecciones se pod\u00edan extraer de la huelga que tuvo en vilo al\u00a0 pa\u00eds durante varios meses. Luis Enrique sostuvo que &#8220;La huelga magisterial en sus primeros 55\u00a0 d\u00edas goz\u00f3 de legitimidad y de respaldo social en solidaridad a los docentes, quienes han\u00a0 acumulado un descontento en los \u00faltimos 12 a\u00f1os, cansados de promesas y amenazas de los\u00a0 diferentes gobiernos de turno, y frente a una Ley meritocr\u00e1tica que alguna vez provoc\u00f3 expectativas, pero al no concluirse su implementaci\u00f3n de manera oportuna, \u00e9stas expectativas se fueron debilit\u00e1ndose. La crisis estructural evidenciada permitir\u00eda condiciones para cambiar y mejorar la educaci\u00f3n p\u00fablica&#8221;.<\/p>\n<hr \/>\n<p style=\"text-align: justify;\"><a href=\"https:\/\/www.edugestores.pe\/wp-content\/uploads\/2017\/10\/002yut7x6e6o58a.jpg\"><img decoding=\"async\" loading=\"lazy\" class=\"size-thumbnail wp-image-18000 alignleft\" src=\"https:\/\/www.edugestores.pe\/wp-content\/uploads\/2017\/10\/002yut7x6e6o58a-140x150.jpg\" alt=\"002yut7x6e6o58a\" width=\"140\" height=\"150\" \/><\/a><strong>\u00a0 ELVA MAR\u00cdA JANAMPA CASAVILCA<\/strong>:\u00a0 Es docente de la instituci\u00f3n educativa N\u00b0 1230 y\u00a0 \u00a0permanece muy activa participando en nuestra red, sobre todo en temas relacionados al\u00a0 \u00a0profesor y su problem\u00e1tica.\u00a0 Sobre el conflicto magisterial sostuvo que &#8220;la huelga fue una\u00a0 \u00a0necesidad del magisterio, pero que los dirigentes no canalizaron y de ello se aprovecharon las\u00a0 \u00a0tendencias que solo buscan agua para su molino. Sino queremos nuevamente a maestros en las\u00a0 \u00a0calles y generar conflicto, hay que tener decisi\u00f3n politica para mejorar la educaci\u00f3n de nuestros\u00a0 \u00a0ni\u00f1os y ni\u00f1as, ya que el cambio solo es posible con decisi\u00f3n pol\u00edtica, mayor presupuesto para educaci\u00f3n, bien administrado. No despilfarraremos el dinero sino seguiremos en las mismas, porque la frustraci\u00f3n puede abrir brechas muy grandes&#8221;.<\/p>\n<hr \/>\n<p><strong>NOTICIAS M\u00c1S VISTAS DURANTE EL MES<\/strong><\/p>\n<ul>\n<li><a class=\"row-title\" title=\"Editar \u201cMinedu publica comunicado sobre descuentos y el pago por planes de recuperaci\u00f3n de clases\u00a0\u201d\" href=\"https:\/\/www.edugestores.pe\/minedu-publica-comunicado-sobre-descuentos-y-el-pago-por-planes-de-recuperacion-de-clases\/\">Minedu publica comunicado sobre descuentos y el pago por planes de recuperaci\u00f3n de clases\u00a0<\/a>: 1910 visitas<\/li>\n<li><a href=\"https:\/\/www.edugestores.pe\/y-quien-evalua-al-evaluador-del-desempeno-docente-un-articulo-de-ramon-espejo\/\">\u00bfY qui\u00e9n eval\u00faa al evaluador del desempe\u00f1o docente?, un art\u00edculo de Ram\u00f3n Espejo<\/a><br \/>\n1621\u00a0visitas<\/li>\n<li><a class=\"row-title\" title=\"Editar \u201cPrimeras medidas del ministro Vexler, un art\u00edculo de Hugo D\u00edaz\u201d\" href=\"https:\/\/www.edugestores.pe\/primeras-medidas-del-ministro-vexler-un-articulo-de-hugo-diaz\/\">Vexler, un art\u00edculo de Hugo D\u00edaz<\/a>: 1610 visitas<\/li>\n<\/ul>\n<hr \/>\n<p><strong>EDUGESTORES\u00a0REPORTAN<\/strong><\/p>\n<ul>\n<li>\n<p class=\"page-title\"><a href=\"https:\/\/www.edugestores.pe\/edugestores-reporta-evolucion-de-negociacion-de-demandas-en-educacion\/\">Edugestores reporta:\u00a0Evoluci\u00f3n de las demandas magisteriales<\/a><\/p>\n<\/li>\n<li>\n<p class=\"page-title\"><a href=\"https:\/\/www.edugestores.pe\/edugestores-reporta-como-se-dio-la-evaluacion-docente-en-las-regiones\/\">Edugestores reporta:\u00a0\u00bfC\u00f3mo se dio la evaluaci\u00f3n docente en las regiones?<\/a><\/p>\n<\/li>\n<\/ul>\n<p>&nbsp;<\/p>\n","protected":false},"excerpt":{"rendered":"<p>\u00bfCu\u00e1les son las regiones que m\u00e1s participan en\u00a0Edugestores? Tambi\u00e9n conoce cu\u00e1ntos usuarios estuvieron activos en la red en\u00a0setiembre En Edugestores [&hellip;]<\/p>\n","protected":false},"author":63,"featured_media":17997,"comment_status":"open","ping_status":"open","sticky":false,"template":"","format":"standard","meta":{"spay_email":""},"categories":[299],"tags":[],"yoast_head":"<!-- This site is optimized with the Yoast SEO plugin v18.0 - https:\/\/yoast.com\/wordpress\/plugins\/seo\/ -->\n<title>Edugestores Reporta: Destacados setiembre 2017 - Red Peruana de Gestores de la Educaci\u00f3n<\/title>\n<meta name=\"robots\" content=\"index, follow, max-snippet:-1, max-image-preview:large, max-video-preview:-1\" \/>\n<link rel=\"canonical\" href=\"https:\/\/www.edugestores.pe\/?p=17996\" \/>\n<meta property=\"og:locale\" content=\"es_ES\" \/>\n<meta property=\"og:type\" content=\"article\" \/>\n<meta property=\"og:title\" content=\"Edugestores Reporta: Destacados setiembre 2017 - Red Peruana de Gestores de la Educaci\u00f3n\" \/>\n<meta property=\"og:description\" content=\"\u00bfCu\u00e1les son las regiones que m\u00e1s participan en\u00a0Edugestores? Tambi\u00e9n conoce cu\u00e1ntos usuarios estuvieron activos en la red en\u00a0setiembre En Edugestores [&hellip;]\" \/>\n<meta property=\"og:url\" content=\"https:\/\/www.edugestores.pe\/?p=17996\" \/>\n<meta property=\"og:site_name\" content=\"Red Peruana de Gestores de la Educaci\u00f3n\" \/>\n<meta property=\"article:published_time\" content=\"2017-10-25T05:05:56+00:00\" \/>\n<meta property=\"article:modified_time\" content=\"2017-11-12T03:29:20+00:00\" \/>\n<meta property=\"og:image\" content=\"https:\/\/www.edugestores.pe\/wp-content\/uploads\/2017\/10\/CABECERA-EDU-REPORTAoct.png\" \/>\n\t<meta property=\"og:image:width\" content=\"700\" \/>\n\t<meta property=\"og:image:height\" content=\"100\" \/>\n\t<meta property=\"og:image:type\" content=\"image\/png\" \/>\n<meta name=\"twitter:card\" content=\"summary_large_image\" \/>\n<meta name=\"twitter:label1\" content=\"Escrito por\" \/>\n\t<meta name=\"twitter:data1\" content=\"Administrador\" \/>\n\t<meta name=\"twitter:label2\" content=\"Tiempo de lectura\" \/>\n\t<meta name=\"twitter:data2\" content=\"4 minutos\" \/>\n<script type=\"application\/ld+json\" class=\"yoast-schema-graph\">{\"@context\":\"https:\/\/schema.org\",\"@graph\":[{\"@type\":\"WebSite\",\"@id\":\"https:\/\/www.edugestores.pe\/#website\",\"url\":\"https:\/\/www.edugestores.pe\/\",\"name\":\"Red Peruana de Gestores de la Educaci\u00f3n\",\"description\":\"Red Peruana de Gestores de la Educaci\u00f3n\",\"potentialAction\":[{\"@type\":\"SearchAction\",\"target\":{\"@type\":\"EntryPoint\",\"urlTemplate\":\"https:\/\/www.edugestores.pe\/?s={search_term_string}\"},\"query-input\":\"required name=search_term_string\"}],\"inLanguage\":\"es\"},{\"@type\":\"ImageObject\",\"@id\":\"https:\/\/www.edugestores.pe\/?p=17996#primaryimage\",\"inLanguage\":\"es\",\"url\":\"https:\/\/www.edugestores.pe\/wp-content\/uploads\/2017\/10\/CABECERA-EDU-REPORTAoct.png\",\"contentUrl\":\"https:\/\/www.edugestores.pe\/wp-content\/uploads\/2017\/10\/CABECERA-EDU-REPORTAoct.png\",\"width\":700,\"height\":100},{\"@type\":\"WebPage\",\"@id\":\"https:\/\/www.edugestores.pe\/?p=17996#webpage\",\"url\":\"https:\/\/www.edugestores.pe\/?p=17996\",\"name\":\"Edugestores Reporta: Destacados setiembre 2017 - Red Peruana de Gestores de la Educaci\u00f3n\",\"isPartOf\":{\"@id\":\"https:\/\/www.edugestores.pe\/#website\"},\"primaryImageOfPage\":{\"@id\":\"https:\/\/www.edugestores.pe\/?p=17996#primaryimage\"},\"datePublished\":\"2017-10-25T05:05:56+00:00\",\"dateModified\":\"2017-11-12T03:29:20+00:00\",\"author\":{\"@id\":\"https:\/\/www.edugestores.pe\/#\/schema\/person\/30dc82f35f5853289037a64b35c7c7d3\"},\"breadcrumb\":{\"@id\":\"https:\/\/www.edugestores.pe\/?p=17996#breadcrumb\"},\"inLanguage\":\"es\",\"potentialAction\":[{\"@type\":\"ReadAction\",\"target\":[\"https:\/\/www.edugestores.pe\/?p=17996\"]}]},{\"@type\":\"BreadcrumbList\",\"@id\":\"https:\/\/www.edugestores.pe\/?p=17996#breadcrumb\",\"itemListElement\":[{\"@type\":\"ListItem\",\"position\":1,\"name\":\"Portada\",\"item\":\"https:\/\/www.edugestores.pe\/\"},{\"@type\":\"ListItem\",\"position\":2,\"name\":\"Edugestores Reporta: Destacados setiembre 2017\"}]},{\"@type\":\"Person\",\"@id\":\"https:\/\/www.edugestores.pe\/#\/schema\/person\/30dc82f35f5853289037a64b35c7c7d3\",\"name\":\"Administrador\",\"image\":{\"@type\":\"ImageObject\",\"@id\":\"https:\/\/www.edugestores.pe\/#personlogo\",\"inLanguage\":\"es\",\"url\":\"https:\/\/secure.gravatar.com\/avatar\/70960d1239c4d2c778bb3d2786a3c1ae?s=96&d=mm&r=g\",\"contentUrl\":\"https:\/\/secure.gravatar.com\/avatar\/70960d1239c4d2c778bb3d2786a3c1ae?s=96&d=mm&r=g\",\"caption\":\"Administrador\"},\"url\":\"https:\/\/www.edugestores.pe\/?author=63\"}]}<\/script>\n<!-- \/ Yoast SEO plugin. -->","yoast_head_json":{"title":"Edugestores Reporta: Destacados setiembre 2017 - Red Peruana de Gestores de la Educaci\u00f3n","robots":{"index":"index","follow":"follow","max-snippet":"max-snippet:-1","max-image-preview":"max-image-preview:large","max-video-preview":"max-video-preview:-1"},"canonical":"https:\/\/www.edugestores.pe\/?p=17996","og_locale":"es_ES","og_type":"article","og_title":"Edugestores Reporta: Destacados setiembre 2017 - Red Peruana de Gestores de la Educaci\u00f3n","og_description":"\u00bfCu\u00e1les son las regiones que m\u00e1s participan en\u00a0Edugestores? Tambi\u00e9n conoce cu\u00e1ntos usuarios estuvieron activos en la red en\u00a0setiembre En Edugestores [&hellip;]","og_url":"https:\/\/www.edugestores.pe\/?p=17996","og_site_name":"Red Peruana de Gestores de la Educaci\u00f3n","article_published_time":"2017-10-25T05:05:56+00:00","article_modified_time":"2017-11-12T03:29:20+00:00","og_image":[{"width":700,"height":100,"url":"https:\/\/www.edugestores.pe\/wp-content\/uploads\/2017\/10\/CABECERA-EDU-REPORTAoct.png","type":"image\/png"}],"twitter_card":"summary_large_image","twitter_misc":{"Escrito por":"Administrador","Tiempo de lectura":"4 minutos"},"schema":{"@context":"https:\/\/schema.org","@graph":[{"@type":"WebSite","@id":"https:\/\/www.edugestores.pe\/#website","url":"https:\/\/www.edugestores.pe\/","name":"Red Peruana de Gestores de la Educaci\u00f3n","description":"Red Peruana de Gestores de la Educaci\u00f3n","potentialAction":[{"@type":"SearchAction","target":{"@type":"EntryPoint","urlTemplate":"https:\/\/www.edugestores.pe\/?s={search_term_string}"},"query-input":"required name=search_term_string"}],"inLanguage":"es"},{"@type":"ImageObject","@id":"https:\/\/www.edugestores.pe\/?p=17996#primaryimage","inLanguage":"es","url":"https:\/\/www.edugestores.pe\/wp-content\/uploads\/2017\/10\/CABECERA-EDU-REPORTAoct.png","contentUrl":"https:\/\/www.edugestores.pe\/wp-content\/uploads\/2017\/10\/CABECERA-EDU-REPORTAoct.png","width":700,"height":100},{"@type":"WebPage","@id":"https:\/\/www.edugestores.pe\/?p=17996#webpage","url":"https:\/\/www.edugestores.pe\/?p=17996","name":"Edugestores Reporta: Destacados setiembre 2017 - Red Peruana de Gestores de la Educaci\u00f3n","isPartOf":{"@id":"https:\/\/www.edugestores.pe\/#website"},"primaryImageOfPage":{"@id":"https:\/\/www.edugestores.pe\/?p=17996#primaryimage"},"datePublished":"2017-10-25T05:05:56+00:00","dateModified":"2017-11-12T03:29:20+00:00","author":{"@id":"https:\/\/www.edugestores.pe\/#\/schema\/person\/30dc82f35f5853289037a64b35c7c7d3"},"breadcrumb":{"@id":"https:\/\/www.edugestores.pe\/?p=17996#breadcrumb"},"inLanguage":"es","potentialAction":[{"@type":"ReadAction","target":["https:\/\/www.edugestores.pe\/?p=17996"]}]},{"@type":"BreadcrumbList","@id":"https:\/\/www.edugestores.pe\/?p=17996#breadcrumb","itemListElement":[{"@type":"ListItem","position":1,"name":"Portada","item":"https:\/\/www.edugestores.pe\/"},{"@type":"ListItem","position":2,"name":"Edugestores Reporta: Destacados setiembre 2017"}]},{"@type":"Person","@id":"https:\/\/www.edugestores.pe\/#\/schema\/person\/30dc82f35f5853289037a64b35c7c7d3","name":"Administrador","image":{"@type":"ImageObject","@id":"https:\/\/www.edugestores.pe\/#personlogo","inLanguage":"es","url":"https:\/\/secure.gravatar.com\/avatar\/70960d1239c4d2c778bb3d2786a3c1ae?s=96&d=mm&r=g","contentUrl":"https:\/\/secure.gravatar.com\/avatar\/70960d1239c4d2c778bb3d2786a3c1ae?s=96&d=mm&r=g","caption":"Administrador"},"url":"https:\/\/www.edugestores.pe\/?author=63"}]}},"jetpack_featured_media_url":"https:\/\/www.edugestores.pe\/wp-content\/uploads\/2017\/10\/CABECERA-EDU-REPORTAoct.png","_links":{"self":[{"href":"https:\/\/www.edugestores.pe\/index.php?rest_route=\/wp\/v2\/posts\/17996"}],"collection":[{"href":"https:\/\/www.edugestores.pe\/index.php?rest_route=\/wp\/v2\/posts"}],"about":[{"href":"https:\/\/www.edugestores.pe\/index.php?rest_route=\/wp\/v2\/types\/post"}],"author":[{"embeddable":true,"href":"https:\/\/www.edugestores.pe\/index.php?rest_route=\/wp\/v2\/users\/63"}],"replies":[{"embeddable":true,"href":"https:\/\/www.edugestores.pe\/index.php?rest_route=%2Fwp%2Fv2%2Fcomments&post=17996"}],"version-history":[{"count":1,"href":"https:\/\/www.edugestores.pe\/index.php?rest_route=\/wp\/v2\/posts\/17996\/revisions"}],"predecessor-version":[{"id":18001,"href":"https:\/\/www.edugestores.pe\/index.php?rest_route=\/wp\/v2\/posts\/17996\/revisions\/18001"}],"wp:featuredmedia":[{"embeddable":true,"href":"https:\/\/www.edugestores.pe\/index.php?rest_route=\/wp\/v2\/media\/17997"}],"wp:attachment":[{"href":"https:\/\/www.edugestores.pe\/index.php?rest_route=%2Fwp%2Fv2%2Fmedia&parent=17996"}],"wp:term":[{"taxonomy":"category","embeddable":true,"href":"https:\/\/www.edugestores.pe\/index.php?rest_route=%2Fwp%2Fv2%2Fcategories&post=17996"},{"taxonomy":"post_tag","embeddable":true,"href":"https:\/\/www.edugestores.pe\/index.php?rest_route=%2Fwp%2Fv2%2Ftags&post=17996"}],"curies":[{"name":"wp","href":"https:\/\/api.w.org\/{rel}","templated":true}]}}